{"id":121453,"date":"2024-04-04T20:59:14","date_gmt":"2024-04-05T02:59:14","guid":{"rendered":"https:\/\/lospoliticosveracruz.com.mx\/?p=121453"},"modified":"2024-04-04T20:59:23","modified_gmt":"2024-04-05T02:59:23","slug":"el-campo-veracruzano-prioridad-de-mi-gobierno","status":"publish","type":"post","link":"https:\/\/lospoliticosveracruz.com\/?p=121453","title":{"rendered":"EL CAMPO VERACRUZANO, PRIORIDAD DE MI GOBIERNO"},"content":{"rendered":"\n<p><strong>Comapa<\/strong><br>En mi administraci\u00f3n vamos a dar especial atenci\u00f3n al campo, sobre todo en el abastecimiento de fertilizantes que se desplegar\u00e1n a los productores a trav\u00e9s del programa \u201cUn kilo por un kilo\u201d, el cual se crear\u00e1 exprofeso para atender al sector, afirm\u00f3 la candidata de la coalici\u00f3n \u201cSigamos haciendo historia en Veracruz\u201d, Roc\u00edo Nahle Garc\u00eda.<\/p>\n\n\n<div class=\"wp-block-image\">\n<figure class=\"alignleft size-medium\"><a href=\"https:\/\/lospoliticosveracruz.com.mx\/wp-content\/uploads\/2023\/02\/Estancia.jpg\"><img decoding=\"async\" src=\"https:\/\/lospoliticosveracruz.com.mx\/wp-content\/uploads\/2023\/02\/Estancia-190x300.jpg\" alt=\"\" class=\"wp-image-102751\"\/><\/a><\/figure>\n<\/div>\n\n\n<p>Explic\u00f3 que esta estrategia consistir\u00e1 en un apoyo kilo a kilo entre el gobierno federal y el estado.<\/p>\n\n\n\n<p>\u201cHicimos un an\u00e1lisis y los programas van a ser directamente, directamente, actualmente el gobierno federal est\u00e1 apoyando a los peque\u00f1os y medianos productores con fertilizantes y yo voy a hacer un programa que se llama Un kilo por un kilo, por cada kilo que el gobierno federal nos d\u00e9 a Veracruz, el gobierno del estado va a poner otro kilo, vamos a tener m\u00e1s fertilizante porque nuestro campo lo necesita\u201d, apunt\u00f3.<\/p>\n\n\n\n<p>En medio de lo que parec\u00eda pr\u00e1cticamente una fiesta, alegre como es Movimiento Regeneraci\u00f3n Nacional, resalt\u00f3 adem\u00e1s que uno de los principales cultivos de esta regi\u00f3n que es el caf\u00e9, tendr\u00e1 su propio respaldo al igual que otros cultivos propios de cada regi\u00f3n de la entidad veracruzana.<\/p>\n\n\n\n<p>Lo que piden los campesinos, los productores, se\u00f1al\u00f3, es muy sencillo y desde el gobierno de Veracruz podremos acompa\u00f1arlos: asesor\u00eda t\u00e9cnica especializada y tecnolog\u00eda.<\/p>\n\n\n\n<p>\u201cTodos me dec\u00edan algo, Roc\u00edo necesitamos asesor\u00eda t\u00e9cnica, yo necesito que nos ayuden a hacer los an\u00e1lisis de la tierra, a veces la tierra ya est\u00e1 gastada porque el fertilizante que le pusimos no es y necesitamos an\u00e1lisis y la asesor\u00eda t\u00e9cnica entonces me puse a investigar y aqu\u00ed en Veracruz tenemos a los institutos nacionales como el Inifap\u201d, asegur\u00f3.<\/p>\n\n\n\n<p>Nahle Garc\u00eda record\u00f3 que en varios recorridos, incluidos los que hizo con el ejecutivo federal, Andr\u00e9s Manuel L\u00f3pez Obrador, mucho antes de que fuera electo en 2018, ha tenido la oportunidad de visitar todos los municipios veracruzanos y conocer la problem\u00e1tica de cada zona.<\/p>\n\n\n\n<p>Record\u00f3 que L\u00f3pez Obrador recorri\u00f3 en varias ocasiones los 2 mil 500 municipios del pa\u00eds para organizar e informar desde las plazas p\u00fablicas, para dar los motivos por los que el pa\u00eds deb\u00eda transformarse, principalmente.<\/p>\n\n\n\n<p>Hoy, las administraciones de esta Cuarta Transformaci\u00f3n se apegan a este apostolado y se caracterizan por la sensibilidad social que debe regir a todos los funcionarios p\u00fablicos.<\/p>\n\n\n\n<p>Hace poco m\u00e1s de cinco a\u00f1os lleg\u00f3 la Cuarta Transformaci\u00f3n, record\u00f3, los mexicanos llevaron a la Presidencia de la Rep\u00fablica a Andr\u00e9s Manuel L\u00f3pez Obrador quien ha priorizado a la base social y creado un nuevo esquema de gobierno que permiti\u00f3 disminuir la brecha de la desigualdad y la extrema pobreza que hab\u00eda en el pa\u00eds cuando asumi\u00f3 el cargo.<\/p>\n","protected":false},"excerpt":{"rendered":"<p>ComapaEn mi administraci\u00f3n vamos a dar especial atenci\u00f3n al campo, sobre todo en el abastecimiento de fertilizantes que se desplegar\u00e1n a los productores a trav\u00e9s del programa \u201cUn kilo por un kilo\u201d, el cual se crear\u00e1 exprofeso para atender al sector, afirm\u00f3 la candidata de la coalici\u00f3n \u201cSigamos haciendo historia en Veracruz\u201d, Roc\u00edo Nahle Garc\u00eda. [&hellip;]<\/p>\n","protected":false},"author":2,"featured_media":0,"comment_status":"closed","ping_status":"closed","sticky":false,"template":"","format":"standard","meta":{"tdm_status":"","tdm_grid_status":"","footnotes":""},"categories":[73],"tags":[],"class_list":{"0":"post-121453","1":"post","2":"type-post","3":"status-publish","4":"format-standard","6":"category-de-boleto"},"yoast_head":"<!-- This site is optimized with the Yoast SEO plugin v27.4 - https:\/\/yoast.com\/product\/yoast-seo-wordpress\/ -->\n<title>EL CAMPO VERACRUZANO, PRIORIDAD DE MI GOBIERNO - Los pol\u00edticos Veracruz<\/title>\n<meta name=\"robots\" content=\"index, follow, max-snippet:-1, max-image-preview:large, max-video-preview:-1\" \/>\n<link rel=\"canonical\" href=\"https:\/\/lospoliticosveracruz.com\/?p=121453\" \/>\n<meta property=\"og:locale\" content=\"es_ES\" \/>\n<meta property=\"og:type\" content=\"article\" \/>\n<meta property=\"og:title\" content=\"EL CAMPO VERACRUZANO, PRIORIDAD DE MI GOBIERNO - Los pol\u00edticos Veracruz\" \/>\n<meta property=\"og:description\" content=\"ComapaEn mi administraci\u00f3n vamos a dar especial atenci\u00f3n al campo, sobre todo en el abastecimiento de fertilizantes que se desplegar\u00e1n a los productores a trav\u00e9s del programa \u201cUn kilo por un kilo\u201d, el cual se crear\u00e1 exprofeso para atender al sector, afirm\u00f3 la candidata de la coalici\u00f3n \u201cSigamos haciendo historia en Veracruz\u201d, Roc\u00edo Nahle Garc\u00eda. [&hellip;]\" \/>\n<meta property=\"og:url\" content=\"https:\/\/lospoliticosveracruz.com\/?p=121453\" \/>\n<meta property=\"og:site_name\" content=\"Los pol\u00edticos Veracruz\" \/>\n<meta property=\"article:publisher\" content=\"https:\/\/www.facebook.com\/people\/Notimemes-de-los-Polticos\/61565672886568\/\" \/>\n<meta property=\"article:published_time\" content=\"2024-04-05T02:59:14+00:00\" \/>\n<meta property=\"article:modified_time\" content=\"2024-04-05T02:59:23+00:00\" \/>\n<meta property=\"og:image\" content=\"https:\/\/lospoliticosveracruz.com.mx\/wp-content\/uploads\/2023\/02\/Estancia-190x300.jpg\" \/>\n<meta name=\"author\" content=\"Lo viste en Los Pol\u00edticos\" \/>\n<meta name=\"twitter:card\" content=\"summary_large_image\" \/>\n<meta name=\"twitter:creator\" content=\"@LosPoliticosVer\" \/>\n<meta name=\"twitter:site\" content=\"@LosPoliticosVer\" \/>\n<meta name=\"twitter:label1\" content=\"Escrito por\" \/>\n\t<meta name=\"twitter:data1\" content=\"Lo viste en Los Pol\u00edticos\" \/>\n\t<meta name=\"twitter:label2\" content=\"Tiempo de lectura\" \/>\n\t<meta name=\"twitter:data2\" content=\"2 minutos\" \/>\n<script type=\"application\/ld+json\" class=\"yoast-schema-graph\">{\"@context\":\"https:\\\/\\\/schema.org\",\"@graph\":[{\"@type\":\"Article\",\"@id\":\"https:\\\/\\\/lospoliticosveracruz.com\\\/?p=121453#article\",\"isPartOf\":{\"@id\":\"https:\\\/\\\/lospoliticosveracruz.com\\\/?p=121453\"},\"author\":{\"name\":\"Lo viste en Los Pol\u00edticos\",\"@id\":\"https:\\\/\\\/lospoliticosveracruz.com\\\/#\\\/schema\\\/person\\\/b8702bb0e538456e6efd07080bf2a4a2\"},\"headline\":\"EL CAMPO VERACRUZANO, PRIORIDAD DE MI GOBIERNO\",\"datePublished\":\"2024-04-05T02:59:14+00:00\",\"dateModified\":\"2024-04-05T02:59:23+00:00\",\"mainEntityOfPage\":{\"@id\":\"https:\\\/\\\/lospoliticosveracruz.com\\\/?p=121453\"},\"wordCount\":494,\"publisher\":{\"@id\":\"https:\\\/\\\/lospoliticosveracruz.com\\\/#organization\"},\"image\":{\"@id\":\"https:\\\/\\\/lospoliticosveracruz.com\\\/?p=121453#primaryimage\"},\"thumbnailUrl\":\"https:\\\/\\\/lospoliticosveracruz.com.mx\\\/wp-content\\\/uploads\\\/2023\\\/02\\\/Estancia-190x300.jpg\",\"articleSection\":[\"De Boleto\"],\"inLanguage\":\"es\"},{\"@type\":\"WebPage\",\"@id\":\"https:\\\/\\\/lospoliticosveracruz.com\\\/?p=121453\",\"url\":\"https:\\\/\\\/lospoliticosveracruz.com\\\/?p=121453\",\"name\":\"EL CAMPO VERACRUZANO, PRIORIDAD DE MI GOBIERNO - Los pol\u00edticos Veracruz\",\"isPartOf\":{\"@id\":\"https:\\\/\\\/lospoliticosveracruz.com\\\/#website\"},\"primaryImageOfPage\":{\"@id\":\"https:\\\/\\\/lospoliticosveracruz.com\\\/?p=121453#primaryimage\"},\"image\":{\"@id\":\"https:\\\/\\\/lospoliticosveracruz.com\\\/?p=121453#primaryimage\"},\"thumbnailUrl\":\"https:\\\/\\\/lospoliticosveracruz.com.mx\\\/wp-content\\\/uploads\\\/2023\\\/02\\\/Estancia-190x300.jpg\",\"datePublished\":\"2024-04-05T02:59:14+00:00\",\"dateModified\":\"2024-04-05T02:59:23+00:00\",\"breadcrumb\":{\"@id\":\"https:\\\/\\\/lospoliticosveracruz.com\\\/?p=121453#breadcrumb\"},\"inLanguage\":\"es\",\"potentialAction\":[{\"@type\":\"ReadAction\",\"target\":[\"https:\\\/\\\/lospoliticosveracruz.com\\\/?p=121453\"]}]},{\"@type\":\"ImageObject\",\"inLanguage\":\"es\",\"@id\":\"https:\\\/\\\/lospoliticosveracruz.com\\\/?p=121453#primaryimage\",\"url\":\"https:\\\/\\\/lospoliticosveracruz.com.mx\\\/wp-content\\\/uploads\\\/2023\\\/02\\\/Estancia-190x300.jpg\",\"contentUrl\":\"https:\\\/\\\/lospoliticosveracruz.com.mx\\\/wp-content\\\/uploads\\\/2023\\\/02\\\/Estancia-190x300.jpg\"},{\"@type\":\"BreadcrumbList\",\"@id\":\"https:\\\/\\\/lospoliticosveracruz.com\\\/?p=121453#breadcrumb\",\"itemListElement\":[{\"@type\":\"ListItem\",\"position\":1,\"name\":\"Portada\",\"item\":\"https:\\\/\\\/lospoliticosveracruz.com\\\/\"},{\"@type\":\"ListItem\",\"position\":2,\"name\":\"EL CAMPO VERACRUZANO, PRIORIDAD DE MI GOBIERNO\"}]},{\"@type\":\"WebSite\",\"@id\":\"https:\\\/\\\/lospoliticosveracruz.com\\\/#website\",\"url\":\"https:\\\/\\\/lospoliticosveracruz.com\\\/\",\"name\":\"Los pol\u00edticos Veracruz\",\"description\":\"\",\"publisher\":{\"@id\":\"https:\\\/\\\/lospoliticosveracruz.com\\\/#organization\"},\"potentialAction\":[{\"@type\":\"SearchAction\",\"target\":{\"@type\":\"EntryPoint\",\"urlTemplate\":\"https:\\\/\\\/lospoliticosveracruz.com\\\/?s={search_term_string}\"},\"query-input\":{\"@type\":\"PropertyValueSpecification\",\"valueRequired\":true,\"valueName\":\"search_term_string\"}}],\"inLanguage\":\"es\"},{\"@type\":\"Organization\",\"@id\":\"https:\\\/\\\/lospoliticosveracruz.com\\\/#organization\",\"name\":\"Los pol\u00edticos Veracruz\",\"url\":\"https:\\\/\\\/lospoliticosveracruz.com\\\/\",\"logo\":{\"@type\":\"ImageObject\",\"inLanguage\":\"es\",\"@id\":\"https:\\\/\\\/lospoliticosveracruz.com\\\/#\\\/schema\\\/logo\\\/image\\\/\",\"url\":\"https:\\\/\\\/lospoliticosveracruz.com\\\/wp-content\\\/uploads\\\/2025\\\/12\\\/Logo-Nuevo-LOS-POLITICOS-1.jpg\",\"contentUrl\":\"https:\\\/\\\/lospoliticosveracruz.com\\\/wp-content\\\/uploads\\\/2025\\\/12\\\/Logo-Nuevo-LOS-POLITICOS-1.jpg\",\"width\":260,\"height\":70,\"caption\":\"Los pol\u00edticos Veracruz\"},\"image\":{\"@id\":\"https:\\\/\\\/lospoliticosveracruz.com\\\/#\\\/schema\\\/logo\\\/image\\\/\"},\"sameAs\":[\"https:\\\/\\\/www.facebook.com\\\/people\\\/Notimemes-de-los-Polticos\\\/61565672886568\\\/\",\"https:\\\/\\\/x.com\\\/LosPoliticosVer\"]},{\"@type\":\"Person\",\"@id\":\"https:\\\/\\\/lospoliticosveracruz.com\\\/#\\\/schema\\\/person\\\/b8702bb0e538456e6efd07080bf2a4a2\",\"name\":\"Lo viste en Los Pol\u00edticos\",\"image\":{\"@type\":\"ImageObject\",\"inLanguage\":\"es\",\"@id\":\"https:\\\/\\\/secure.gravatar.com\\\/avatar\\\/3a8de04a2656d44082be478bd6c086daa447c4651605818287b9532d3d0bd435?s=96&d=mm&r=g\",\"url\":\"https:\\\/\\\/secure.gravatar.com\\\/avatar\\\/3a8de04a2656d44082be478bd6c086daa447c4651605818287b9532d3d0bd435?s=96&d=mm&r=g\",\"contentUrl\":\"https:\\\/\\\/secure.gravatar.com\\\/avatar\\\/3a8de04a2656d44082be478bd6c086daa447c4651605818287b9532d3d0bd435?s=96&d=mm&r=g\",\"caption\":\"Lo viste en Los Pol\u00edticos\"},\"url\":\"https:\\\/\\\/lospoliticosveracruz.com\\\/?author=2\"}]}<\/script>\n<!-- \/ Yoast SEO plugin. -->","yoast_head_json":{"title":"EL CAMPO VERACRUZANO, PRIORIDAD DE MI GOBIERNO - Los pol\u00edticos Veracruz","robots":{"index":"index","follow":"follow","max-snippet":"max-snippet:-1","max-image-preview":"max-image-preview:large","max-video-preview":"max-video-preview:-1"},"canonical":"https:\/\/lospoliticosveracruz.com\/?p=121453","og_locale":"es_ES","og_type":"article","og_title":"EL CAMPO VERACRUZANO, PRIORIDAD DE MI GOBIERNO - Los pol\u00edticos Veracruz","og_description":"ComapaEn mi administraci\u00f3n vamos a dar especial atenci\u00f3n al campo, sobre todo en el abastecimiento de fertilizantes que se desplegar\u00e1n a los productores a trav\u00e9s del programa \u201cUn kilo por un kilo\u201d, el cual se crear\u00e1 exprofeso para atender al sector, afirm\u00f3 la candidata de la coalici\u00f3n \u201cSigamos haciendo historia en Veracruz\u201d, Roc\u00edo Nahle Garc\u00eda. [&hellip;]","og_url":"https:\/\/lospoliticosveracruz.com\/?p=121453","og_site_name":"Los pol\u00edticos Veracruz","article_publisher":"https:\/\/www.facebook.com\/people\/Notimemes-de-los-Polticos\/61565672886568\/","article_published_time":"2024-04-05T02:59:14+00:00","article_modified_time":"2024-04-05T02:59:23+00:00","og_image":[{"url":"https:\/\/lospoliticosveracruz.com.mx\/wp-content\/uploads\/2023\/02\/Estancia-190x300.jpg","type":"","width":"","height":""}],"author":"Lo viste en Los Pol\u00edticos","twitter_card":"summary_large_image","twitter_creator":"@LosPoliticosVer","twitter_site":"@LosPoliticosVer","twitter_misc":{"Escrito por":"Lo viste en Los Pol\u00edticos","Tiempo de lectura":"2 minutos"},"schema":{"@context":"https:\/\/schema.org","@graph":[{"@type":"Article","@id":"https:\/\/lospoliticosveracruz.com\/?p=121453#article","isPartOf":{"@id":"https:\/\/lospoliticosveracruz.com\/?p=121453"},"author":{"name":"Lo viste en Los Pol\u00edticos","@id":"https:\/\/lospoliticosveracruz.com\/#\/schema\/person\/b8702bb0e538456e6efd07080bf2a4a2"},"headline":"EL CAMPO VERACRUZANO, PRIORIDAD DE MI GOBIERNO","datePublished":"2024-04-05T02:59:14+00:00","dateModified":"2024-04-05T02:59:23+00:00","mainEntityOfPage":{"@id":"https:\/\/lospoliticosveracruz.com\/?p=121453"},"wordCount":494,"publisher":{"@id":"https:\/\/lospoliticosveracruz.com\/#organization"},"image":{"@id":"https:\/\/lospoliticosveracruz.com\/?p=121453#primaryimage"},"thumbnailUrl":"https:\/\/lospoliticosveracruz.com.mx\/wp-content\/uploads\/2023\/02\/Estancia-190x300.jpg","articleSection":["De Boleto"],"inLanguage":"es"},{"@type":"WebPage","@id":"https:\/\/lospoliticosveracruz.com\/?p=121453","url":"https:\/\/lospoliticosveracruz.com\/?p=121453","name":"EL CAMPO VERACRUZANO, PRIORIDAD DE MI GOBIERNO - Los pol\u00edticos Veracruz","isPartOf":{"@id":"https:\/\/lospoliticosveracruz.com\/#website"},"primaryImageOfPage":{"@id":"https:\/\/lospoliticosveracruz.com\/?p=121453#primaryimage"},"image":{"@id":"https:\/\/lospoliticosveracruz.com\/?p=121453#primaryimage"},"thumbnailUrl":"https:\/\/lospoliticosveracruz.com.mx\/wp-content\/uploads\/2023\/02\/Estancia-190x300.jpg","datePublished":"2024-04-05T02:59:14+00:00","dateModified":"2024-04-05T02:59:23+00:00","breadcrumb":{"@id":"https:\/\/lospoliticosveracruz.com\/?p=121453#breadcrumb"},"inLanguage":"es","potentialAction":[{"@type":"ReadAction","target":["https:\/\/lospoliticosveracruz.com\/?p=121453"]}]},{"@type":"ImageObject","inLanguage":"es","@id":"https:\/\/lospoliticosveracruz.com\/?p=121453#primaryimage","url":"https:\/\/lospoliticosveracruz.com.mx\/wp-content\/uploads\/2023\/02\/Estancia-190x300.jpg","contentUrl":"https:\/\/lospoliticosveracruz.com.mx\/wp-content\/uploads\/2023\/02\/Estancia-190x300.jpg"},{"@type":"BreadcrumbList","@id":"https:\/\/lospoliticosveracruz.com\/?p=121453#breadcrumb","itemListElement":[{"@type":"ListItem","position":1,"name":"Portada","item":"https:\/\/lospoliticosveracruz.com\/"},{"@type":"ListItem","position":2,"name":"EL CAMPO VERACRUZANO, PRIORIDAD DE MI GOBIERNO"}]},{"@type":"WebSite","@id":"https:\/\/lospoliticosveracruz.com\/#website","url":"https:\/\/lospoliticosveracruz.com\/","name":"Los pol\u00edticos Veracruz","description":"","publisher":{"@id":"https:\/\/lospoliticosveracruz.com\/#organization"},"potentialAction":[{"@type":"SearchAction","target":{"@type":"EntryPoint","urlTemplate":"https:\/\/lospoliticosveracruz.com\/?s={search_term_string}"},"query-input":{"@type":"PropertyValueSpecification","valueRequired":true,"valueName":"search_term_string"}}],"inLanguage":"es"},{"@type":"Organization","@id":"https:\/\/lospoliticosveracruz.com\/#organization","name":"Los pol\u00edticos Veracruz","url":"https:\/\/lospoliticosveracruz.com\/","logo":{"@type":"ImageObject","inLanguage":"es","@id":"https:\/\/lospoliticosveracruz.com\/#\/schema\/logo\/image\/","url":"https:\/\/lospoliticosveracruz.com\/wp-content\/uploads\/2025\/12\/Logo-Nuevo-LOS-POLITICOS-1.jpg","contentUrl":"https:\/\/lospoliticosveracruz.com\/wp-content\/uploads\/2025\/12\/Logo-Nuevo-LOS-POLITICOS-1.jpg","width":260,"height":70,"caption":"Los pol\u00edticos Veracruz"},"image":{"@id":"https:\/\/lospoliticosveracruz.com\/#\/schema\/logo\/image\/"},"sameAs":["https:\/\/www.facebook.com\/people\/Notimemes-de-los-Polticos\/61565672886568\/","https:\/\/x.com\/LosPoliticosVer"]},{"@type":"Person","@id":"https:\/\/lospoliticosveracruz.com\/#\/schema\/person\/b8702bb0e538456e6efd07080bf2a4a2","name":"Lo viste en Los Pol\u00edticos","image":{"@type":"ImageObject","inLanguage":"es","@id":"https:\/\/secure.gravatar.com\/avatar\/3a8de04a2656d44082be478bd6c086daa447c4651605818287b9532d3d0bd435?s=96&d=mm&r=g","url":"https:\/\/secure.gravatar.com\/avatar\/3a8de04a2656d44082be478bd6c086daa447c4651605818287b9532d3d0bd435?s=96&d=mm&r=g","contentUrl":"https:\/\/secure.gravatar.com\/avatar\/3a8de04a2656d44082be478bd6c086daa447c4651605818287b9532d3d0bd435?s=96&d=mm&r=g","caption":"Lo viste en Los Pol\u00edticos"},"url":"https:\/\/lospoliticosveracruz.com\/?author=2"}]}},"_links":{"self":[{"href":"https:\/\/lospoliticosveracruz.com\/index.php?rest_route=\/wp\/v2\/posts\/121453","targetHints":{"allow":["GET"]}}],"collection":[{"href":"https:\/\/lospoliticosveracruz.com\/index.php?rest_route=\/wp\/v2\/posts"}],"about":[{"href":"https:\/\/lospoliticosveracruz.com\/index.php?rest_route=\/wp\/v2\/types\/post"}],"author":[{"embeddable":true,"href":"https:\/\/lospoliticosveracruz.com\/index.php?rest_route=\/wp\/v2\/users\/2"}],"replies":[{"embeddable":true,"href":"https:\/\/lospoliticosveracruz.com\/index.php?rest_route=%2Fwp%2Fv2%2Fcomments&post=121453"}],"version-history":[{"count":2,"href":"https:\/\/lospoliticosveracruz.com\/index.php?rest_route=\/wp\/v2\/posts\/121453\/revisions"}],"predecessor-version":[{"id":121456,"href":"https:\/\/lospoliticosveracruz.com\/index.php?rest_route=\/wp\/v2\/posts\/121453\/revisions\/121456"}],"wp:attachment":[{"href":"https:\/\/lospoliticosveracruz.com\/index.php?rest_route=%2Fwp%2Fv2%2Fmedia&parent=121453"}],"wp:term":[{"taxonomy":"category","embeddable":true,"href":"https:\/\/lospoliticosveracruz.com\/index.php?rest_route=%2Fwp%2Fv2%2Fcategories&post=121453"},{"taxonomy":"post_tag","embeddable":true,"href":"https:\/\/lospoliticosveracruz.com\/index.php?rest_route=%2Fwp%2Fv2%2Ftags&post=121453"}],"curies":[{"name":"wp","href":"https:\/\/api.w.org\/{rel}","templated":true}]}}