{"id":121457,"date":"2024-04-05T04:24:10","date_gmt":"2024-04-05T10:24:10","guid":{"rendered":"https:\/\/lospoliticosveracruz.com.mx\/?p=121457"},"modified":"2024-04-05T04:24:17","modified_gmt":"2024-04-05T10:24:17","slug":"bola-8-de-vuelta-al-ruedo","status":"publish","type":"post","link":"https:\/\/lospoliticosveracruz.com\/?p=121457","title":{"rendered":"BOLA 8, DE VUELTA AL RUEDO"},"content":{"rendered":"\n<p>Nahle vs Pepe: inicia campa\u00f1a con lucha cerrada \u00bfPor qu\u00e9? Parte II<\/p>\n\n\n\n<p><strong>Jos\u00e9 Luis Ortega Vidal<\/strong><\/p>\n\n\n\n<p><em>Claroscuros<\/em><\/p>\n\n\n\n<p>(1)<br>Erick Patrocinio Cisneros Burgos reapareci\u00f3 ayer, v\u00eda redes sociales, en medio de una coyuntura pol\u00edtica que fue la causa de su alejamiento del escenario pol\u00edtico veracruzano: la campa\u00f1a por la gubernatura.<br>Erick fue un secretario de Gobierno de claros y oscuros\u2026no importa.<br>Patrocinio traicion\u00f3 a Roc\u00edo Nahle, quien lo recomend\u00f3 para la SG en la administraci\u00f3n de Cuitl\u00e1huac Garc\u00eda Jim\u00e9nez\u2026no importa.<br>Cisneros fue desleal a su jefe, el titular del poder ejecutivo y oper\u00f3 pol\u00edticamente por encima de los intereses y a\u00fan de las instrucciones de Garc\u00eda Jim\u00e9nez\u2026no importa.<br>Burgos utiliz\u00f3 recursos financieros muy cuantiosos, de origen dudoso; recibi\u00f3 la recomendaci\u00f3n -l\u00e9ase orden- del presidente Andr\u00e9s Manuel L\u00f3pez Obrador de separarse del cargo y esa instrucci\u00f3n le hizo lo que el viento a Ju\u00e1rez\u2026no importa.<br>Durante la gesti\u00f3n de Erick Patrocinio, Veracruz padeci\u00f3, vivi\u00f3, sufri\u00f3, una de las etapas m\u00e1s violentas del sexenio y de la historia reciente, con violaci\u00f3n de derechos humanos de norte a sur, asesinatos a manos de polic\u00edas estatales -bajo su control- en varias zonas del estado; desapariciones de ciudadanos -unas denunciadas, otras no- a manos del Estado\u2026no importa.<br>Cisneros Burgos control\u00f3 la Fiscal\u00eda -en teor\u00eda, pero s\u00f3lo en teor\u00eda, independiente- como herramienta de represi\u00f3n pol\u00edtica para enemigos del gobierno estatal; lo que llev\u00f3 a la c\u00e1rcel bajo m\u00faltiples pretextos o delitos inventados, o siembra de falsas pruebas, o el uso de una ley distorsionada del mal llamado ultraje a la autoridad, a candidatos por alcald\u00edas y diputaciones; por el simple y sencillo hecho de estorbar a la consolidaci\u00f3n de MORENA como partido y marca dominante en el escenario pol\u00edtico-electoral de Veracruz\u2026no importa.<br>A MORENA y aliados, en este momento no les importan los pecados de Cisneros Burgos; se saben en la guerra y echan mano hasta del diablo si es necesario\u2026<\/p>\n\n\n\n<p>(2)<br>Un motivo que explicar\u00eda la reaparici\u00f3n del ex secretario de Gobierno ser\u00eda el obvio incremento de la competencia entre Roc\u00edo Nahle Garc\u00eda y Jos\u00e9 Yunes Zorrilla.<br>Roc\u00edo lo sac\u00f3 del escenario pol\u00edtico; Nahle no le perdon\u00f3 su traici\u00f3n y haberse atrevido a competir -con armas limpias y sucias- contra ella, por la candidatura de MORENA; Garc\u00eda no le autoriz\u00f3 ni una diputaci\u00f3n federal y durante meses se especul\u00f3 que no le dejar\u00eda ocupar ni una curul en el Congreso local\u2026<br>Ocurre, sin embargo, que la lucha por la gubernatura de Veracruz cierra; a mes y tres semanas de la elecci\u00f3n, no hay nada seguro para nadie\u2026<br>Aunado a ello, la prensa nacional golpea un d\u00eda s\u00ed y otro d\u00eda tambi\u00e9n la candidatura de Seguimos Haciendo Historia, por temas colocados en el \u00e1mbito p\u00fablico desde Veracruz: uno de ellos, el presunto incremento del patrimonio familiar de la familia Pe\u00f1a Nahle\u2026<br>Tambi\u00e9n, por un se\u00f1alamiento planteado desde meses atr\u00e1s en la ma\u00f1anera de Andr\u00e9s Manuel L\u00f3pez Obrador: la presunta corrupci\u00f3n dentro del megaproyecto de la refiner\u00eda Olmeca en Dos Bocas\u2026<br>A la prensa estatal y regional de Veracruz, la ingeniera Nahle la desde\u00f1a; no le ofrece ni una entrevista; no permite el acercamiento; en sus eventos hay vallas, desd\u00e9n, personal que f\u00edsicamente impide a reporteros abordar a la candidata de MORENA\/PT\/PVEM\u2026<br>Hay un sector de la prensa veracruzana que act\u00faa con apego a las reglas b\u00e1sicas del periodismo: es cr\u00edtica, indaga, opina, reportea, expone datos duros alrededor de la candidatura de Roc\u00edo Nahle\u2026<br>Ese sector de periodistas tambi\u00e9n difunde informaci\u00f3n donde se exhiben errores y acusaciones de corrupci\u00f3n en el equipo de Jos\u00e9 Yunes Zorrilla; particularmente de sus hom\u00f3nimos en apellido -que no parientes, porque no hay lazos consangu\u00edneos- los Yunes Linares, Yunes M\u00e1rquez y Yunes Landa\u2026<br>Esta prensa estatal cr\u00edtica, realiza labor de zapa que se registra en medios de toda \u00edndole -tradicionales y digitales- a fin de servir a la sociedad y para consulta de los historiadores en los a\u00f1os por venir\u2026<br>Frente a ella -y en su contra- est\u00e1n los testaferros, los que se dicen \u201cperiodistas\u201d pero s\u00f3lo averg\u00fcenzan al gremio; los mentirosos, los generadores de informaci\u00f3n falsa o manipuladora; los inventores de informaci\u00f3n vulgar u oprobiosa\u2026<br>Se entiende su labor; cobran por ella y aspiran a seguir cobrando por reptar\u2026<br>Nada nuevo y nada del otro mundo\u2026<br>En pol\u00edtica, la moral es un \u00e1rbol que da moras y entre esas moras maduran las tareas maquiav\u00e9licas; de un lado y del otro\u2026<br>Nadie puede ver pajas ajenas sin evidenciar las vigas propias\u2026<br>El caso es que la fuerza pol\u00edtica de los medios de comunicaci\u00f3n desde la ciudad de M\u00e9xico se siente en palacio nacional\u2026<br>Y desde ah\u00ed, entonces, vendr\u00eda la explicaci\u00f3n al cuasi amoroso mensaje transmitido ayer por Erick Patrocinio Cisneros Burgos, de pronto m\u00e1s nahlista que Nahle, m\u00e1s amloista que AMLO\u2026<\/p>\n\n\n\n<p>(3)<br>En el CLAROSCUROS publicado el lunes pasado -1\u00ba de abril-, escrib\u00ed en el argumento (1):<\/p>\n\n\n\n<p>\u201cDe haber continuado la fortaleza de MORENA\/PT y PVEM mostrada en noviembre\/diciembre, no vivir\u00edamos el escenario de dudas que hoy marca la lucha pol\u00edtica por la sucesi\u00f3n del 2024 en Veracruz.<br>\u00bfQu\u00e9 ocurri\u00f3?<br>\u00bfPor qu\u00e9 el cambio desde un triunfo en apariencia anticipado para Roc\u00edo Nahle, al inicio de una campa\u00f1a con lucha f\u00e9rrea donde -lo admita o no- la ingeniera nativa de Zacatecas, depende de s\u00ed misma para evitar la derrota?\u201d<\/p>\n\n\n\n<p>Luego, en el argumento (2), expuse:<\/p>\n\n\n\n<p>\u201cEste elemento, el depender de s\u00ed misma, remite al agotamiento del respaldo que Andr\u00e9s Manuel L\u00f3pez Obrador y Bienestar significaron y significan para Nahle Garc\u00eda\u2026<br>Cont\u00f3 y cuenta con ellos, pero ya no alcanzan para confiarse como lo hizo meses atr\u00e1s\u2026\u201d<\/p>\n\n\n\n<p>(4)<br>No tengo dudas, Roc\u00edo Nahle Garc\u00eda pact\u00f3, acord\u00f3, negoci\u00f3 con su ex recomendado, luego enemigo pol\u00edtico y hoy nuevo aliado, Erick Patrocinio Cisneros Burgos, su retorno al equipo para ayudarla en una campa\u00f1a que no imagin\u00f3 tan fuerte, tan dura, tan arriesgada al grado de cerrarse y colocarla ante la posibilidad de una derrota.<br>A la pregunta que cierra el t\u00edtulo de este CLAROSCUROS: \u00bfPor qu\u00e9?, se le responde con el ya expuesto tema de su desd\u00e9n por el papel de los medios de comunicaci\u00f3n en el contexto pol\u00edtico\u2026<br>Nada ayuda m\u00e1s a un pol\u00edtico, que ser transparente a lo largo de su carrera en el servicio p\u00fablico\u2026<\/p>\n\n\n\n<p>(5)<br>A\u00f1adamos otro dato: por un error de c\u00e1lculo; por su desconocimiento del territorio donde ser\u00edan sus batallas, as\u00ed como la ausencia de un diagn\u00f3stico sobre el enemigo, cuya estatura no se ocup\u00f3 de medir\u2026<\/p>\n\n\n\n<p>(6)<br>Ya retorn\u00f3 uno de los personajes desde\u00f1ados por Roc\u00edo Nahle, en una medida que luce inteligente y acaso no sea tard\u00eda\u2026<br>Ya veremos.<br>Sabremos, tambi\u00e9n, si son llamados otros ausentes -varios alcaldes y diputados locales- y si algunos que est\u00e1n dentro del equipo de Roc\u00edo Nahle, pero han sido despreciados, reciben fortalecimiento pol\u00edtico\u2026<\/p>\n\n\n\n<p>(7)<br>Erick Patrocinio conoce los drenajes del poder pol\u00edtico veracruzano en los tiempos que corren\u2026<br>Pero en el equipo de enfrente tambi\u00e9n hay maestros y expertos en esos temas\u2026<\/p>\n\n\n\n<p>(8)<br>Y eso no es todo; \u00bfo acaso se han olvidado de los ex gobernadores y la senadora que enviaron de refuerzo desde el PRI nacional?<br>Es pregunta\u2026<\/p>\n","protected":false},"excerpt":{"rendered":"<p>Nahle vs Pepe: inicia campa\u00f1a con lucha cerrada \u00bfPor qu\u00e9? Parte II Jos\u00e9 Luis Ortega Vidal Claroscuros (1)Erick Patrocinio Cisneros Burgos reapareci\u00f3 ayer, v\u00eda redes sociales, en medio de una coyuntura pol\u00edtica que fue la causa de su alejamiento del escenario pol\u00edtico veracruzano: la campa\u00f1a por la gubernatura.Erick fue un secretario de Gobierno de claros [&hellip;]<\/p>\n","protected":false},"author":2,"featured_media":119931,"comment_status":"closed","ping_status":"closed","sticky":false,"template":"","format":"standard","meta":{"tdm_status":"","tdm_grid_status":"","footnotes":""},"categories":[70],"tags":[15946,12299,1026,570,3578,195],"class_list":{"0":"post-121457","1":"post","2":"type-post","3":"status-publish","4":"format-standard","5":"has-post-thumbnail","7":"category-de-opinion","8":"tag-bola-8","9":"tag-eric-cisneros-burgos","10":"tag-morena","11":"tag-pepe-yunes","12":"tag-rocio-nahle","13":"tag-veracruz"},"yoast_head":"<!-- This site is optimized with the Yoast SEO plugin v27.4 - https:\/\/yoast.com\/product\/yoast-seo-wordpress\/ -->\n<title>BOLA 8, DE VUELTA AL RUEDO - Los pol\u00edticos Veracruz<\/title>\n<meta name=\"robots\" content=\"index, follow, max-snippet:-1, max-image-preview:large, max-video-preview:-1\" \/>\n<link rel=\"canonical\" href=\"https:\/\/lospoliticosveracruz.com\/?p=121457\" \/>\n<meta property=\"og:locale\" content=\"es_ES\" \/>\n<meta property=\"og:type\" content=\"article\" \/>\n<meta property=\"og:title\" content=\"BOLA 8, DE VUELTA AL RUEDO - Los pol\u00edticos Veracruz\" \/>\n<meta property=\"og:description\" content=\"Nahle vs Pepe: inicia campa\u00f1a con lucha cerrada \u00bfPor qu\u00e9? Parte II Jos\u00e9 Luis Ortega Vidal Claroscuros (1)Erick Patrocinio Cisneros Burgos reapareci\u00f3 ayer, v\u00eda redes sociales, en medio de una coyuntura pol\u00edtica que fue la causa de su alejamiento del escenario pol\u00edtico veracruzano: la campa\u00f1a por la gubernatura.Erick fue un secretario de Gobierno de claros [&hellip;]\" \/>\n<meta property=\"og:url\" content=\"https:\/\/lospoliticosveracruz.com\/?p=121457\" \/>\n<meta property=\"og:site_name\" content=\"Los pol\u00edticos Veracruz\" \/>\n<meta property=\"article:publisher\" content=\"https:\/\/www.facebook.com\/people\/Notimemes-de-los-Polticos\/61565672886568\/\" \/>\n<meta property=\"article:published_time\" content=\"2024-04-05T10:24:10+00:00\" \/>\n<meta property=\"article:modified_time\" content=\"2024-04-05T10:24:17+00:00\" \/>\n<meta property=\"og:image\" content=\"https:\/\/lospoliticosveracruz.com\/wp-content\/uploads\/2024\/03\/Jose-Luis-Ortega-Vidal.jpg\" \/>\n\t<meta property=\"og:image:width\" content=\"1250\" \/>\n\t<meta property=\"og:image:height\" content=\"667\" \/>\n\t<meta property=\"og:image:type\" content=\"image\/jpeg\" \/>\n<meta name=\"author\" content=\"Lo viste en Los Pol\u00edticos\" \/>\n<meta name=\"twitter:card\" content=\"summary_large_image\" \/>\n<meta name=\"twitter:creator\" content=\"@LosPoliticosVer\" \/>\n<meta name=\"twitter:site\" content=\"@LosPoliticosVer\" \/>\n<meta name=\"twitter:label1\" content=\"Escrito por\" \/>\n\t<meta name=\"twitter:data1\" content=\"Lo viste en Los Pol\u00edticos\" \/>\n\t<meta name=\"twitter:label2\" content=\"Tiempo de lectura\" \/>\n\t<meta name=\"twitter:data2\" content=\"7 minutos\" \/>\n<script type=\"application\/ld+json\" class=\"yoast-schema-graph\">{\"@context\":\"https:\\\/\\\/schema.org\",\"@graph\":[{\"@type\":\"Article\",\"@id\":\"https:\\\/\\\/lospoliticosveracruz.com\\\/?p=121457#article\",\"isPartOf\":{\"@id\":\"https:\\\/\\\/lospoliticosveracruz.com\\\/?p=121457\"},\"author\":{\"name\":\"Lo viste en Los Pol\u00edticos\",\"@id\":\"https:\\\/\\\/lospoliticosveracruz.com\\\/#\\\/schema\\\/person\\\/b8702bb0e538456e6efd07080bf2a4a2\"},\"headline\":\"BOLA 8, DE VUELTA AL RUEDO\",\"datePublished\":\"2024-04-05T10:24:10+00:00\",\"dateModified\":\"2024-04-05T10:24:17+00:00\",\"mainEntityOfPage\":{\"@id\":\"https:\\\/\\\/lospoliticosveracruz.com\\\/?p=121457\"},\"wordCount\":1305,\"publisher\":{\"@id\":\"https:\\\/\\\/lospoliticosveracruz.com\\\/#organization\"},\"image\":{\"@id\":\"https:\\\/\\\/lospoliticosveracruz.com\\\/?p=121457#primaryimage\"},\"thumbnailUrl\":\"https:\\\/\\\/lospoliticosveracruz.com\\\/wp-content\\\/uploads\\\/2024\\\/03\\\/Jose-Luis-Ortega-Vidal.jpg\",\"keywords\":[\"Bola 8\",\"Eric Cisneros Burgos\",\"Morena\",\"Pepe Yunes\",\"Roc\u00edo Nahle\",\"Veracruz\"],\"articleSection\":[\"De Opini\u00f3n\"],\"inLanguage\":\"es\"},{\"@type\":\"WebPage\",\"@id\":\"https:\\\/\\\/lospoliticosveracruz.com\\\/?p=121457\",\"url\":\"https:\\\/\\\/lospoliticosveracruz.com\\\/?p=121457\",\"name\":\"BOLA 8, DE VUELTA AL RUEDO - Los pol\u00edticos Veracruz\",\"isPartOf\":{\"@id\":\"https:\\\/\\\/lospoliticosveracruz.com\\\/#website\"},\"primaryImageOfPage\":{\"@id\":\"https:\\\/\\\/lospoliticosveracruz.com\\\/?p=121457#primaryimage\"},\"image\":{\"@id\":\"https:\\\/\\\/lospoliticosveracruz.com\\\/?p=121457#primaryimage\"},\"thumbnailUrl\":\"https:\\\/\\\/lospoliticosveracruz.com\\\/wp-content\\\/uploads\\\/2024\\\/03\\\/Jose-Luis-Ortega-Vidal.jpg\",\"datePublished\":\"2024-04-05T10:24:10+00:00\",\"dateModified\":\"2024-04-05T10:24:17+00:00\",\"breadcrumb\":{\"@id\":\"https:\\\/\\\/lospoliticosveracruz.com\\\/?p=121457#breadcrumb\"},\"inLanguage\":\"es\",\"potentialAction\":[{\"@type\":\"ReadAction\",\"target\":[\"https:\\\/\\\/lospoliticosveracruz.com\\\/?p=121457\"]}]},{\"@type\":\"ImageObject\",\"inLanguage\":\"es\",\"@id\":\"https:\\\/\\\/lospoliticosveracruz.com\\\/?p=121457#primaryimage\",\"url\":\"https:\\\/\\\/lospoliticosveracruz.com\\\/wp-content\\\/uploads\\\/2024\\\/03\\\/Jose-Luis-Ortega-Vidal.jpg\",\"contentUrl\":\"https:\\\/\\\/lospoliticosveracruz.com\\\/wp-content\\\/uploads\\\/2024\\\/03\\\/Jose-Luis-Ortega-Vidal.jpg\",\"width\":1250,\"height\":667},{\"@type\":\"BreadcrumbList\",\"@id\":\"https:\\\/\\\/lospoliticosveracruz.com\\\/?p=121457#breadcrumb\",\"itemListElement\":[{\"@type\":\"ListItem\",\"position\":1,\"name\":\"Portada\",\"item\":\"https:\\\/\\\/lospoliticosveracruz.com\\\/\"},{\"@type\":\"ListItem\",\"position\":2,\"name\":\"BOLA 8, DE VUELTA AL RUEDO\"}]},{\"@type\":\"WebSite\",\"@id\":\"https:\\\/\\\/lospoliticosveracruz.com\\\/#website\",\"url\":\"https:\\\/\\\/lospoliticosveracruz.com\\\/\",\"name\":\"Los pol\u00edticos Veracruz\",\"description\":\"\",\"publisher\":{\"@id\":\"https:\\\/\\\/lospoliticosveracruz.com\\\/#organization\"},\"potentialAction\":[{\"@type\":\"SearchAction\",\"target\":{\"@type\":\"EntryPoint\",\"urlTemplate\":\"https:\\\/\\\/lospoliticosveracruz.com\\\/?s={search_term_string}\"},\"query-input\":{\"@type\":\"PropertyValueSpecification\",\"valueRequired\":true,\"valueName\":\"search_term_string\"}}],\"inLanguage\":\"es\"},{\"@type\":\"Organization\",\"@id\":\"https:\\\/\\\/lospoliticosveracruz.com\\\/#organization\",\"name\":\"Los pol\u00edticos Veracruz\",\"url\":\"https:\\\/\\\/lospoliticosveracruz.com\\\/\",\"logo\":{\"@type\":\"ImageObject\",\"inLanguage\":\"es\",\"@id\":\"https:\\\/\\\/lospoliticosveracruz.com\\\/#\\\/schema\\\/logo\\\/image\\\/\",\"url\":\"https:\\\/\\\/lospoliticosveracruz.com\\\/wp-content\\\/uploads\\\/2025\\\/12\\\/Logo-Nuevo-LOS-POLITICOS-1.jpg\",\"contentUrl\":\"https:\\\/\\\/lospoliticosveracruz.com\\\/wp-content\\\/uploads\\\/2025\\\/12\\\/Logo-Nuevo-LOS-POLITICOS-1.jpg\",\"width\":260,\"height\":70,\"caption\":\"Los pol\u00edticos Veracruz\"},\"image\":{\"@id\":\"https:\\\/\\\/lospoliticosveracruz.com\\\/#\\\/schema\\\/logo\\\/image\\\/\"},\"sameAs\":[\"https:\\\/\\\/www.facebook.com\\\/people\\\/Notimemes-de-los-Polticos\\\/61565672886568\\\/\",\"https:\\\/\\\/x.com\\\/LosPoliticosVer\"]},{\"@type\":\"Person\",\"@id\":\"https:\\\/\\\/lospoliticosveracruz.com\\\/#\\\/schema\\\/person\\\/b8702bb0e538456e6efd07080bf2a4a2\",\"name\":\"Lo viste en Los Pol\u00edticos\",\"image\":{\"@type\":\"ImageObject\",\"inLanguage\":\"es\",\"@id\":\"https:\\\/\\\/secure.gravatar.com\\\/avatar\\\/3a8de04a2656d44082be478bd6c086daa447c4651605818287b9532d3d0bd435?s=96&d=mm&r=g\",\"url\":\"https:\\\/\\\/secure.gravatar.com\\\/avatar\\\/3a8de04a2656d44082be478bd6c086daa447c4651605818287b9532d3d0bd435?s=96&d=mm&r=g\",\"contentUrl\":\"https:\\\/\\\/secure.gravatar.com\\\/avatar\\\/3a8de04a2656d44082be478bd6c086daa447c4651605818287b9532d3d0bd435?s=96&d=mm&r=g\",\"caption\":\"Lo viste en Los Pol\u00edticos\"},\"url\":\"https:\\\/\\\/lospoliticosveracruz.com\\\/?author=2\"}]}<\/script>\n<!-- \/ Yoast SEO plugin. -->","yoast_head_json":{"title":"BOLA 8, DE VUELTA AL RUEDO - Los pol\u00edticos Veracruz","robots":{"index":"index","follow":"follow","max-snippet":"max-snippet:-1","max-image-preview":"max-image-preview:large","max-video-preview":"max-video-preview:-1"},"canonical":"https:\/\/lospoliticosveracruz.com\/?p=121457","og_locale":"es_ES","og_type":"article","og_title":"BOLA 8, DE VUELTA AL RUEDO - Los pol\u00edticos Veracruz","og_description":"Nahle vs Pepe: inicia campa\u00f1a con lucha cerrada \u00bfPor qu\u00e9? Parte II Jos\u00e9 Luis Ortega Vidal Claroscuros (1)Erick Patrocinio Cisneros Burgos reapareci\u00f3 ayer, v\u00eda redes sociales, en medio de una coyuntura pol\u00edtica que fue la causa de su alejamiento del escenario pol\u00edtico veracruzano: la campa\u00f1a por la gubernatura.Erick fue un secretario de Gobierno de claros [&hellip;]","og_url":"https:\/\/lospoliticosveracruz.com\/?p=121457","og_site_name":"Los pol\u00edticos Veracruz","article_publisher":"https:\/\/www.facebook.com\/people\/Notimemes-de-los-Polticos\/61565672886568\/","article_published_time":"2024-04-05T10:24:10+00:00","article_modified_time":"2024-04-05T10:24:17+00:00","og_image":[{"width":1250,"height":667,"url":"https:\/\/lospoliticosveracruz.com\/wp-content\/uploads\/2024\/03\/Jose-Luis-Ortega-Vidal.jpg","type":"image\/jpeg"}],"author":"Lo viste en Los Pol\u00edticos","twitter_card":"summary_large_image","twitter_creator":"@LosPoliticosVer","twitter_site":"@LosPoliticosVer","twitter_misc":{"Escrito por":"Lo viste en Los Pol\u00edticos","Tiempo de lectura":"7 minutos"},"schema":{"@context":"https:\/\/schema.org","@graph":[{"@type":"Article","@id":"https:\/\/lospoliticosveracruz.com\/?p=121457#article","isPartOf":{"@id":"https:\/\/lospoliticosveracruz.com\/?p=121457"},"author":{"name":"Lo viste en Los Pol\u00edticos","@id":"https:\/\/lospoliticosveracruz.com\/#\/schema\/person\/b8702bb0e538456e6efd07080bf2a4a2"},"headline":"BOLA 8, DE VUELTA AL RUEDO","datePublished":"2024-04-05T10:24:10+00:00","dateModified":"2024-04-05T10:24:17+00:00","mainEntityOfPage":{"@id":"https:\/\/lospoliticosveracruz.com\/?p=121457"},"wordCount":1305,"publisher":{"@id":"https:\/\/lospoliticosveracruz.com\/#organization"},"image":{"@id":"https:\/\/lospoliticosveracruz.com\/?p=121457#primaryimage"},"thumbnailUrl":"https:\/\/lospoliticosveracruz.com\/wp-content\/uploads\/2024\/03\/Jose-Luis-Ortega-Vidal.jpg","keywords":["Bola 8","Eric Cisneros Burgos","Morena","Pepe Yunes","Roc\u00edo Nahle","Veracruz"],"articleSection":["De Opini\u00f3n"],"inLanguage":"es"},{"@type":"WebPage","@id":"https:\/\/lospoliticosveracruz.com\/?p=121457","url":"https:\/\/lospoliticosveracruz.com\/?p=121457","name":"BOLA 8, DE VUELTA AL RUEDO - Los pol\u00edticos Veracruz","isPartOf":{"@id":"https:\/\/lospoliticosveracruz.com\/#website"},"primaryImageOfPage":{"@id":"https:\/\/lospoliticosveracruz.com\/?p=121457#primaryimage"},"image":{"@id":"https:\/\/lospoliticosveracruz.com\/?p=121457#primaryimage"},"thumbnailUrl":"https:\/\/lospoliticosveracruz.com\/wp-content\/uploads\/2024\/03\/Jose-Luis-Ortega-Vidal.jpg","datePublished":"2024-04-05T10:24:10+00:00","dateModified":"2024-04-05T10:24:17+00:00","breadcrumb":{"@id":"https:\/\/lospoliticosveracruz.com\/?p=121457#breadcrumb"},"inLanguage":"es","potentialAction":[{"@type":"ReadAction","target":["https:\/\/lospoliticosveracruz.com\/?p=121457"]}]},{"@type":"ImageObject","inLanguage":"es","@id":"https:\/\/lospoliticosveracruz.com\/?p=121457#primaryimage","url":"https:\/\/lospoliticosveracruz.com\/wp-content\/uploads\/2024\/03\/Jose-Luis-Ortega-Vidal.jpg","contentUrl":"https:\/\/lospoliticosveracruz.com\/wp-content\/uploads\/2024\/03\/Jose-Luis-Ortega-Vidal.jpg","width":1250,"height":667},{"@type":"BreadcrumbList","@id":"https:\/\/lospoliticosveracruz.com\/?p=121457#breadcrumb","itemListElement":[{"@type":"ListItem","position":1,"name":"Portada","item":"https:\/\/lospoliticosveracruz.com\/"},{"@type":"ListItem","position":2,"name":"BOLA 8, DE VUELTA AL RUEDO"}]},{"@type":"WebSite","@id":"https:\/\/lospoliticosveracruz.com\/#website","url":"https:\/\/lospoliticosveracruz.com\/","name":"Los pol\u00edticos Veracruz","description":"","publisher":{"@id":"https:\/\/lospoliticosveracruz.com\/#organization"},"potentialAction":[{"@type":"SearchAction","target":{"@type":"EntryPoint","urlTemplate":"https:\/\/lospoliticosveracruz.com\/?s={search_term_string}"},"query-input":{"@type":"PropertyValueSpecification","valueRequired":true,"valueName":"search_term_string"}}],"inLanguage":"es"},{"@type":"Organization","@id":"https:\/\/lospoliticosveracruz.com\/#organization","name":"Los pol\u00edticos Veracruz","url":"https:\/\/lospoliticosveracruz.com\/","logo":{"@type":"ImageObject","inLanguage":"es","@id":"https:\/\/lospoliticosveracruz.com\/#\/schema\/logo\/image\/","url":"https:\/\/lospoliticosveracruz.com\/wp-content\/uploads\/2025\/12\/Logo-Nuevo-LOS-POLITICOS-1.jpg","contentUrl":"https:\/\/lospoliticosveracruz.com\/wp-content\/uploads\/2025\/12\/Logo-Nuevo-LOS-POLITICOS-1.jpg","width":260,"height":70,"caption":"Los pol\u00edticos Veracruz"},"image":{"@id":"https:\/\/lospoliticosveracruz.com\/#\/schema\/logo\/image\/"},"sameAs":["https:\/\/www.facebook.com\/people\/Notimemes-de-los-Polticos\/61565672886568\/","https:\/\/x.com\/LosPoliticosVer"]},{"@type":"Person","@id":"https:\/\/lospoliticosveracruz.com\/#\/schema\/person\/b8702bb0e538456e6efd07080bf2a4a2","name":"Lo viste en Los Pol\u00edticos","image":{"@type":"ImageObject","inLanguage":"es","@id":"https:\/\/secure.gravatar.com\/avatar\/3a8de04a2656d44082be478bd6c086daa447c4651605818287b9532d3d0bd435?s=96&d=mm&r=g","url":"https:\/\/secure.gravatar.com\/avatar\/3a8de04a2656d44082be478bd6c086daa447c4651605818287b9532d3d0bd435?s=96&d=mm&r=g","contentUrl":"https:\/\/secure.gravatar.com\/avatar\/3a8de04a2656d44082be478bd6c086daa447c4651605818287b9532d3d0bd435?s=96&d=mm&r=g","caption":"Lo viste en Los Pol\u00edticos"},"url":"https:\/\/lospoliticosveracruz.com\/?author=2"}]}},"_links":{"self":[{"href":"https:\/\/lospoliticosveracruz.com\/index.php?rest_route=\/wp\/v2\/posts\/121457","targetHints":{"allow":["GET"]}}],"collection":[{"href":"https:\/\/lospoliticosveracruz.com\/index.php?rest_route=\/wp\/v2\/posts"}],"about":[{"href":"https:\/\/lospoliticosveracruz.com\/index.php?rest_route=\/wp\/v2\/types\/post"}],"author":[{"embeddable":true,"href":"https:\/\/lospoliticosveracruz.com\/index.php?rest_route=\/wp\/v2\/users\/2"}],"replies":[{"embeddable":true,"href":"https:\/\/lospoliticosveracruz.com\/index.php?rest_route=%2Fwp%2Fv2%2Fcomments&post=121457"}],"version-history":[{"count":1,"href":"https:\/\/lospoliticosveracruz.com\/index.php?rest_route=\/wp\/v2\/posts\/121457\/revisions"}],"predecessor-version":[{"id":121458,"href":"https:\/\/lospoliticosveracruz.com\/index.php?rest_route=\/wp\/v2\/posts\/121457\/revisions\/121458"}],"wp:featuredmedia":[{"embeddable":true,"href":"https:\/\/lospoliticosveracruz.com\/index.php?rest_route=\/wp\/v2\/media\/119931"}],"wp:attachment":[{"href":"https:\/\/lospoliticosveracruz.com\/index.php?rest_route=%2Fwp%2Fv2%2Fmedia&parent=121457"}],"wp:term":[{"taxonomy":"category","embeddable":true,"href":"https:\/\/lospoliticosveracruz.com\/index.php?rest_route=%2Fwp%2Fv2%2Fcategories&post=121457"},{"taxonomy":"post_tag","embeddable":true,"href":"https:\/\/lospoliticosveracruz.com\/index.php?rest_route=%2Fwp%2Fv2%2Ftags&post=121457"}],"curies":[{"name":"wp","href":"https:\/\/api.w.org\/{rel}","templated":true}]}}