{"id":121459,"date":"2024-04-05T04:34:27","date_gmt":"2024-04-05T10:34:27","guid":{"rendered":"https:\/\/lospoliticosveracruz.com.mx\/?p=121459"},"modified":"2024-04-05T04:34:36","modified_gmt":"2024-04-05T10:34:36","slug":"se-fue-sofia-se-desfonda-mc","status":"publish","type":"post","link":"https:\/\/lospoliticosveracruz.com\/?p=121459","title":{"rendered":"SE FUE SOF\u00cdA, SE DESFONDA MC"},"content":{"rendered":"\n<p><strong>Ricardo Chua<\/strong><\/p>\n\n\n\n<p><em>Sale y Vale<\/em><\/p>\n\n\n\n<p>Al final, se confirm\u00f3 la exclusiva publicada en este espacio el pasado martes, de que una de las mujeres pol\u00edticas, influencer social y, quiz\u00e1s, la principal generadora de votos para Movimiento Ciudadano (MC).. Se iba de este partido por la molestia generada por la entrega de candidaturas a diputados locales plurinominales a grupos de poder y no a la gente que ha levantado al organismo.. Y por dejarla fuera de esas \u00abpluris\u00bb,.. Ella misma anunci\u00f3 su salida.. Golpe duro al partido de Dante Delgado..<\/p>\n\n\n\n<p>Ya que pese a todo lo que se dijo alrededor de esta salida.. Sof\u00eda Yunes fue una de las mujeres m\u00e1s destacadas dentro de MC.. Los hizo crecer en la zona centro electoralmente.. Su trabajo y figura ayud\u00f3 para que esto fuera as\u00ed.. Y ella, no se fue as\u00ed nada m\u00e1s, acus\u00f3 a Movimiento Ciudadano de haberse convertido en un partido \u00abesquirol\u00bb de MORENA.. No se los mand\u00f3 a decir.. Y apenas se supo la noticia.. Alejandro Moreno C\u00e1rdenas (Alito), dirigente nacional del PRI, la busc\u00f3 con insistencia para llevarla a lado de su t\u00edo H\u00e9ctor Yunes..<\/p>\n\n\n\n<p>Lo mismo pas\u00f3 con MORENA, ya que v\u00eda Juan Javier G\u00f3mez Cazar\u00edn.. Andaba busc\u00e1ndola para invitarla al proyecto de la 4T.. Mandaron emisarios a Boca del R\u00edo para solicitar verla pero, se sabe que ella en este momento se mantiene al margen.. Y que no ha tomado decisi\u00f3n alguna\u2026 Aunque pareciera que ella se ve m\u00e1s con Pepe Yunes que con MORENA.. El hecho es que posiblemente hoy decida cu\u00e1l ser\u00e1 su nuevo rumbo\u2026Por lo pronto, MC tendr\u00e1 que hacer algo r\u00e1pido.. Este \u00abtrancazo\u00bb de la salida de Sof\u00eda, es muy duro y serio.. AMEN.<\/p>\n\n\n\n<p>LAS \u00abPLURIS\u00bb DEL PRI VERACRUZ.. Ya hubo \u00abhumo tricolor\u00bb en Veracruz, en torno a las candidaturas a diputados locales v\u00eda plurinominal por el PRI, partido de donde es el candidato a gobernador de la oposici\u00f3n, Jos\u00e9 Francisco Yunes Zorilla.. Y cuenta \u00abGarganta Profunda\u00bb que despu\u00e9s de conocerlas hubo muchas inconformidades en la entidad dentro de los grupos priistas.. Sobre todo porque no hay figuras que renueven al partido.. Que est\u00e1 en v\u00eda de extinci\u00f3n en el pa\u00eds.. NO HAY J\u00d3VENES.. Y es como el pan bimbo: \u00abSiempre lo mismo\u00bb..<\/p>\n\n\n\n<p>Seg\u00fan \u00abGarganta Profunda\u00bb por los votos que conseguir\u00e1 el PRI en este proceso a diputados locales.. S\u00f3lo podr\u00edan entrar los 3 primeros de la lista.. Los cuales ocupan por orden de las posiciones.. 1. H\u00e9ctor Yunes Landa; 2. Ana Rosa V\u00e1ldez Salazar; 3. Manuel Guerrero S\u00e1nchez y la 4. Yolanda Lagunes L\u00f3pez.. Los dem\u00e1s ni caso tiene mencionarlos, ni oportunidad tienen de entrar.. H\u00e9ctor Yunes, de nuevo y no hay renovaci\u00f3n de cuadros.. Ana Rosa, es esposa del \u00abFofo\u00bb Ram\u00edrez, dirigente estatal del PRI y Manuel Guerrero es la CNC.. LO MISMO..<\/p>\n\n\n\n<p>Ya que hay fuertes versiones, de que si bien el perote\u00f1o estaba \u00abdespegando\u00bb en su campa\u00f1a.. Y que adem\u00e1s ya ven\u00eda \u00abpis\u00e1ndole los talones\u00bb a la morenista, Roc\u00edo Nahle, tanto as\u00ed que todos sus \u00abdefensores de oficio\u00bb, todos los d\u00edas le tiran a Pepe Yunes y a su gente cercana.. Pero OJO la regla b\u00e1sica de la pol\u00edtica: el primer lugar por ning\u00fan motivo ataca al segundo lugar.. Ahora con la inclusi\u00f3n de las \u00abr\u00e9moras\u00bb del PRI (la lista a diputados pluris).. No hacen m\u00e1s que demostrar que no han cambiado y no conf\u00edan en su candidato a gobernador..<\/p>\n\n\n\n<p>Por eso, \u00abGarganta Profunda\u00bb advierte que despu\u00e9s de saber, quienes ser\u00e1n los diputados locales plurinominales.. Si el priista, Pepe Yunes desea mantenerse en el \u00abjuego\u00bb\u2026 \u00c9l est\u00e1 m\u00e1s que consciente de que, al menos, para \u00e9l, lo que es el PRI, NO ES SU SOLUCI\u00d3N y que por ello, es que debe apoyarse en la estructura del PAN , que es la \u00fanica fuerte en toda la entidad.. Ya que de no hacerlo y seguir queriendo \u00abmontarse\u00bb en la estructura priista.. Va a quedar como un \u00abTehuac\u00e1n sin gas\u00bb.. .<\/p>\n\n\n\n<p>Para nadie es un secreto.. Que al conocerse la lista de los \u00abpluris\u00bb priistas.. Las reacciones de esta decisi\u00f3n, \u00abdespertaron\u00bb m\u00e1s repudio para el PRI en Veracruz, pues, ya que tambi\u00e9n dejaron de lado a pri\u00edstas de nueva clase (Carlos Rugerio, que ni en la lista est\u00e1), que son a los que hubieran podido ir bien, son los que pod\u00edan darle ese impulso a la campa\u00f1a de Pepe Yunes.. Pero no fue as\u00ed.. En la semana se ver\u00e1, por parte del PRI , qu\u00e9 acciones toman en la campa\u00f1a.. Se viene m\u00e1s \u00abguerra\u00bb porque esa lista les har\u00e1 perder puntos a la oposici\u00f3n.. YA VER\u00c1N.. EL QUE ENTENDI\u00d3, ENTENDI\u00d3..<\/p>\n","protected":false},"excerpt":{"rendered":"<p>Ricardo Chua Sale y Vale Al final, se confirm\u00f3 la exclusiva publicada en este espacio el pasado martes, de que una de las mujeres pol\u00edticas, influencer social y, quiz\u00e1s, la principal generadora de votos para Movimiento Ciudadano (MC).. Se iba de este partido por la molestia generada por la entrega de candidaturas a diputados locales [&hellip;]<\/p>\n","protected":false},"author":2,"featured_media":119817,"comment_status":"closed","ping_status":"closed","sticky":false,"template":"","format":"standard","meta":{"tdm_status":"","tdm_grid_status":"","footnotes":""},"categories":[70],"tags":[4919,2219,1026,251,3578,26620,195],"class_list":{"0":"post-121459","1":"post","2":"type-post","3":"status-publish","4":"format-standard","5":"has-post-thumbnail","7":"category-de-opinion","8":"tag-ana-rosa-valdes-salazar","9":"tag-dante-delgado","10":"tag-morena","11":"tag-pri","12":"tag-rocio-nahle","13":"tag-sofia-yunes-2","14":"tag-veracruz"},"yoast_head":"<!-- This site is optimized with the Yoast SEO plugin v27.4 - https:\/\/yoast.com\/product\/yoast-seo-wordpress\/ -->\n<title>SE FUE SOF\u00cdA, SE DESFONDA MC - Los pol\u00edticos Veracruz<\/title>\n<meta name=\"robots\" content=\"index, follow, max-snippet:-1, max-image-preview:large, max-video-preview:-1\" \/>\n<link rel=\"canonical\" href=\"https:\/\/lospoliticosveracruz.com\/?p=121459\" \/>\n<meta property=\"og:locale\" content=\"es_ES\" \/>\n<meta property=\"og:type\" content=\"article\" \/>\n<meta property=\"og:title\" content=\"SE FUE SOF\u00cdA, SE DESFONDA MC - Los pol\u00edticos Veracruz\" \/>\n<meta property=\"og:description\" content=\"Ricardo Chua Sale y Vale Al final, se confirm\u00f3 la exclusiva publicada en este espacio el pasado martes, de que una de las mujeres pol\u00edticas, influencer social y, quiz\u00e1s, la principal generadora de votos para Movimiento Ciudadano (MC).. Se iba de este partido por la molestia generada por la entrega de candidaturas a diputados locales [&hellip;]\" \/>\n<meta property=\"og:url\" content=\"https:\/\/lospoliticosveracruz.com\/?p=121459\" \/>\n<meta property=\"og:site_name\" content=\"Los pol\u00edticos Veracruz\" \/>\n<meta property=\"article:publisher\" content=\"https:\/\/www.facebook.com\/people\/Notimemes-de-los-Polticos\/61565672886568\/\" \/>\n<meta property=\"article:published_time\" content=\"2024-04-05T10:34:27+00:00\" \/>\n<meta property=\"article:modified_time\" content=\"2024-04-05T10:34:36+00:00\" \/>\n<meta property=\"og:image\" content=\"https:\/\/lospoliticosveracruz.com\/wp-content\/uploads\/2024\/03\/Ricardo-Chua.jpg\" \/>\n\t<meta property=\"og:image:width\" content=\"1250\" \/>\n\t<meta property=\"og:image:height\" content=\"667\" \/>\n\t<meta property=\"og:image:type\" content=\"image\/jpeg\" \/>\n<meta name=\"author\" content=\"Lo viste en Los Pol\u00edticos\" \/>\n<meta name=\"twitter:card\" content=\"summary_large_image\" \/>\n<meta name=\"twitter:creator\" content=\"@LosPoliticosVer\" \/>\n<meta name=\"twitter:site\" content=\"@LosPoliticosVer\" \/>\n<meta name=\"twitter:label1\" content=\"Escrito por\" \/>\n\t<meta name=\"twitter:data1\" content=\"Lo viste en Los Pol\u00edticos\" \/>\n\t<meta name=\"twitter:label2\" content=\"Tiempo de lectura\" \/>\n\t<meta name=\"twitter:data2\" content=\"4 minutos\" \/>\n<script type=\"application\/ld+json\" class=\"yoast-schema-graph\">{\"@context\":\"https:\\\/\\\/schema.org\",\"@graph\":[{\"@type\":\"Article\",\"@id\":\"https:\\\/\\\/lospoliticosveracruz.com\\\/?p=121459#article\",\"isPartOf\":{\"@id\":\"https:\\\/\\\/lospoliticosveracruz.com\\\/?p=121459\"},\"author\":{\"name\":\"Lo viste en Los Pol\u00edticos\",\"@id\":\"https:\\\/\\\/lospoliticosveracruz.com\\\/#\\\/schema\\\/person\\\/b8702bb0e538456e6efd07080bf2a4a2\"},\"headline\":\"SE FUE SOF\u00cdA, SE DESFONDA MC\",\"datePublished\":\"2024-04-05T10:34:27+00:00\",\"dateModified\":\"2024-04-05T10:34:36+00:00\",\"mainEntityOfPage\":{\"@id\":\"https:\\\/\\\/lospoliticosveracruz.com\\\/?p=121459\"},\"wordCount\":825,\"publisher\":{\"@id\":\"https:\\\/\\\/lospoliticosveracruz.com\\\/#organization\"},\"image\":{\"@id\":\"https:\\\/\\\/lospoliticosveracruz.com\\\/?p=121459#primaryimage\"},\"thumbnailUrl\":\"https:\\\/\\\/lospoliticosveracruz.com\\\/wp-content\\\/uploads\\\/2024\\\/03\\\/Ricardo-Chua.jpg\",\"keywords\":[\"Ana Rosa Vald\u00e9s Salazar\",\"Dante Delgado\",\"Morena\",\"PRI\",\"Roc\u00edo Nahle\",\"Sof\u00eda Yunes\",\"Veracruz\"],\"articleSection\":[\"De Opini\u00f3n\"],\"inLanguage\":\"es\"},{\"@type\":\"WebPage\",\"@id\":\"https:\\\/\\\/lospoliticosveracruz.com\\\/?p=121459\",\"url\":\"https:\\\/\\\/lospoliticosveracruz.com\\\/?p=121459\",\"name\":\"SE FUE SOF\u00cdA, SE DESFONDA MC - Los pol\u00edticos Veracruz\",\"isPartOf\":{\"@id\":\"https:\\\/\\\/lospoliticosveracruz.com\\\/#website\"},\"primaryImageOfPage\":{\"@id\":\"https:\\\/\\\/lospoliticosveracruz.com\\\/?p=121459#primaryimage\"},\"image\":{\"@id\":\"https:\\\/\\\/lospoliticosveracruz.com\\\/?p=121459#primaryimage\"},\"thumbnailUrl\":\"https:\\\/\\\/lospoliticosveracruz.com\\\/wp-content\\\/uploads\\\/2024\\\/03\\\/Ricardo-Chua.jpg\",\"datePublished\":\"2024-04-05T10:34:27+00:00\",\"dateModified\":\"2024-04-05T10:34:36+00:00\",\"breadcrumb\":{\"@id\":\"https:\\\/\\\/lospoliticosveracruz.com\\\/?p=121459#breadcrumb\"},\"inLanguage\":\"es\",\"potentialAction\":[{\"@type\":\"ReadAction\",\"target\":[\"https:\\\/\\\/lospoliticosveracruz.com\\\/?p=121459\"]}]},{\"@type\":\"ImageObject\",\"inLanguage\":\"es\",\"@id\":\"https:\\\/\\\/lospoliticosveracruz.com\\\/?p=121459#primaryimage\",\"url\":\"https:\\\/\\\/lospoliticosveracruz.com\\\/wp-content\\\/uploads\\\/2024\\\/03\\\/Ricardo-Chua.jpg\",\"contentUrl\":\"https:\\\/\\\/lospoliticosveracruz.com\\\/wp-content\\\/uploads\\\/2024\\\/03\\\/Ricardo-Chua.jpg\",\"width\":1250,\"height\":667},{\"@type\":\"BreadcrumbList\",\"@id\":\"https:\\\/\\\/lospoliticosveracruz.com\\\/?p=121459#breadcrumb\",\"itemListElement\":[{\"@type\":\"ListItem\",\"position\":1,\"name\":\"Portada\",\"item\":\"https:\\\/\\\/lospoliticosveracruz.com\\\/\"},{\"@type\":\"ListItem\",\"position\":2,\"name\":\"SE FUE SOF\u00cdA, SE DESFONDA MC\"}]},{\"@type\":\"WebSite\",\"@id\":\"https:\\\/\\\/lospoliticosveracruz.com\\\/#website\",\"url\":\"https:\\\/\\\/lospoliticosveracruz.com\\\/\",\"name\":\"Los pol\u00edticos Veracruz\",\"description\":\"\",\"publisher\":{\"@id\":\"https:\\\/\\\/lospoliticosveracruz.com\\\/#organization\"},\"potentialAction\":[{\"@type\":\"SearchAction\",\"target\":{\"@type\":\"EntryPoint\",\"urlTemplate\":\"https:\\\/\\\/lospoliticosveracruz.com\\\/?s={search_term_string}\"},\"query-input\":{\"@type\":\"PropertyValueSpecification\",\"valueRequired\":true,\"valueName\":\"search_term_string\"}}],\"inLanguage\":\"es\"},{\"@type\":\"Organization\",\"@id\":\"https:\\\/\\\/lospoliticosveracruz.com\\\/#organization\",\"name\":\"Los pol\u00edticos Veracruz\",\"url\":\"https:\\\/\\\/lospoliticosveracruz.com\\\/\",\"logo\":{\"@type\":\"ImageObject\",\"inLanguage\":\"es\",\"@id\":\"https:\\\/\\\/lospoliticosveracruz.com\\\/#\\\/schema\\\/logo\\\/image\\\/\",\"url\":\"https:\\\/\\\/lospoliticosveracruz.com\\\/wp-content\\\/uploads\\\/2025\\\/12\\\/Logo-Nuevo-LOS-POLITICOS-1.jpg\",\"contentUrl\":\"https:\\\/\\\/lospoliticosveracruz.com\\\/wp-content\\\/uploads\\\/2025\\\/12\\\/Logo-Nuevo-LOS-POLITICOS-1.jpg\",\"width\":260,\"height\":70,\"caption\":\"Los pol\u00edticos Veracruz\"},\"image\":{\"@id\":\"https:\\\/\\\/lospoliticosveracruz.com\\\/#\\\/schema\\\/logo\\\/image\\\/\"},\"sameAs\":[\"https:\\\/\\\/www.facebook.com\\\/people\\\/Notimemes-de-los-Polticos\\\/61565672886568\\\/\",\"https:\\\/\\\/x.com\\\/LosPoliticosVer\"]},{\"@type\":\"Person\",\"@id\":\"https:\\\/\\\/lospoliticosveracruz.com\\\/#\\\/schema\\\/person\\\/b8702bb0e538456e6efd07080bf2a4a2\",\"name\":\"Lo viste en Los Pol\u00edticos\",\"image\":{\"@type\":\"ImageObject\",\"inLanguage\":\"es\",\"@id\":\"https:\\\/\\\/secure.gravatar.com\\\/avatar\\\/3a8de04a2656d44082be478bd6c086daa447c4651605818287b9532d3d0bd435?s=96&d=mm&r=g\",\"url\":\"https:\\\/\\\/secure.gravatar.com\\\/avatar\\\/3a8de04a2656d44082be478bd6c086daa447c4651605818287b9532d3d0bd435?s=96&d=mm&r=g\",\"contentUrl\":\"https:\\\/\\\/secure.gravatar.com\\\/avatar\\\/3a8de04a2656d44082be478bd6c086daa447c4651605818287b9532d3d0bd435?s=96&d=mm&r=g\",\"caption\":\"Lo viste en Los Pol\u00edticos\"},\"url\":\"https:\\\/\\\/lospoliticosveracruz.com\\\/?author=2\"}]}<\/script>\n<!-- \/ Yoast SEO plugin. -->","yoast_head_json":{"title":"SE FUE SOF\u00cdA, SE DESFONDA MC - Los pol\u00edticos Veracruz","robots":{"index":"index","follow":"follow","max-snippet":"max-snippet:-1","max-image-preview":"max-image-preview:large","max-video-preview":"max-video-preview:-1"},"canonical":"https:\/\/lospoliticosveracruz.com\/?p=121459","og_locale":"es_ES","og_type":"article","og_title":"SE FUE SOF\u00cdA, SE DESFONDA MC - Los pol\u00edticos Veracruz","og_description":"Ricardo Chua Sale y Vale Al final, se confirm\u00f3 la exclusiva publicada en este espacio el pasado martes, de que una de las mujeres pol\u00edticas, influencer social y, quiz\u00e1s, la principal generadora de votos para Movimiento Ciudadano (MC).. Se iba de este partido por la molestia generada por la entrega de candidaturas a diputados locales [&hellip;]","og_url":"https:\/\/lospoliticosveracruz.com\/?p=121459","og_site_name":"Los pol\u00edticos Veracruz","article_publisher":"https:\/\/www.facebook.com\/people\/Notimemes-de-los-Polticos\/61565672886568\/","article_published_time":"2024-04-05T10:34:27+00:00","article_modified_time":"2024-04-05T10:34:36+00:00","og_image":[{"width":1250,"height":667,"url":"https:\/\/lospoliticosveracruz.com\/wp-content\/uploads\/2024\/03\/Ricardo-Chua.jpg","type":"image\/jpeg"}],"author":"Lo viste en Los Pol\u00edticos","twitter_card":"summary_large_image","twitter_creator":"@LosPoliticosVer","twitter_site":"@LosPoliticosVer","twitter_misc":{"Escrito por":"Lo viste en Los Pol\u00edticos","Tiempo de lectura":"4 minutos"},"schema":{"@context":"https:\/\/schema.org","@graph":[{"@type":"Article","@id":"https:\/\/lospoliticosveracruz.com\/?p=121459#article","isPartOf":{"@id":"https:\/\/lospoliticosveracruz.com\/?p=121459"},"author":{"name":"Lo viste en Los Pol\u00edticos","@id":"https:\/\/lospoliticosveracruz.com\/#\/schema\/person\/b8702bb0e538456e6efd07080bf2a4a2"},"headline":"SE FUE SOF\u00cdA, SE DESFONDA MC","datePublished":"2024-04-05T10:34:27+00:00","dateModified":"2024-04-05T10:34:36+00:00","mainEntityOfPage":{"@id":"https:\/\/lospoliticosveracruz.com\/?p=121459"},"wordCount":825,"publisher":{"@id":"https:\/\/lospoliticosveracruz.com\/#organization"},"image":{"@id":"https:\/\/lospoliticosveracruz.com\/?p=121459#primaryimage"},"thumbnailUrl":"https:\/\/lospoliticosveracruz.com\/wp-content\/uploads\/2024\/03\/Ricardo-Chua.jpg","keywords":["Ana Rosa Vald\u00e9s Salazar","Dante Delgado","Morena","PRI","Roc\u00edo Nahle","Sof\u00eda Yunes","Veracruz"],"articleSection":["De Opini\u00f3n"],"inLanguage":"es"},{"@type":"WebPage","@id":"https:\/\/lospoliticosveracruz.com\/?p=121459","url":"https:\/\/lospoliticosveracruz.com\/?p=121459","name":"SE FUE SOF\u00cdA, SE DESFONDA MC - Los pol\u00edticos Veracruz","isPartOf":{"@id":"https:\/\/lospoliticosveracruz.com\/#website"},"primaryImageOfPage":{"@id":"https:\/\/lospoliticosveracruz.com\/?p=121459#primaryimage"},"image":{"@id":"https:\/\/lospoliticosveracruz.com\/?p=121459#primaryimage"},"thumbnailUrl":"https:\/\/lospoliticosveracruz.com\/wp-content\/uploads\/2024\/03\/Ricardo-Chua.jpg","datePublished":"2024-04-05T10:34:27+00:00","dateModified":"2024-04-05T10:34:36+00:00","breadcrumb":{"@id":"https:\/\/lospoliticosveracruz.com\/?p=121459#breadcrumb"},"inLanguage":"es","potentialAction":[{"@type":"ReadAction","target":["https:\/\/lospoliticosveracruz.com\/?p=121459"]}]},{"@type":"ImageObject","inLanguage":"es","@id":"https:\/\/lospoliticosveracruz.com\/?p=121459#primaryimage","url":"https:\/\/lospoliticosveracruz.com\/wp-content\/uploads\/2024\/03\/Ricardo-Chua.jpg","contentUrl":"https:\/\/lospoliticosveracruz.com\/wp-content\/uploads\/2024\/03\/Ricardo-Chua.jpg","width":1250,"height":667},{"@type":"BreadcrumbList","@id":"https:\/\/lospoliticosveracruz.com\/?p=121459#breadcrumb","itemListElement":[{"@type":"ListItem","position":1,"name":"Portada","item":"https:\/\/lospoliticosveracruz.com\/"},{"@type":"ListItem","position":2,"name":"SE FUE SOF\u00cdA, SE DESFONDA MC"}]},{"@type":"WebSite","@id":"https:\/\/lospoliticosveracruz.com\/#website","url":"https:\/\/lospoliticosveracruz.com\/","name":"Los pol\u00edticos Veracruz","description":"","publisher":{"@id":"https:\/\/lospoliticosveracruz.com\/#organization"},"potentialAction":[{"@type":"SearchAction","target":{"@type":"EntryPoint","urlTemplate":"https:\/\/lospoliticosveracruz.com\/?s={search_term_string}"},"query-input":{"@type":"PropertyValueSpecification","valueRequired":true,"valueName":"search_term_string"}}],"inLanguage":"es"},{"@type":"Organization","@id":"https:\/\/lospoliticosveracruz.com\/#organization","name":"Los pol\u00edticos Veracruz","url":"https:\/\/lospoliticosveracruz.com\/","logo":{"@type":"ImageObject","inLanguage":"es","@id":"https:\/\/lospoliticosveracruz.com\/#\/schema\/logo\/image\/","url":"https:\/\/lospoliticosveracruz.com\/wp-content\/uploads\/2025\/12\/Logo-Nuevo-LOS-POLITICOS-1.jpg","contentUrl":"https:\/\/lospoliticosveracruz.com\/wp-content\/uploads\/2025\/12\/Logo-Nuevo-LOS-POLITICOS-1.jpg","width":260,"height":70,"caption":"Los pol\u00edticos Veracruz"},"image":{"@id":"https:\/\/lospoliticosveracruz.com\/#\/schema\/logo\/image\/"},"sameAs":["https:\/\/www.facebook.com\/people\/Notimemes-de-los-Polticos\/61565672886568\/","https:\/\/x.com\/LosPoliticosVer"]},{"@type":"Person","@id":"https:\/\/lospoliticosveracruz.com\/#\/schema\/person\/b8702bb0e538456e6efd07080bf2a4a2","name":"Lo viste en Los Pol\u00edticos","image":{"@type":"ImageObject","inLanguage":"es","@id":"https:\/\/secure.gravatar.com\/avatar\/3a8de04a2656d44082be478bd6c086daa447c4651605818287b9532d3d0bd435?s=96&d=mm&r=g","url":"https:\/\/secure.gravatar.com\/avatar\/3a8de04a2656d44082be478bd6c086daa447c4651605818287b9532d3d0bd435?s=96&d=mm&r=g","contentUrl":"https:\/\/secure.gravatar.com\/avatar\/3a8de04a2656d44082be478bd6c086daa447c4651605818287b9532d3d0bd435?s=96&d=mm&r=g","caption":"Lo viste en Los Pol\u00edticos"},"url":"https:\/\/lospoliticosveracruz.com\/?author=2"}]}},"_links":{"self":[{"href":"https:\/\/lospoliticosveracruz.com\/index.php?rest_route=\/wp\/v2\/posts\/121459","targetHints":{"allow":["GET"]}}],"collection":[{"href":"https:\/\/lospoliticosveracruz.com\/index.php?rest_route=\/wp\/v2\/posts"}],"about":[{"href":"https:\/\/lospoliticosveracruz.com\/index.php?rest_route=\/wp\/v2\/types\/post"}],"author":[{"embeddable":true,"href":"https:\/\/lospoliticosveracruz.com\/index.php?rest_route=\/wp\/v2\/users\/2"}],"replies":[{"embeddable":true,"href":"https:\/\/lospoliticosveracruz.com\/index.php?rest_route=%2Fwp%2Fv2%2Fcomments&post=121459"}],"version-history":[{"count":1,"href":"https:\/\/lospoliticosveracruz.com\/index.php?rest_route=\/wp\/v2\/posts\/121459\/revisions"}],"predecessor-version":[{"id":121460,"href":"https:\/\/lospoliticosveracruz.com\/index.php?rest_route=\/wp\/v2\/posts\/121459\/revisions\/121460"}],"wp:featuredmedia":[{"embeddable":true,"href":"https:\/\/lospoliticosveracruz.com\/index.php?rest_route=\/wp\/v2\/media\/119817"}],"wp:attachment":[{"href":"https:\/\/lospoliticosveracruz.com\/index.php?rest_route=%2Fwp%2Fv2%2Fmedia&parent=121459"}],"wp:term":[{"taxonomy":"category","embeddable":true,"href":"https:\/\/lospoliticosveracruz.com\/index.php?rest_route=%2Fwp%2Fv2%2Fcategories&post=121459"},{"taxonomy":"post_tag","embeddable":true,"href":"https:\/\/lospoliticosveracruz.com\/index.php?rest_route=%2Fwp%2Fv2%2Ftags&post=121459"}],"curies":[{"name":"wp","href":"https:\/\/api.w.org\/{rel}","templated":true}]}}