{"id":121611,"date":"2024-04-07T16:12:23","date_gmt":"2024-04-07T21:12:23","guid":{"rendered":"https:\/\/lospoliticosveracruz.com.mx\/?p=121611"},"modified":"2024-04-07T16:12:30","modified_gmt":"2024-04-07T21:12:30","slug":"plan-500-opcion-para-veracruzanos","status":"publish","type":"post","link":"https:\/\/lospoliticosveracruz.com\/?p=121611","title":{"rendered":"PLAN 500, OPCI\u00d3N PARA VERACRUZANOS"},"content":{"rendered":"\n<p><em>Boca del R\u00edo<\/em><br>Polo Deschamps, candidato de Movimiento Ciudadano a la gubernatura de Veracruz, se\u00f1al\u00f3 que el Plan 500 es la mejor opci\u00f3n que se ha propuesto en esta contienda para enfrentar la grave crisis econ\u00f3mica que enfrentan y padecen los veracruzanos.<\/p>\n\n\n\n<p>El candidato de Movimiento Ciudadano enfatiz\u00f3 que 6 de cada 10 ciudadanos de nuestro estado viven una crisis econ\u00f3mica y humanitaria ocasionada por los malos gobiernos del PRIAN y de Morena.<\/p>\n\n\n\n<p>\u201cCuando yo veo esta situaci\u00f3n me doy cuenta que hay una crisis econ\u00f3mica grave, que inclusive yo podr\u00eda decir que es una crisis humanitaria, por qu\u00e9, porque 5 millones de pobres en un estado de 8 millones, significa que m\u00e1s del 60 por ciento de la gente est\u00e1 en pobreza\u201d, consider\u00f3.<\/p>\n\n\n\n<p>Dijo que es lamentable que mientras esto sucede, sus adversarios, los candidatos del PRIAN y de Morena, est\u00e9n pele\u00e1ndose por cosas irrelevantes, \u201cmeti\u00e9ndose en la vida privada del los dem\u00e1s, criticando y se\u00f1alando obviedades, mientras que las campa\u00f1as de MC son propositivas, atendiendo la problem\u00e1tica y los reclamos ciudadanos.<\/p>\n\n\n\n<p>\u201cVeo que est\u00e1n nada m\u00e1s hablando de cosas que no son importantes o relevantes, y nosotros todo lo contrario, estamos hablando de propuestas, y por eso es que sale y nace el Plan 500. Nace el Plan 500 porque yo he recorrido el estado de Veracruz desde hace muchos a\u00f1os, y platicando con la gente me he dado cuenta de como les cuesta su d\u00eda, como les cuesta salir adelante, hay personas que ganan 100, 200, 300 pesos diarios para mantener una familia entera\u201d, agreg\u00f3.<\/p>\n\n\n\n<p>Polo Deschamps concluy\u00f3 esta primer semana de campa\u00f1a visitando los municipios conurbados de Veracruz y Boca del R\u00edo, en donde atendi\u00f3 a diversos medios de comunicaci\u00f3n, recorri\u00f3 tianguis y mercados y coloc\u00f3 calcas en distintos puntos de la zona metropolitana.<\/p>\n","protected":false},"excerpt":{"rendered":"<p>Boca del R\u00edoPolo Deschamps, candidato de Movimiento Ciudadano a la gubernatura de Veracruz, se\u00f1al\u00f3 que el Plan 500 es la mejor opci\u00f3n que se ha propuesto en esta contienda para enfrentar la grave crisis econ\u00f3mica que enfrentan y padecen los veracruzanos. El candidato de Movimiento Ciudadano enfatiz\u00f3 que 6 de cada 10 ciudadanos de nuestro [&hellip;]<\/p>\n","protected":false},"author":2,"featured_media":0,"comment_status":"closed","ping_status":"closed","sticky":false,"template":"","format":"standard","meta":{"tdm_status":"","tdm_grid_status":"","footnotes":""},"categories":[73],"tags":[2327,40627,7517,195],"class_list":{"0":"post-121611","1":"post","2":"type-post","3":"status-publish","4":"format-standard","6":"category-de-boleto","7":"tag-movimiento-ciudadano","8":"tag-plan-500","9":"tag-polo-deschamps","10":"tag-veracruz"},"yoast_head":"<!-- This site is optimized with the Yoast SEO plugin v27.4 - https:\/\/yoast.com\/product\/yoast-seo-wordpress\/ -->\n<title>PLAN 500, OPCI\u00d3N PARA VERACRUZANOS - Los pol\u00edticos Veracruz<\/title>\n<meta name=\"robots\" content=\"index, follow, max-snippet:-1, max-image-preview:large, max-video-preview:-1\" \/>\n<link rel=\"canonical\" href=\"https:\/\/lospoliticosveracruz.com\/?p=121611\" \/>\n<meta property=\"og:locale\" content=\"es_ES\" \/>\n<meta property=\"og:type\" content=\"article\" \/>\n<meta property=\"og:title\" content=\"PLAN 500, OPCI\u00d3N PARA VERACRUZANOS - Los pol\u00edticos Veracruz\" \/>\n<meta property=\"og:description\" content=\"Boca del R\u00edoPolo Deschamps, candidato de Movimiento Ciudadano a la gubernatura de Veracruz, se\u00f1al\u00f3 que el Plan 500 es la mejor opci\u00f3n que se ha propuesto en esta contienda para enfrentar la grave crisis econ\u00f3mica que enfrentan y padecen los veracruzanos. El candidato de Movimiento Ciudadano enfatiz\u00f3 que 6 de cada 10 ciudadanos de nuestro [&hellip;]\" \/>\n<meta property=\"og:url\" content=\"https:\/\/lospoliticosveracruz.com\/?p=121611\" \/>\n<meta property=\"og:site_name\" content=\"Los pol\u00edticos Veracruz\" \/>\n<meta property=\"article:publisher\" content=\"https:\/\/www.facebook.com\/people\/Notimemes-de-los-Polticos\/61565672886568\/\" \/>\n<meta property=\"article:published_time\" content=\"2024-04-07T21:12:23+00:00\" \/>\n<meta property=\"article:modified_time\" content=\"2024-04-07T21:12:30+00:00\" \/>\n<meta property=\"og:image\" content=\"https:\/\/lospoliticosveracruz.com\/wp-content\/uploads\/2016\/07\/Logo-Dor.jpg\" \/>\n\t<meta property=\"og:image:width\" content=\"200\" \/>\n\t<meta property=\"og:image:height\" content=\"200\" \/>\n\t<meta property=\"og:image:type\" content=\"image\/jpeg\" \/>\n<meta name=\"author\" content=\"Lo viste en Los Pol\u00edticos\" \/>\n<meta name=\"twitter:card\" content=\"summary_large_image\" \/>\n<meta name=\"twitter:creator\" content=\"@LosPoliticosVer\" \/>\n<meta name=\"twitter:site\" content=\"@LosPoliticosVer\" \/>\n<meta name=\"twitter:label1\" content=\"Escrito por\" \/>\n\t<meta name=\"twitter:data1\" content=\"Lo viste en Los Pol\u00edticos\" \/>\n\t<meta name=\"twitter:label2\" content=\"Tiempo de lectura\" \/>\n\t<meta name=\"twitter:data2\" content=\"2 minutos\" \/>\n<script type=\"application\/ld+json\" class=\"yoast-schema-graph\">{\"@context\":\"https:\\\/\\\/schema.org\",\"@graph\":[{\"@type\":\"Article\",\"@id\":\"https:\\\/\\\/lospoliticosveracruz.com\\\/?p=121611#article\",\"isPartOf\":{\"@id\":\"https:\\\/\\\/lospoliticosveracruz.com\\\/?p=121611\"},\"author\":{\"name\":\"Lo viste en Los Pol\u00edticos\",\"@id\":\"https:\\\/\\\/lospoliticosveracruz.com\\\/#\\\/schema\\\/person\\\/b8702bb0e538456e6efd07080bf2a4a2\"},\"headline\":\"PLAN 500, OPCI\u00d3N PARA VERACRUZANOS\",\"datePublished\":\"2024-04-07T21:12:23+00:00\",\"dateModified\":\"2024-04-07T21:12:30+00:00\",\"mainEntityOfPage\":{\"@id\":\"https:\\\/\\\/lospoliticosveracruz.com\\\/?p=121611\"},\"wordCount\":315,\"publisher\":{\"@id\":\"https:\\\/\\\/lospoliticosveracruz.com\\\/#organization\"},\"keywords\":[\"Movimiento Ciudadano\",\"Plan 500\",\"Polo Deschamps\",\"Veracruz\"],\"articleSection\":[\"De Boleto\"],\"inLanguage\":\"es\"},{\"@type\":\"WebPage\",\"@id\":\"https:\\\/\\\/lospoliticosveracruz.com\\\/?p=121611\",\"url\":\"https:\\\/\\\/lospoliticosveracruz.com\\\/?p=121611\",\"name\":\"PLAN 500, OPCI\u00d3N PARA VERACRUZANOS - Los pol\u00edticos Veracruz\",\"isPartOf\":{\"@id\":\"https:\\\/\\\/lospoliticosveracruz.com\\\/#website\"},\"datePublished\":\"2024-04-07T21:12:23+00:00\",\"dateModified\":\"2024-04-07T21:12:30+00:00\",\"breadcrumb\":{\"@id\":\"https:\\\/\\\/lospoliticosveracruz.com\\\/?p=121611#breadcrumb\"},\"inLanguage\":\"es\",\"potentialAction\":[{\"@type\":\"ReadAction\",\"target\":[\"https:\\\/\\\/lospoliticosveracruz.com\\\/?p=121611\"]}]},{\"@type\":\"BreadcrumbList\",\"@id\":\"https:\\\/\\\/lospoliticosveracruz.com\\\/?p=121611#breadcrumb\",\"itemListElement\":[{\"@type\":\"ListItem\",\"position\":1,\"name\":\"Portada\",\"item\":\"https:\\\/\\\/lospoliticosveracruz.com\\\/\"},{\"@type\":\"ListItem\",\"position\":2,\"name\":\"PLAN 500, OPCI\u00d3N PARA VERACRUZANOS\"}]},{\"@type\":\"WebSite\",\"@id\":\"https:\\\/\\\/lospoliticosveracruz.com\\\/#website\",\"url\":\"https:\\\/\\\/lospoliticosveracruz.com\\\/\",\"name\":\"Los pol\u00edticos Veracruz\",\"description\":\"\",\"publisher\":{\"@id\":\"https:\\\/\\\/lospoliticosveracruz.com\\\/#organization\"},\"potentialAction\":[{\"@type\":\"SearchAction\",\"target\":{\"@type\":\"EntryPoint\",\"urlTemplate\":\"https:\\\/\\\/lospoliticosveracruz.com\\\/?s={search_term_string}\"},\"query-input\":{\"@type\":\"PropertyValueSpecification\",\"valueRequired\":true,\"valueName\":\"search_term_string\"}}],\"inLanguage\":\"es\"},{\"@type\":\"Organization\",\"@id\":\"https:\\\/\\\/lospoliticosveracruz.com\\\/#organization\",\"name\":\"Los pol\u00edticos Veracruz\",\"url\":\"https:\\\/\\\/lospoliticosveracruz.com\\\/\",\"logo\":{\"@type\":\"ImageObject\",\"inLanguage\":\"es\",\"@id\":\"https:\\\/\\\/lospoliticosveracruz.com\\\/#\\\/schema\\\/logo\\\/image\\\/\",\"url\":\"https:\\\/\\\/lospoliticosveracruz.com\\\/wp-content\\\/uploads\\\/2025\\\/12\\\/Logo-Nuevo-LOS-POLITICOS-1.jpg\",\"contentUrl\":\"https:\\\/\\\/lospoliticosveracruz.com\\\/wp-content\\\/uploads\\\/2025\\\/12\\\/Logo-Nuevo-LOS-POLITICOS-1.jpg\",\"width\":260,\"height\":70,\"caption\":\"Los pol\u00edticos Veracruz\"},\"image\":{\"@id\":\"https:\\\/\\\/lospoliticosveracruz.com\\\/#\\\/schema\\\/logo\\\/image\\\/\"},\"sameAs\":[\"https:\\\/\\\/www.facebook.com\\\/people\\\/Notimemes-de-los-Polticos\\\/61565672886568\\\/\",\"https:\\\/\\\/x.com\\\/LosPoliticosVer\"]},{\"@type\":\"Person\",\"@id\":\"https:\\\/\\\/lospoliticosveracruz.com\\\/#\\\/schema\\\/person\\\/b8702bb0e538456e6efd07080bf2a4a2\",\"name\":\"Lo viste en Los Pol\u00edticos\",\"image\":{\"@type\":\"ImageObject\",\"inLanguage\":\"es\",\"@id\":\"https:\\\/\\\/secure.gravatar.com\\\/avatar\\\/3a8de04a2656d44082be478bd6c086daa447c4651605818287b9532d3d0bd435?s=96&d=mm&r=g\",\"url\":\"https:\\\/\\\/secure.gravatar.com\\\/avatar\\\/3a8de04a2656d44082be478bd6c086daa447c4651605818287b9532d3d0bd435?s=96&d=mm&r=g\",\"contentUrl\":\"https:\\\/\\\/secure.gravatar.com\\\/avatar\\\/3a8de04a2656d44082be478bd6c086daa447c4651605818287b9532d3d0bd435?s=96&d=mm&r=g\",\"caption\":\"Lo viste en Los Pol\u00edticos\"},\"url\":\"https:\\\/\\\/lospoliticosveracruz.com\\\/?author=2\"}]}<\/script>\n<!-- \/ Yoast SEO plugin. -->","yoast_head_json":{"title":"PLAN 500, OPCI\u00d3N PARA VERACRUZANOS - Los pol\u00edticos Veracruz","robots":{"index":"index","follow":"follow","max-snippet":"max-snippet:-1","max-image-preview":"max-image-preview:large","max-video-preview":"max-video-preview:-1"},"canonical":"https:\/\/lospoliticosveracruz.com\/?p=121611","og_locale":"es_ES","og_type":"article","og_title":"PLAN 500, OPCI\u00d3N PARA VERACRUZANOS - Los pol\u00edticos Veracruz","og_description":"Boca del R\u00edoPolo Deschamps, candidato de Movimiento Ciudadano a la gubernatura de Veracruz, se\u00f1al\u00f3 que el Plan 500 es la mejor opci\u00f3n que se ha propuesto en esta contienda para enfrentar la grave crisis econ\u00f3mica que enfrentan y padecen los veracruzanos. El candidato de Movimiento Ciudadano enfatiz\u00f3 que 6 de cada 10 ciudadanos de nuestro [&hellip;]","og_url":"https:\/\/lospoliticosveracruz.com\/?p=121611","og_site_name":"Los pol\u00edticos Veracruz","article_publisher":"https:\/\/www.facebook.com\/people\/Notimemes-de-los-Polticos\/61565672886568\/","article_published_time":"2024-04-07T21:12:23+00:00","article_modified_time":"2024-04-07T21:12:30+00:00","og_image":[{"width":200,"height":200,"url":"https:\/\/lospoliticosveracruz.com\/wp-content\/uploads\/2016\/07\/Logo-Dor.jpg","type":"image\/jpeg"}],"author":"Lo viste en Los Pol\u00edticos","twitter_card":"summary_large_image","twitter_creator":"@LosPoliticosVer","twitter_site":"@LosPoliticosVer","twitter_misc":{"Escrito por":"Lo viste en Los Pol\u00edticos","Tiempo de lectura":"2 minutos"},"schema":{"@context":"https:\/\/schema.org","@graph":[{"@type":"Article","@id":"https:\/\/lospoliticosveracruz.com\/?p=121611#article","isPartOf":{"@id":"https:\/\/lospoliticosveracruz.com\/?p=121611"},"author":{"name":"Lo viste en Los Pol\u00edticos","@id":"https:\/\/lospoliticosveracruz.com\/#\/schema\/person\/b8702bb0e538456e6efd07080bf2a4a2"},"headline":"PLAN 500, OPCI\u00d3N PARA VERACRUZANOS","datePublished":"2024-04-07T21:12:23+00:00","dateModified":"2024-04-07T21:12:30+00:00","mainEntityOfPage":{"@id":"https:\/\/lospoliticosveracruz.com\/?p=121611"},"wordCount":315,"publisher":{"@id":"https:\/\/lospoliticosveracruz.com\/#organization"},"keywords":["Movimiento Ciudadano","Plan 500","Polo Deschamps","Veracruz"],"articleSection":["De Boleto"],"inLanguage":"es"},{"@type":"WebPage","@id":"https:\/\/lospoliticosveracruz.com\/?p=121611","url":"https:\/\/lospoliticosveracruz.com\/?p=121611","name":"PLAN 500, OPCI\u00d3N PARA VERACRUZANOS - Los pol\u00edticos Veracruz","isPartOf":{"@id":"https:\/\/lospoliticosveracruz.com\/#website"},"datePublished":"2024-04-07T21:12:23+00:00","dateModified":"2024-04-07T21:12:30+00:00","breadcrumb":{"@id":"https:\/\/lospoliticosveracruz.com\/?p=121611#breadcrumb"},"inLanguage":"es","potentialAction":[{"@type":"ReadAction","target":["https:\/\/lospoliticosveracruz.com\/?p=121611"]}]},{"@type":"BreadcrumbList","@id":"https:\/\/lospoliticosveracruz.com\/?p=121611#breadcrumb","itemListElement":[{"@type":"ListItem","position":1,"name":"Portada","item":"https:\/\/lospoliticosveracruz.com\/"},{"@type":"ListItem","position":2,"name":"PLAN 500, OPCI\u00d3N PARA VERACRUZANOS"}]},{"@type":"WebSite","@id":"https:\/\/lospoliticosveracruz.com\/#website","url":"https:\/\/lospoliticosveracruz.com\/","name":"Los pol\u00edticos Veracruz","description":"","publisher":{"@id":"https:\/\/lospoliticosveracruz.com\/#organization"},"potentialAction":[{"@type":"SearchAction","target":{"@type":"EntryPoint","urlTemplate":"https:\/\/lospoliticosveracruz.com\/?s={search_term_string}"},"query-input":{"@type":"PropertyValueSpecification","valueRequired":true,"valueName":"search_term_string"}}],"inLanguage":"es"},{"@type":"Organization","@id":"https:\/\/lospoliticosveracruz.com\/#organization","name":"Los pol\u00edticos Veracruz","url":"https:\/\/lospoliticosveracruz.com\/","logo":{"@type":"ImageObject","inLanguage":"es","@id":"https:\/\/lospoliticosveracruz.com\/#\/schema\/logo\/image\/","url":"https:\/\/lospoliticosveracruz.com\/wp-content\/uploads\/2025\/12\/Logo-Nuevo-LOS-POLITICOS-1.jpg","contentUrl":"https:\/\/lospoliticosveracruz.com\/wp-content\/uploads\/2025\/12\/Logo-Nuevo-LOS-POLITICOS-1.jpg","width":260,"height":70,"caption":"Los pol\u00edticos Veracruz"},"image":{"@id":"https:\/\/lospoliticosveracruz.com\/#\/schema\/logo\/image\/"},"sameAs":["https:\/\/www.facebook.com\/people\/Notimemes-de-los-Polticos\/61565672886568\/","https:\/\/x.com\/LosPoliticosVer"]},{"@type":"Person","@id":"https:\/\/lospoliticosveracruz.com\/#\/schema\/person\/b8702bb0e538456e6efd07080bf2a4a2","name":"Lo viste en Los Pol\u00edticos","image":{"@type":"ImageObject","inLanguage":"es","@id":"https:\/\/secure.gravatar.com\/avatar\/3a8de04a2656d44082be478bd6c086daa447c4651605818287b9532d3d0bd435?s=96&d=mm&r=g","url":"https:\/\/secure.gravatar.com\/avatar\/3a8de04a2656d44082be478bd6c086daa447c4651605818287b9532d3d0bd435?s=96&d=mm&r=g","contentUrl":"https:\/\/secure.gravatar.com\/avatar\/3a8de04a2656d44082be478bd6c086daa447c4651605818287b9532d3d0bd435?s=96&d=mm&r=g","caption":"Lo viste en Los Pol\u00edticos"},"url":"https:\/\/lospoliticosveracruz.com\/?author=2"}]}},"_links":{"self":[{"href":"https:\/\/lospoliticosveracruz.com\/index.php?rest_route=\/wp\/v2\/posts\/121611","targetHints":{"allow":["GET"]}}],"collection":[{"href":"https:\/\/lospoliticosveracruz.com\/index.php?rest_route=\/wp\/v2\/posts"}],"about":[{"href":"https:\/\/lospoliticosveracruz.com\/index.php?rest_route=\/wp\/v2\/types\/post"}],"author":[{"embeddable":true,"href":"https:\/\/lospoliticosveracruz.com\/index.php?rest_route=\/wp\/v2\/users\/2"}],"replies":[{"embeddable":true,"href":"https:\/\/lospoliticosveracruz.com\/index.php?rest_route=%2Fwp%2Fv2%2Fcomments&post=121611"}],"version-history":[{"count":1,"href":"https:\/\/lospoliticosveracruz.com\/index.php?rest_route=\/wp\/v2\/posts\/121611\/revisions"}],"predecessor-version":[{"id":121612,"href":"https:\/\/lospoliticosveracruz.com\/index.php?rest_route=\/wp\/v2\/posts\/121611\/revisions\/121612"}],"wp:attachment":[{"href":"https:\/\/lospoliticosveracruz.com\/index.php?rest_route=%2Fwp%2Fv2%2Fmedia&parent=121611"}],"wp:term":[{"taxonomy":"category","embeddable":true,"href":"https:\/\/lospoliticosveracruz.com\/index.php?rest_route=%2Fwp%2Fv2%2Fcategories&post=121611"},{"taxonomy":"post_tag","embeddable":true,"href":"https:\/\/lospoliticosveracruz.com\/index.php?rest_route=%2Fwp%2Fv2%2Ftags&post=121611"}],"curies":[{"name":"wp","href":"https:\/\/api.w.org\/{rel}","templated":true}]}}