{"id":121613,"date":"2024-04-07T16:30:07","date_gmt":"2024-04-07T21:30:07","guid":{"rendered":"https:\/\/lospoliticosveracruz.com.mx\/?p=121613"},"modified":"2024-04-07T16:30:14","modified_gmt":"2024-04-07T21:30:14","slug":"atrocidades-2","status":"publish","type":"post","link":"https:\/\/lospoliticosveracruz.com\/?p=121613","title":{"rendered":"ATROCIDADES"},"content":{"rendered":"\n<p><strong>Guadalupe H. Mar<br><\/strong><em>Mira Pol\u00edtica<\/em><\/p>\n\n\n\n<p><strong>VERACRUZ, OCTAVO \u2026 <\/strong>El viernes pasado, en un canal de aguas negras que cruza la colonia ampliaci\u00f3n \u201cLuis Donaldo Colosio\u201d de la cabecera municipal de Mart\u00ednez de la Torre, se localiz\u00f3 el cuerpo sin vida de una mujer, el cual fue envuelto en una cobija y presentaba signos de violencia.<\/p>\n\n\n\n<p>Por c\u00f3mo fue cometido, este feminicidio se suma a los cr\u00edmenes o \u201cGaler\u00eda del Horror\u201d que elabora la organizaci\u00f3n <a href=\"http:\/\/www.causaencomun.org.mx\/\">www.causaencomun.org.mx<\/a> que en su informe correspondiente al a\u00f1o 2023, indica que el estado de Veracruz fue el octavo de los del pa\u00eds con el mayor n\u00famero de cr\u00edmenes atroces.<\/p>\n\n\n\n<p>Las entidades federativas en las que se registraron el mayor n\u00famero de noticias de atrocidades durante el a\u00f1o 2023 fueron Guanajuato, con al menos 463; Baja California, con 438; Chihuahua, con 427; Guerrero, con 341 y Morelos, con al menos 326.<\/p>\n\n\n\n<p>El estado de Veracruz, el octavo con m\u00e1s de estos casos, se identificaron al menos 260 atrocidades, entre ellas: al menos, 52 asesinatos de mujeres con crueldad extrema, 48 casos de tortura y al menos 35 casos de mutilaci\u00f3n, descuartizamiento y destrucci\u00f3n de cad\u00e1veres.<br>Dicho sea de paso, con base en el informe de Causa en Com\u00fan, el mayor n\u00famero de atrocidades registradas en fuentes period\u00edsticas de todo el pa\u00eds durante 2023, fueron tortura, asesinato de mujeres con crueldad extrema, mutilaci\u00f3n, descuartizamiento y destrucci\u00f3n de cad\u00e1veres, actos violentos contra la autoridad y violaci\u00f3n agravada.<\/p>\n\n\n\n<p>\u201cCausa en Com\u00fan\u201d define el concepto de atrocidad como: \u201cel uso intencional de la fuerza f\u00edsica para causar muerte, laceraci\u00f3n o maltrato extremo; para causar la muerte de un alto n\u00famero de personas; para causar la muerte de personas vulnerables o de inter\u00e9s pol\u00edtico, y\/o para provocar terror\u201d.<\/p>\n\n\n\n<p><strong>AGUANTAME EL CORTE<\/strong> \u2026Si bien el a\u00f1o pasado Veracruz ocup\u00f3 el octavo lugar nacional con el mayor n\u00famero de atrocidades identificadas, en este 2024 podr\u00edamos ascender al menos un lugar en esta \u201cGaler\u00eda del Horror\u201d pues no olvidemos, aunque esa es la pretensi\u00f3n de esa entelequia llamada Estado, que la desmemoria nos invada para no recordar que la delincuencia, esa si bien organizada, dej\u00f3 en un puente de la ciudad de Tuxpan un par de camionetas cargadas con 15 cuerpos humanos desmembrados, al parecer de migrantes guatemaltecos, as\u00ed como lo hicieron en el municipio de Boca del R\u00edo, en el a\u00f1o 2011.<\/p>\n\n\n\n<p>Esos cuerpos humanos desmembrados presentaban signos de tortura y extrema violencia, al estilo de los mafiosos que operan en la parte norte del estado de Veracruz.<\/p>\n\n\n\n<p>Al primer trimestre de este a\u00f1o la contabilidad de @causaencomun respecto a cr\u00edmenes atroces cometidos en el estado de Veracruz es notable y mala noticia.<\/p>\n\n\n\n<p><strong>EXCESO DE ABRAZOS<\/strong> \u2026 En un mensaje emitido tras el asalto que sufri\u00f3 en la autopista Orizaba- Puebla, a la altura de las Cumbres de Maltrata, el obispo de la Di\u00f3cesis de Orizaba, Eduardo Cervantes Merino, advirti\u00f3 que \u00abEs muy complicado dar abrazos cuando te tienen con los brazos levantados en un acto de violencia, no se pueden bajar las manos en ese momento para el abrazo\u00bb.<\/p>\n\n\n\n<p>El asalto en contra del obispo y de varias personas m\u00e1s en las Cumbres de Maltrata, fue en un falso ret\u00e9n instalado por los delincuentes, poco despu\u00e9s de la caseta de peaje de La Esperanza.<\/p>\n\n\n\n<p>Obvio, el obispo hizo un llamado a las autoridades de los estados de Veracruz y Puebla para que cumplan con su tarea y responsabilidad: \u201cFue una situaci\u00f3n entre fronteras de dos estados, se necesitan mejorar estrategias para mayor seguridad\u201d, para insistir que es muy complicado dar abrazos cuando te tienen con los brazos levantados en un acto de violencia.<\/p>\n\n\n\n<p><strong>INDOLENCIA CIUDADANA<\/strong> \u2026 A menos de dos meses del domingo dos de junio en que se llevar\u00e1 a cabo la pr\u00f3xima elecci\u00f3n, en el estado de Veracruz el Instituto Nacional Electoral (INE) dispuso la destrucci\u00f3n de m\u00e1s de 167 mil credenciales de elector, de las cuales la gran mayor\u00eda son de personas que las tramitaron, pero no las recogieron.<\/p>\n\n\n\n<p>Ello de suyo es preocupante, porque nos permite conocer que pese a todos los recursos econ\u00f3micos que se destinan para fomentar la cultura del sufragio, existen ciudadanos desinteresados, a los que da lo mismo votar o no.<\/p>\n\n\n\n<p>\u00bfVotar para qu\u00e9?, ha sido una pregunta recurrente que hacen quienes no est\u00e1n convencidos de que la democracia se construye gracias a la participaci\u00f3n ciudadana.<\/p>\n\n\n\n<p><strong>D\u00cdGALO SIN MIEDO<\/strong> \u2026 Al correo electr\u00f3nico <a href=\"mailto:guadalupehmar@gmail.com\">guadalupehmar@gmail.com<\/a>&nbsp;<\/p>\n","protected":false},"excerpt":{"rendered":"<p>Guadalupe H. MarMira Pol\u00edtica VERACRUZ, OCTAVO \u2026 El viernes pasado, en un canal de aguas negras que cruza la colonia ampliaci\u00f3n \u201cLuis Donaldo Colosio\u201d de la cabecera municipal de Mart\u00ednez de la Torre, se localiz\u00f3 el cuerpo sin vida de una mujer, el cual fue envuelto en una cobija y presentaba signos de violencia. Por [&hellip;]<\/p>\n","protected":false},"author":2,"featured_media":119929,"comment_status":"closed","ping_status":"closed","sticky":false,"template":"","format":"standard","meta":{"tdm_status":"","tdm_grid_status":"","footnotes":""},"categories":[70],"tags":[40630,40628,34662,40631,40611,40612,5635,195],"class_list":{"0":"post-121613","1":"post","2":"type-post","3":"status-publish","4":"format-standard","5":"has-post-thumbnail","7":"category-de-opinion","8":"tag-causa-comun","9":"tag-crimenes-atroces","10":"tag-cumbres-de-maltrata","11":"tag-descuartizamiento","12":"tag-diocesis-de-orizaba","13":"tag-eduardo-cervantes-merino","14":"tag-tortura","15":"tag-veracruz"},"yoast_head":"<!-- This site is optimized with the Yoast SEO plugin v27.4 - https:\/\/yoast.com\/product\/yoast-seo-wordpress\/ -->\n<title>ATROCIDADES - Los pol\u00edticos Veracruz<\/title>\n<meta name=\"robots\" content=\"index, follow, max-snippet:-1, max-image-preview:large, max-video-preview:-1\" \/>\n<link rel=\"canonical\" href=\"https:\/\/lospoliticosveracruz.com\/?p=121613\" \/>\n<meta property=\"og:locale\" content=\"es_ES\" \/>\n<meta property=\"og:type\" content=\"article\" \/>\n<meta property=\"og:title\" content=\"ATROCIDADES - Los pol\u00edticos Veracruz\" \/>\n<meta property=\"og:description\" content=\"Guadalupe H. MarMira Pol\u00edtica VERACRUZ, OCTAVO \u2026 El viernes pasado, en un canal de aguas negras que cruza la colonia ampliaci\u00f3n \u201cLuis Donaldo Colosio\u201d de la cabecera municipal de Mart\u00ednez de la Torre, se localiz\u00f3 el cuerpo sin vida de una mujer, el cual fue envuelto en una cobija y presentaba signos de violencia. Por [&hellip;]\" \/>\n<meta property=\"og:url\" content=\"https:\/\/lospoliticosveracruz.com\/?p=121613\" \/>\n<meta property=\"og:site_name\" content=\"Los pol\u00edticos Veracruz\" \/>\n<meta property=\"article:publisher\" content=\"https:\/\/www.facebook.com\/people\/Notimemes-de-los-Polticos\/61565672886568\/\" \/>\n<meta property=\"article:published_time\" content=\"2024-04-07T21:30:07+00:00\" \/>\n<meta property=\"article:modified_time\" content=\"2024-04-07T21:30:14+00:00\" \/>\n<meta property=\"og:image\" content=\"https:\/\/lospoliticosveracruz.com\/wp-content\/uploads\/2024\/03\/Lupita-Mar.jpg\" \/>\n\t<meta property=\"og:image:width\" content=\"1250\" \/>\n\t<meta property=\"og:image:height\" content=\"667\" \/>\n\t<meta property=\"og:image:type\" content=\"image\/jpeg\" \/>\n<meta name=\"author\" content=\"Lo viste en Los Pol\u00edticos\" \/>\n<meta name=\"twitter:card\" content=\"summary_large_image\" \/>\n<meta name=\"twitter:creator\" content=\"@LosPoliticosVer\" \/>\n<meta name=\"twitter:site\" content=\"@LosPoliticosVer\" \/>\n<meta name=\"twitter:label1\" content=\"Escrito por\" \/>\n\t<meta name=\"twitter:data1\" content=\"Lo viste en Los Pol\u00edticos\" \/>\n\t<meta name=\"twitter:label2\" content=\"Tiempo de lectura\" \/>\n\t<meta name=\"twitter:data2\" content=\"4 minutos\" \/>\n<script type=\"application\/ld+json\" class=\"yoast-schema-graph\">{\"@context\":\"https:\\\/\\\/schema.org\",\"@graph\":[{\"@type\":\"Article\",\"@id\":\"https:\\\/\\\/lospoliticosveracruz.com\\\/?p=121613#article\",\"isPartOf\":{\"@id\":\"https:\\\/\\\/lospoliticosveracruz.com\\\/?p=121613\"},\"author\":{\"name\":\"Lo viste en Los Pol\u00edticos\",\"@id\":\"https:\\\/\\\/lospoliticosveracruz.com\\\/#\\\/schema\\\/person\\\/b8702bb0e538456e6efd07080bf2a4a2\"},\"headline\":\"ATROCIDADES\",\"datePublished\":\"2024-04-07T21:30:07+00:00\",\"dateModified\":\"2024-04-07T21:30:14+00:00\",\"mainEntityOfPage\":{\"@id\":\"https:\\\/\\\/lospoliticosveracruz.com\\\/?p=121613\"},\"wordCount\":772,\"publisher\":{\"@id\":\"https:\\\/\\\/lospoliticosveracruz.com\\\/#organization\"},\"image\":{\"@id\":\"https:\\\/\\\/lospoliticosveracruz.com\\\/?p=121613#primaryimage\"},\"thumbnailUrl\":\"https:\\\/\\\/lospoliticosveracruz.com\\\/wp-content\\\/uploads\\\/2024\\\/03\\\/Lupita-Mar.jpg\",\"keywords\":[\"Causa Com\u00fan\",\"Cr\u00edmenes atroces\",\"Cumbres de Maltrata\",\"Descuartizamiento\",\"Di\u00f3cesis de Orizaba\",\"Eduardo Cervantes Merino\",\"tortura\",\"Veracruz\"],\"articleSection\":[\"De Opini\u00f3n\"],\"inLanguage\":\"es\"},{\"@type\":\"WebPage\",\"@id\":\"https:\\\/\\\/lospoliticosveracruz.com\\\/?p=121613\",\"url\":\"https:\\\/\\\/lospoliticosveracruz.com\\\/?p=121613\",\"name\":\"ATROCIDADES - Los pol\u00edticos Veracruz\",\"isPartOf\":{\"@id\":\"https:\\\/\\\/lospoliticosveracruz.com\\\/#website\"},\"primaryImageOfPage\":{\"@id\":\"https:\\\/\\\/lospoliticosveracruz.com\\\/?p=121613#primaryimage\"},\"image\":{\"@id\":\"https:\\\/\\\/lospoliticosveracruz.com\\\/?p=121613#primaryimage\"},\"thumbnailUrl\":\"https:\\\/\\\/lospoliticosveracruz.com\\\/wp-content\\\/uploads\\\/2024\\\/03\\\/Lupita-Mar.jpg\",\"datePublished\":\"2024-04-07T21:30:07+00:00\",\"dateModified\":\"2024-04-07T21:30:14+00:00\",\"breadcrumb\":{\"@id\":\"https:\\\/\\\/lospoliticosveracruz.com\\\/?p=121613#breadcrumb\"},\"inLanguage\":\"es\",\"potentialAction\":[{\"@type\":\"ReadAction\",\"target\":[\"https:\\\/\\\/lospoliticosveracruz.com\\\/?p=121613\"]}]},{\"@type\":\"ImageObject\",\"inLanguage\":\"es\",\"@id\":\"https:\\\/\\\/lospoliticosveracruz.com\\\/?p=121613#primaryimage\",\"url\":\"https:\\\/\\\/lospoliticosveracruz.com\\\/wp-content\\\/uploads\\\/2024\\\/03\\\/Lupita-Mar.jpg\",\"contentUrl\":\"https:\\\/\\\/lospoliticosveracruz.com\\\/wp-content\\\/uploads\\\/2024\\\/03\\\/Lupita-Mar.jpg\",\"width\":1250,\"height\":667},{\"@type\":\"BreadcrumbList\",\"@id\":\"https:\\\/\\\/lospoliticosveracruz.com\\\/?p=121613#breadcrumb\",\"itemListElement\":[{\"@type\":\"ListItem\",\"position\":1,\"name\":\"Portada\",\"item\":\"https:\\\/\\\/lospoliticosveracruz.com\\\/\"},{\"@type\":\"ListItem\",\"position\":2,\"name\":\"ATROCIDADES\"}]},{\"@type\":\"WebSite\",\"@id\":\"https:\\\/\\\/lospoliticosveracruz.com\\\/#website\",\"url\":\"https:\\\/\\\/lospoliticosveracruz.com\\\/\",\"name\":\"Los pol\u00edticos Veracruz\",\"description\":\"\",\"publisher\":{\"@id\":\"https:\\\/\\\/lospoliticosveracruz.com\\\/#organization\"},\"potentialAction\":[{\"@type\":\"SearchAction\",\"target\":{\"@type\":\"EntryPoint\",\"urlTemplate\":\"https:\\\/\\\/lospoliticosveracruz.com\\\/?s={search_term_string}\"},\"query-input\":{\"@type\":\"PropertyValueSpecification\",\"valueRequired\":true,\"valueName\":\"search_term_string\"}}],\"inLanguage\":\"es\"},{\"@type\":\"Organization\",\"@id\":\"https:\\\/\\\/lospoliticosveracruz.com\\\/#organization\",\"name\":\"Los pol\u00edticos Veracruz\",\"url\":\"https:\\\/\\\/lospoliticosveracruz.com\\\/\",\"logo\":{\"@type\":\"ImageObject\",\"inLanguage\":\"es\",\"@id\":\"https:\\\/\\\/lospoliticosveracruz.com\\\/#\\\/schema\\\/logo\\\/image\\\/\",\"url\":\"https:\\\/\\\/lospoliticosveracruz.com\\\/wp-content\\\/uploads\\\/2025\\\/12\\\/Logo-Nuevo-LOS-POLITICOS-1.jpg\",\"contentUrl\":\"https:\\\/\\\/lospoliticosveracruz.com\\\/wp-content\\\/uploads\\\/2025\\\/12\\\/Logo-Nuevo-LOS-POLITICOS-1.jpg\",\"width\":260,\"height\":70,\"caption\":\"Los pol\u00edticos Veracruz\"},\"image\":{\"@id\":\"https:\\\/\\\/lospoliticosveracruz.com\\\/#\\\/schema\\\/logo\\\/image\\\/\"},\"sameAs\":[\"https:\\\/\\\/www.facebook.com\\\/people\\\/Notimemes-de-los-Polticos\\\/61565672886568\\\/\",\"https:\\\/\\\/x.com\\\/LosPoliticosVer\"]},{\"@type\":\"Person\",\"@id\":\"https:\\\/\\\/lospoliticosveracruz.com\\\/#\\\/schema\\\/person\\\/b8702bb0e538456e6efd07080bf2a4a2\",\"name\":\"Lo viste en Los Pol\u00edticos\",\"image\":{\"@type\":\"ImageObject\",\"inLanguage\":\"es\",\"@id\":\"https:\\\/\\\/secure.gravatar.com\\\/avatar\\\/3a8de04a2656d44082be478bd6c086daa447c4651605818287b9532d3d0bd435?s=96&d=mm&r=g\",\"url\":\"https:\\\/\\\/secure.gravatar.com\\\/avatar\\\/3a8de04a2656d44082be478bd6c086daa447c4651605818287b9532d3d0bd435?s=96&d=mm&r=g\",\"contentUrl\":\"https:\\\/\\\/secure.gravatar.com\\\/avatar\\\/3a8de04a2656d44082be478bd6c086daa447c4651605818287b9532d3d0bd435?s=96&d=mm&r=g\",\"caption\":\"Lo viste en Los Pol\u00edticos\"},\"url\":\"https:\\\/\\\/lospoliticosveracruz.com\\\/?author=2\"}]}<\/script>\n<!-- \/ Yoast SEO plugin. -->","yoast_head_json":{"title":"ATROCIDADES - Los pol\u00edticos Veracruz","robots":{"index":"index","follow":"follow","max-snippet":"max-snippet:-1","max-image-preview":"max-image-preview:large","max-video-preview":"max-video-preview:-1"},"canonical":"https:\/\/lospoliticosveracruz.com\/?p=121613","og_locale":"es_ES","og_type":"article","og_title":"ATROCIDADES - Los pol\u00edticos Veracruz","og_description":"Guadalupe H. MarMira Pol\u00edtica VERACRUZ, OCTAVO \u2026 El viernes pasado, en un canal de aguas negras que cruza la colonia ampliaci\u00f3n \u201cLuis Donaldo Colosio\u201d de la cabecera municipal de Mart\u00ednez de la Torre, se localiz\u00f3 el cuerpo sin vida de una mujer, el cual fue envuelto en una cobija y presentaba signos de violencia. Por [&hellip;]","og_url":"https:\/\/lospoliticosveracruz.com\/?p=121613","og_site_name":"Los pol\u00edticos Veracruz","article_publisher":"https:\/\/www.facebook.com\/people\/Notimemes-de-los-Polticos\/61565672886568\/","article_published_time":"2024-04-07T21:30:07+00:00","article_modified_time":"2024-04-07T21:30:14+00:00","og_image":[{"width":1250,"height":667,"url":"https:\/\/lospoliticosveracruz.com\/wp-content\/uploads\/2024\/03\/Lupita-Mar.jpg","type":"image\/jpeg"}],"author":"Lo viste en Los Pol\u00edticos","twitter_card":"summary_large_image","twitter_creator":"@LosPoliticosVer","twitter_site":"@LosPoliticosVer","twitter_misc":{"Escrito por":"Lo viste en Los Pol\u00edticos","Tiempo de lectura":"4 minutos"},"schema":{"@context":"https:\/\/schema.org","@graph":[{"@type":"Article","@id":"https:\/\/lospoliticosveracruz.com\/?p=121613#article","isPartOf":{"@id":"https:\/\/lospoliticosveracruz.com\/?p=121613"},"author":{"name":"Lo viste en Los Pol\u00edticos","@id":"https:\/\/lospoliticosveracruz.com\/#\/schema\/person\/b8702bb0e538456e6efd07080bf2a4a2"},"headline":"ATROCIDADES","datePublished":"2024-04-07T21:30:07+00:00","dateModified":"2024-04-07T21:30:14+00:00","mainEntityOfPage":{"@id":"https:\/\/lospoliticosveracruz.com\/?p=121613"},"wordCount":772,"publisher":{"@id":"https:\/\/lospoliticosveracruz.com\/#organization"},"image":{"@id":"https:\/\/lospoliticosveracruz.com\/?p=121613#primaryimage"},"thumbnailUrl":"https:\/\/lospoliticosveracruz.com\/wp-content\/uploads\/2024\/03\/Lupita-Mar.jpg","keywords":["Causa Com\u00fan","Cr\u00edmenes atroces","Cumbres de Maltrata","Descuartizamiento","Di\u00f3cesis de Orizaba","Eduardo Cervantes Merino","tortura","Veracruz"],"articleSection":["De Opini\u00f3n"],"inLanguage":"es"},{"@type":"WebPage","@id":"https:\/\/lospoliticosveracruz.com\/?p=121613","url":"https:\/\/lospoliticosveracruz.com\/?p=121613","name":"ATROCIDADES - Los pol\u00edticos Veracruz","isPartOf":{"@id":"https:\/\/lospoliticosveracruz.com\/#website"},"primaryImageOfPage":{"@id":"https:\/\/lospoliticosveracruz.com\/?p=121613#primaryimage"},"image":{"@id":"https:\/\/lospoliticosveracruz.com\/?p=121613#primaryimage"},"thumbnailUrl":"https:\/\/lospoliticosveracruz.com\/wp-content\/uploads\/2024\/03\/Lupita-Mar.jpg","datePublished":"2024-04-07T21:30:07+00:00","dateModified":"2024-04-07T21:30:14+00:00","breadcrumb":{"@id":"https:\/\/lospoliticosveracruz.com\/?p=121613#breadcrumb"},"inLanguage":"es","potentialAction":[{"@type":"ReadAction","target":["https:\/\/lospoliticosveracruz.com\/?p=121613"]}]},{"@type":"ImageObject","inLanguage":"es","@id":"https:\/\/lospoliticosveracruz.com\/?p=121613#primaryimage","url":"https:\/\/lospoliticosveracruz.com\/wp-content\/uploads\/2024\/03\/Lupita-Mar.jpg","contentUrl":"https:\/\/lospoliticosveracruz.com\/wp-content\/uploads\/2024\/03\/Lupita-Mar.jpg","width":1250,"height":667},{"@type":"BreadcrumbList","@id":"https:\/\/lospoliticosveracruz.com\/?p=121613#breadcrumb","itemListElement":[{"@type":"ListItem","position":1,"name":"Portada","item":"https:\/\/lospoliticosveracruz.com\/"},{"@type":"ListItem","position":2,"name":"ATROCIDADES"}]},{"@type":"WebSite","@id":"https:\/\/lospoliticosveracruz.com\/#website","url":"https:\/\/lospoliticosveracruz.com\/","name":"Los pol\u00edticos Veracruz","description":"","publisher":{"@id":"https:\/\/lospoliticosveracruz.com\/#organization"},"potentialAction":[{"@type":"SearchAction","target":{"@type":"EntryPoint","urlTemplate":"https:\/\/lospoliticosveracruz.com\/?s={search_term_string}"},"query-input":{"@type":"PropertyValueSpecification","valueRequired":true,"valueName":"search_term_string"}}],"inLanguage":"es"},{"@type":"Organization","@id":"https:\/\/lospoliticosveracruz.com\/#organization","name":"Los pol\u00edticos Veracruz","url":"https:\/\/lospoliticosveracruz.com\/","logo":{"@type":"ImageObject","inLanguage":"es","@id":"https:\/\/lospoliticosveracruz.com\/#\/schema\/logo\/image\/","url":"https:\/\/lospoliticosveracruz.com\/wp-content\/uploads\/2025\/12\/Logo-Nuevo-LOS-POLITICOS-1.jpg","contentUrl":"https:\/\/lospoliticosveracruz.com\/wp-content\/uploads\/2025\/12\/Logo-Nuevo-LOS-POLITICOS-1.jpg","width":260,"height":70,"caption":"Los pol\u00edticos Veracruz"},"image":{"@id":"https:\/\/lospoliticosveracruz.com\/#\/schema\/logo\/image\/"},"sameAs":["https:\/\/www.facebook.com\/people\/Notimemes-de-los-Polticos\/61565672886568\/","https:\/\/x.com\/LosPoliticosVer"]},{"@type":"Person","@id":"https:\/\/lospoliticosveracruz.com\/#\/schema\/person\/b8702bb0e538456e6efd07080bf2a4a2","name":"Lo viste en Los Pol\u00edticos","image":{"@type":"ImageObject","inLanguage":"es","@id":"https:\/\/secure.gravatar.com\/avatar\/3a8de04a2656d44082be478bd6c086daa447c4651605818287b9532d3d0bd435?s=96&d=mm&r=g","url":"https:\/\/secure.gravatar.com\/avatar\/3a8de04a2656d44082be478bd6c086daa447c4651605818287b9532d3d0bd435?s=96&d=mm&r=g","contentUrl":"https:\/\/secure.gravatar.com\/avatar\/3a8de04a2656d44082be478bd6c086daa447c4651605818287b9532d3d0bd435?s=96&d=mm&r=g","caption":"Lo viste en Los Pol\u00edticos"},"url":"https:\/\/lospoliticosveracruz.com\/?author=2"}]}},"_links":{"self":[{"href":"https:\/\/lospoliticosveracruz.com\/index.php?rest_route=\/wp\/v2\/posts\/121613","targetHints":{"allow":["GET"]}}],"collection":[{"href":"https:\/\/lospoliticosveracruz.com\/index.php?rest_route=\/wp\/v2\/posts"}],"about":[{"href":"https:\/\/lospoliticosveracruz.com\/index.php?rest_route=\/wp\/v2\/types\/post"}],"author":[{"embeddable":true,"href":"https:\/\/lospoliticosveracruz.com\/index.php?rest_route=\/wp\/v2\/users\/2"}],"replies":[{"embeddable":true,"href":"https:\/\/lospoliticosveracruz.com\/index.php?rest_route=%2Fwp%2Fv2%2Fcomments&post=121613"}],"version-history":[{"count":1,"href":"https:\/\/lospoliticosveracruz.com\/index.php?rest_route=\/wp\/v2\/posts\/121613\/revisions"}],"predecessor-version":[{"id":121614,"href":"https:\/\/lospoliticosveracruz.com\/index.php?rest_route=\/wp\/v2\/posts\/121613\/revisions\/121614"}],"wp:featuredmedia":[{"embeddable":true,"href":"https:\/\/lospoliticosveracruz.com\/index.php?rest_route=\/wp\/v2\/media\/119929"}],"wp:attachment":[{"href":"https:\/\/lospoliticosveracruz.com\/index.php?rest_route=%2Fwp%2Fv2%2Fmedia&parent=121613"}],"wp:term":[{"taxonomy":"category","embeddable":true,"href":"https:\/\/lospoliticosveracruz.com\/index.php?rest_route=%2Fwp%2Fv2%2Fcategories&post=121613"},{"taxonomy":"post_tag","embeddable":true,"href":"https:\/\/lospoliticosveracruz.com\/index.php?rest_route=%2Fwp%2Fv2%2Ftags&post=121613"}],"curies":[{"name":"wp","href":"https:\/\/api.w.org\/{rel}","templated":true}]}}