{"id":121811,"date":"2024-04-10T08:02:35","date_gmt":"2024-04-10T13:02:35","guid":{"rendered":"https:\/\/lospoliticosveracruz.com.mx\/?p=121811"},"modified":"2024-04-10T09:25:32","modified_gmt":"2024-04-10T14:25:32","slug":"feministas-y-el-escandalo-de-la-4t","status":"publish","type":"post","link":"https:\/\/lospoliticosveracruz.com\/?p=121811","title":{"rendered":"FEMINISTAS Y EL ESC\u00c1NDALO DE LA 4T"},"content":{"rendered":"\n<p><strong>Ricardo Chua<\/strong><\/p>\n\n\n\n<p>Sobre el esc\u00e1ndalo generado ayer en Xalapa, por el tema de las marchas de presuntos colectivos feminista que defend\u00edan a Roc\u00edo Nahle, de una supuesta violencia pol\u00edtica en raz\u00f3n de g\u00e9nero, por acusaciones hechas en su contra por empresarios y el candidato de oposici\u00f3n a gobernador, Pepe Yunes.. La candidata de MORENA debe investigar qui\u00e9n le arm\u00f3 todo este escenario.. Ya que parece m\u00e1s su enemigo, que su aliado.. Y si trabaja para ella, lo debe de despedir.. QUE EXHIBIDA..<\/p>\n\n\n<div class=\"wp-block-image\">\n<figure class=\"alignleft size-medium\"><a href=\"https:\/\/lospoliticosveracruz.com.mx\/wp-content\/uploads\/2021\/10\/WhatsApp-Image-2021-10-02-at-15.20.25.jpeg\"><img loading=\"lazy\" decoding=\"async\" width=\"212\" height=\"300\" src=\"https:\/\/lospoliticosveracruz.com.mx\/wp-content\/uploads\/2021\/10\/WhatsApp-Image-2021-10-02-at-15.20.25-212x300.jpeg\" alt=\"\" class=\"wp-image-80177\" srcset=\"https:\/\/lospoliticosveracruz.com\/wp-content\/uploads\/2021\/10\/WhatsApp-Image-2021-10-02-at-15.20.25-212x300.jpeg 212w, https:\/\/lospoliticosveracruz.com\/wp-content\/uploads\/2021\/10\/WhatsApp-Image-2021-10-02-at-15.20.25-724x1024.jpeg 724w, https:\/\/lospoliticosveracruz.com\/wp-content\/uploads\/2021\/10\/WhatsApp-Image-2021-10-02-at-15.20.25-768x1086.jpeg 768w, https:\/\/lospoliticosveracruz.com\/wp-content\/uploads\/2021\/10\/WhatsApp-Image-2021-10-02-at-15.20.25.jpeg 905w\" sizes=\"auto, (max-width: 212px) 100vw, 212px\" \/><\/a><\/figure>\n<\/div>\n\n\n<p>Se vio como un \u00abshow\u00bb montado desde el Gobierno de Cuitl\u00e1huac Garc\u00eda.. Y fue muy malo, desastroso, con el acarreo todo orquestado.. Y que lejos de ayudar a su candidata, todo le revierten.. Al utilizar un tema, para favorecerla, que es apartidista.. Queri\u00e9ndola beneficiar para tratar de sacarla de ese \u00abtobog\u00e1n\u00bb de los se\u00f1alamientos hechos por el candidato priista y que hoy la hacen \u00abestrellar\u00bb con la realidad.. De que NO TIENE UN BUEN equipo de contenci\u00f3n y control de da\u00f1os..<\/p>\n\n\n\n<p>Lo m\u00e1s grave es que esta acci\u00f3n, qui\u00e9n la orquest\u00f3, jam\u00e1s imagin\u00f3.. Que el tema iba a jalar la atenci\u00f3n de las barras de abogadas, que se\u00f1alan que ese se\u00f1alamiento de violencia pol\u00edtica en raz\u00f3n de g\u00e9nero.. No es tal.. Por lo tanto, no se puede tipificar como un delito y que ahora se tendr\u00e1n que presentar las pruebas.. Y que no por se\u00f1alar su origen de nacimiento, sea un ataque por el hecho de ser mujer.. Por eso, al que arm\u00f3 todo ese escenario para Nahle, simplemente no le funcion\u00f3..<\/p>\n\n\n\n<p>As\u00ed que este \u00abshow\u00bb montado presuntamente desde el gobierno del Estado.. No logr\u00f3 que salieran del abismo que la tienen y le est\u00e1n complicando las cosas.. Y gobierno de Cuitl\u00e1huac parece ayudarla y que hasta pareciera que lo gozan y no logran \u00abenfriar\u00bb el asunto.. Y lo \u00fanico que lograron de nuevo, es llamar la atenci\u00f3n del empresario, Arturo Castag\u00f1e, que ya les volvi\u00f3 a \u00abcantar\u00bb que les volver\u00e1 a exhibir con m\u00e1s propiedades, el d\u00eda de hoy, pero ahora en Monterrey..<\/p>\n\n\n\n<p>Pareciera que alguien le debe de decir.. A todos los que \u00abarman\u00bb los escenarios para Roc\u00edo Nahle: \u00abYa paren esa masacre, que alguien verdaderamente salve a Roc\u00edo Nahle\u00bb.. Debieran buscar un estadista pol\u00edtico.. Porque desde el gobierno estatal, presuntamente, le est\u00e1 complicando las cosas.. Ya que tal como lo se\u00f1alamos ayer en este espacio, por situaci\u00f3n como estas, si bien Pepe Yunes no crece porque se \u00abestanc\u00f3\u00bb, es Roc\u00edo la que est\u00e1 bajando por culpa de estas acciones..<\/p>\n\n\n\n<p>Todo debido a que dentro del gobierno de Veracruz y de su equipo de campa\u00f1a de Roc\u00edo Nahle.. Est\u00e1n cometiendo muchos errores, no se sabe si por la inexperiencia o porque est\u00e1n seguros de ganar.. Adem\u00e1s de contar con \u00abayuda\u00bb de gente sin preparaci\u00f3n, que no se ha dado cuenta que la candidata lleg\u00f3 tarde a la campa\u00f1a.. Parece que no hay operaci\u00f3n pol\u00edtica en esa candidatura y que el gobierno del Estado, no est\u00e1 operando a favor de ella.. Eso se nota..<\/p>\n\n\n\n<p>Por eso, es que no pueden desactivar ning\u00fan problema que se le presente de manera \u00abruda\u00bb en la campa\u00f1a.. Que pudieron haberlos contenido dentro de la \u00abolla express\u00bb y que socialmente, se ve que todo esto le est\u00e1 pegando a ella y claro que le repercute en su persona y en su candidatura a gobernador.. Y tan fue un desastre las manifestaciones de apoyo de ayer.. Que los colectivos feministas presuntamente usurpados en su nombre para deslegitimar el da\u00f1o hecho a Nahle.. Hicieron una marcha pero la sociedad no \u00abcay\u00f3 en la trampa\u00bb..<\/p>\n\n\n\n<p>REFLEXI\u00d3N.. El asunto final es que esta marcha fue desacreditada por los colectivos feministas.. Ya que seg\u00fan ellas fue un \u00abshow\u00bb montado y pagado desde la sede del palacio de Gobierno.. Al m\u00e1s \u00abviejo\u00bb estilo del PRI.. Que es de lo que tanto se espantan en MORENA .. Y que los colectivos feministas de MORENA pensaron que por ponerse el color morado iban a legitimar a Roc\u00edo Nahle.. Por todo eso y m\u00e1s.. La candidata de MORENA debe investigar que pasa al interior de su campa\u00f1a y despedir a este \u00abquedabien\u00bb pol\u00edtico.. NO HAY M\u00c1S.. AMEN<\/p>\n","protected":false},"excerpt":{"rendered":"<p>Ricardo Chua Sobre el esc\u00e1ndalo generado ayer en Xalapa, por el tema de las marchas de presuntos colectivos feminista que defend\u00edan a Roc\u00edo Nahle, de una supuesta violencia pol\u00edtica en raz\u00f3n de g\u00e9nero, por acusaciones hechas en su contra por empresarios y el candidato de oposici\u00f3n a gobernador, Pepe Yunes.. La candidata de MORENA debe [&hellip;]<\/p>\n","protected":false},"author":2,"featured_media":119817,"comment_status":"closed","ping_status":"closed","sticky":false,"template":"","format":"standard","meta":{"tdm_status":"","tdm_grid_status":"","footnotes":""},"categories":[70],"tags":[16621,3569,1152,1026,3578,195],"class_list":{"0":"post-121811","1":"post","2":"type-post","3":"status-publish","4":"format-standard","5":"has-post-thumbnail","7":"category-de-opinion","8":"tag-brujas-del-mar","9":"tag-feministas","10":"tag-marcha","11":"tag-morena","12":"tag-rocio-nahle","13":"tag-veracruz"},"yoast_head":"<!-- This site is optimized with the Yoast SEO plugin v27.4 - https:\/\/yoast.com\/product\/yoast-seo-wordpress\/ -->\n<title>FEMINISTAS Y EL ESC\u00c1NDALO DE LA 4T - Los pol\u00edticos Veracruz<\/title>\n<meta name=\"robots\" content=\"index, follow, max-snippet:-1, max-image-preview:large, max-video-preview:-1\" \/>\n<link rel=\"canonical\" href=\"https:\/\/lospoliticosveracruz.com\/?p=121811\" \/>\n<meta property=\"og:locale\" content=\"es_ES\" \/>\n<meta property=\"og:type\" content=\"article\" \/>\n<meta property=\"og:title\" content=\"FEMINISTAS Y EL ESC\u00c1NDALO DE LA 4T - Los pol\u00edticos Veracruz\" \/>\n<meta property=\"og:description\" content=\"Ricardo Chua Sobre el esc\u00e1ndalo generado ayer en Xalapa, por el tema de las marchas de presuntos colectivos feminista que defend\u00edan a Roc\u00edo Nahle, de una supuesta violencia pol\u00edtica en raz\u00f3n de g\u00e9nero, por acusaciones hechas en su contra por empresarios y el candidato de oposici\u00f3n a gobernador, Pepe Yunes.. La candidata de MORENA debe [&hellip;]\" \/>\n<meta property=\"og:url\" content=\"https:\/\/lospoliticosveracruz.com\/?p=121811\" \/>\n<meta property=\"og:site_name\" content=\"Los pol\u00edticos Veracruz\" \/>\n<meta property=\"article:publisher\" content=\"https:\/\/www.facebook.com\/people\/Notimemes-de-los-Polticos\/61565672886568\/\" \/>\n<meta property=\"article:published_time\" content=\"2024-04-10T13:02:35+00:00\" \/>\n<meta property=\"article:modified_time\" content=\"2024-04-10T14:25:32+00:00\" \/>\n<meta property=\"og:image\" content=\"https:\/\/lospoliticosveracruz.com\/wp-content\/uploads\/2024\/03\/Ricardo-Chua.jpg\" \/>\n\t<meta property=\"og:image:width\" content=\"1250\" \/>\n\t<meta property=\"og:image:height\" content=\"667\" \/>\n\t<meta property=\"og:image:type\" content=\"image\/jpeg\" \/>\n<meta name=\"author\" content=\"Lo viste en Los Pol\u00edticos\" \/>\n<meta name=\"twitter:card\" content=\"summary_large_image\" \/>\n<meta name=\"twitter:creator\" content=\"@LosPoliticosVer\" \/>\n<meta name=\"twitter:site\" content=\"@LosPoliticosVer\" \/>\n<meta name=\"twitter:label1\" content=\"Escrito por\" \/>\n\t<meta name=\"twitter:data1\" content=\"Lo viste en Los Pol\u00edticos\" \/>\n\t<meta name=\"twitter:label2\" content=\"Tiempo de lectura\" \/>\n\t<meta name=\"twitter:data2\" content=\"4 minutos\" \/>\n<script type=\"application\/ld+json\" class=\"yoast-schema-graph\">{\"@context\":\"https:\\\/\\\/schema.org\",\"@graph\":[{\"@type\":\"Article\",\"@id\":\"https:\\\/\\\/lospoliticosveracruz.com\\\/?p=121811#article\",\"isPartOf\":{\"@id\":\"https:\\\/\\\/lospoliticosveracruz.com\\\/?p=121811\"},\"author\":{\"name\":\"Lo viste en Los Pol\u00edticos\",\"@id\":\"https:\\\/\\\/lospoliticosveracruz.com\\\/#\\\/schema\\\/person\\\/b8702bb0e538456e6efd07080bf2a4a2\"},\"headline\":\"FEMINISTAS Y EL ESC\u00c1NDALO DE LA 4T\",\"datePublished\":\"2024-04-10T13:02:35+00:00\",\"dateModified\":\"2024-04-10T14:25:32+00:00\",\"mainEntityOfPage\":{\"@id\":\"https:\\\/\\\/lospoliticosveracruz.com\\\/?p=121811\"},\"wordCount\":753,\"publisher\":{\"@id\":\"https:\\\/\\\/lospoliticosveracruz.com\\\/#organization\"},\"image\":{\"@id\":\"https:\\\/\\\/lospoliticosveracruz.com\\\/?p=121811#primaryimage\"},\"thumbnailUrl\":\"https:\\\/\\\/lospoliticosveracruz.com\\\/wp-content\\\/uploads\\\/2024\\\/03\\\/Ricardo-Chua.jpg\",\"keywords\":[\"Brujas del Mar\",\"feministas\",\"Marcha\",\"Morena\",\"Roc\u00edo Nahle\",\"Veracruz\"],\"articleSection\":[\"De Opini\u00f3n\"],\"inLanguage\":\"es\"},{\"@type\":\"WebPage\",\"@id\":\"https:\\\/\\\/lospoliticosveracruz.com\\\/?p=121811\",\"url\":\"https:\\\/\\\/lospoliticosveracruz.com\\\/?p=121811\",\"name\":\"FEMINISTAS Y EL ESC\u00c1NDALO DE LA 4T - Los pol\u00edticos Veracruz\",\"isPartOf\":{\"@id\":\"https:\\\/\\\/lospoliticosveracruz.com\\\/#website\"},\"primaryImageOfPage\":{\"@id\":\"https:\\\/\\\/lospoliticosveracruz.com\\\/?p=121811#primaryimage\"},\"image\":{\"@id\":\"https:\\\/\\\/lospoliticosveracruz.com\\\/?p=121811#primaryimage\"},\"thumbnailUrl\":\"https:\\\/\\\/lospoliticosveracruz.com\\\/wp-content\\\/uploads\\\/2024\\\/03\\\/Ricardo-Chua.jpg\",\"datePublished\":\"2024-04-10T13:02:35+00:00\",\"dateModified\":\"2024-04-10T14:25:32+00:00\",\"breadcrumb\":{\"@id\":\"https:\\\/\\\/lospoliticosveracruz.com\\\/?p=121811#breadcrumb\"},\"inLanguage\":\"es\",\"potentialAction\":[{\"@type\":\"ReadAction\",\"target\":[\"https:\\\/\\\/lospoliticosveracruz.com\\\/?p=121811\"]}]},{\"@type\":\"ImageObject\",\"inLanguage\":\"es\",\"@id\":\"https:\\\/\\\/lospoliticosveracruz.com\\\/?p=121811#primaryimage\",\"url\":\"https:\\\/\\\/lospoliticosveracruz.com\\\/wp-content\\\/uploads\\\/2024\\\/03\\\/Ricardo-Chua.jpg\",\"contentUrl\":\"https:\\\/\\\/lospoliticosveracruz.com\\\/wp-content\\\/uploads\\\/2024\\\/03\\\/Ricardo-Chua.jpg\",\"width\":1250,\"height\":667},{\"@type\":\"BreadcrumbList\",\"@id\":\"https:\\\/\\\/lospoliticosveracruz.com\\\/?p=121811#breadcrumb\",\"itemListElement\":[{\"@type\":\"ListItem\",\"position\":1,\"name\":\"Portada\",\"item\":\"https:\\\/\\\/lospoliticosveracruz.com\\\/\"},{\"@type\":\"ListItem\",\"position\":2,\"name\":\"FEMINISTAS Y EL ESC\u00c1NDALO DE LA 4T\"}]},{\"@type\":\"WebSite\",\"@id\":\"https:\\\/\\\/lospoliticosveracruz.com\\\/#website\",\"url\":\"https:\\\/\\\/lospoliticosveracruz.com\\\/\",\"name\":\"Los pol\u00edticos Veracruz\",\"description\":\"\",\"publisher\":{\"@id\":\"https:\\\/\\\/lospoliticosveracruz.com\\\/#organization\"},\"potentialAction\":[{\"@type\":\"SearchAction\",\"target\":{\"@type\":\"EntryPoint\",\"urlTemplate\":\"https:\\\/\\\/lospoliticosveracruz.com\\\/?s={search_term_string}\"},\"query-input\":{\"@type\":\"PropertyValueSpecification\",\"valueRequired\":true,\"valueName\":\"search_term_string\"}}],\"inLanguage\":\"es\"},{\"@type\":\"Organization\",\"@id\":\"https:\\\/\\\/lospoliticosveracruz.com\\\/#organization\",\"name\":\"Los pol\u00edticos Veracruz\",\"url\":\"https:\\\/\\\/lospoliticosveracruz.com\\\/\",\"logo\":{\"@type\":\"ImageObject\",\"inLanguage\":\"es\",\"@id\":\"https:\\\/\\\/lospoliticosveracruz.com\\\/#\\\/schema\\\/logo\\\/image\\\/\",\"url\":\"https:\\\/\\\/lospoliticosveracruz.com\\\/wp-content\\\/uploads\\\/2025\\\/12\\\/Logo-Nuevo-LOS-POLITICOS-1.jpg\",\"contentUrl\":\"https:\\\/\\\/lospoliticosveracruz.com\\\/wp-content\\\/uploads\\\/2025\\\/12\\\/Logo-Nuevo-LOS-POLITICOS-1.jpg\",\"width\":260,\"height\":70,\"caption\":\"Los pol\u00edticos Veracruz\"},\"image\":{\"@id\":\"https:\\\/\\\/lospoliticosveracruz.com\\\/#\\\/schema\\\/logo\\\/image\\\/\"},\"sameAs\":[\"https:\\\/\\\/www.facebook.com\\\/people\\\/Notimemes-de-los-Polticos\\\/61565672886568\\\/\",\"https:\\\/\\\/x.com\\\/LosPoliticosVer\"]},{\"@type\":\"Person\",\"@id\":\"https:\\\/\\\/lospoliticosveracruz.com\\\/#\\\/schema\\\/person\\\/b8702bb0e538456e6efd07080bf2a4a2\",\"name\":\"Lo viste en Los Pol\u00edticos\",\"image\":{\"@type\":\"ImageObject\",\"inLanguage\":\"es\",\"@id\":\"https:\\\/\\\/secure.gravatar.com\\\/avatar\\\/3a8de04a2656d44082be478bd6c086daa447c4651605818287b9532d3d0bd435?s=96&d=mm&r=g\",\"url\":\"https:\\\/\\\/secure.gravatar.com\\\/avatar\\\/3a8de04a2656d44082be478bd6c086daa447c4651605818287b9532d3d0bd435?s=96&d=mm&r=g\",\"contentUrl\":\"https:\\\/\\\/secure.gravatar.com\\\/avatar\\\/3a8de04a2656d44082be478bd6c086daa447c4651605818287b9532d3d0bd435?s=96&d=mm&r=g\",\"caption\":\"Lo viste en Los Pol\u00edticos\"},\"url\":\"https:\\\/\\\/lospoliticosveracruz.com\\\/?author=2\"}]}<\/script>\n<!-- \/ Yoast SEO plugin. -->","yoast_head_json":{"title":"FEMINISTAS Y EL ESC\u00c1NDALO DE LA 4T - Los pol\u00edticos Veracruz","robots":{"index":"index","follow":"follow","max-snippet":"max-snippet:-1","max-image-preview":"max-image-preview:large","max-video-preview":"max-video-preview:-1"},"canonical":"https:\/\/lospoliticosveracruz.com\/?p=121811","og_locale":"es_ES","og_type":"article","og_title":"FEMINISTAS Y EL ESC\u00c1NDALO DE LA 4T - Los pol\u00edticos Veracruz","og_description":"Ricardo Chua Sobre el esc\u00e1ndalo generado ayer en Xalapa, por el tema de las marchas de presuntos colectivos feminista que defend\u00edan a Roc\u00edo Nahle, de una supuesta violencia pol\u00edtica en raz\u00f3n de g\u00e9nero, por acusaciones hechas en su contra por empresarios y el candidato de oposici\u00f3n a gobernador, Pepe Yunes.. La candidata de MORENA debe [&hellip;]","og_url":"https:\/\/lospoliticosveracruz.com\/?p=121811","og_site_name":"Los pol\u00edticos Veracruz","article_publisher":"https:\/\/www.facebook.com\/people\/Notimemes-de-los-Polticos\/61565672886568\/","article_published_time":"2024-04-10T13:02:35+00:00","article_modified_time":"2024-04-10T14:25:32+00:00","og_image":[{"width":1250,"height":667,"url":"https:\/\/lospoliticosveracruz.com\/wp-content\/uploads\/2024\/03\/Ricardo-Chua.jpg","type":"image\/jpeg"}],"author":"Lo viste en Los Pol\u00edticos","twitter_card":"summary_large_image","twitter_creator":"@LosPoliticosVer","twitter_site":"@LosPoliticosVer","twitter_misc":{"Escrito por":"Lo viste en Los Pol\u00edticos","Tiempo de lectura":"4 minutos"},"schema":{"@context":"https:\/\/schema.org","@graph":[{"@type":"Article","@id":"https:\/\/lospoliticosveracruz.com\/?p=121811#article","isPartOf":{"@id":"https:\/\/lospoliticosveracruz.com\/?p=121811"},"author":{"name":"Lo viste en Los Pol\u00edticos","@id":"https:\/\/lospoliticosveracruz.com\/#\/schema\/person\/b8702bb0e538456e6efd07080bf2a4a2"},"headline":"FEMINISTAS Y EL ESC\u00c1NDALO DE LA 4T","datePublished":"2024-04-10T13:02:35+00:00","dateModified":"2024-04-10T14:25:32+00:00","mainEntityOfPage":{"@id":"https:\/\/lospoliticosveracruz.com\/?p=121811"},"wordCount":753,"publisher":{"@id":"https:\/\/lospoliticosveracruz.com\/#organization"},"image":{"@id":"https:\/\/lospoliticosveracruz.com\/?p=121811#primaryimage"},"thumbnailUrl":"https:\/\/lospoliticosveracruz.com\/wp-content\/uploads\/2024\/03\/Ricardo-Chua.jpg","keywords":["Brujas del Mar","feministas","Marcha","Morena","Roc\u00edo Nahle","Veracruz"],"articleSection":["De Opini\u00f3n"],"inLanguage":"es"},{"@type":"WebPage","@id":"https:\/\/lospoliticosveracruz.com\/?p=121811","url":"https:\/\/lospoliticosveracruz.com\/?p=121811","name":"FEMINISTAS Y EL ESC\u00c1NDALO DE LA 4T - Los pol\u00edticos Veracruz","isPartOf":{"@id":"https:\/\/lospoliticosveracruz.com\/#website"},"primaryImageOfPage":{"@id":"https:\/\/lospoliticosveracruz.com\/?p=121811#primaryimage"},"image":{"@id":"https:\/\/lospoliticosveracruz.com\/?p=121811#primaryimage"},"thumbnailUrl":"https:\/\/lospoliticosveracruz.com\/wp-content\/uploads\/2024\/03\/Ricardo-Chua.jpg","datePublished":"2024-04-10T13:02:35+00:00","dateModified":"2024-04-10T14:25:32+00:00","breadcrumb":{"@id":"https:\/\/lospoliticosveracruz.com\/?p=121811#breadcrumb"},"inLanguage":"es","potentialAction":[{"@type":"ReadAction","target":["https:\/\/lospoliticosveracruz.com\/?p=121811"]}]},{"@type":"ImageObject","inLanguage":"es","@id":"https:\/\/lospoliticosveracruz.com\/?p=121811#primaryimage","url":"https:\/\/lospoliticosveracruz.com\/wp-content\/uploads\/2024\/03\/Ricardo-Chua.jpg","contentUrl":"https:\/\/lospoliticosveracruz.com\/wp-content\/uploads\/2024\/03\/Ricardo-Chua.jpg","width":1250,"height":667},{"@type":"BreadcrumbList","@id":"https:\/\/lospoliticosveracruz.com\/?p=121811#breadcrumb","itemListElement":[{"@type":"ListItem","position":1,"name":"Portada","item":"https:\/\/lospoliticosveracruz.com\/"},{"@type":"ListItem","position":2,"name":"FEMINISTAS Y EL ESC\u00c1NDALO DE LA 4T"}]},{"@type":"WebSite","@id":"https:\/\/lospoliticosveracruz.com\/#website","url":"https:\/\/lospoliticosveracruz.com\/","name":"Los pol\u00edticos Veracruz","description":"","publisher":{"@id":"https:\/\/lospoliticosveracruz.com\/#organization"},"potentialAction":[{"@type":"SearchAction","target":{"@type":"EntryPoint","urlTemplate":"https:\/\/lospoliticosveracruz.com\/?s={search_term_string}"},"query-input":{"@type":"PropertyValueSpecification","valueRequired":true,"valueName":"search_term_string"}}],"inLanguage":"es"},{"@type":"Organization","@id":"https:\/\/lospoliticosveracruz.com\/#organization","name":"Los pol\u00edticos Veracruz","url":"https:\/\/lospoliticosveracruz.com\/","logo":{"@type":"ImageObject","inLanguage":"es","@id":"https:\/\/lospoliticosveracruz.com\/#\/schema\/logo\/image\/","url":"https:\/\/lospoliticosveracruz.com\/wp-content\/uploads\/2025\/12\/Logo-Nuevo-LOS-POLITICOS-1.jpg","contentUrl":"https:\/\/lospoliticosveracruz.com\/wp-content\/uploads\/2025\/12\/Logo-Nuevo-LOS-POLITICOS-1.jpg","width":260,"height":70,"caption":"Los pol\u00edticos Veracruz"},"image":{"@id":"https:\/\/lospoliticosveracruz.com\/#\/schema\/logo\/image\/"},"sameAs":["https:\/\/www.facebook.com\/people\/Notimemes-de-los-Polticos\/61565672886568\/","https:\/\/x.com\/LosPoliticosVer"]},{"@type":"Person","@id":"https:\/\/lospoliticosveracruz.com\/#\/schema\/person\/b8702bb0e538456e6efd07080bf2a4a2","name":"Lo viste en Los Pol\u00edticos","image":{"@type":"ImageObject","inLanguage":"es","@id":"https:\/\/secure.gravatar.com\/avatar\/3a8de04a2656d44082be478bd6c086daa447c4651605818287b9532d3d0bd435?s=96&d=mm&r=g","url":"https:\/\/secure.gravatar.com\/avatar\/3a8de04a2656d44082be478bd6c086daa447c4651605818287b9532d3d0bd435?s=96&d=mm&r=g","contentUrl":"https:\/\/secure.gravatar.com\/avatar\/3a8de04a2656d44082be478bd6c086daa447c4651605818287b9532d3d0bd435?s=96&d=mm&r=g","caption":"Lo viste en Los Pol\u00edticos"},"url":"https:\/\/lospoliticosveracruz.com\/?author=2"}]}},"_links":{"self":[{"href":"https:\/\/lospoliticosveracruz.com\/index.php?rest_route=\/wp\/v2\/posts\/121811","targetHints":{"allow":["GET"]}}],"collection":[{"href":"https:\/\/lospoliticosveracruz.com\/index.php?rest_route=\/wp\/v2\/posts"}],"about":[{"href":"https:\/\/lospoliticosveracruz.com\/index.php?rest_route=\/wp\/v2\/types\/post"}],"author":[{"embeddable":true,"href":"https:\/\/lospoliticosveracruz.com\/index.php?rest_route=\/wp\/v2\/users\/2"}],"replies":[{"embeddable":true,"href":"https:\/\/lospoliticosveracruz.com\/index.php?rest_route=%2Fwp%2Fv2%2Fcomments&post=121811"}],"version-history":[{"count":2,"href":"https:\/\/lospoliticosveracruz.com\/index.php?rest_route=\/wp\/v2\/posts\/121811\/revisions"}],"predecessor-version":[{"id":121830,"href":"https:\/\/lospoliticosveracruz.com\/index.php?rest_route=\/wp\/v2\/posts\/121811\/revisions\/121830"}],"wp:featuredmedia":[{"embeddable":true,"href":"https:\/\/lospoliticosveracruz.com\/index.php?rest_route=\/wp\/v2\/media\/119817"}],"wp:attachment":[{"href":"https:\/\/lospoliticosveracruz.com\/index.php?rest_route=%2Fwp%2Fv2%2Fmedia&parent=121811"}],"wp:term":[{"taxonomy":"category","embeddable":true,"href":"https:\/\/lospoliticosveracruz.com\/index.php?rest_route=%2Fwp%2Fv2%2Fcategories&post=121811"},{"taxonomy":"post_tag","embeddable":true,"href":"https:\/\/lospoliticosveracruz.com\/index.php?rest_route=%2Fwp%2Fv2%2Ftags&post=121811"}],"curies":[{"name":"wp","href":"https:\/\/api.w.org\/{rel}","templated":true}]}}