{"id":121990,"date":"2024-04-11T20:22:04","date_gmt":"2024-04-12T01:22:04","guid":{"rendered":"https:\/\/lospoliticosveracruz.com.mx\/?p=121990"},"modified":"2024-04-11T20:30:15","modified_gmt":"2024-04-12T01:30:15","slug":"calderon-y-pan-brujos-mayores","status":"publish","type":"post","link":"https:\/\/lospoliticosveracruz.com\/?p=121990","title":{"rendered":"CALDER\u00d3N Y PAN, BRUJOS MAYORES!"},"content":{"rendered":"\n<p><\/p>\n\n\n\n<p><strong>Xalapa<\/strong><br>Arussi Unda, vocera de la organizaci\u00f3n de mujeres \u201cBrujas del Mar\u201d y quien est\u00e1 identificada plenamente con el ex presidente Felipe Calder\u00f3n Hinojosa y los Yunes, ha mantenido un abierto activismo pol\u00edtico a favor del PRIAN, lo cual es evidente con sus constantes publicaciones en contra de la candidata de Morena a la gubernatura de Veracruz, Roc\u00edo Nahle, escud\u00e1ndose detr\u00e1s de las redes sociales oficiales de la colectiva.<\/p>\n\n\n<div class=\"wp-block-image\">\n<figure class=\"alignleft size-large is-resized\"><a href=\"https:\/\/lospoliticosveracruz.com.mx\/wp-content\/uploads\/2023\/08\/Alex.jpg\"><img decoding=\"async\" src=\"https:\/\/lospoliticosveracruz.com.mx\/wp-content\/uploads\/2023\/08\/Alex-1024x791.jpg\" alt=\"\" class=\"wp-image-110522\" style=\"width:233px;height:auto\"\/><\/a><\/figure>\n<\/div>\n\n\n<p>Desde hace tiempo, Arussi Unda ha mantenido una estrecha relaci\u00f3n con el ex presidente Felipe Calder\u00f3n, en cuya administraci\u00f3n fueron asesinadas m\u00e1s de 120 mil mujeres de forma violenta sin que hasta ahora haya emitido una sola cr\u00edtica en su contra.<\/p>\n\n\n\n<p>Im\u00e1genes que circulan en redes sociales, a Arussi Unda se le ve muy cercana al ex presidente e<br>incluso ha sido se\u00f1alada de emprender, junto con \u00e9l, una campa\u00f1a de desacreditaci\u00f3n en contra del gobierno que encabeza el presidente Andr\u00e9s Manuel L\u00f3pez Obrador, a trav\u00e9s de diversas marchas violentas, en las que incita a las mujeres que representa a hacer destrozos, incendios y da\u00f1os a la propiedad privada y p\u00fablica.<\/p>\n\n\n\n<p>Todo hace suponer que la vocera del colectivo Brujas del Mar utiliza dicho movimiento para enga\u00f1ar a miles de mujeres con la lucha por los derechos feministas, para en realidad beneficiar al Partido Acci\u00f3n Nacional y a sus candidatos, como ocurre en el actual proceso electoral, en el que ha emprendido un ataque encarnizado en contra de la candidata Morenista, a pesar de que forma parte de su mismo g\u00e9nero.<\/p>\n\n\n\n<p>A pesar de sus fuertes v\u00ednculos con el PAN, Arussi Unda, enga\u00f1a a sus seguidoras de que se trata de un movimiento independiente, aun cuando ella responde a fines pol\u00edtico partidistas.<\/p>\n\n\n\n<p>Adem\u00e1s de las marchas en las que incita a la violencia utilizando como pretexto el D\u00eda Internacional de las Mujeres, Arussi Unda, emprende campa\u00f1as de odio en contra de las mujeres que apoyen otra ideolog\u00eda pol\u00edtica ajena al PAN.<\/p>\n\n\n\n<p>Un ejemplo, es la manera en la que ha atacado a Marilyn Guillen, una joven que particip\u00f3 en la marcha a favor de la candidata morenista a la gubernatura, a la cual acus\u00f3 de mentirosa y refiri\u00e9ndose a ella con un discurso de odio que no tiene l\u00f3gica para alguien que defiende a las mujeres asegurando que: \u201c(Marilyn Guill\u00e9n) miente desde el primer momento en que tuvimos la desgracia de saber de su existencia\u201d.<\/p>\n\n\n\n<p>Todo deja en evidencia que detr\u00e1s de dicho movimiento est\u00e1 el PRIAN y los Yunes, que han sido muy cercanos a Felipe Calder\u00f3n, incluso Miguel \u00c1ngel Yunes Linares ocup\u00f3 el cargo de director del ISSSTE durante su administraci\u00f3n, donde hizo millonarios negocios.<\/p>\n","protected":false},"excerpt":{"rendered":"<p>XalapaArussi Unda, vocera de la organizaci\u00f3n de mujeres \u201cBrujas del Mar\u201d y quien est\u00e1 identificada plenamente con el ex presidente Felipe Calder\u00f3n Hinojosa y los Yunes, ha mantenido un abierto activismo pol\u00edtico a favor del PRIAN, lo cual es evidente con sus constantes publicaciones en contra de la candidata de Morena a la gubernatura de [&hellip;]<\/p>\n","protected":false},"author":2,"featured_media":0,"comment_status":"closed","ping_status":"closed","sticky":false,"template":"","format":"standard","meta":{"tdm_status":"","tdm_grid_status":"","footnotes":""},"categories":[74],"tags":[16621,2193],"class_list":{"0":"post-121990","1":"post","2":"type-post","3":"status-publish","4":"format-standard","6":"category-lavadero","7":"tag-brujas-del-mar","8":"tag-dia-internacional-de-las-mujeres"},"yoast_head":"<!-- This site is optimized with the Yoast SEO plugin v27.4 - https:\/\/yoast.com\/product\/yoast-seo-wordpress\/ -->\n<title>CALDER\u00d3N Y PAN, BRUJOS MAYORES! - Los pol\u00edticos Veracruz<\/title>\n<meta name=\"robots\" content=\"index, follow, max-snippet:-1, max-image-preview:large, max-video-preview:-1\" \/>\n<link rel=\"canonical\" href=\"https:\/\/lospoliticosveracruz.com\/?p=121990\" \/>\n<meta property=\"og:locale\" content=\"es_ES\" \/>\n<meta property=\"og:type\" content=\"article\" \/>\n<meta property=\"og:title\" content=\"CALDER\u00d3N Y PAN, BRUJOS MAYORES! - Los pol\u00edticos Veracruz\" \/>\n<meta property=\"og:description\" content=\"XalapaArussi Unda, vocera de la organizaci\u00f3n de mujeres \u201cBrujas del Mar\u201d y quien est\u00e1 identificada plenamente con el ex presidente Felipe Calder\u00f3n Hinojosa y los Yunes, ha mantenido un abierto activismo pol\u00edtico a favor del PRIAN, lo cual es evidente con sus constantes publicaciones en contra de la candidata de Morena a la gubernatura de [&hellip;]\" \/>\n<meta property=\"og:url\" content=\"https:\/\/lospoliticosveracruz.com\/?p=121990\" \/>\n<meta property=\"og:site_name\" content=\"Los pol\u00edticos Veracruz\" \/>\n<meta property=\"article:publisher\" content=\"https:\/\/www.facebook.com\/people\/Notimemes-de-los-Polticos\/61565672886568\/\" \/>\n<meta property=\"article:published_time\" content=\"2024-04-12T01:22:04+00:00\" \/>\n<meta property=\"article:modified_time\" content=\"2024-04-12T01:30:15+00:00\" \/>\n<meta property=\"og:image\" content=\"https:\/\/lospoliticosveracruz.com.mx\/wp-content\/uploads\/2023\/08\/Alex-1024x791.jpg\" \/>\n<meta name=\"author\" content=\"Lo viste en Los Pol\u00edticos\" \/>\n<meta name=\"twitter:card\" content=\"summary_large_image\" \/>\n<meta name=\"twitter:creator\" content=\"@LosPoliticosVer\" \/>\n<meta name=\"twitter:site\" content=\"@LosPoliticosVer\" \/>\n<meta name=\"twitter:label1\" content=\"Escrito por\" \/>\n\t<meta name=\"twitter:data1\" content=\"Lo viste en Los Pol\u00edticos\" \/>\n\t<meta name=\"twitter:label2\" content=\"Tiempo de lectura\" \/>\n\t<meta name=\"twitter:data2\" content=\"2 minutos\" \/>\n<script type=\"application\/ld+json\" class=\"yoast-schema-graph\">{\"@context\":\"https:\\\/\\\/schema.org\",\"@graph\":[{\"@type\":\"Article\",\"@id\":\"https:\\\/\\\/lospoliticosveracruz.com\\\/?p=121990#article\",\"isPartOf\":{\"@id\":\"https:\\\/\\\/lospoliticosveracruz.com\\\/?p=121990\"},\"author\":{\"name\":\"Lo viste en Los Pol\u00edticos\",\"@id\":\"https:\\\/\\\/lospoliticosveracruz.com\\\/#\\\/schema\\\/person\\\/b8702bb0e538456e6efd07080bf2a4a2\"},\"headline\":\"CALDER\u00d3N Y PAN, BRUJOS MAYORES!\",\"datePublished\":\"2024-04-12T01:22:04+00:00\",\"dateModified\":\"2024-04-12T01:30:15+00:00\",\"mainEntityOfPage\":{\"@id\":\"https:\\\/\\\/lospoliticosveracruz.com\\\/?p=121990\"},\"wordCount\":477,\"publisher\":{\"@id\":\"https:\\\/\\\/lospoliticosveracruz.com\\\/#organization\"},\"image\":{\"@id\":\"https:\\\/\\\/lospoliticosveracruz.com\\\/?p=121990#primaryimage\"},\"thumbnailUrl\":\"https:\\\/\\\/lospoliticosveracruz.com.mx\\\/wp-content\\\/uploads\\\/2023\\\/08\\\/Alex-1024x791.jpg\",\"keywords\":[\"Brujas del Mar\",\"D\u00eda Internacional de las mujeres\"],\"articleSection\":[\"Lavadero\"],\"inLanguage\":\"es\"},{\"@type\":\"WebPage\",\"@id\":\"https:\\\/\\\/lospoliticosveracruz.com\\\/?p=121990\",\"url\":\"https:\\\/\\\/lospoliticosveracruz.com\\\/?p=121990\",\"name\":\"CALDER\u00d3N Y PAN, BRUJOS MAYORES! - Los pol\u00edticos Veracruz\",\"isPartOf\":{\"@id\":\"https:\\\/\\\/lospoliticosveracruz.com\\\/#website\"},\"primaryImageOfPage\":{\"@id\":\"https:\\\/\\\/lospoliticosveracruz.com\\\/?p=121990#primaryimage\"},\"image\":{\"@id\":\"https:\\\/\\\/lospoliticosveracruz.com\\\/?p=121990#primaryimage\"},\"thumbnailUrl\":\"https:\\\/\\\/lospoliticosveracruz.com.mx\\\/wp-content\\\/uploads\\\/2023\\\/08\\\/Alex-1024x791.jpg\",\"datePublished\":\"2024-04-12T01:22:04+00:00\",\"dateModified\":\"2024-04-12T01:30:15+00:00\",\"breadcrumb\":{\"@id\":\"https:\\\/\\\/lospoliticosveracruz.com\\\/?p=121990#breadcrumb\"},\"inLanguage\":\"es\",\"potentialAction\":[{\"@type\":\"ReadAction\",\"target\":[\"https:\\\/\\\/lospoliticosveracruz.com\\\/?p=121990\"]}]},{\"@type\":\"ImageObject\",\"inLanguage\":\"es\",\"@id\":\"https:\\\/\\\/lospoliticosveracruz.com\\\/?p=121990#primaryimage\",\"url\":\"https:\\\/\\\/lospoliticosveracruz.com.mx\\\/wp-content\\\/uploads\\\/2023\\\/08\\\/Alex-1024x791.jpg\",\"contentUrl\":\"https:\\\/\\\/lospoliticosveracruz.com.mx\\\/wp-content\\\/uploads\\\/2023\\\/08\\\/Alex-1024x791.jpg\"},{\"@type\":\"BreadcrumbList\",\"@id\":\"https:\\\/\\\/lospoliticosveracruz.com\\\/?p=121990#breadcrumb\",\"itemListElement\":[{\"@type\":\"ListItem\",\"position\":1,\"name\":\"Portada\",\"item\":\"https:\\\/\\\/lospoliticosveracruz.com\\\/\"},{\"@type\":\"ListItem\",\"position\":2,\"name\":\"CALDER\u00d3N Y PAN, BRUJOS MAYORES!\"}]},{\"@type\":\"WebSite\",\"@id\":\"https:\\\/\\\/lospoliticosveracruz.com\\\/#website\",\"url\":\"https:\\\/\\\/lospoliticosveracruz.com\\\/\",\"name\":\"Los pol\u00edticos Veracruz\",\"description\":\"\",\"publisher\":{\"@id\":\"https:\\\/\\\/lospoliticosveracruz.com\\\/#organization\"},\"potentialAction\":[{\"@type\":\"SearchAction\",\"target\":{\"@type\":\"EntryPoint\",\"urlTemplate\":\"https:\\\/\\\/lospoliticosveracruz.com\\\/?s={search_term_string}\"},\"query-input\":{\"@type\":\"PropertyValueSpecification\",\"valueRequired\":true,\"valueName\":\"search_term_string\"}}],\"inLanguage\":\"es\"},{\"@type\":\"Organization\",\"@id\":\"https:\\\/\\\/lospoliticosveracruz.com\\\/#organization\",\"name\":\"Los pol\u00edticos Veracruz\",\"url\":\"https:\\\/\\\/lospoliticosveracruz.com\\\/\",\"logo\":{\"@type\":\"ImageObject\",\"inLanguage\":\"es\",\"@id\":\"https:\\\/\\\/lospoliticosveracruz.com\\\/#\\\/schema\\\/logo\\\/image\\\/\",\"url\":\"https:\\\/\\\/lospoliticosveracruz.com\\\/wp-content\\\/uploads\\\/2025\\\/12\\\/Logo-Nuevo-LOS-POLITICOS-1.jpg\",\"contentUrl\":\"https:\\\/\\\/lospoliticosveracruz.com\\\/wp-content\\\/uploads\\\/2025\\\/12\\\/Logo-Nuevo-LOS-POLITICOS-1.jpg\",\"width\":260,\"height\":70,\"caption\":\"Los pol\u00edticos Veracruz\"},\"image\":{\"@id\":\"https:\\\/\\\/lospoliticosveracruz.com\\\/#\\\/schema\\\/logo\\\/image\\\/\"},\"sameAs\":[\"https:\\\/\\\/www.facebook.com\\\/people\\\/Notimemes-de-los-Polticos\\\/61565672886568\\\/\",\"https:\\\/\\\/x.com\\\/LosPoliticosVer\"]},{\"@type\":\"Person\",\"@id\":\"https:\\\/\\\/lospoliticosveracruz.com\\\/#\\\/schema\\\/person\\\/b8702bb0e538456e6efd07080bf2a4a2\",\"name\":\"Lo viste en Los Pol\u00edticos\",\"image\":{\"@type\":\"ImageObject\",\"inLanguage\":\"es\",\"@id\":\"https:\\\/\\\/secure.gravatar.com\\\/avatar\\\/3a8de04a2656d44082be478bd6c086daa447c4651605818287b9532d3d0bd435?s=96&d=mm&r=g\",\"url\":\"https:\\\/\\\/secure.gravatar.com\\\/avatar\\\/3a8de04a2656d44082be478bd6c086daa447c4651605818287b9532d3d0bd435?s=96&d=mm&r=g\",\"contentUrl\":\"https:\\\/\\\/secure.gravatar.com\\\/avatar\\\/3a8de04a2656d44082be478bd6c086daa447c4651605818287b9532d3d0bd435?s=96&d=mm&r=g\",\"caption\":\"Lo viste en Los Pol\u00edticos\"},\"url\":\"https:\\\/\\\/lospoliticosveracruz.com\\\/?author=2\"}]}<\/script>\n<!-- \/ Yoast SEO plugin. -->","yoast_head_json":{"title":"CALDER\u00d3N Y PAN, BRUJOS MAYORES! - Los pol\u00edticos Veracruz","robots":{"index":"index","follow":"follow","max-snippet":"max-snippet:-1","max-image-preview":"max-image-preview:large","max-video-preview":"max-video-preview:-1"},"canonical":"https:\/\/lospoliticosveracruz.com\/?p=121990","og_locale":"es_ES","og_type":"article","og_title":"CALDER\u00d3N Y PAN, BRUJOS MAYORES! - Los pol\u00edticos Veracruz","og_description":"XalapaArussi Unda, vocera de la organizaci\u00f3n de mujeres \u201cBrujas del Mar\u201d y quien est\u00e1 identificada plenamente con el ex presidente Felipe Calder\u00f3n Hinojosa y los Yunes, ha mantenido un abierto activismo pol\u00edtico a favor del PRIAN, lo cual es evidente con sus constantes publicaciones en contra de la candidata de Morena a la gubernatura de [&hellip;]","og_url":"https:\/\/lospoliticosveracruz.com\/?p=121990","og_site_name":"Los pol\u00edticos Veracruz","article_publisher":"https:\/\/www.facebook.com\/people\/Notimemes-de-los-Polticos\/61565672886568\/","article_published_time":"2024-04-12T01:22:04+00:00","article_modified_time":"2024-04-12T01:30:15+00:00","og_image":[{"url":"https:\/\/lospoliticosveracruz.com.mx\/wp-content\/uploads\/2023\/08\/Alex-1024x791.jpg","type":"","width":"","height":""}],"author":"Lo viste en Los Pol\u00edticos","twitter_card":"summary_large_image","twitter_creator":"@LosPoliticosVer","twitter_site":"@LosPoliticosVer","twitter_misc":{"Escrito por":"Lo viste en Los Pol\u00edticos","Tiempo de lectura":"2 minutos"},"schema":{"@context":"https:\/\/schema.org","@graph":[{"@type":"Article","@id":"https:\/\/lospoliticosveracruz.com\/?p=121990#article","isPartOf":{"@id":"https:\/\/lospoliticosveracruz.com\/?p=121990"},"author":{"name":"Lo viste en Los Pol\u00edticos","@id":"https:\/\/lospoliticosveracruz.com\/#\/schema\/person\/b8702bb0e538456e6efd07080bf2a4a2"},"headline":"CALDER\u00d3N Y PAN, BRUJOS MAYORES!","datePublished":"2024-04-12T01:22:04+00:00","dateModified":"2024-04-12T01:30:15+00:00","mainEntityOfPage":{"@id":"https:\/\/lospoliticosveracruz.com\/?p=121990"},"wordCount":477,"publisher":{"@id":"https:\/\/lospoliticosveracruz.com\/#organization"},"image":{"@id":"https:\/\/lospoliticosveracruz.com\/?p=121990#primaryimage"},"thumbnailUrl":"https:\/\/lospoliticosveracruz.com.mx\/wp-content\/uploads\/2023\/08\/Alex-1024x791.jpg","keywords":["Brujas del Mar","D\u00eda Internacional de las mujeres"],"articleSection":["Lavadero"],"inLanguage":"es"},{"@type":"WebPage","@id":"https:\/\/lospoliticosveracruz.com\/?p=121990","url":"https:\/\/lospoliticosveracruz.com\/?p=121990","name":"CALDER\u00d3N Y PAN, BRUJOS MAYORES! - Los pol\u00edticos Veracruz","isPartOf":{"@id":"https:\/\/lospoliticosveracruz.com\/#website"},"primaryImageOfPage":{"@id":"https:\/\/lospoliticosveracruz.com\/?p=121990#primaryimage"},"image":{"@id":"https:\/\/lospoliticosveracruz.com\/?p=121990#primaryimage"},"thumbnailUrl":"https:\/\/lospoliticosveracruz.com.mx\/wp-content\/uploads\/2023\/08\/Alex-1024x791.jpg","datePublished":"2024-04-12T01:22:04+00:00","dateModified":"2024-04-12T01:30:15+00:00","breadcrumb":{"@id":"https:\/\/lospoliticosveracruz.com\/?p=121990#breadcrumb"},"inLanguage":"es","potentialAction":[{"@type":"ReadAction","target":["https:\/\/lospoliticosveracruz.com\/?p=121990"]}]},{"@type":"ImageObject","inLanguage":"es","@id":"https:\/\/lospoliticosveracruz.com\/?p=121990#primaryimage","url":"https:\/\/lospoliticosveracruz.com.mx\/wp-content\/uploads\/2023\/08\/Alex-1024x791.jpg","contentUrl":"https:\/\/lospoliticosveracruz.com.mx\/wp-content\/uploads\/2023\/08\/Alex-1024x791.jpg"},{"@type":"BreadcrumbList","@id":"https:\/\/lospoliticosveracruz.com\/?p=121990#breadcrumb","itemListElement":[{"@type":"ListItem","position":1,"name":"Portada","item":"https:\/\/lospoliticosveracruz.com\/"},{"@type":"ListItem","position":2,"name":"CALDER\u00d3N Y PAN, BRUJOS MAYORES!"}]},{"@type":"WebSite","@id":"https:\/\/lospoliticosveracruz.com\/#website","url":"https:\/\/lospoliticosveracruz.com\/","name":"Los pol\u00edticos Veracruz","description":"","publisher":{"@id":"https:\/\/lospoliticosveracruz.com\/#organization"},"potentialAction":[{"@type":"SearchAction","target":{"@type":"EntryPoint","urlTemplate":"https:\/\/lospoliticosveracruz.com\/?s={search_term_string}"},"query-input":{"@type":"PropertyValueSpecification","valueRequired":true,"valueName":"search_term_string"}}],"inLanguage":"es"},{"@type":"Organization","@id":"https:\/\/lospoliticosveracruz.com\/#organization","name":"Los pol\u00edticos Veracruz","url":"https:\/\/lospoliticosveracruz.com\/","logo":{"@type":"ImageObject","inLanguage":"es","@id":"https:\/\/lospoliticosveracruz.com\/#\/schema\/logo\/image\/","url":"https:\/\/lospoliticosveracruz.com\/wp-content\/uploads\/2025\/12\/Logo-Nuevo-LOS-POLITICOS-1.jpg","contentUrl":"https:\/\/lospoliticosveracruz.com\/wp-content\/uploads\/2025\/12\/Logo-Nuevo-LOS-POLITICOS-1.jpg","width":260,"height":70,"caption":"Los pol\u00edticos Veracruz"},"image":{"@id":"https:\/\/lospoliticosveracruz.com\/#\/schema\/logo\/image\/"},"sameAs":["https:\/\/www.facebook.com\/people\/Notimemes-de-los-Polticos\/61565672886568\/","https:\/\/x.com\/LosPoliticosVer"]},{"@type":"Person","@id":"https:\/\/lospoliticosveracruz.com\/#\/schema\/person\/b8702bb0e538456e6efd07080bf2a4a2","name":"Lo viste en Los Pol\u00edticos","image":{"@type":"ImageObject","inLanguage":"es","@id":"https:\/\/secure.gravatar.com\/avatar\/3a8de04a2656d44082be478bd6c086daa447c4651605818287b9532d3d0bd435?s=96&d=mm&r=g","url":"https:\/\/secure.gravatar.com\/avatar\/3a8de04a2656d44082be478bd6c086daa447c4651605818287b9532d3d0bd435?s=96&d=mm&r=g","contentUrl":"https:\/\/secure.gravatar.com\/avatar\/3a8de04a2656d44082be478bd6c086daa447c4651605818287b9532d3d0bd435?s=96&d=mm&r=g","caption":"Lo viste en Los Pol\u00edticos"},"url":"https:\/\/lospoliticosveracruz.com\/?author=2"}]}},"_links":{"self":[{"href":"https:\/\/lospoliticosveracruz.com\/index.php?rest_route=\/wp\/v2\/posts\/121990","targetHints":{"allow":["GET"]}}],"collection":[{"href":"https:\/\/lospoliticosveracruz.com\/index.php?rest_route=\/wp\/v2\/posts"}],"about":[{"href":"https:\/\/lospoliticosveracruz.com\/index.php?rest_route=\/wp\/v2\/types\/post"}],"author":[{"embeddable":true,"href":"https:\/\/lospoliticosveracruz.com\/index.php?rest_route=\/wp\/v2\/users\/2"}],"replies":[{"embeddable":true,"href":"https:\/\/lospoliticosveracruz.com\/index.php?rest_route=%2Fwp%2Fv2%2Fcomments&post=121990"}],"version-history":[{"count":1,"href":"https:\/\/lospoliticosveracruz.com\/index.php?rest_route=\/wp\/v2\/posts\/121990\/revisions"}],"predecessor-version":[{"id":121992,"href":"https:\/\/lospoliticosveracruz.com\/index.php?rest_route=\/wp\/v2\/posts\/121990\/revisions\/121992"}],"wp:attachment":[{"href":"https:\/\/lospoliticosveracruz.com\/index.php?rest_route=%2Fwp%2Fv2%2Fmedia&parent=121990"}],"wp:term":[{"taxonomy":"category","embeddable":true,"href":"https:\/\/lospoliticosveracruz.com\/index.php?rest_route=%2Fwp%2Fv2%2Fcategories&post=121990"},{"taxonomy":"post_tag","embeddable":true,"href":"https:\/\/lospoliticosveracruz.com\/index.php?rest_route=%2Fwp%2Fv2%2Ftags&post=121990"}],"curies":[{"name":"wp","href":"https:\/\/api.w.org\/{rel}","templated":true}]}}