{"id":122003,"date":"2024-04-12T07:53:10","date_gmt":"2024-04-12T12:53:10","guid":{"rendered":"https:\/\/lospoliticosveracruz.com.mx\/?p=122003"},"modified":"2024-04-12T07:53:18","modified_gmt":"2024-04-12T12:53:18","slug":"oea-amlo-y-la-incongruencia","status":"publish","type":"post","link":"https:\/\/lospoliticosveracruz.com\/?p=122003","title":{"rendered":"OEA, AMLO Y LA INCONGRUENCIA"},"content":{"rendered":"\n<p><strong>Omar Z\u00fa\u00f1iga<\/strong><\/p>\n\n\n\n<p><em>De Primera Mano <\/em><\/p>\n\n\n\n<p>La Organizaci\u00f3n de los Estados Americanos (<strong>OEA<\/strong>) es el organismo regional m\u00e1s antiguo del mundo, cuyo origen se remonta a la Primera Conferencia Internacional Americana, celebrada en Washington, D.C., de octubre de 1889 a abril de 1890. &nbsp;<\/p>\n\n\n\n<p>La OEA como tal fue creada en 1948, cuando se suscribi\u00f3, en Bogot\u00e1, Colombia, la Carta de la OEA que entr\u00f3 en vigencia en diciembre de 1951 y fue fundada para lograr en los 35&nbsp;miembros,&nbsp;Estados independientes de las Am\u00e9ricas y&nbsp;como lo estipula el Art\u00edculo 1 de la Carta, \u00abun orden de paz y de justicia, fomentar su solidaridad, robustecer su colaboraci\u00f3n y defender su soberan\u00eda, su integridad territorial y su independencia\u00bb.<\/p>\n\n\n\n<p>Constituye el principal foro gubernamental pol\u00edtico, jur\u00eddico y social del Hemisferio, adem\u00e1s, que le ha sido ha otorgado el estatus de Observador Permanente a 70 Estados, as\u00ed como a la Uni\u00f3n Europea (UE).<\/p>\n\n\n\n<p>Su secretario general es&nbsp;<strong>Luis Almagro<\/strong>, quien a su vez fue canciller del entonces presidente de Uruguay&nbsp;<strong>Jos\u00e9 Mujica<\/strong><strong>,&nbsp;<\/strong>un aut\u00e9ntico republicano y austero a quien&nbsp;<strong>L\u00f3pez Obrador&nbsp;<\/strong>ha demostrado admiraci\u00f3n.<\/p>\n\n\n\n<p>Este breviario viene a cuento porque el presidente&nbsp;<strong>Andr\u00e9s Manuel L\u00f3pez Obrador&nbsp;<\/strong>en julio del no tan lejano&nbsp;a\u00f1o&nbsp;2021,&nbsp;propuso un nuevo orden geopol\u00edtico para el continente americano con el reemplazo de la OEA \u201cpor un nuevo organismo que integre a todos los pa\u00edses de Am\u00e9rica Latina y el Caribe y resuelva los conflictos entre ellos\u201d.<\/p>\n\n\n\n<p>Posteriormente, en mayo de 2023, AMLO critic\u00f3 el \u201cinjerencismo\u201d del organismo continental \u201cque est\u00e1 al servicio de intereses creados\u201d y propuso su desaparici\u00f3n, \u201cpues s\u00f3lo se ha dedicado a avalar actos autoritarios contra Gobiernos populares de la regi\u00f3n\u201d.<\/p>\n\n\n\n<p>\u201cEsta organizaci\u00f3n palera (sic) que est\u00e1 al servicio de los grupos de intereses creados, yo les recomiendo que desaparezca la OEA, que no sirve para nada. \u00bfSirve para algo la OEA?, \u00bfSaben ustedes que haya hecho algo bueno la&nbsp;OEA?\u201d, plante\u00f3 L\u00f3pez Obrador en su ma\u00f1anera del mi\u00e9rcoles 10 de mayo de 2023, hace casi exactamente 11 meses, ni siquiera un a\u00f1o.<\/p>\n\n\n\n<p>Pues bueno\u2026, luego de la intromisi\u00f3n de las autoridades de Ecuador en la Embajada de M\u00e9xico en aquel pa\u00eds sudamericano&nbsp;la semana pasada, la OEA emiti\u00f3 una resoluci\u00f3n que condena en\u00e9rgicamente la intromisi\u00f3n policial en la sede diplom\u00e1tica mexicana.<\/p>\n\n\n\n<p>Congruente con su incongruencia y su doble moral&nbsp;y discurso,&nbsp;<strong>L\u00f3pez Obrador&nbsp;<\/strong>celebr\u00f3 la postura del organismo continental.<\/p>\n\n\n\n<p>Ese es el presidente que tenemos los mexicanos, pero que definitivamente, no merecemos, ni algo parecido, como los medicamentos similares\u2026<\/p>\n\n\n\n<p>Solidaridad absoluta con el personal diplom\u00e1tico que fue violentado en Quito.<\/p>\n\n\n\n<p>***<\/p>\n\n\n\n<p>Insisto en que lo de candidata de Morena, la zacatecana&nbsp;<strong>Roc\u00edo&nbsp;<\/strong><strong>Nahle<\/strong><strong>&nbsp;<\/strong>ya no es chistoso, ni mucho menos.<\/p>\n\n\n\n<p>Ahora no supo escribir&nbsp;Coxquihui, y escribi\u00f3&nbsp;Cuxquihui, en sus redes sociales, demuestra, una vez m\u00e1s, que no conoce Veracruz.<\/p>\n\n\n\n<p>Y m\u00e1s all\u00e1 de la ignorancia que muestra y demuestra cada vez que puede de no saber los nombres ni la geograf\u00eda de los municipios veracruzanos, y que es intolerable, m\u00e1s intolerable a\u00fan que piense que&nbsp;l@s&nbsp;ciudadan@s&nbsp;somos pendejos&nbsp;(as\u00ed, con todas sus letras), al proponer formalmente, para abatir el desabasto de medicamentos,&nbsp;abrir rutas diarias de entrega;&nbsp;en&nbsp;actos&nbsp;p\u00fablicos&nbsp;de campa\u00f1a dijo \u201c(\u2026) y ah\u00ed est\u00e1n todos los medicamentos (sic) y nos va a tocar a nosotros distribuirlos. Y yo estuve pensando (wow) y ya encontr\u00e9 la soluci\u00f3n y se las voy a comentar\u201d.&nbsp;<\/p>\n\n\n\n<p>\u201cDije:&nbsp;-bueno, llegando, voy a hacer 20, 30 rutas, las que se necesiten. Una ruta de Xalapa a Mart\u00ednez de la Torre y pasa por diferentes municipios. Otra ruta a Orizaba y pasa por diferentes municipios (\u2026). La camionetita por decir va a Minatitl\u00e1n;&nbsp;all\u00e1 en Minatitl\u00e1n van&nbsp;a decir -se acabaron las aspirinas,&nbsp;se prende en rojo la computadora-; en Xalapa la ven y dicen:&nbsp;-Minatitl\u00e1n no tiene aspirinas, pongan las aspirinas-; pero esa camionetita a la mejor va a pasar por Cosamaloapan, va a pasar por Tierra Blanca \u00a1por donde sea! (sic), y va a ir llevando lo que los inventarios, se llama \u00a1sistema de inventario!, lo que el inventario vaya marcando, todos los d\u00edas y no crean que es dif\u00edcil (sic); si andan las camionetitas de los refrescos todos los d\u00edas, entregando refrescos, porque ellos entregan la enfermedad (sic), pues nosotros vamos a entregar el remedio. \u00bfNo se les hace? (ovaci\u00f3n del respetable)\u201d.&nbsp;<\/p>\n\n\n\n<p>Es as\u00ed como, para combatir el desabasto de medicamentos, pasamos de&nbsp;la&nbsp;megafarmacia&nbsp;del megal\u00f3mano, a la entrega diaria en camionetitas, ocurrencia de alguien que no tiene peregrina idea de lo qu\u00e9&nbsp;dice, menos va a saber qu\u00e9 es&nbsp;es&nbsp;enviar una ruta diaria por carretera en la ampl\u00edsima geograf\u00eda veracruzana&nbsp;(y como est\u00e1n las v\u00edas de jodidas)&nbsp;ni tampoco lo que cuesta, pues nom\u00e1s \u00e9chele n\u00fameros, solamente de gasolina y casetas, sin contar el deterioro de los veh\u00edculos.<\/p>\n\n\n\n<p>Ocurrencias, pues, de un personaje ignorante.<\/p>\n\n\n\n<p>***<\/p>\n\n\n\n<p>El mi\u00e9rcoles pasado, circul\u00f3 nuevamente una medici\u00f3n estad\u00edstica de una casa encuestadora que se encuentra dentro del&nbsp;cluster&nbsp;de polls.mx, que mide y ha dado ventaja a&nbsp;<strong>Claudia&nbsp;<\/strong><strong>Sheinbaum<\/strong><strong>&nbsp;<\/strong>sobre&nbsp;<strong>X\u00f3chitl G\u00e1lvez<\/strong>, por ejemplo, de nombre&nbsp;Electoralia, que da una ventaja, ligera de apenas un punto porcentual a&nbsp;<strong>Pepe&nbsp;<\/strong><strong>Yunes<\/strong><strong>&nbsp;<\/strong>sobre&nbsp;<strong>Roc\u00edo&nbsp;<\/strong><strong>Nahle<\/strong>, lo que ciertamente los pone en empate t\u00e9cnico, pero Pepe ya arriba de la zacatecana.<\/p>\n\n\n\n<p>Con esta encuesta son ya dos empresas del mismo&nbsp;cluster&nbsp;estad\u00edstico, que dan ventaja al&nbsp;perote\u00f1o, la otra fue&nbsp;GobernArte.<\/p>\n\n\n\n<p>Pues bueno, luego de esto, del equipo de do\u00f1a Ch\u00edo se apresuraron a descalificar las mediciones.<\/p>\n\n\n\n<p>M\u00e1s all\u00e1 de que una encuesta es&nbsp;la&nbsp;medici\u00f3n de un momento en espec\u00edfico, una fotograf\u00eda pues, lo que llama poderosamente la atenci\u00f3n es que si como dicen quienes descalifican, incluidos colegas reporteros, no es cierto, porqu\u00e9 desacreditarlas, si son mentiras, si son \u201cchafas\u201d, como publicaron el mismo mi\u00e9rcoles.<\/p>\n\n\n\n<p>Lo que sabemos&nbsp;<strong>De Primera Mano&nbsp;<\/strong>es que un personaje oscuro de&nbsp;Hueyapan&nbsp;y que opera en el Congreso, es el que anda de \u201cculiempinado\u201d (Germ\u00e1n Mart\u00ednez dixit) con t\u00eda Ch\u00edo, para ver si puede ganar algo de cr\u00e9dito con ella, luego de que su futuro se encuentra en&nbsp;riesgo, lo mismo de quienes se prestan a instrumentar la campa\u00f1a negra.<\/p>\n\n\n\n<p>La realidad es que&nbsp;<strong>Pepe&nbsp;<\/strong><strong>Yunes<\/strong><strong>&nbsp;<\/strong>va muy bien, que&nbsp;<strong>Nahle<\/strong><strong>&nbsp;<\/strong>no levanta, que el equipo de la zacatecana lo sabe y est\u00e1n desesperados, pues nom\u00e1s no dan una.<\/p>\n\n\n\n<p>\u00a1Qu\u00e9 barbaridad!<\/p>\n\n\n\n<p>deprimera.mano2020@gmal.com<\/p>\n","protected":false},"excerpt":{"rendered":"<p>Omar Z\u00fa\u00f1iga De Primera Mano La Organizaci\u00f3n de los Estados Americanos (OEA) es el organismo regional m\u00e1s antiguo del mundo, cuyo origen se remonta a la Primera Conferencia Internacional Americana, celebrada en Washington, D.C., de octubre de 1889 a abril de 1890. &nbsp; La OEA como tal fue creada en 1948, cuando se suscribi\u00f3, en [&hellip;]<\/p>\n","protected":false},"author":2,"featured_media":119918,"comment_status":"closed","ping_status":"closed","sticky":false,"template":"","format":"standard","meta":{"tdm_status":"","tdm_grid_status":"","footnotes":""},"categories":[70],"tags":[618,1026,570,3578,195,17531],"class_list":{"0":"post-122003","1":"post","2":"type-post","3":"status-publish","4":"format-standard","5":"has-post-thumbnail","7":"category-de-opinion","8":"tag-andres-manuel-lopez-obrador","9":"tag-morena","10":"tag-pepe-yunes","11":"tag-rocio-nahle","12":"tag-veracruz","13":"tag-xochitl-galvez"},"yoast_head":"<!-- This site is optimized with the Yoast SEO plugin v27.4 - https:\/\/yoast.com\/product\/yoast-seo-wordpress\/ -->\n<title>OEA, AMLO Y LA INCONGRUENCIA - Los pol\u00edticos Veracruz<\/title>\n<meta name=\"robots\" content=\"index, follow, max-snippet:-1, max-image-preview:large, max-video-preview:-1\" \/>\n<link rel=\"canonical\" href=\"https:\/\/lospoliticosveracruz.com\/?p=122003\" \/>\n<meta property=\"og:locale\" content=\"es_ES\" \/>\n<meta property=\"og:type\" content=\"article\" \/>\n<meta property=\"og:title\" content=\"OEA, AMLO Y LA INCONGRUENCIA - Los pol\u00edticos Veracruz\" \/>\n<meta property=\"og:description\" content=\"Omar Z\u00fa\u00f1iga De Primera Mano La Organizaci\u00f3n de los Estados Americanos (OEA) es el organismo regional m\u00e1s antiguo del mundo, cuyo origen se remonta a la Primera Conferencia Internacional Americana, celebrada en Washington, D.C., de octubre de 1889 a abril de 1890. &nbsp; La OEA como tal fue creada en 1948, cuando se suscribi\u00f3, en [&hellip;]\" \/>\n<meta property=\"og:url\" content=\"https:\/\/lospoliticosveracruz.com\/?p=122003\" \/>\n<meta property=\"og:site_name\" content=\"Los pol\u00edticos Veracruz\" \/>\n<meta property=\"article:publisher\" content=\"https:\/\/www.facebook.com\/people\/Notimemes-de-los-Polticos\/61565672886568\/\" \/>\n<meta property=\"article:published_time\" content=\"2024-04-12T12:53:10+00:00\" \/>\n<meta property=\"article:modified_time\" content=\"2024-04-12T12:53:18+00:00\" \/>\n<meta property=\"og:image\" content=\"https:\/\/lospoliticosveracruz.com\/wp-content\/uploads\/2024\/03\/Omar-Zuniga.jpg\" \/>\n\t<meta property=\"og:image:width\" content=\"1250\" \/>\n\t<meta property=\"og:image:height\" content=\"667\" \/>\n\t<meta property=\"og:image:type\" content=\"image\/jpeg\" \/>\n<meta name=\"author\" content=\"Lo viste en Los Pol\u00edticos\" \/>\n<meta name=\"twitter:card\" content=\"summary_large_image\" \/>\n<meta name=\"twitter:creator\" content=\"@LosPoliticosVer\" \/>\n<meta name=\"twitter:site\" content=\"@LosPoliticosVer\" \/>\n<meta name=\"twitter:label1\" content=\"Escrito por\" \/>\n\t<meta name=\"twitter:data1\" content=\"Lo viste en Los Pol\u00edticos\" \/>\n\t<meta name=\"twitter:label2\" content=\"Tiempo de lectura\" \/>\n\t<meta name=\"twitter:data2\" content=\"6 minutos\" \/>\n<script type=\"application\/ld+json\" class=\"yoast-schema-graph\">{\"@context\":\"https:\\\/\\\/schema.org\",\"@graph\":[{\"@type\":\"Article\",\"@id\":\"https:\\\/\\\/lospoliticosveracruz.com\\\/?p=122003#article\",\"isPartOf\":{\"@id\":\"https:\\\/\\\/lospoliticosveracruz.com\\\/?p=122003\"},\"author\":{\"name\":\"Lo viste en Los Pol\u00edticos\",\"@id\":\"https:\\\/\\\/lospoliticosveracruz.com\\\/#\\\/schema\\\/person\\\/b8702bb0e538456e6efd07080bf2a4a2\"},\"headline\":\"OEA, AMLO Y LA INCONGRUENCIA\",\"datePublished\":\"2024-04-12T12:53:10+00:00\",\"dateModified\":\"2024-04-12T12:53:18+00:00\",\"mainEntityOfPage\":{\"@id\":\"https:\\\/\\\/lospoliticosveracruz.com\\\/?p=122003\"},\"wordCount\":1208,\"publisher\":{\"@id\":\"https:\\\/\\\/lospoliticosveracruz.com\\\/#organization\"},\"image\":{\"@id\":\"https:\\\/\\\/lospoliticosveracruz.com\\\/?p=122003#primaryimage\"},\"thumbnailUrl\":\"https:\\\/\\\/lospoliticosveracruz.com\\\/wp-content\\\/uploads\\\/2024\\\/03\\\/Omar-Zuniga.jpg\",\"keywords\":[\"Andr\u00e9s Manuel L\u00f3pez Obrador\",\"Morena\",\"Pepe Yunes\",\"Roc\u00edo Nahle\",\"Veracruz\",\"X\u00f3chitl G\u00e1lvez\"],\"articleSection\":[\"De Opini\u00f3n\"],\"inLanguage\":\"es\"},{\"@type\":\"WebPage\",\"@id\":\"https:\\\/\\\/lospoliticosveracruz.com\\\/?p=122003\",\"url\":\"https:\\\/\\\/lospoliticosveracruz.com\\\/?p=122003\",\"name\":\"OEA, AMLO Y LA INCONGRUENCIA - Los pol\u00edticos Veracruz\",\"isPartOf\":{\"@id\":\"https:\\\/\\\/lospoliticosveracruz.com\\\/#website\"},\"primaryImageOfPage\":{\"@id\":\"https:\\\/\\\/lospoliticosveracruz.com\\\/?p=122003#primaryimage\"},\"image\":{\"@id\":\"https:\\\/\\\/lospoliticosveracruz.com\\\/?p=122003#primaryimage\"},\"thumbnailUrl\":\"https:\\\/\\\/lospoliticosveracruz.com\\\/wp-content\\\/uploads\\\/2024\\\/03\\\/Omar-Zuniga.jpg\",\"datePublished\":\"2024-04-12T12:53:10+00:00\",\"dateModified\":\"2024-04-12T12:53:18+00:00\",\"breadcrumb\":{\"@id\":\"https:\\\/\\\/lospoliticosveracruz.com\\\/?p=122003#breadcrumb\"},\"inLanguage\":\"es\",\"potentialAction\":[{\"@type\":\"ReadAction\",\"target\":[\"https:\\\/\\\/lospoliticosveracruz.com\\\/?p=122003\"]}]},{\"@type\":\"ImageObject\",\"inLanguage\":\"es\",\"@id\":\"https:\\\/\\\/lospoliticosveracruz.com\\\/?p=122003#primaryimage\",\"url\":\"https:\\\/\\\/lospoliticosveracruz.com\\\/wp-content\\\/uploads\\\/2024\\\/03\\\/Omar-Zuniga.jpg\",\"contentUrl\":\"https:\\\/\\\/lospoliticosveracruz.com\\\/wp-content\\\/uploads\\\/2024\\\/03\\\/Omar-Zuniga.jpg\",\"width\":1250,\"height\":667},{\"@type\":\"BreadcrumbList\",\"@id\":\"https:\\\/\\\/lospoliticosveracruz.com\\\/?p=122003#breadcrumb\",\"itemListElement\":[{\"@type\":\"ListItem\",\"position\":1,\"name\":\"Portada\",\"item\":\"https:\\\/\\\/lospoliticosveracruz.com\\\/\"},{\"@type\":\"ListItem\",\"position\":2,\"name\":\"OEA, AMLO Y LA INCONGRUENCIA\"}]},{\"@type\":\"WebSite\",\"@id\":\"https:\\\/\\\/lospoliticosveracruz.com\\\/#website\",\"url\":\"https:\\\/\\\/lospoliticosveracruz.com\\\/\",\"name\":\"Los pol\u00edticos Veracruz\",\"description\":\"\",\"publisher\":{\"@id\":\"https:\\\/\\\/lospoliticosveracruz.com\\\/#organization\"},\"potentialAction\":[{\"@type\":\"SearchAction\",\"target\":{\"@type\":\"EntryPoint\",\"urlTemplate\":\"https:\\\/\\\/lospoliticosveracruz.com\\\/?s={search_term_string}\"},\"query-input\":{\"@type\":\"PropertyValueSpecification\",\"valueRequired\":true,\"valueName\":\"search_term_string\"}}],\"inLanguage\":\"es\"},{\"@type\":\"Organization\",\"@id\":\"https:\\\/\\\/lospoliticosveracruz.com\\\/#organization\",\"name\":\"Los pol\u00edticos Veracruz\",\"url\":\"https:\\\/\\\/lospoliticosveracruz.com\\\/\",\"logo\":{\"@type\":\"ImageObject\",\"inLanguage\":\"es\",\"@id\":\"https:\\\/\\\/lospoliticosveracruz.com\\\/#\\\/schema\\\/logo\\\/image\\\/\",\"url\":\"https:\\\/\\\/lospoliticosveracruz.com\\\/wp-content\\\/uploads\\\/2025\\\/12\\\/Logo-Nuevo-LOS-POLITICOS-1.jpg\",\"contentUrl\":\"https:\\\/\\\/lospoliticosveracruz.com\\\/wp-content\\\/uploads\\\/2025\\\/12\\\/Logo-Nuevo-LOS-POLITICOS-1.jpg\",\"width\":260,\"height\":70,\"caption\":\"Los pol\u00edticos Veracruz\"},\"image\":{\"@id\":\"https:\\\/\\\/lospoliticosveracruz.com\\\/#\\\/schema\\\/logo\\\/image\\\/\"},\"sameAs\":[\"https:\\\/\\\/www.facebook.com\\\/people\\\/Notimemes-de-los-Polticos\\\/61565672886568\\\/\",\"https:\\\/\\\/x.com\\\/LosPoliticosVer\"]},{\"@type\":\"Person\",\"@id\":\"https:\\\/\\\/lospoliticosveracruz.com\\\/#\\\/schema\\\/person\\\/b8702bb0e538456e6efd07080bf2a4a2\",\"name\":\"Lo viste en Los Pol\u00edticos\",\"image\":{\"@type\":\"ImageObject\",\"inLanguage\":\"es\",\"@id\":\"https:\\\/\\\/secure.gravatar.com\\\/avatar\\\/3a8de04a2656d44082be478bd6c086daa447c4651605818287b9532d3d0bd435?s=96&d=mm&r=g\",\"url\":\"https:\\\/\\\/secure.gravatar.com\\\/avatar\\\/3a8de04a2656d44082be478bd6c086daa447c4651605818287b9532d3d0bd435?s=96&d=mm&r=g\",\"contentUrl\":\"https:\\\/\\\/secure.gravatar.com\\\/avatar\\\/3a8de04a2656d44082be478bd6c086daa447c4651605818287b9532d3d0bd435?s=96&d=mm&r=g\",\"caption\":\"Lo viste en Los Pol\u00edticos\"},\"url\":\"https:\\\/\\\/lospoliticosveracruz.com\\\/?author=2\"}]}<\/script>\n<!-- \/ Yoast SEO plugin. -->","yoast_head_json":{"title":"OEA, AMLO Y LA INCONGRUENCIA - Los pol\u00edticos Veracruz","robots":{"index":"index","follow":"follow","max-snippet":"max-snippet:-1","max-image-preview":"max-image-preview:large","max-video-preview":"max-video-preview:-1"},"canonical":"https:\/\/lospoliticosveracruz.com\/?p=122003","og_locale":"es_ES","og_type":"article","og_title":"OEA, AMLO Y LA INCONGRUENCIA - Los pol\u00edticos Veracruz","og_description":"Omar Z\u00fa\u00f1iga De Primera Mano La Organizaci\u00f3n de los Estados Americanos (OEA) es el organismo regional m\u00e1s antiguo del mundo, cuyo origen se remonta a la Primera Conferencia Internacional Americana, celebrada en Washington, D.C., de octubre de 1889 a abril de 1890. &nbsp; La OEA como tal fue creada en 1948, cuando se suscribi\u00f3, en [&hellip;]","og_url":"https:\/\/lospoliticosveracruz.com\/?p=122003","og_site_name":"Los pol\u00edticos Veracruz","article_publisher":"https:\/\/www.facebook.com\/people\/Notimemes-de-los-Polticos\/61565672886568\/","article_published_time":"2024-04-12T12:53:10+00:00","article_modified_time":"2024-04-12T12:53:18+00:00","og_image":[{"width":1250,"height":667,"url":"https:\/\/lospoliticosveracruz.com\/wp-content\/uploads\/2024\/03\/Omar-Zuniga.jpg","type":"image\/jpeg"}],"author":"Lo viste en Los Pol\u00edticos","twitter_card":"summary_large_image","twitter_creator":"@LosPoliticosVer","twitter_site":"@LosPoliticosVer","twitter_misc":{"Escrito por":"Lo viste en Los Pol\u00edticos","Tiempo de lectura":"6 minutos"},"schema":{"@context":"https:\/\/schema.org","@graph":[{"@type":"Article","@id":"https:\/\/lospoliticosveracruz.com\/?p=122003#article","isPartOf":{"@id":"https:\/\/lospoliticosveracruz.com\/?p=122003"},"author":{"name":"Lo viste en Los Pol\u00edticos","@id":"https:\/\/lospoliticosveracruz.com\/#\/schema\/person\/b8702bb0e538456e6efd07080bf2a4a2"},"headline":"OEA, AMLO Y LA INCONGRUENCIA","datePublished":"2024-04-12T12:53:10+00:00","dateModified":"2024-04-12T12:53:18+00:00","mainEntityOfPage":{"@id":"https:\/\/lospoliticosveracruz.com\/?p=122003"},"wordCount":1208,"publisher":{"@id":"https:\/\/lospoliticosveracruz.com\/#organization"},"image":{"@id":"https:\/\/lospoliticosveracruz.com\/?p=122003#primaryimage"},"thumbnailUrl":"https:\/\/lospoliticosveracruz.com\/wp-content\/uploads\/2024\/03\/Omar-Zuniga.jpg","keywords":["Andr\u00e9s Manuel L\u00f3pez Obrador","Morena","Pepe Yunes","Roc\u00edo Nahle","Veracruz","X\u00f3chitl G\u00e1lvez"],"articleSection":["De Opini\u00f3n"],"inLanguage":"es"},{"@type":"WebPage","@id":"https:\/\/lospoliticosveracruz.com\/?p=122003","url":"https:\/\/lospoliticosveracruz.com\/?p=122003","name":"OEA, AMLO Y LA INCONGRUENCIA - Los pol\u00edticos Veracruz","isPartOf":{"@id":"https:\/\/lospoliticosveracruz.com\/#website"},"primaryImageOfPage":{"@id":"https:\/\/lospoliticosveracruz.com\/?p=122003#primaryimage"},"image":{"@id":"https:\/\/lospoliticosveracruz.com\/?p=122003#primaryimage"},"thumbnailUrl":"https:\/\/lospoliticosveracruz.com\/wp-content\/uploads\/2024\/03\/Omar-Zuniga.jpg","datePublished":"2024-04-12T12:53:10+00:00","dateModified":"2024-04-12T12:53:18+00:00","breadcrumb":{"@id":"https:\/\/lospoliticosveracruz.com\/?p=122003#breadcrumb"},"inLanguage":"es","potentialAction":[{"@type":"ReadAction","target":["https:\/\/lospoliticosveracruz.com\/?p=122003"]}]},{"@type":"ImageObject","inLanguage":"es","@id":"https:\/\/lospoliticosveracruz.com\/?p=122003#primaryimage","url":"https:\/\/lospoliticosveracruz.com\/wp-content\/uploads\/2024\/03\/Omar-Zuniga.jpg","contentUrl":"https:\/\/lospoliticosveracruz.com\/wp-content\/uploads\/2024\/03\/Omar-Zuniga.jpg","width":1250,"height":667},{"@type":"BreadcrumbList","@id":"https:\/\/lospoliticosveracruz.com\/?p=122003#breadcrumb","itemListElement":[{"@type":"ListItem","position":1,"name":"Portada","item":"https:\/\/lospoliticosveracruz.com\/"},{"@type":"ListItem","position":2,"name":"OEA, AMLO Y LA INCONGRUENCIA"}]},{"@type":"WebSite","@id":"https:\/\/lospoliticosveracruz.com\/#website","url":"https:\/\/lospoliticosveracruz.com\/","name":"Los pol\u00edticos Veracruz","description":"","publisher":{"@id":"https:\/\/lospoliticosveracruz.com\/#organization"},"potentialAction":[{"@type":"SearchAction","target":{"@type":"EntryPoint","urlTemplate":"https:\/\/lospoliticosveracruz.com\/?s={search_term_string}"},"query-input":{"@type":"PropertyValueSpecification","valueRequired":true,"valueName":"search_term_string"}}],"inLanguage":"es"},{"@type":"Organization","@id":"https:\/\/lospoliticosveracruz.com\/#organization","name":"Los pol\u00edticos Veracruz","url":"https:\/\/lospoliticosveracruz.com\/","logo":{"@type":"ImageObject","inLanguage":"es","@id":"https:\/\/lospoliticosveracruz.com\/#\/schema\/logo\/image\/","url":"https:\/\/lospoliticosveracruz.com\/wp-content\/uploads\/2025\/12\/Logo-Nuevo-LOS-POLITICOS-1.jpg","contentUrl":"https:\/\/lospoliticosveracruz.com\/wp-content\/uploads\/2025\/12\/Logo-Nuevo-LOS-POLITICOS-1.jpg","width":260,"height":70,"caption":"Los pol\u00edticos Veracruz"},"image":{"@id":"https:\/\/lospoliticosveracruz.com\/#\/schema\/logo\/image\/"},"sameAs":["https:\/\/www.facebook.com\/people\/Notimemes-de-los-Polticos\/61565672886568\/","https:\/\/x.com\/LosPoliticosVer"]},{"@type":"Person","@id":"https:\/\/lospoliticosveracruz.com\/#\/schema\/person\/b8702bb0e538456e6efd07080bf2a4a2","name":"Lo viste en Los Pol\u00edticos","image":{"@type":"ImageObject","inLanguage":"es","@id":"https:\/\/secure.gravatar.com\/avatar\/3a8de04a2656d44082be478bd6c086daa447c4651605818287b9532d3d0bd435?s=96&d=mm&r=g","url":"https:\/\/secure.gravatar.com\/avatar\/3a8de04a2656d44082be478bd6c086daa447c4651605818287b9532d3d0bd435?s=96&d=mm&r=g","contentUrl":"https:\/\/secure.gravatar.com\/avatar\/3a8de04a2656d44082be478bd6c086daa447c4651605818287b9532d3d0bd435?s=96&d=mm&r=g","caption":"Lo viste en Los Pol\u00edticos"},"url":"https:\/\/lospoliticosveracruz.com\/?author=2"}]}},"_links":{"self":[{"href":"https:\/\/lospoliticosveracruz.com\/index.php?rest_route=\/wp\/v2\/posts\/122003","targetHints":{"allow":["GET"]}}],"collection":[{"href":"https:\/\/lospoliticosveracruz.com\/index.php?rest_route=\/wp\/v2\/posts"}],"about":[{"href":"https:\/\/lospoliticosveracruz.com\/index.php?rest_route=\/wp\/v2\/types\/post"}],"author":[{"embeddable":true,"href":"https:\/\/lospoliticosveracruz.com\/index.php?rest_route=\/wp\/v2\/users\/2"}],"replies":[{"embeddable":true,"href":"https:\/\/lospoliticosveracruz.com\/index.php?rest_route=%2Fwp%2Fv2%2Fcomments&post=122003"}],"version-history":[{"count":1,"href":"https:\/\/lospoliticosveracruz.com\/index.php?rest_route=\/wp\/v2\/posts\/122003\/revisions"}],"predecessor-version":[{"id":122004,"href":"https:\/\/lospoliticosveracruz.com\/index.php?rest_route=\/wp\/v2\/posts\/122003\/revisions\/122004"}],"wp:featuredmedia":[{"embeddable":true,"href":"https:\/\/lospoliticosveracruz.com\/index.php?rest_route=\/wp\/v2\/media\/119918"}],"wp:attachment":[{"href":"https:\/\/lospoliticosveracruz.com\/index.php?rest_route=%2Fwp%2Fv2%2Fmedia&parent=122003"}],"wp:term":[{"taxonomy":"category","embeddable":true,"href":"https:\/\/lospoliticosveracruz.com\/index.php?rest_route=%2Fwp%2Fv2%2Fcategories&post=122003"},{"taxonomy":"post_tag","embeddable":true,"href":"https:\/\/lospoliticosveracruz.com\/index.php?rest_route=%2Fwp%2Fv2%2Ftags&post=122003"}],"curies":[{"name":"wp","href":"https:\/\/api.w.org\/{rel}","templated":true}]}}