{"id":122024,"date":"2024-04-12T10:58:30","date_gmt":"2024-04-12T15:58:30","guid":{"rendered":"https:\/\/lospoliticosveracruz.com.mx\/?p=122024"},"modified":"2024-04-12T10:58:48","modified_gmt":"2024-04-12T15:58:48","slug":"guerra-sucia-2","status":"publish","type":"post","link":"https:\/\/lospoliticosveracruz.com\/?p=122024","title":{"rendered":"GUERRA SUCIA"},"content":{"rendered":"\n<p><strong>Manolo Victorio<\/strong><\/p>\n\n\n\n<p><em>Carpe Diem<br><\/em><\/p>\n\n\n\n<p>Las campa\u00f1as proselitistas rumbo a la gubernatura de Veracruz se han decantado al lodazal.<br>La propuesta ha quedado en segundo plano ante las campa\u00f1as negras que se intensifican para da\u00f1ar al adversario.<br>Seg\u00fan el Instituto Nacional Electoral, se identifica una campa\u00f1a negra luego del resultado cient\u00edfico de los estudios del cerebro humano, que responde m\u00e1s en la toma de decisiones al lado emocional que al m\u00f3dulo racional.<\/p>\n\n\n<div class=\"wp-block-image\">\n<figure class=\"alignleft size-medium is-resized\"><a href=\"https:\/\/lospoliticosveracruz.com.mx\/wp-content\/uploads\/2021\/10\/WhatsApp-Image-2021-10-02-at-15.20.25.jpeg\"><img loading=\"lazy\" decoding=\"async\" width=\"212\" height=\"300\" src=\"https:\/\/lospoliticosveracruz.com.mx\/wp-content\/uploads\/2021\/10\/WhatsApp-Image-2021-10-02-at-15.20.25-212x300.jpeg\" alt=\"\" class=\"wp-image-80177\" style=\"width:359px;height:auto\" srcset=\"https:\/\/lospoliticosveracruz.com\/wp-content\/uploads\/2021\/10\/WhatsApp-Image-2021-10-02-at-15.20.25-212x300.jpeg 212w, https:\/\/lospoliticosveracruz.com\/wp-content\/uploads\/2021\/10\/WhatsApp-Image-2021-10-02-at-15.20.25-724x1024.jpeg 724w, https:\/\/lospoliticosveracruz.com\/wp-content\/uploads\/2021\/10\/WhatsApp-Image-2021-10-02-at-15.20.25-768x1086.jpeg 768w, https:\/\/lospoliticosveracruz.com\/wp-content\/uploads\/2021\/10\/WhatsApp-Image-2021-10-02-at-15.20.25.jpeg 905w\" sizes=\"auto, (max-width: 212px) 100vw, 212px\" \/><\/a><\/figure>\n<\/div>\n\n\n<p><br>Las campa\u00f1as negras activan el cerebro emocional, tienen un aspecto de contraste y otra de ataque \u2013seg\u00fan video del INE Televisi\u00f3n-, distinguen al oponente comparando los resultado y aspectos criticables de sus propuestas e ideas; pero tambi\u00e9n de su imagen, car\u00e1cter e historia.<br>Los ataques a estos aspectos activan el cerebro reptiliano del individuo \u2013el m\u00e1s antiguo e instintivo- dice la explicadora del INE.<br>Las promesas sin fundamento, el verbo f\u00e1cil y los regalos llegan con facilidad al cerebro reptiliano.<br>Georgina Montemayor, la explicadora del INE invita al potencial elector a informarse sobre las propuestas que traen los candidatos a un puesto de elecci\u00f3n popular. El ciudadano debe hacerse la pregunta si las propuestas tienen objetivos reales e identificables, quien es capaz de ver claro el pa\u00eds que tenemos y el que queremos tener.<br>Buscar las ideas por encima de los insultos y descalificaciones, recomienda el \u00e1rbitro electoral en la concepci\u00f3n, maduraci\u00f3n y ejecuci\u00f3n del voto libremente decidido.<br>Los insultos y descalificaciones pueblan el escenario electoral, donde los villanos del pasado, ahora se visten con capas de justicieros, en un intento por llegar al cerebro reptiliano de los veracruzanos.<br>Las campa\u00f1as negras, las contracampa\u00f1as tienen una parte de contraste y otra de ataque, esto es: critican las ideas y propuestas de su oponente, as\u00ed como su car\u00e1cter e imagen.<br>La cuesti\u00f3n aqu\u00ed es que las campa\u00f1as que enderezan son identificables hasta por un estudiante de dise\u00f1o gr\u00e1fico y publicidad.<br>Se quedan en el c\u00edrculo rojo, en la nata, en el mundo virtual de las redes sociales, en los grupos de chat del WhatsApp donde se construyen realidades virtuales y escenarios victoriosos que s\u00f3lo existen en las mentes de los estrategas partidistas que s\u00f3lo venden por adelantado el bono de la esperanza a los candidatos que por un lapso de 60 d\u00edas viven en la burbuja de un poder obtenido por el algoritmo de la Inteligencia Artificial.<br>El pensamiento recurrente del electorado, el que s\u00ed vota, es saber cu\u00e1ndo se termina la veda para hacer fila en el Banco Bienestar para cobrar la pensi\u00f3n de Adultos Mayores, la Beca Benito Ju\u00e1rez, el est\u00edmulo temporal de J\u00f3venes Construyendo el Futuro o cualesquiera de los 16 programas que aterriza el gobierno federal en todo el pa\u00eds, Veracruz incluido.<br>Hay varios escenarios, dibujados en el an\u00e1lisis period\u00edstico.<br>Gustavo Filobello Ni\u00f1o escribi\u00f3 recientemente que los \u2018los equipos de campa\u00f1a parece que no ven el 18% de indecisos que arrojan la mayor\u00eda de las encuestas publicadas; son ciudadanos con credencial que A\u00daN NO deciden por quien votar 640 mil votos que har\u00e1n la diferencia entre ganar o perder la elecci\u00f3n\u2019.<br>Seg\u00fan tesis del mercad\u00f3logo y asesor de campa\u00f1as, la intenci\u00f3n de voto de estos hu\u00e9rfanos electorales no variar\u00e1 pese la intensificaci\u00f3n y eficacia de la guerra sucia, pese a que, en esta primera quincena de cuatro de las campa\u00f1as, se han decantado por Roc\u00edo Nahle, Pepe Yunes o Polo Deschamps.<br>Las campa\u00f1as negras son meros distractores en el espect\u00e1culo proselitista, seg\u00fan tesis de Filobello.<br>El Tribunal Electoral de Veracruz se prepara para lo que se anticipa como un proceso sumamente competido y judicializado.<br>Luis Alberto Romero lanz\u00f3 el 4 de abril pasado la tesis de la judicializaci\u00f3n de la elecci\u00f3n en Veracruz.<br>\u2018En la elecci\u00f3n local veracruzana, parece que el papel de los tribunales ser\u00e1 fundamental\u2019.<br>La visi\u00f3n de una elecci\u00f3n que ser\u00e1 dirimida en tribunales, se basamenta en \u2018los claros los riesgos en el proceso; la violencia pol\u00edtica en raz\u00f3n de g\u00e9nero; los temas de seguridad; y el exceso en los gastos de campa\u00f1a\u2019.<br>Muchos columnistas avizoran un empate t\u00e9cnico al cierre de la primera quincena de mayo entre Nahle y Pepe, lo que es una variable l\u00f3gica de toda campa\u00f1a electoral, sujeta al vaiv\u00e9n de las circunstancias.<br>Otros le dan 6 puntos de ventaja a la candidata morenista sobre el Perote\u00f1o, sacando del algoritmo a Polo Deschamps, ubic\u00e1ndolo como simple testigo de piedra en esta elecci\u00f3n.<br>La libertad de expresi\u00f3n no est\u00e1 condicionada.<br>La \u00fanica encuesta v\u00e1lida ser\u00e1 levantada en la urna, con la boleta cruzada, contada y subida al PREP.<br>Todo lo que corra en las ca\u00f1er\u00edas de las campa\u00f1as negras, todo lo que se diga o escriba a favor o contra de las campa\u00f1as, candidata o candidatos, s\u00f3lo es aderezo para transitar en la monoton\u00eda de los d\u00edas.<br>Para que adivinar lo que se va a saber, dicen Jos\u00e9 Luis Enr\u00edquez que dec\u00eda Adolfo Ruiz Cortines.<br>\u2026 del mismo costal.<br>Una resultante de la marcha feminista que se realiz\u00f3 en Xalapa, despu\u00e9s de lo jaloneos, acusaciones, r\u00e9plicas y contrarr\u00e9plicas que llenaron espacios en peri\u00f3dicos, portales digitales y noticiarios de radio y televisi\u00f3n, es que Norma Roc\u00edo Nahle Garc\u00eda se compromete a enviar una iniciativa a la 67 Legislatura veracruzana -si gana la elecci\u00f3n, claro est\u00e1- para la creaci\u00f3n de una Fiscal\u00eda Especializada en Feminicidios, en un estado donde la atenci\u00f3n a la demanda de justicia ha sido ignorada ol\u00edmpicamente.<br>La correlaci\u00f3n de fuerzas, la movilizaci\u00f3n de las mujeres, la postura cr\u00edtica, la ocupaci\u00f3n del espacio p\u00fablico empuja la concepci\u00f3n de respuestas a la violencia que viven d\u00eda a d\u00eda.<br>Bien.<br>columnacarpediam@gmail.com<\/p>\n","protected":false},"excerpt":{"rendered":"<p>Manolo Victorio Carpe Diem Las campa\u00f1as proselitistas rumbo a la gubernatura de Veracruz se han decantado al lodazal.La propuesta ha quedado en segundo plano ante las campa\u00f1as negras que se intensifican para da\u00f1ar al adversario.Seg\u00fan el Instituto Nacional Electoral, se identifica una campa\u00f1a negra luego del resultado cient\u00edfico de los estudios del cerebro humano, que [&hellip;]<\/p>\n","protected":false},"author":2,"featured_media":119925,"comment_status":"closed","ping_status":"closed","sticky":false,"template":"","format":"standard","meta":{"tdm_status":"","tdm_grid_status":"","footnotes":""},"categories":[70],"tags":[18980,2334,12987,554,14126,28396],"class_list":{"0":"post-122024","1":"post","2":"type-post","3":"status-publish","4":"format-standard","5":"has-post-thumbnail","7":"category-de-opinion","8":"tag-beca-benito-juarez","9":"tag-campanas","10":"tag-gubernatura-de-veracruz","11":"tag-ine","12":"tag-jovenes-construyendo-el-futuro","13":"tag-manolo-victorio"},"yoast_head":"<!-- This site is optimized with the Yoast SEO plugin v27.4 - https:\/\/yoast.com\/product\/yoast-seo-wordpress\/ -->\n<title>GUERRA SUCIA - Los pol\u00edticos Veracruz<\/title>\n<meta name=\"robots\" content=\"index, follow, max-snippet:-1, max-image-preview:large, max-video-preview:-1\" \/>\n<link rel=\"canonical\" href=\"https:\/\/lospoliticosveracruz.com\/?p=122024\" \/>\n<meta property=\"og:locale\" content=\"es_ES\" \/>\n<meta property=\"og:type\" content=\"article\" \/>\n<meta property=\"og:title\" content=\"GUERRA SUCIA - Los pol\u00edticos Veracruz\" \/>\n<meta property=\"og:description\" content=\"Manolo Victorio Carpe Diem Las campa\u00f1as proselitistas rumbo a la gubernatura de Veracruz se han decantado al lodazal.La propuesta ha quedado en segundo plano ante las campa\u00f1as negras que se intensifican para da\u00f1ar al adversario.Seg\u00fan el Instituto Nacional Electoral, se identifica una campa\u00f1a negra luego del resultado cient\u00edfico de los estudios del cerebro humano, que [&hellip;]\" \/>\n<meta property=\"og:url\" content=\"https:\/\/lospoliticosveracruz.com\/?p=122024\" \/>\n<meta property=\"og:site_name\" content=\"Los pol\u00edticos Veracruz\" \/>\n<meta property=\"article:publisher\" content=\"https:\/\/www.facebook.com\/people\/Notimemes-de-los-Polticos\/61565672886568\/\" \/>\n<meta property=\"article:published_time\" content=\"2024-04-12T15:58:30+00:00\" \/>\n<meta property=\"article:modified_time\" content=\"2024-04-12T15:58:48+00:00\" \/>\n<meta property=\"og:image\" content=\"https:\/\/lospoliticosveracruz.com\/wp-content\/uploads\/2024\/03\/Manolo-Victorio.jpg\" \/>\n\t<meta property=\"og:image:width\" content=\"1250\" \/>\n\t<meta property=\"og:image:height\" content=\"667\" \/>\n\t<meta property=\"og:image:type\" content=\"image\/jpeg\" \/>\n<meta name=\"author\" content=\"Lo viste en Los Pol\u00edticos\" \/>\n<meta name=\"twitter:card\" content=\"summary_large_image\" \/>\n<meta name=\"twitter:creator\" content=\"@LosPoliticosVer\" \/>\n<meta name=\"twitter:site\" content=\"@LosPoliticosVer\" \/>\n<meta name=\"twitter:label1\" content=\"Escrito por\" \/>\n\t<meta name=\"twitter:data1\" content=\"Lo viste en Los Pol\u00edticos\" \/>\n\t<meta name=\"twitter:label2\" content=\"Tiempo de lectura\" \/>\n\t<meta name=\"twitter:data2\" content=\"5 minutos\" \/>\n<script type=\"application\/ld+json\" class=\"yoast-schema-graph\">{\"@context\":\"https:\\\/\\\/schema.org\",\"@graph\":[{\"@type\":\"Article\",\"@id\":\"https:\\\/\\\/lospoliticosveracruz.com\\\/?p=122024#article\",\"isPartOf\":{\"@id\":\"https:\\\/\\\/lospoliticosveracruz.com\\\/?p=122024\"},\"author\":{\"name\":\"Lo viste en Los Pol\u00edticos\",\"@id\":\"https:\\\/\\\/lospoliticosveracruz.com\\\/#\\\/schema\\\/person\\\/b8702bb0e538456e6efd07080bf2a4a2\"},\"headline\":\"GUERRA SUCIA\",\"datePublished\":\"2024-04-12T15:58:30+00:00\",\"dateModified\":\"2024-04-12T15:58:48+00:00\",\"mainEntityOfPage\":{\"@id\":\"https:\\\/\\\/lospoliticosveracruz.com\\\/?p=122024\"},\"wordCount\":1020,\"publisher\":{\"@id\":\"https:\\\/\\\/lospoliticosveracruz.com\\\/#organization\"},\"image\":{\"@id\":\"https:\\\/\\\/lospoliticosveracruz.com\\\/?p=122024#primaryimage\"},\"thumbnailUrl\":\"https:\\\/\\\/lospoliticosveracruz.com\\\/wp-content\\\/uploads\\\/2024\\\/03\\\/Manolo-Victorio.jpg\",\"keywords\":[\"Beca Benito Ju\u00e1rez\",\"campa\u00f1as\",\"Gubernatura de Veracruz\",\"INE\",\"J\u00f3venes Construyendo el Futuro\",\"Manolo Victorio\"],\"articleSection\":[\"De Opini\u00f3n\"],\"inLanguage\":\"es\"},{\"@type\":\"WebPage\",\"@id\":\"https:\\\/\\\/lospoliticosveracruz.com\\\/?p=122024\",\"url\":\"https:\\\/\\\/lospoliticosveracruz.com\\\/?p=122024\",\"name\":\"GUERRA SUCIA - Los pol\u00edticos Veracruz\",\"isPartOf\":{\"@id\":\"https:\\\/\\\/lospoliticosveracruz.com\\\/#website\"},\"primaryImageOfPage\":{\"@id\":\"https:\\\/\\\/lospoliticosveracruz.com\\\/?p=122024#primaryimage\"},\"image\":{\"@id\":\"https:\\\/\\\/lospoliticosveracruz.com\\\/?p=122024#primaryimage\"},\"thumbnailUrl\":\"https:\\\/\\\/lospoliticosveracruz.com\\\/wp-content\\\/uploads\\\/2024\\\/03\\\/Manolo-Victorio.jpg\",\"datePublished\":\"2024-04-12T15:58:30+00:00\",\"dateModified\":\"2024-04-12T15:58:48+00:00\",\"breadcrumb\":{\"@id\":\"https:\\\/\\\/lospoliticosveracruz.com\\\/?p=122024#breadcrumb\"},\"inLanguage\":\"es\",\"potentialAction\":[{\"@type\":\"ReadAction\",\"target\":[\"https:\\\/\\\/lospoliticosveracruz.com\\\/?p=122024\"]}]},{\"@type\":\"ImageObject\",\"inLanguage\":\"es\",\"@id\":\"https:\\\/\\\/lospoliticosveracruz.com\\\/?p=122024#primaryimage\",\"url\":\"https:\\\/\\\/lospoliticosveracruz.com\\\/wp-content\\\/uploads\\\/2024\\\/03\\\/Manolo-Victorio.jpg\",\"contentUrl\":\"https:\\\/\\\/lospoliticosveracruz.com\\\/wp-content\\\/uploads\\\/2024\\\/03\\\/Manolo-Victorio.jpg\",\"width\":1250,\"height\":667},{\"@type\":\"BreadcrumbList\",\"@id\":\"https:\\\/\\\/lospoliticosveracruz.com\\\/?p=122024#breadcrumb\",\"itemListElement\":[{\"@type\":\"ListItem\",\"position\":1,\"name\":\"Portada\",\"item\":\"https:\\\/\\\/lospoliticosveracruz.com\\\/\"},{\"@type\":\"ListItem\",\"position\":2,\"name\":\"GUERRA SUCIA\"}]},{\"@type\":\"WebSite\",\"@id\":\"https:\\\/\\\/lospoliticosveracruz.com\\\/#website\",\"url\":\"https:\\\/\\\/lospoliticosveracruz.com\\\/\",\"name\":\"Los pol\u00edticos Veracruz\",\"description\":\"\",\"publisher\":{\"@id\":\"https:\\\/\\\/lospoliticosveracruz.com\\\/#organization\"},\"potentialAction\":[{\"@type\":\"SearchAction\",\"target\":{\"@type\":\"EntryPoint\",\"urlTemplate\":\"https:\\\/\\\/lospoliticosveracruz.com\\\/?s={search_term_string}\"},\"query-input\":{\"@type\":\"PropertyValueSpecification\",\"valueRequired\":true,\"valueName\":\"search_term_string\"}}],\"inLanguage\":\"es\"},{\"@type\":\"Organization\",\"@id\":\"https:\\\/\\\/lospoliticosveracruz.com\\\/#organization\",\"name\":\"Los pol\u00edticos Veracruz\",\"url\":\"https:\\\/\\\/lospoliticosveracruz.com\\\/\",\"logo\":{\"@type\":\"ImageObject\",\"inLanguage\":\"es\",\"@id\":\"https:\\\/\\\/lospoliticosveracruz.com\\\/#\\\/schema\\\/logo\\\/image\\\/\",\"url\":\"https:\\\/\\\/lospoliticosveracruz.com\\\/wp-content\\\/uploads\\\/2025\\\/12\\\/Logo-Nuevo-LOS-POLITICOS-1.jpg\",\"contentUrl\":\"https:\\\/\\\/lospoliticosveracruz.com\\\/wp-content\\\/uploads\\\/2025\\\/12\\\/Logo-Nuevo-LOS-POLITICOS-1.jpg\",\"width\":260,\"height\":70,\"caption\":\"Los pol\u00edticos Veracruz\"},\"image\":{\"@id\":\"https:\\\/\\\/lospoliticosveracruz.com\\\/#\\\/schema\\\/logo\\\/image\\\/\"},\"sameAs\":[\"https:\\\/\\\/www.facebook.com\\\/people\\\/Notimemes-de-los-Polticos\\\/61565672886568\\\/\",\"https:\\\/\\\/x.com\\\/LosPoliticosVer\"]},{\"@type\":\"Person\",\"@id\":\"https:\\\/\\\/lospoliticosveracruz.com\\\/#\\\/schema\\\/person\\\/b8702bb0e538456e6efd07080bf2a4a2\",\"name\":\"Lo viste en Los Pol\u00edticos\",\"image\":{\"@type\":\"ImageObject\",\"inLanguage\":\"es\",\"@id\":\"https:\\\/\\\/secure.gravatar.com\\\/avatar\\\/3a8de04a2656d44082be478bd6c086daa447c4651605818287b9532d3d0bd435?s=96&d=mm&r=g\",\"url\":\"https:\\\/\\\/secure.gravatar.com\\\/avatar\\\/3a8de04a2656d44082be478bd6c086daa447c4651605818287b9532d3d0bd435?s=96&d=mm&r=g\",\"contentUrl\":\"https:\\\/\\\/secure.gravatar.com\\\/avatar\\\/3a8de04a2656d44082be478bd6c086daa447c4651605818287b9532d3d0bd435?s=96&d=mm&r=g\",\"caption\":\"Lo viste en Los Pol\u00edticos\"},\"url\":\"https:\\\/\\\/lospoliticosveracruz.com\\\/?author=2\"}]}<\/script>\n<!-- \/ Yoast SEO plugin. -->","yoast_head_json":{"title":"GUERRA SUCIA - Los pol\u00edticos Veracruz","robots":{"index":"index","follow":"follow","max-snippet":"max-snippet:-1","max-image-preview":"max-image-preview:large","max-video-preview":"max-video-preview:-1"},"canonical":"https:\/\/lospoliticosveracruz.com\/?p=122024","og_locale":"es_ES","og_type":"article","og_title":"GUERRA SUCIA - Los pol\u00edticos Veracruz","og_description":"Manolo Victorio Carpe Diem Las campa\u00f1as proselitistas rumbo a la gubernatura de Veracruz se han decantado al lodazal.La propuesta ha quedado en segundo plano ante las campa\u00f1as negras que se intensifican para da\u00f1ar al adversario.Seg\u00fan el Instituto Nacional Electoral, se identifica una campa\u00f1a negra luego del resultado cient\u00edfico de los estudios del cerebro humano, que [&hellip;]","og_url":"https:\/\/lospoliticosveracruz.com\/?p=122024","og_site_name":"Los pol\u00edticos Veracruz","article_publisher":"https:\/\/www.facebook.com\/people\/Notimemes-de-los-Polticos\/61565672886568\/","article_published_time":"2024-04-12T15:58:30+00:00","article_modified_time":"2024-04-12T15:58:48+00:00","og_image":[{"width":1250,"height":667,"url":"https:\/\/lospoliticosveracruz.com\/wp-content\/uploads\/2024\/03\/Manolo-Victorio.jpg","type":"image\/jpeg"}],"author":"Lo viste en Los Pol\u00edticos","twitter_card":"summary_large_image","twitter_creator":"@LosPoliticosVer","twitter_site":"@LosPoliticosVer","twitter_misc":{"Escrito por":"Lo viste en Los Pol\u00edticos","Tiempo de lectura":"5 minutos"},"schema":{"@context":"https:\/\/schema.org","@graph":[{"@type":"Article","@id":"https:\/\/lospoliticosveracruz.com\/?p=122024#article","isPartOf":{"@id":"https:\/\/lospoliticosveracruz.com\/?p=122024"},"author":{"name":"Lo viste en Los Pol\u00edticos","@id":"https:\/\/lospoliticosveracruz.com\/#\/schema\/person\/b8702bb0e538456e6efd07080bf2a4a2"},"headline":"GUERRA SUCIA","datePublished":"2024-04-12T15:58:30+00:00","dateModified":"2024-04-12T15:58:48+00:00","mainEntityOfPage":{"@id":"https:\/\/lospoliticosveracruz.com\/?p=122024"},"wordCount":1020,"publisher":{"@id":"https:\/\/lospoliticosveracruz.com\/#organization"},"image":{"@id":"https:\/\/lospoliticosveracruz.com\/?p=122024#primaryimage"},"thumbnailUrl":"https:\/\/lospoliticosveracruz.com\/wp-content\/uploads\/2024\/03\/Manolo-Victorio.jpg","keywords":["Beca Benito Ju\u00e1rez","campa\u00f1as","Gubernatura de Veracruz","INE","J\u00f3venes Construyendo el Futuro","Manolo Victorio"],"articleSection":["De Opini\u00f3n"],"inLanguage":"es"},{"@type":"WebPage","@id":"https:\/\/lospoliticosveracruz.com\/?p=122024","url":"https:\/\/lospoliticosveracruz.com\/?p=122024","name":"GUERRA SUCIA - Los pol\u00edticos Veracruz","isPartOf":{"@id":"https:\/\/lospoliticosveracruz.com\/#website"},"primaryImageOfPage":{"@id":"https:\/\/lospoliticosveracruz.com\/?p=122024#primaryimage"},"image":{"@id":"https:\/\/lospoliticosveracruz.com\/?p=122024#primaryimage"},"thumbnailUrl":"https:\/\/lospoliticosveracruz.com\/wp-content\/uploads\/2024\/03\/Manolo-Victorio.jpg","datePublished":"2024-04-12T15:58:30+00:00","dateModified":"2024-04-12T15:58:48+00:00","breadcrumb":{"@id":"https:\/\/lospoliticosveracruz.com\/?p=122024#breadcrumb"},"inLanguage":"es","potentialAction":[{"@type":"ReadAction","target":["https:\/\/lospoliticosveracruz.com\/?p=122024"]}]},{"@type":"ImageObject","inLanguage":"es","@id":"https:\/\/lospoliticosveracruz.com\/?p=122024#primaryimage","url":"https:\/\/lospoliticosveracruz.com\/wp-content\/uploads\/2024\/03\/Manolo-Victorio.jpg","contentUrl":"https:\/\/lospoliticosveracruz.com\/wp-content\/uploads\/2024\/03\/Manolo-Victorio.jpg","width":1250,"height":667},{"@type":"BreadcrumbList","@id":"https:\/\/lospoliticosveracruz.com\/?p=122024#breadcrumb","itemListElement":[{"@type":"ListItem","position":1,"name":"Portada","item":"https:\/\/lospoliticosveracruz.com\/"},{"@type":"ListItem","position":2,"name":"GUERRA SUCIA"}]},{"@type":"WebSite","@id":"https:\/\/lospoliticosveracruz.com\/#website","url":"https:\/\/lospoliticosveracruz.com\/","name":"Los pol\u00edticos Veracruz","description":"","publisher":{"@id":"https:\/\/lospoliticosveracruz.com\/#organization"},"potentialAction":[{"@type":"SearchAction","target":{"@type":"EntryPoint","urlTemplate":"https:\/\/lospoliticosveracruz.com\/?s={search_term_string}"},"query-input":{"@type":"PropertyValueSpecification","valueRequired":true,"valueName":"search_term_string"}}],"inLanguage":"es"},{"@type":"Organization","@id":"https:\/\/lospoliticosveracruz.com\/#organization","name":"Los pol\u00edticos Veracruz","url":"https:\/\/lospoliticosveracruz.com\/","logo":{"@type":"ImageObject","inLanguage":"es","@id":"https:\/\/lospoliticosveracruz.com\/#\/schema\/logo\/image\/","url":"https:\/\/lospoliticosveracruz.com\/wp-content\/uploads\/2025\/12\/Logo-Nuevo-LOS-POLITICOS-1.jpg","contentUrl":"https:\/\/lospoliticosveracruz.com\/wp-content\/uploads\/2025\/12\/Logo-Nuevo-LOS-POLITICOS-1.jpg","width":260,"height":70,"caption":"Los pol\u00edticos Veracruz"},"image":{"@id":"https:\/\/lospoliticosveracruz.com\/#\/schema\/logo\/image\/"},"sameAs":["https:\/\/www.facebook.com\/people\/Notimemes-de-los-Polticos\/61565672886568\/","https:\/\/x.com\/LosPoliticosVer"]},{"@type":"Person","@id":"https:\/\/lospoliticosveracruz.com\/#\/schema\/person\/b8702bb0e538456e6efd07080bf2a4a2","name":"Lo viste en Los Pol\u00edticos","image":{"@type":"ImageObject","inLanguage":"es","@id":"https:\/\/secure.gravatar.com\/avatar\/3a8de04a2656d44082be478bd6c086daa447c4651605818287b9532d3d0bd435?s=96&d=mm&r=g","url":"https:\/\/secure.gravatar.com\/avatar\/3a8de04a2656d44082be478bd6c086daa447c4651605818287b9532d3d0bd435?s=96&d=mm&r=g","contentUrl":"https:\/\/secure.gravatar.com\/avatar\/3a8de04a2656d44082be478bd6c086daa447c4651605818287b9532d3d0bd435?s=96&d=mm&r=g","caption":"Lo viste en Los Pol\u00edticos"},"url":"https:\/\/lospoliticosveracruz.com\/?author=2"}]}},"_links":{"self":[{"href":"https:\/\/lospoliticosveracruz.com\/index.php?rest_route=\/wp\/v2\/posts\/122024","targetHints":{"allow":["GET"]}}],"collection":[{"href":"https:\/\/lospoliticosveracruz.com\/index.php?rest_route=\/wp\/v2\/posts"}],"about":[{"href":"https:\/\/lospoliticosveracruz.com\/index.php?rest_route=\/wp\/v2\/types\/post"}],"author":[{"embeddable":true,"href":"https:\/\/lospoliticosveracruz.com\/index.php?rest_route=\/wp\/v2\/users\/2"}],"replies":[{"embeddable":true,"href":"https:\/\/lospoliticosveracruz.com\/index.php?rest_route=%2Fwp%2Fv2%2Fcomments&post=122024"}],"version-history":[{"count":2,"href":"https:\/\/lospoliticosveracruz.com\/index.php?rest_route=\/wp\/v2\/posts\/122024\/revisions"}],"predecessor-version":[{"id":122026,"href":"https:\/\/lospoliticosveracruz.com\/index.php?rest_route=\/wp\/v2\/posts\/122024\/revisions\/122026"}],"wp:featuredmedia":[{"embeddable":true,"href":"https:\/\/lospoliticosveracruz.com\/index.php?rest_route=\/wp\/v2\/media\/119925"}],"wp:attachment":[{"href":"https:\/\/lospoliticosveracruz.com\/index.php?rest_route=%2Fwp%2Fv2%2Fmedia&parent=122024"}],"wp:term":[{"taxonomy":"category","embeddable":true,"href":"https:\/\/lospoliticosveracruz.com\/index.php?rest_route=%2Fwp%2Fv2%2Fcategories&post=122024"},{"taxonomy":"post_tag","embeddable":true,"href":"https:\/\/lospoliticosveracruz.com\/index.php?rest_route=%2Fwp%2Fv2%2Ftags&post=122024"}],"curies":[{"name":"wp","href":"https:\/\/api.w.org\/{rel}","templated":true}]}}