{"id":122167,"date":"2024-04-14T12:34:34","date_gmt":"2024-04-14T17:34:34","guid":{"rendered":"https:\/\/lospoliticosveracruz.com.mx\/?p=122167"},"modified":"2024-04-14T12:34:45","modified_gmt":"2024-04-14T17:34:45","slug":"deplorables-el-veredicto-de-la-jueza-a-carreteras","status":"publish","type":"post","link":"https:\/\/lospoliticosveracruz.com\/?p=122167","title":{"rendered":"DEPLORABLES, EL VEREDICTO DE LA JUEZA A CARRETERAS!"},"content":{"rendered":"\n<p><em>Catemaco<\/em><\/p>\n\n\n\n<p>Al llegar al Senado de la Rep\u00fablica, entre las primeras acciones a tomar ser\u00e1n las de revisar minuciosamente los esquemas de asignaci\u00f3n de recursos a la red carretera nacional, pero en especial a las v\u00edas federales que atraviesan el estado de Veracruz, apunt\u00f3 este d\u00eda la candidata al Senado por Movimiento Ciudadano, la Jueza de Hierro, Ang\u00e9lica S\u00e1nchez Hern\u00e1ndez.<\/p>\n\n\n\n<p>S\u00e1nchez Hern\u00e1ndez lament\u00f3 la situaci\u00f3n que priva a lo largo y ancho de la entidad, donde las v\u00edas federales requieren de urgente mantenimiento en beneficio de la poblaci\u00f3n que se traslada todos los d\u00edas por diferentes necesidades, para realizar sus actividades cotidianas y no le alcanza para cubrir las elevadas cuotas de las autopistas de cobro.<\/p>\n\n\n\n<p>\u201cCabe recordar que de acuerdo con el Presupuesto de Egresos de la Federaci\u00f3n 2023, la Secretar\u00eda de Infraestructura, Comunicaciones y Transportes (SICT) en materia de Infraestructura Carretera, presupuest\u00f3 una inversi\u00f3n de 35 mil millones de pesos para la construcci\u00f3n y modernizaci\u00f3n de 220.4 kil\u00f3metros de la red federal, liberaci\u00f3n del derecho de v\u00eda y proyectos para prestaci\u00f3n de servicios\u201d, por lo que dijo vale la pena revisar la cantidad asignada y sobre todo aplicada para el caso de Veracruz, \u201cpor aquello de los subejercicios y porque nada m\u00e1s no se ve la inversi\u00f3n\u201d.<\/p>\n\n\n\n<p>Agreg\u00f3 que el \u00fanico proyecto importante de este a\u00f1o de la Secretar\u00eda de Infraestructura, Comunicaciones y Transportes de la Red Federal de Carreteras Libre de Peaje fue el del tramo Acayucan-La Ventosa, entre los estados de Veracruz y Oaxaca, pero lamentablemente no hubo m\u00e1s.&nbsp;<\/p>\n\n\n\n<p>Por lo anterior, manifest\u00f3 que junto a Dante Delgado y otros compa\u00f1eros senadores de MC pondr\u00e1n especial atenci\u00f3n al tema desde la C\u00e1mara Alta, en respuesta a la demanda ciudadana de una correcta aplicaci\u00f3n de recursos para mantenimiento carretero.<\/p>\n","protected":false},"excerpt":{"rendered":"<p>Catemaco Al llegar al Senado de la Rep\u00fablica, entre las primeras acciones a tomar ser\u00e1n las de revisar minuciosamente los esquemas de asignaci\u00f3n de recursos a la red carretera nacional, pero en especial a las v\u00edas federales que atraviesan el estado de Veracruz, apunt\u00f3 este d\u00eda la candidata al Senado por Movimiento Ciudadano, la Jueza [&hellip;]<\/p>\n","protected":false},"author":2,"featured_media":0,"comment_status":"closed","ping_status":"closed","sticky":false,"template":"","format":"standard","meta":{"tdm_status":"","tdm_grid_status":"","footnotes":""},"categories":[73],"tags":[38328,7229,2117,195],"class_list":{"0":"post-122167","1":"post","2":"type-post","3":"status-publish","4":"format-standard","6":"category-de-boleto","7":"tag-angelica-sanchez-hernandez","8":"tag-carreteras","9":"tag-sct","10":"tag-veracruz"},"yoast_head":"<!-- This site is optimized with the Yoast SEO plugin v27.4 - https:\/\/yoast.com\/product\/yoast-seo-wordpress\/ -->\n<title>DEPLORABLES, EL VEREDICTO DE LA JUEZA A CARRETERAS! - Los pol\u00edticos Veracruz<\/title>\n<meta name=\"robots\" content=\"index, follow, max-snippet:-1, max-image-preview:large, max-video-preview:-1\" \/>\n<link rel=\"canonical\" href=\"https:\/\/lospoliticosveracruz.com\/?p=122167\" \/>\n<meta property=\"og:locale\" content=\"es_ES\" \/>\n<meta property=\"og:type\" content=\"article\" \/>\n<meta property=\"og:title\" content=\"DEPLORABLES, EL VEREDICTO DE LA JUEZA A CARRETERAS! - Los pol\u00edticos Veracruz\" \/>\n<meta property=\"og:description\" content=\"Catemaco Al llegar al Senado de la Rep\u00fablica, entre las primeras acciones a tomar ser\u00e1n las de revisar minuciosamente los esquemas de asignaci\u00f3n de recursos a la red carretera nacional, pero en especial a las v\u00edas federales que atraviesan el estado de Veracruz, apunt\u00f3 este d\u00eda la candidata al Senado por Movimiento Ciudadano, la Jueza [&hellip;]\" \/>\n<meta property=\"og:url\" content=\"https:\/\/lospoliticosveracruz.com\/?p=122167\" \/>\n<meta property=\"og:site_name\" content=\"Los pol\u00edticos Veracruz\" \/>\n<meta property=\"article:publisher\" content=\"https:\/\/www.facebook.com\/people\/Notimemes-de-los-Polticos\/61565672886568\/\" \/>\n<meta property=\"article:published_time\" content=\"2024-04-14T17:34:34+00:00\" \/>\n<meta property=\"article:modified_time\" content=\"2024-04-14T17:34:45+00:00\" \/>\n<meta property=\"og:image\" content=\"https:\/\/lospoliticosveracruz.com\/wp-content\/uploads\/2016\/07\/Logo-Dor.jpg\" \/>\n\t<meta property=\"og:image:width\" content=\"200\" \/>\n\t<meta property=\"og:image:height\" content=\"200\" \/>\n\t<meta property=\"og:image:type\" content=\"image\/jpeg\" \/>\n<meta name=\"author\" content=\"Lo viste en Los Pol\u00edticos\" \/>\n<meta name=\"twitter:card\" content=\"summary_large_image\" \/>\n<meta name=\"twitter:creator\" content=\"@LosPoliticosVer\" \/>\n<meta name=\"twitter:site\" content=\"@LosPoliticosVer\" \/>\n<meta name=\"twitter:label1\" content=\"Escrito por\" \/>\n\t<meta name=\"twitter:data1\" content=\"Lo viste en Los Pol\u00edticos\" \/>\n\t<meta name=\"twitter:label2\" content=\"Tiempo de lectura\" \/>\n\t<meta name=\"twitter:data2\" content=\"2 minutos\" \/>\n<script type=\"application\/ld+json\" class=\"yoast-schema-graph\">{\"@context\":\"https:\\\/\\\/schema.org\",\"@graph\":[{\"@type\":\"Article\",\"@id\":\"https:\\\/\\\/lospoliticosveracruz.com\\\/?p=122167#article\",\"isPartOf\":{\"@id\":\"https:\\\/\\\/lospoliticosveracruz.com\\\/?p=122167\"},\"author\":{\"name\":\"Lo viste en Los Pol\u00edticos\",\"@id\":\"https:\\\/\\\/lospoliticosveracruz.com\\\/#\\\/schema\\\/person\\\/b8702bb0e538456e6efd07080bf2a4a2\"},\"headline\":\"DEPLORABLES, EL VEREDICTO DE LA JUEZA A CARRETERAS!\",\"datePublished\":\"2024-04-14T17:34:34+00:00\",\"dateModified\":\"2024-04-14T17:34:45+00:00\",\"mainEntityOfPage\":{\"@id\":\"https:\\\/\\\/lospoliticosveracruz.com\\\/?p=122167\"},\"wordCount\":331,\"publisher\":{\"@id\":\"https:\\\/\\\/lospoliticosveracruz.com\\\/#organization\"},\"keywords\":[\"Ang\u00e9lica S\u00e1nchez Hern\u00e1ndez\",\"Carreteras\",\"SCT\",\"Veracruz\"],\"articleSection\":[\"De Boleto\"],\"inLanguage\":\"es\"},{\"@type\":\"WebPage\",\"@id\":\"https:\\\/\\\/lospoliticosveracruz.com\\\/?p=122167\",\"url\":\"https:\\\/\\\/lospoliticosveracruz.com\\\/?p=122167\",\"name\":\"DEPLORABLES, EL VEREDICTO DE LA JUEZA A CARRETERAS! - Los pol\u00edticos Veracruz\",\"isPartOf\":{\"@id\":\"https:\\\/\\\/lospoliticosveracruz.com\\\/#website\"},\"datePublished\":\"2024-04-14T17:34:34+00:00\",\"dateModified\":\"2024-04-14T17:34:45+00:00\",\"breadcrumb\":{\"@id\":\"https:\\\/\\\/lospoliticosveracruz.com\\\/?p=122167#breadcrumb\"},\"inLanguage\":\"es\",\"potentialAction\":[{\"@type\":\"ReadAction\",\"target\":[\"https:\\\/\\\/lospoliticosveracruz.com\\\/?p=122167\"]}]},{\"@type\":\"BreadcrumbList\",\"@id\":\"https:\\\/\\\/lospoliticosveracruz.com\\\/?p=122167#breadcrumb\",\"itemListElement\":[{\"@type\":\"ListItem\",\"position\":1,\"name\":\"Portada\",\"item\":\"https:\\\/\\\/lospoliticosveracruz.com\\\/\"},{\"@type\":\"ListItem\",\"position\":2,\"name\":\"DEPLORABLES, EL VEREDICTO DE LA JUEZA A CARRETERAS!\"}]},{\"@type\":\"WebSite\",\"@id\":\"https:\\\/\\\/lospoliticosveracruz.com\\\/#website\",\"url\":\"https:\\\/\\\/lospoliticosveracruz.com\\\/\",\"name\":\"Los pol\u00edticos Veracruz\",\"description\":\"\",\"publisher\":{\"@id\":\"https:\\\/\\\/lospoliticosveracruz.com\\\/#organization\"},\"potentialAction\":[{\"@type\":\"SearchAction\",\"target\":{\"@type\":\"EntryPoint\",\"urlTemplate\":\"https:\\\/\\\/lospoliticosveracruz.com\\\/?s={search_term_string}\"},\"query-input\":{\"@type\":\"PropertyValueSpecification\",\"valueRequired\":true,\"valueName\":\"search_term_string\"}}],\"inLanguage\":\"es\"},{\"@type\":\"Organization\",\"@id\":\"https:\\\/\\\/lospoliticosveracruz.com\\\/#organization\",\"name\":\"Los pol\u00edticos Veracruz\",\"url\":\"https:\\\/\\\/lospoliticosveracruz.com\\\/\",\"logo\":{\"@type\":\"ImageObject\",\"inLanguage\":\"es\",\"@id\":\"https:\\\/\\\/lospoliticosveracruz.com\\\/#\\\/schema\\\/logo\\\/image\\\/\",\"url\":\"https:\\\/\\\/lospoliticosveracruz.com\\\/wp-content\\\/uploads\\\/2025\\\/12\\\/Logo-Nuevo-LOS-POLITICOS-1.jpg\",\"contentUrl\":\"https:\\\/\\\/lospoliticosveracruz.com\\\/wp-content\\\/uploads\\\/2025\\\/12\\\/Logo-Nuevo-LOS-POLITICOS-1.jpg\",\"width\":260,\"height\":70,\"caption\":\"Los pol\u00edticos Veracruz\"},\"image\":{\"@id\":\"https:\\\/\\\/lospoliticosveracruz.com\\\/#\\\/schema\\\/logo\\\/image\\\/\"},\"sameAs\":[\"https:\\\/\\\/www.facebook.com\\\/people\\\/Notimemes-de-los-Polticos\\\/61565672886568\\\/\",\"https:\\\/\\\/x.com\\\/LosPoliticosVer\"]},{\"@type\":\"Person\",\"@id\":\"https:\\\/\\\/lospoliticosveracruz.com\\\/#\\\/schema\\\/person\\\/b8702bb0e538456e6efd07080bf2a4a2\",\"name\":\"Lo viste en Los Pol\u00edticos\",\"image\":{\"@type\":\"ImageObject\",\"inLanguage\":\"es\",\"@id\":\"https:\\\/\\\/secure.gravatar.com\\\/avatar\\\/3a8de04a2656d44082be478bd6c086daa447c4651605818287b9532d3d0bd435?s=96&d=mm&r=g\",\"url\":\"https:\\\/\\\/secure.gravatar.com\\\/avatar\\\/3a8de04a2656d44082be478bd6c086daa447c4651605818287b9532d3d0bd435?s=96&d=mm&r=g\",\"contentUrl\":\"https:\\\/\\\/secure.gravatar.com\\\/avatar\\\/3a8de04a2656d44082be478bd6c086daa447c4651605818287b9532d3d0bd435?s=96&d=mm&r=g\",\"caption\":\"Lo viste en Los Pol\u00edticos\"},\"url\":\"https:\\\/\\\/lospoliticosveracruz.com\\\/?author=2\"}]}<\/script>\n<!-- \/ Yoast SEO plugin. -->","yoast_head_json":{"title":"DEPLORABLES, EL VEREDICTO DE LA JUEZA A CARRETERAS! - Los pol\u00edticos Veracruz","robots":{"index":"index","follow":"follow","max-snippet":"max-snippet:-1","max-image-preview":"max-image-preview:large","max-video-preview":"max-video-preview:-1"},"canonical":"https:\/\/lospoliticosveracruz.com\/?p=122167","og_locale":"es_ES","og_type":"article","og_title":"DEPLORABLES, EL VEREDICTO DE LA JUEZA A CARRETERAS! - Los pol\u00edticos Veracruz","og_description":"Catemaco Al llegar al Senado de la Rep\u00fablica, entre las primeras acciones a tomar ser\u00e1n las de revisar minuciosamente los esquemas de asignaci\u00f3n de recursos a la red carretera nacional, pero en especial a las v\u00edas federales que atraviesan el estado de Veracruz, apunt\u00f3 este d\u00eda la candidata al Senado por Movimiento Ciudadano, la Jueza [&hellip;]","og_url":"https:\/\/lospoliticosveracruz.com\/?p=122167","og_site_name":"Los pol\u00edticos Veracruz","article_publisher":"https:\/\/www.facebook.com\/people\/Notimemes-de-los-Polticos\/61565672886568\/","article_published_time":"2024-04-14T17:34:34+00:00","article_modified_time":"2024-04-14T17:34:45+00:00","og_image":[{"width":200,"height":200,"url":"https:\/\/lospoliticosveracruz.com\/wp-content\/uploads\/2016\/07\/Logo-Dor.jpg","type":"image\/jpeg"}],"author":"Lo viste en Los Pol\u00edticos","twitter_card":"summary_large_image","twitter_creator":"@LosPoliticosVer","twitter_site":"@LosPoliticosVer","twitter_misc":{"Escrito por":"Lo viste en Los Pol\u00edticos","Tiempo de lectura":"2 minutos"},"schema":{"@context":"https:\/\/schema.org","@graph":[{"@type":"Article","@id":"https:\/\/lospoliticosveracruz.com\/?p=122167#article","isPartOf":{"@id":"https:\/\/lospoliticosveracruz.com\/?p=122167"},"author":{"name":"Lo viste en Los Pol\u00edticos","@id":"https:\/\/lospoliticosveracruz.com\/#\/schema\/person\/b8702bb0e538456e6efd07080bf2a4a2"},"headline":"DEPLORABLES, EL VEREDICTO DE LA JUEZA A CARRETERAS!","datePublished":"2024-04-14T17:34:34+00:00","dateModified":"2024-04-14T17:34:45+00:00","mainEntityOfPage":{"@id":"https:\/\/lospoliticosveracruz.com\/?p=122167"},"wordCount":331,"publisher":{"@id":"https:\/\/lospoliticosveracruz.com\/#organization"},"keywords":["Ang\u00e9lica S\u00e1nchez Hern\u00e1ndez","Carreteras","SCT","Veracruz"],"articleSection":["De Boleto"],"inLanguage":"es"},{"@type":"WebPage","@id":"https:\/\/lospoliticosveracruz.com\/?p=122167","url":"https:\/\/lospoliticosveracruz.com\/?p=122167","name":"DEPLORABLES, EL VEREDICTO DE LA JUEZA A CARRETERAS! - Los pol\u00edticos Veracruz","isPartOf":{"@id":"https:\/\/lospoliticosveracruz.com\/#website"},"datePublished":"2024-04-14T17:34:34+00:00","dateModified":"2024-04-14T17:34:45+00:00","breadcrumb":{"@id":"https:\/\/lospoliticosveracruz.com\/?p=122167#breadcrumb"},"inLanguage":"es","potentialAction":[{"@type":"ReadAction","target":["https:\/\/lospoliticosveracruz.com\/?p=122167"]}]},{"@type":"BreadcrumbList","@id":"https:\/\/lospoliticosveracruz.com\/?p=122167#breadcrumb","itemListElement":[{"@type":"ListItem","position":1,"name":"Portada","item":"https:\/\/lospoliticosveracruz.com\/"},{"@type":"ListItem","position":2,"name":"DEPLORABLES, EL VEREDICTO DE LA JUEZA A CARRETERAS!"}]},{"@type":"WebSite","@id":"https:\/\/lospoliticosveracruz.com\/#website","url":"https:\/\/lospoliticosveracruz.com\/","name":"Los pol\u00edticos Veracruz","description":"","publisher":{"@id":"https:\/\/lospoliticosveracruz.com\/#organization"},"potentialAction":[{"@type":"SearchAction","target":{"@type":"EntryPoint","urlTemplate":"https:\/\/lospoliticosveracruz.com\/?s={search_term_string}"},"query-input":{"@type":"PropertyValueSpecification","valueRequired":true,"valueName":"search_term_string"}}],"inLanguage":"es"},{"@type":"Organization","@id":"https:\/\/lospoliticosveracruz.com\/#organization","name":"Los pol\u00edticos Veracruz","url":"https:\/\/lospoliticosveracruz.com\/","logo":{"@type":"ImageObject","inLanguage":"es","@id":"https:\/\/lospoliticosveracruz.com\/#\/schema\/logo\/image\/","url":"https:\/\/lospoliticosveracruz.com\/wp-content\/uploads\/2025\/12\/Logo-Nuevo-LOS-POLITICOS-1.jpg","contentUrl":"https:\/\/lospoliticosveracruz.com\/wp-content\/uploads\/2025\/12\/Logo-Nuevo-LOS-POLITICOS-1.jpg","width":260,"height":70,"caption":"Los pol\u00edticos Veracruz"},"image":{"@id":"https:\/\/lospoliticosveracruz.com\/#\/schema\/logo\/image\/"},"sameAs":["https:\/\/www.facebook.com\/people\/Notimemes-de-los-Polticos\/61565672886568\/","https:\/\/x.com\/LosPoliticosVer"]},{"@type":"Person","@id":"https:\/\/lospoliticosveracruz.com\/#\/schema\/person\/b8702bb0e538456e6efd07080bf2a4a2","name":"Lo viste en Los Pol\u00edticos","image":{"@type":"ImageObject","inLanguage":"es","@id":"https:\/\/secure.gravatar.com\/avatar\/3a8de04a2656d44082be478bd6c086daa447c4651605818287b9532d3d0bd435?s=96&d=mm&r=g","url":"https:\/\/secure.gravatar.com\/avatar\/3a8de04a2656d44082be478bd6c086daa447c4651605818287b9532d3d0bd435?s=96&d=mm&r=g","contentUrl":"https:\/\/secure.gravatar.com\/avatar\/3a8de04a2656d44082be478bd6c086daa447c4651605818287b9532d3d0bd435?s=96&d=mm&r=g","caption":"Lo viste en Los Pol\u00edticos"},"url":"https:\/\/lospoliticosveracruz.com\/?author=2"}]}},"_links":{"self":[{"href":"https:\/\/lospoliticosveracruz.com\/index.php?rest_route=\/wp\/v2\/posts\/122167","targetHints":{"allow":["GET"]}}],"collection":[{"href":"https:\/\/lospoliticosveracruz.com\/index.php?rest_route=\/wp\/v2\/posts"}],"about":[{"href":"https:\/\/lospoliticosveracruz.com\/index.php?rest_route=\/wp\/v2\/types\/post"}],"author":[{"embeddable":true,"href":"https:\/\/lospoliticosveracruz.com\/index.php?rest_route=\/wp\/v2\/users\/2"}],"replies":[{"embeddable":true,"href":"https:\/\/lospoliticosveracruz.com\/index.php?rest_route=%2Fwp%2Fv2%2Fcomments&post=122167"}],"version-history":[{"count":1,"href":"https:\/\/lospoliticosveracruz.com\/index.php?rest_route=\/wp\/v2\/posts\/122167\/revisions"}],"predecessor-version":[{"id":122169,"href":"https:\/\/lospoliticosveracruz.com\/index.php?rest_route=\/wp\/v2\/posts\/122167\/revisions\/122169"}],"wp:attachment":[{"href":"https:\/\/lospoliticosveracruz.com\/index.php?rest_route=%2Fwp%2Fv2%2Fmedia&parent=122167"}],"wp:term":[{"taxonomy":"category","embeddable":true,"href":"https:\/\/lospoliticosveracruz.com\/index.php?rest_route=%2Fwp%2Fv2%2Fcategories&post=122167"},{"taxonomy":"post_tag","embeddable":true,"href":"https:\/\/lospoliticosveracruz.com\/index.php?rest_route=%2Fwp%2Fv2%2Ftags&post=122167"}],"curies":[{"name":"wp","href":"https:\/\/api.w.org\/{rel}","templated":true}]}}