{"id":122170,"date":"2024-04-14T12:41:20","date_gmt":"2024-04-14T17:41:20","guid":{"rendered":"https:\/\/lospoliticosveracruz.com.mx\/?p=122170"},"modified":"2024-04-14T12:41:59","modified_gmt":"2024-04-14T17:41:59","slug":"lo-enfermaron-de-pobreza","status":"publish","type":"post","link":"https:\/\/lospoliticosveracruz.com\/?p=122170","title":{"rendered":"LO ENFERMARON DE POBREZA!"},"content":{"rendered":"\n<p><\/p>\n\n\n\n<p><em>Tlalixcoyan<\/em><br>Dante Delgado Morales, Candidato al Senado de la Rep\u00fablica por Movimiento Ciudadano, lament\u00f3 que hoy Veracruz se encuentre enfermo de pobreza y que se contabilicen m\u00e1s de cinco millones de ciudadanos que viven en situaci\u00f3n de vulnerabilidad econ\u00f3mica, por lo que desde el Senado trabajar\u00e1 para erradicar esa pobreza que azota Veracruz.<\/p>\n\n\n\n<p>\u201cNuestro Movimiento precisamente es de ver a todo el Estado, que hoy est\u00e1 en el abandono. Son cinco millones de pobres en Veracruz. Y cada vez que nos encontramos con la gente, nos dice &#8211; Nosotros no queremos que nos regalen nada, simplemente queremos tener una posibilidad para salir adelante, un empujoncito-\u201d, se\u00f1al\u00f3.<\/p>\n\n\n\n<p>Sl visitar Piedras Negras, Veracruz, Dante Delgado lanz\u00f3 un mensaje contundente sobre la condici\u00f3n del Estado, al que calific\u00f3 como \u201cun enfermo\u201d que afecta a las familias veracruzanas, a las que les resta fuerza para intentar salir adelante.<\/p>\n\n\n\n<p>Se\u00f1al\u00f3 que los otros partidos se averg\u00fcenzan de sus candidatos y la gente que vot\u00f3 por Morena, hoy se averg\u00fcenza de los gobiernos que tienen, sin embargo, cuando se acerca Movimiento Ciudadano, la gente ve una opci\u00f3n limpia y diferente.<\/p>\n\n\n\n<p>\u201cLa gente se siente olvidada, se siente que se est\u00e1 ahogando; frente a eso, cuando los invitamos, se quedan titubeando un poquito -es que ya me han fallado todos- y les contesto, nosotros no te hemos fallado, yo no te he fallado\u201d, agrega.<\/p>\n\n\n\n<p>Concluy\u00f3 que la uni\u00f3n de todos los veracruzanos se convertir\u00e1 en el impulso clave para que se pueda encontrar una salida de la enfermedad que aqueja a Veracruz. Insisti\u00f3 en que Polo Deschamps es la mejor opci\u00f3n para gobernar el Estado y que Dante Delgado Morales es el ideal para legislar de verdad en favor de todos y cada uno de los ciudadanos en Veracruz.<\/p>\n","protected":false},"excerpt":{"rendered":"<p>TlalixcoyanDante Delgado Morales, Candidato al Senado de la Rep\u00fablica por Movimiento Ciudadano, lament\u00f3 que hoy Veracruz se encuentre enfermo de pobreza y que se contabilicen m\u00e1s de cinco millones de ciudadanos que viven en situaci\u00f3n de vulnerabilidad econ\u00f3mica, por lo que desde el Senado trabajar\u00e1 para erradicar esa pobreza que azota Veracruz. \u201cNuestro Movimiento precisamente [&hellip;]<\/p>\n","protected":false},"author":2,"featured_media":0,"comment_status":"closed","ping_status":"closed","sticky":false,"template":"","format":"standard","meta":{"tdm_status":"","tdm_grid_status":"","footnotes":""},"categories":[73],"tags":[40380,97,195],"class_list":{"0":"post-122170","1":"post","2":"type-post","3":"status-publish","4":"format-standard","6":"category-de-boleto","7":"tag-dante-delgado-morales","8":"tag-pobreza","9":"tag-veracruz"},"yoast_head":"<!-- This site is optimized with the Yoast SEO plugin v27.4 - https:\/\/yoast.com\/product\/yoast-seo-wordpress\/ -->\n<title>LO ENFERMARON DE POBREZA! - Los pol\u00edticos Veracruz<\/title>\n<meta name=\"robots\" content=\"index, follow, max-snippet:-1, max-image-preview:large, max-video-preview:-1\" \/>\n<link rel=\"canonical\" href=\"https:\/\/lospoliticosveracruz.com\/?p=122170\" \/>\n<meta property=\"og:locale\" content=\"es_ES\" \/>\n<meta property=\"og:type\" content=\"article\" \/>\n<meta property=\"og:title\" content=\"LO ENFERMARON DE POBREZA! - Los pol\u00edticos Veracruz\" \/>\n<meta property=\"og:description\" content=\"TlalixcoyanDante Delgado Morales, Candidato al Senado de la Rep\u00fablica por Movimiento Ciudadano, lament\u00f3 que hoy Veracruz se encuentre enfermo de pobreza y que se contabilicen m\u00e1s de cinco millones de ciudadanos que viven en situaci\u00f3n de vulnerabilidad econ\u00f3mica, por lo que desde el Senado trabajar\u00e1 para erradicar esa pobreza que azota Veracruz. \u201cNuestro Movimiento precisamente [&hellip;]\" \/>\n<meta property=\"og:url\" content=\"https:\/\/lospoliticosveracruz.com\/?p=122170\" \/>\n<meta property=\"og:site_name\" content=\"Los pol\u00edticos Veracruz\" \/>\n<meta property=\"article:publisher\" content=\"https:\/\/www.facebook.com\/people\/Notimemes-de-los-Polticos\/61565672886568\/\" \/>\n<meta property=\"article:published_time\" content=\"2024-04-14T17:41:20+00:00\" \/>\n<meta property=\"article:modified_time\" content=\"2024-04-14T17:41:59+00:00\" \/>\n<meta property=\"og:image\" content=\"https:\/\/lospoliticosveracruz.com\/wp-content\/uploads\/2016\/07\/Logo-Dor.jpg\" \/>\n\t<meta property=\"og:image:width\" content=\"200\" \/>\n\t<meta property=\"og:image:height\" content=\"200\" \/>\n\t<meta property=\"og:image:type\" content=\"image\/jpeg\" \/>\n<meta name=\"author\" content=\"Lo viste en Los Pol\u00edticos\" \/>\n<meta name=\"twitter:card\" content=\"summary_large_image\" \/>\n<meta name=\"twitter:creator\" content=\"@LosPoliticosVer\" \/>\n<meta name=\"twitter:site\" content=\"@LosPoliticosVer\" \/>\n<meta name=\"twitter:label1\" content=\"Escrito por\" \/>\n\t<meta name=\"twitter:data1\" content=\"Lo viste en Los Pol\u00edticos\" \/>\n\t<meta name=\"twitter:label2\" content=\"Tiempo de lectura\" \/>\n\t<meta name=\"twitter:data2\" content=\"2 minutos\" \/>\n<script type=\"application\/ld+json\" class=\"yoast-schema-graph\">{\"@context\":\"https:\\\/\\\/schema.org\",\"@graph\":[{\"@type\":\"Article\",\"@id\":\"https:\\\/\\\/lospoliticosveracruz.com\\\/?p=122170#article\",\"isPartOf\":{\"@id\":\"https:\\\/\\\/lospoliticosveracruz.com\\\/?p=122170\"},\"author\":{\"name\":\"Lo viste en Los Pol\u00edticos\",\"@id\":\"https:\\\/\\\/lospoliticosveracruz.com\\\/#\\\/schema\\\/person\\\/b8702bb0e538456e6efd07080bf2a4a2\"},\"headline\":\"LO ENFERMARON DE POBREZA!\",\"datePublished\":\"2024-04-14T17:41:20+00:00\",\"dateModified\":\"2024-04-14T17:41:59+00:00\",\"mainEntityOfPage\":{\"@id\":\"https:\\\/\\\/lospoliticosveracruz.com\\\/?p=122170\"},\"wordCount\":308,\"publisher\":{\"@id\":\"https:\\\/\\\/lospoliticosveracruz.com\\\/#organization\"},\"keywords\":[\"Dante Delgado Morales\",\"pobreza\",\"Veracruz\"],\"articleSection\":[\"De Boleto\"],\"inLanguage\":\"es\"},{\"@type\":\"WebPage\",\"@id\":\"https:\\\/\\\/lospoliticosveracruz.com\\\/?p=122170\",\"url\":\"https:\\\/\\\/lospoliticosveracruz.com\\\/?p=122170\",\"name\":\"LO ENFERMARON DE POBREZA! - Los pol\u00edticos Veracruz\",\"isPartOf\":{\"@id\":\"https:\\\/\\\/lospoliticosveracruz.com\\\/#website\"},\"datePublished\":\"2024-04-14T17:41:20+00:00\",\"dateModified\":\"2024-04-14T17:41:59+00:00\",\"breadcrumb\":{\"@id\":\"https:\\\/\\\/lospoliticosveracruz.com\\\/?p=122170#breadcrumb\"},\"inLanguage\":\"es\",\"potentialAction\":[{\"@type\":\"ReadAction\",\"target\":[\"https:\\\/\\\/lospoliticosveracruz.com\\\/?p=122170\"]}]},{\"@type\":\"BreadcrumbList\",\"@id\":\"https:\\\/\\\/lospoliticosveracruz.com\\\/?p=122170#breadcrumb\",\"itemListElement\":[{\"@type\":\"ListItem\",\"position\":1,\"name\":\"Portada\",\"item\":\"https:\\\/\\\/lospoliticosveracruz.com\\\/\"},{\"@type\":\"ListItem\",\"position\":2,\"name\":\"LO ENFERMARON DE POBREZA!\"}]},{\"@type\":\"WebSite\",\"@id\":\"https:\\\/\\\/lospoliticosveracruz.com\\\/#website\",\"url\":\"https:\\\/\\\/lospoliticosveracruz.com\\\/\",\"name\":\"Los pol\u00edticos Veracruz\",\"description\":\"\",\"publisher\":{\"@id\":\"https:\\\/\\\/lospoliticosveracruz.com\\\/#organization\"},\"potentialAction\":[{\"@type\":\"SearchAction\",\"target\":{\"@type\":\"EntryPoint\",\"urlTemplate\":\"https:\\\/\\\/lospoliticosveracruz.com\\\/?s={search_term_string}\"},\"query-input\":{\"@type\":\"PropertyValueSpecification\",\"valueRequired\":true,\"valueName\":\"search_term_string\"}}],\"inLanguage\":\"es\"},{\"@type\":\"Organization\",\"@id\":\"https:\\\/\\\/lospoliticosveracruz.com\\\/#organization\",\"name\":\"Los pol\u00edticos Veracruz\",\"url\":\"https:\\\/\\\/lospoliticosveracruz.com\\\/\",\"logo\":{\"@type\":\"ImageObject\",\"inLanguage\":\"es\",\"@id\":\"https:\\\/\\\/lospoliticosveracruz.com\\\/#\\\/schema\\\/logo\\\/image\\\/\",\"url\":\"https:\\\/\\\/lospoliticosveracruz.com\\\/wp-content\\\/uploads\\\/2025\\\/12\\\/Logo-Nuevo-LOS-POLITICOS-1.jpg\",\"contentUrl\":\"https:\\\/\\\/lospoliticosveracruz.com\\\/wp-content\\\/uploads\\\/2025\\\/12\\\/Logo-Nuevo-LOS-POLITICOS-1.jpg\",\"width\":260,\"height\":70,\"caption\":\"Los pol\u00edticos Veracruz\"},\"image\":{\"@id\":\"https:\\\/\\\/lospoliticosveracruz.com\\\/#\\\/schema\\\/logo\\\/image\\\/\"},\"sameAs\":[\"https:\\\/\\\/www.facebook.com\\\/people\\\/Notimemes-de-los-Polticos\\\/61565672886568\\\/\",\"https:\\\/\\\/x.com\\\/LosPoliticosVer\"]},{\"@type\":\"Person\",\"@id\":\"https:\\\/\\\/lospoliticosveracruz.com\\\/#\\\/schema\\\/person\\\/b8702bb0e538456e6efd07080bf2a4a2\",\"name\":\"Lo viste en Los Pol\u00edticos\",\"image\":{\"@type\":\"ImageObject\",\"inLanguage\":\"es\",\"@id\":\"https:\\\/\\\/secure.gravatar.com\\\/avatar\\\/3a8de04a2656d44082be478bd6c086daa447c4651605818287b9532d3d0bd435?s=96&d=mm&r=g\",\"url\":\"https:\\\/\\\/secure.gravatar.com\\\/avatar\\\/3a8de04a2656d44082be478bd6c086daa447c4651605818287b9532d3d0bd435?s=96&d=mm&r=g\",\"contentUrl\":\"https:\\\/\\\/secure.gravatar.com\\\/avatar\\\/3a8de04a2656d44082be478bd6c086daa447c4651605818287b9532d3d0bd435?s=96&d=mm&r=g\",\"caption\":\"Lo viste en Los Pol\u00edticos\"},\"url\":\"https:\\\/\\\/lospoliticosveracruz.com\\\/?author=2\"}]}<\/script>\n<!-- \/ Yoast SEO plugin. -->","yoast_head_json":{"title":"LO ENFERMARON DE POBREZA! - Los pol\u00edticos Veracruz","robots":{"index":"index","follow":"follow","max-snippet":"max-snippet:-1","max-image-preview":"max-image-preview:large","max-video-preview":"max-video-preview:-1"},"canonical":"https:\/\/lospoliticosveracruz.com\/?p=122170","og_locale":"es_ES","og_type":"article","og_title":"LO ENFERMARON DE POBREZA! - Los pol\u00edticos Veracruz","og_description":"TlalixcoyanDante Delgado Morales, Candidato al Senado de la Rep\u00fablica por Movimiento Ciudadano, lament\u00f3 que hoy Veracruz se encuentre enfermo de pobreza y que se contabilicen m\u00e1s de cinco millones de ciudadanos que viven en situaci\u00f3n de vulnerabilidad econ\u00f3mica, por lo que desde el Senado trabajar\u00e1 para erradicar esa pobreza que azota Veracruz. \u201cNuestro Movimiento precisamente [&hellip;]","og_url":"https:\/\/lospoliticosveracruz.com\/?p=122170","og_site_name":"Los pol\u00edticos Veracruz","article_publisher":"https:\/\/www.facebook.com\/people\/Notimemes-de-los-Polticos\/61565672886568\/","article_published_time":"2024-04-14T17:41:20+00:00","article_modified_time":"2024-04-14T17:41:59+00:00","og_image":[{"width":200,"height":200,"url":"https:\/\/lospoliticosveracruz.com\/wp-content\/uploads\/2016\/07\/Logo-Dor.jpg","type":"image\/jpeg"}],"author":"Lo viste en Los Pol\u00edticos","twitter_card":"summary_large_image","twitter_creator":"@LosPoliticosVer","twitter_site":"@LosPoliticosVer","twitter_misc":{"Escrito por":"Lo viste en Los Pol\u00edticos","Tiempo de lectura":"2 minutos"},"schema":{"@context":"https:\/\/schema.org","@graph":[{"@type":"Article","@id":"https:\/\/lospoliticosveracruz.com\/?p=122170#article","isPartOf":{"@id":"https:\/\/lospoliticosveracruz.com\/?p=122170"},"author":{"name":"Lo viste en Los Pol\u00edticos","@id":"https:\/\/lospoliticosveracruz.com\/#\/schema\/person\/b8702bb0e538456e6efd07080bf2a4a2"},"headline":"LO ENFERMARON DE POBREZA!","datePublished":"2024-04-14T17:41:20+00:00","dateModified":"2024-04-14T17:41:59+00:00","mainEntityOfPage":{"@id":"https:\/\/lospoliticosveracruz.com\/?p=122170"},"wordCount":308,"publisher":{"@id":"https:\/\/lospoliticosveracruz.com\/#organization"},"keywords":["Dante Delgado Morales","pobreza","Veracruz"],"articleSection":["De Boleto"],"inLanguage":"es"},{"@type":"WebPage","@id":"https:\/\/lospoliticosveracruz.com\/?p=122170","url":"https:\/\/lospoliticosveracruz.com\/?p=122170","name":"LO ENFERMARON DE POBREZA! - Los pol\u00edticos Veracruz","isPartOf":{"@id":"https:\/\/lospoliticosveracruz.com\/#website"},"datePublished":"2024-04-14T17:41:20+00:00","dateModified":"2024-04-14T17:41:59+00:00","breadcrumb":{"@id":"https:\/\/lospoliticosveracruz.com\/?p=122170#breadcrumb"},"inLanguage":"es","potentialAction":[{"@type":"ReadAction","target":["https:\/\/lospoliticosveracruz.com\/?p=122170"]}]},{"@type":"BreadcrumbList","@id":"https:\/\/lospoliticosveracruz.com\/?p=122170#breadcrumb","itemListElement":[{"@type":"ListItem","position":1,"name":"Portada","item":"https:\/\/lospoliticosveracruz.com\/"},{"@type":"ListItem","position":2,"name":"LO ENFERMARON DE POBREZA!"}]},{"@type":"WebSite","@id":"https:\/\/lospoliticosveracruz.com\/#website","url":"https:\/\/lospoliticosveracruz.com\/","name":"Los pol\u00edticos Veracruz","description":"","publisher":{"@id":"https:\/\/lospoliticosveracruz.com\/#organization"},"potentialAction":[{"@type":"SearchAction","target":{"@type":"EntryPoint","urlTemplate":"https:\/\/lospoliticosveracruz.com\/?s={search_term_string}"},"query-input":{"@type":"PropertyValueSpecification","valueRequired":true,"valueName":"search_term_string"}}],"inLanguage":"es"},{"@type":"Organization","@id":"https:\/\/lospoliticosveracruz.com\/#organization","name":"Los pol\u00edticos Veracruz","url":"https:\/\/lospoliticosveracruz.com\/","logo":{"@type":"ImageObject","inLanguage":"es","@id":"https:\/\/lospoliticosveracruz.com\/#\/schema\/logo\/image\/","url":"https:\/\/lospoliticosveracruz.com\/wp-content\/uploads\/2025\/12\/Logo-Nuevo-LOS-POLITICOS-1.jpg","contentUrl":"https:\/\/lospoliticosveracruz.com\/wp-content\/uploads\/2025\/12\/Logo-Nuevo-LOS-POLITICOS-1.jpg","width":260,"height":70,"caption":"Los pol\u00edticos Veracruz"},"image":{"@id":"https:\/\/lospoliticosveracruz.com\/#\/schema\/logo\/image\/"},"sameAs":["https:\/\/www.facebook.com\/people\/Notimemes-de-los-Polticos\/61565672886568\/","https:\/\/x.com\/LosPoliticosVer"]},{"@type":"Person","@id":"https:\/\/lospoliticosveracruz.com\/#\/schema\/person\/b8702bb0e538456e6efd07080bf2a4a2","name":"Lo viste en Los Pol\u00edticos","image":{"@type":"ImageObject","inLanguage":"es","@id":"https:\/\/secure.gravatar.com\/avatar\/3a8de04a2656d44082be478bd6c086daa447c4651605818287b9532d3d0bd435?s=96&d=mm&r=g","url":"https:\/\/secure.gravatar.com\/avatar\/3a8de04a2656d44082be478bd6c086daa447c4651605818287b9532d3d0bd435?s=96&d=mm&r=g","contentUrl":"https:\/\/secure.gravatar.com\/avatar\/3a8de04a2656d44082be478bd6c086daa447c4651605818287b9532d3d0bd435?s=96&d=mm&r=g","caption":"Lo viste en Los Pol\u00edticos"},"url":"https:\/\/lospoliticosveracruz.com\/?author=2"}]}},"_links":{"self":[{"href":"https:\/\/lospoliticosveracruz.com\/index.php?rest_route=\/wp\/v2\/posts\/122170","targetHints":{"allow":["GET"]}}],"collection":[{"href":"https:\/\/lospoliticosveracruz.com\/index.php?rest_route=\/wp\/v2\/posts"}],"about":[{"href":"https:\/\/lospoliticosveracruz.com\/index.php?rest_route=\/wp\/v2\/types\/post"}],"author":[{"embeddable":true,"href":"https:\/\/lospoliticosveracruz.com\/index.php?rest_route=\/wp\/v2\/users\/2"}],"replies":[{"embeddable":true,"href":"https:\/\/lospoliticosveracruz.com\/index.php?rest_route=%2Fwp%2Fv2%2Fcomments&post=122170"}],"version-history":[{"count":2,"href":"https:\/\/lospoliticosveracruz.com\/index.php?rest_route=\/wp\/v2\/posts\/122170\/revisions"}],"predecessor-version":[{"id":122173,"href":"https:\/\/lospoliticosveracruz.com\/index.php?rest_route=\/wp\/v2\/posts\/122170\/revisions\/122173"}],"wp:attachment":[{"href":"https:\/\/lospoliticosveracruz.com\/index.php?rest_route=%2Fwp%2Fv2%2Fmedia&parent=122170"}],"wp:term":[{"taxonomy":"category","embeddable":true,"href":"https:\/\/lospoliticosveracruz.com\/index.php?rest_route=%2Fwp%2Fv2%2Fcategories&post=122170"},{"taxonomy":"post_tag","embeddable":true,"href":"https:\/\/lospoliticosveracruz.com\/index.php?rest_route=%2Fwp%2Fv2%2Ftags&post=122170"}],"curies":[{"name":"wp","href":"https:\/\/api.w.org\/{rel}","templated":true}]}}