{"id":122245,"date":"2024-04-15T11:33:32","date_gmt":"2024-04-15T16:33:32","guid":{"rendered":"https:\/\/lospoliticosveracruz.com.mx\/?p=122245"},"modified":"2024-04-15T11:33:40","modified_gmt":"2024-04-15T16:33:40","slug":"los-yunes-locos-y-desesperados","status":"publish","type":"post","link":"https:\/\/lospoliticosveracruz.com\/?p=122245","title":{"rendered":"LOS YUNES, LOCOS Y DESESPERADOS!"},"content":{"rendered":"\n<p><strong>Jair Garc\u00eda<\/strong><\/p>\n\n\n\n<p>La candidata a la gubernatura por la coalici\u00f3n Morena, PT y PVEM, Roc\u00edo Nahle Garc\u00eda consider\u00f3 que los Yunes \u201cenloquecieron\u201d y se encuentran \u201cdesesperados\u201d, raz\u00f3n por la cual han instaurado una campa\u00f1a de desprestigio en su contra.<\/p>\n\n\n\n<p>Dijo que mientras ella se ha dedicado a realizar propuestas y recorrer los diversos municipios de la Entidad para tener un encuentro con la sociedad veracruzana, por el contrario, la oposici\u00f3n s\u00f3lo se ha enfocado en iniciar una campa\u00f1a en su contra, donde suelen mentir.<\/p>\n\n\n\n<p>Claro ejemplo de esta situaci\u00f3n, es que logr\u00f3 identificar la semana pasada, que la misma columna se escribi\u00f3 en diversos medios nacionales, lo que refiere que la oposici\u00f3n est\u00e1 gastando recursos para atacarla.<\/p>\n\n\n\n<p>Ante tal situaci\u00f3n, es que emiti\u00f3 un posicionamiento en el cual explic\u00f3 que su situaci\u00f3n patrimonial es de car\u00e1cter p\u00fablico y se encuentra sustentada en m\u00e1s de 40 a\u00f1os de trabajo, tanto de ella como de su esposo.<\/p>\n\n\n\n<p>En entrevista para una estaci\u00f3n de radio de Xalapa, record\u00f3 que las propiedades de las que la acusan a ella y su familia, son el resultado de una herencia familiar, as\u00ed como de la compra mediante cr\u00e9ditos hipotecarios que pagaron ella y su esposo.<\/p>\n\n\n\n<p>Tambi\u00e9n aclar\u00f3 que la casa en Boca del R\u00edo es rentada, para precisamente estar m\u00e1s cerca del centro del Estado y le permita poder movilizarse a los distintos municipios del norte, centro y sur de Veracruz.<\/p>\n\n\n\n<p>Roc\u00edo Nahle Garc\u00eda lament\u00f3 que la oposici\u00f3n no traiga propuestas y \u00fanicamente descalificaciones, adem\u00e1s de un lenguaje violento hacia ella como mujer.<\/p>\n\n\n\n<p>Frente a este panorama mencion\u00f3 que ella continuar\u00e1 recorriendo los 212 municipios del Estado, presentando sus propuestas, acerc\u00e1ndose a la gente y trabajando para ganar la elecci\u00f3n del pr\u00f3ximo 2 de junio.<\/p>\n","protected":false},"excerpt":{"rendered":"<p>Jair Garc\u00eda La candidata a la gubernatura por la coalici\u00f3n Morena, PT y PVEM, Roc\u00edo Nahle Garc\u00eda consider\u00f3 que los Yunes \u201cenloquecieron\u201d y se encuentran \u201cdesesperados\u201d, raz\u00f3n por la cual han instaurado una campa\u00f1a de desprestigio en su contra. Dijo que mientras ella se ha dedicado a realizar propuestas y recorrer los diversos municipios de [&hellip;]<\/p>\n","protected":false},"author":2,"featured_media":0,"comment_status":"closed","ping_status":"closed","sticky":false,"template":"","format":"standard","meta":{"tdm_status":"","tdm_grid_status":"","footnotes":""},"categories":[6446],"tags":[264,4386],"class_list":{"0":"post-122245","1":"post","2":"type-post","3":"status-publish","4":"format-standard","6":"category-la-nota","7":"tag-pvem","8":"tag-rocio-nahle-garcia"},"yoast_head":"<!-- This site is optimized with the Yoast SEO plugin v27.4 - https:\/\/yoast.com\/product\/yoast-seo-wordpress\/ -->\n<title>LOS YUNES, LOCOS Y DESESPERADOS! - Los pol\u00edticos Veracruz<\/title>\n<meta name=\"robots\" content=\"index, follow, max-snippet:-1, max-image-preview:large, max-video-preview:-1\" \/>\n<link rel=\"canonical\" href=\"https:\/\/lospoliticosveracruz.com\/?p=122245\" \/>\n<meta property=\"og:locale\" content=\"es_ES\" \/>\n<meta property=\"og:type\" content=\"article\" \/>\n<meta property=\"og:title\" content=\"LOS YUNES, LOCOS Y DESESPERADOS! - Los pol\u00edticos Veracruz\" \/>\n<meta property=\"og:description\" content=\"Jair Garc\u00eda La candidata a la gubernatura por la coalici\u00f3n Morena, PT y PVEM, Roc\u00edo Nahle Garc\u00eda consider\u00f3 que los Yunes \u201cenloquecieron\u201d y se encuentran \u201cdesesperados\u201d, raz\u00f3n por la cual han instaurado una campa\u00f1a de desprestigio en su contra. Dijo que mientras ella se ha dedicado a realizar propuestas y recorrer los diversos municipios de [&hellip;]\" \/>\n<meta property=\"og:url\" content=\"https:\/\/lospoliticosveracruz.com\/?p=122245\" \/>\n<meta property=\"og:site_name\" content=\"Los pol\u00edticos Veracruz\" \/>\n<meta property=\"article:publisher\" content=\"https:\/\/www.facebook.com\/people\/Notimemes-de-los-Polticos\/61565672886568\/\" \/>\n<meta property=\"article:published_time\" content=\"2024-04-15T16:33:32+00:00\" \/>\n<meta property=\"article:modified_time\" content=\"2024-04-15T16:33:40+00:00\" \/>\n<meta property=\"og:image\" content=\"https:\/\/lospoliticosveracruz.com\/wp-content\/uploads\/2016\/07\/Logo-Dor.jpg\" \/>\n\t<meta property=\"og:image:width\" content=\"200\" \/>\n\t<meta property=\"og:image:height\" content=\"200\" \/>\n\t<meta property=\"og:image:type\" content=\"image\/jpeg\" \/>\n<meta name=\"author\" content=\"Lo viste en Los Pol\u00edticos\" \/>\n<meta name=\"twitter:card\" content=\"summary_large_image\" \/>\n<meta name=\"twitter:creator\" content=\"@LosPoliticosVer\" \/>\n<meta name=\"twitter:site\" content=\"@LosPoliticosVer\" \/>\n<meta name=\"twitter:label1\" content=\"Escrito por\" \/>\n\t<meta name=\"twitter:data1\" content=\"Lo viste en Los Pol\u00edticos\" \/>\n\t<meta name=\"twitter:label2\" content=\"Tiempo de lectura\" \/>\n\t<meta name=\"twitter:data2\" content=\"2 minutos\" \/>\n<script type=\"application\/ld+json\" class=\"yoast-schema-graph\">{\"@context\":\"https:\\\/\\\/schema.org\",\"@graph\":[{\"@type\":\"Article\",\"@id\":\"https:\\\/\\\/lospoliticosveracruz.com\\\/?p=122245#article\",\"isPartOf\":{\"@id\":\"https:\\\/\\\/lospoliticosveracruz.com\\\/?p=122245\"},\"author\":{\"name\":\"Lo viste en Los Pol\u00edticos\",\"@id\":\"https:\\\/\\\/lospoliticosveracruz.com\\\/#\\\/schema\\\/person\\\/b8702bb0e538456e6efd07080bf2a4a2\"},\"headline\":\"LOS YUNES, LOCOS Y DESESPERADOS!\",\"datePublished\":\"2024-04-15T16:33:32+00:00\",\"dateModified\":\"2024-04-15T16:33:40+00:00\",\"mainEntityOfPage\":{\"@id\":\"https:\\\/\\\/lospoliticosveracruz.com\\\/?p=122245\"},\"wordCount\":320,\"publisher\":{\"@id\":\"https:\\\/\\\/lospoliticosveracruz.com\\\/#organization\"},\"keywords\":[\"PVEM\",\"Roc\u00edo Nahle Garc\u00eda\"],\"articleSection\":[\"La Nota\"],\"inLanguage\":\"es\"},{\"@type\":\"WebPage\",\"@id\":\"https:\\\/\\\/lospoliticosveracruz.com\\\/?p=122245\",\"url\":\"https:\\\/\\\/lospoliticosveracruz.com\\\/?p=122245\",\"name\":\"LOS YUNES, LOCOS Y DESESPERADOS! - Los pol\u00edticos Veracruz\",\"isPartOf\":{\"@id\":\"https:\\\/\\\/lospoliticosveracruz.com\\\/#website\"},\"datePublished\":\"2024-04-15T16:33:32+00:00\",\"dateModified\":\"2024-04-15T16:33:40+00:00\",\"breadcrumb\":{\"@id\":\"https:\\\/\\\/lospoliticosveracruz.com\\\/?p=122245#breadcrumb\"},\"inLanguage\":\"es\",\"potentialAction\":[{\"@type\":\"ReadAction\",\"target\":[\"https:\\\/\\\/lospoliticosveracruz.com\\\/?p=122245\"]}]},{\"@type\":\"BreadcrumbList\",\"@id\":\"https:\\\/\\\/lospoliticosveracruz.com\\\/?p=122245#breadcrumb\",\"itemListElement\":[{\"@type\":\"ListItem\",\"position\":1,\"name\":\"Portada\",\"item\":\"https:\\\/\\\/lospoliticosveracruz.com\\\/\"},{\"@type\":\"ListItem\",\"position\":2,\"name\":\"LOS YUNES, LOCOS Y DESESPERADOS!\"}]},{\"@type\":\"WebSite\",\"@id\":\"https:\\\/\\\/lospoliticosveracruz.com\\\/#website\",\"url\":\"https:\\\/\\\/lospoliticosveracruz.com\\\/\",\"name\":\"Los pol\u00edticos Veracruz\",\"description\":\"\",\"publisher\":{\"@id\":\"https:\\\/\\\/lospoliticosveracruz.com\\\/#organization\"},\"potentialAction\":[{\"@type\":\"SearchAction\",\"target\":{\"@type\":\"EntryPoint\",\"urlTemplate\":\"https:\\\/\\\/lospoliticosveracruz.com\\\/?s={search_term_string}\"},\"query-input\":{\"@type\":\"PropertyValueSpecification\",\"valueRequired\":true,\"valueName\":\"search_term_string\"}}],\"inLanguage\":\"es\"},{\"@type\":\"Organization\",\"@id\":\"https:\\\/\\\/lospoliticosveracruz.com\\\/#organization\",\"name\":\"Los pol\u00edticos Veracruz\",\"url\":\"https:\\\/\\\/lospoliticosveracruz.com\\\/\",\"logo\":{\"@type\":\"ImageObject\",\"inLanguage\":\"es\",\"@id\":\"https:\\\/\\\/lospoliticosveracruz.com\\\/#\\\/schema\\\/logo\\\/image\\\/\",\"url\":\"https:\\\/\\\/lospoliticosveracruz.com\\\/wp-content\\\/uploads\\\/2025\\\/12\\\/Logo-Nuevo-LOS-POLITICOS-1.jpg\",\"contentUrl\":\"https:\\\/\\\/lospoliticosveracruz.com\\\/wp-content\\\/uploads\\\/2025\\\/12\\\/Logo-Nuevo-LOS-POLITICOS-1.jpg\",\"width\":260,\"height\":70,\"caption\":\"Los pol\u00edticos Veracruz\"},\"image\":{\"@id\":\"https:\\\/\\\/lospoliticosveracruz.com\\\/#\\\/schema\\\/logo\\\/image\\\/\"},\"sameAs\":[\"https:\\\/\\\/www.facebook.com\\\/people\\\/Notimemes-de-los-Polticos\\\/61565672886568\\\/\",\"https:\\\/\\\/x.com\\\/LosPoliticosVer\"]},{\"@type\":\"Person\",\"@id\":\"https:\\\/\\\/lospoliticosveracruz.com\\\/#\\\/schema\\\/person\\\/b8702bb0e538456e6efd07080bf2a4a2\",\"name\":\"Lo viste en Los Pol\u00edticos\",\"image\":{\"@type\":\"ImageObject\",\"inLanguage\":\"es\",\"@id\":\"https:\\\/\\\/secure.gravatar.com\\\/avatar\\\/3a8de04a2656d44082be478bd6c086daa447c4651605818287b9532d3d0bd435?s=96&d=mm&r=g\",\"url\":\"https:\\\/\\\/secure.gravatar.com\\\/avatar\\\/3a8de04a2656d44082be478bd6c086daa447c4651605818287b9532d3d0bd435?s=96&d=mm&r=g\",\"contentUrl\":\"https:\\\/\\\/secure.gravatar.com\\\/avatar\\\/3a8de04a2656d44082be478bd6c086daa447c4651605818287b9532d3d0bd435?s=96&d=mm&r=g\",\"caption\":\"Lo viste en Los Pol\u00edticos\"},\"url\":\"https:\\\/\\\/lospoliticosveracruz.com\\\/?author=2\"}]}<\/script>\n<!-- \/ Yoast SEO plugin. -->","yoast_head_json":{"title":"LOS YUNES, LOCOS Y DESESPERADOS! - Los pol\u00edticos Veracruz","robots":{"index":"index","follow":"follow","max-snippet":"max-snippet:-1","max-image-preview":"max-image-preview:large","max-video-preview":"max-video-preview:-1"},"canonical":"https:\/\/lospoliticosveracruz.com\/?p=122245","og_locale":"es_ES","og_type":"article","og_title":"LOS YUNES, LOCOS Y DESESPERADOS! - Los pol\u00edticos Veracruz","og_description":"Jair Garc\u00eda La candidata a la gubernatura por la coalici\u00f3n Morena, PT y PVEM, Roc\u00edo Nahle Garc\u00eda consider\u00f3 que los Yunes \u201cenloquecieron\u201d y se encuentran \u201cdesesperados\u201d, raz\u00f3n por la cual han instaurado una campa\u00f1a de desprestigio en su contra. Dijo que mientras ella se ha dedicado a realizar propuestas y recorrer los diversos municipios de [&hellip;]","og_url":"https:\/\/lospoliticosveracruz.com\/?p=122245","og_site_name":"Los pol\u00edticos Veracruz","article_publisher":"https:\/\/www.facebook.com\/people\/Notimemes-de-los-Polticos\/61565672886568\/","article_published_time":"2024-04-15T16:33:32+00:00","article_modified_time":"2024-04-15T16:33:40+00:00","og_image":[{"width":200,"height":200,"url":"https:\/\/lospoliticosveracruz.com\/wp-content\/uploads\/2016\/07\/Logo-Dor.jpg","type":"image\/jpeg"}],"author":"Lo viste en Los Pol\u00edticos","twitter_card":"summary_large_image","twitter_creator":"@LosPoliticosVer","twitter_site":"@LosPoliticosVer","twitter_misc":{"Escrito por":"Lo viste en Los Pol\u00edticos","Tiempo de lectura":"2 minutos"},"schema":{"@context":"https:\/\/schema.org","@graph":[{"@type":"Article","@id":"https:\/\/lospoliticosveracruz.com\/?p=122245#article","isPartOf":{"@id":"https:\/\/lospoliticosveracruz.com\/?p=122245"},"author":{"name":"Lo viste en Los Pol\u00edticos","@id":"https:\/\/lospoliticosveracruz.com\/#\/schema\/person\/b8702bb0e538456e6efd07080bf2a4a2"},"headline":"LOS YUNES, LOCOS Y DESESPERADOS!","datePublished":"2024-04-15T16:33:32+00:00","dateModified":"2024-04-15T16:33:40+00:00","mainEntityOfPage":{"@id":"https:\/\/lospoliticosveracruz.com\/?p=122245"},"wordCount":320,"publisher":{"@id":"https:\/\/lospoliticosveracruz.com\/#organization"},"keywords":["PVEM","Roc\u00edo Nahle Garc\u00eda"],"articleSection":["La Nota"],"inLanguage":"es"},{"@type":"WebPage","@id":"https:\/\/lospoliticosveracruz.com\/?p=122245","url":"https:\/\/lospoliticosveracruz.com\/?p=122245","name":"LOS YUNES, LOCOS Y DESESPERADOS! - Los pol\u00edticos Veracruz","isPartOf":{"@id":"https:\/\/lospoliticosveracruz.com\/#website"},"datePublished":"2024-04-15T16:33:32+00:00","dateModified":"2024-04-15T16:33:40+00:00","breadcrumb":{"@id":"https:\/\/lospoliticosveracruz.com\/?p=122245#breadcrumb"},"inLanguage":"es","potentialAction":[{"@type":"ReadAction","target":["https:\/\/lospoliticosveracruz.com\/?p=122245"]}]},{"@type":"BreadcrumbList","@id":"https:\/\/lospoliticosveracruz.com\/?p=122245#breadcrumb","itemListElement":[{"@type":"ListItem","position":1,"name":"Portada","item":"https:\/\/lospoliticosveracruz.com\/"},{"@type":"ListItem","position":2,"name":"LOS YUNES, LOCOS Y DESESPERADOS!"}]},{"@type":"WebSite","@id":"https:\/\/lospoliticosveracruz.com\/#website","url":"https:\/\/lospoliticosveracruz.com\/","name":"Los pol\u00edticos Veracruz","description":"","publisher":{"@id":"https:\/\/lospoliticosveracruz.com\/#organization"},"potentialAction":[{"@type":"SearchAction","target":{"@type":"EntryPoint","urlTemplate":"https:\/\/lospoliticosveracruz.com\/?s={search_term_string}"},"query-input":{"@type":"PropertyValueSpecification","valueRequired":true,"valueName":"search_term_string"}}],"inLanguage":"es"},{"@type":"Organization","@id":"https:\/\/lospoliticosveracruz.com\/#organization","name":"Los pol\u00edticos Veracruz","url":"https:\/\/lospoliticosveracruz.com\/","logo":{"@type":"ImageObject","inLanguage":"es","@id":"https:\/\/lospoliticosveracruz.com\/#\/schema\/logo\/image\/","url":"https:\/\/lospoliticosveracruz.com\/wp-content\/uploads\/2025\/12\/Logo-Nuevo-LOS-POLITICOS-1.jpg","contentUrl":"https:\/\/lospoliticosveracruz.com\/wp-content\/uploads\/2025\/12\/Logo-Nuevo-LOS-POLITICOS-1.jpg","width":260,"height":70,"caption":"Los pol\u00edticos Veracruz"},"image":{"@id":"https:\/\/lospoliticosveracruz.com\/#\/schema\/logo\/image\/"},"sameAs":["https:\/\/www.facebook.com\/people\/Notimemes-de-los-Polticos\/61565672886568\/","https:\/\/x.com\/LosPoliticosVer"]},{"@type":"Person","@id":"https:\/\/lospoliticosveracruz.com\/#\/schema\/person\/b8702bb0e538456e6efd07080bf2a4a2","name":"Lo viste en Los Pol\u00edticos","image":{"@type":"ImageObject","inLanguage":"es","@id":"https:\/\/secure.gravatar.com\/avatar\/3a8de04a2656d44082be478bd6c086daa447c4651605818287b9532d3d0bd435?s=96&d=mm&r=g","url":"https:\/\/secure.gravatar.com\/avatar\/3a8de04a2656d44082be478bd6c086daa447c4651605818287b9532d3d0bd435?s=96&d=mm&r=g","contentUrl":"https:\/\/secure.gravatar.com\/avatar\/3a8de04a2656d44082be478bd6c086daa447c4651605818287b9532d3d0bd435?s=96&d=mm&r=g","caption":"Lo viste en Los Pol\u00edticos"},"url":"https:\/\/lospoliticosveracruz.com\/?author=2"}]}},"_links":{"self":[{"href":"https:\/\/lospoliticosveracruz.com\/index.php?rest_route=\/wp\/v2\/posts\/122245","targetHints":{"allow":["GET"]}}],"collection":[{"href":"https:\/\/lospoliticosveracruz.com\/index.php?rest_route=\/wp\/v2\/posts"}],"about":[{"href":"https:\/\/lospoliticosveracruz.com\/index.php?rest_route=\/wp\/v2\/types\/post"}],"author":[{"embeddable":true,"href":"https:\/\/lospoliticosveracruz.com\/index.php?rest_route=\/wp\/v2\/users\/2"}],"replies":[{"embeddable":true,"href":"https:\/\/lospoliticosveracruz.com\/index.php?rest_route=%2Fwp%2Fv2%2Fcomments&post=122245"}],"version-history":[{"count":1,"href":"https:\/\/lospoliticosveracruz.com\/index.php?rest_route=\/wp\/v2\/posts\/122245\/revisions"}],"predecessor-version":[{"id":122246,"href":"https:\/\/lospoliticosveracruz.com\/index.php?rest_route=\/wp\/v2\/posts\/122245\/revisions\/122246"}],"wp:attachment":[{"href":"https:\/\/lospoliticosveracruz.com\/index.php?rest_route=%2Fwp%2Fv2%2Fmedia&parent=122245"}],"wp:term":[{"taxonomy":"category","embeddable":true,"href":"https:\/\/lospoliticosveracruz.com\/index.php?rest_route=%2Fwp%2Fv2%2Fcategories&post=122245"},{"taxonomy":"post_tag","embeddable":true,"href":"https:\/\/lospoliticosveracruz.com\/index.php?rest_route=%2Fwp%2Fv2%2Ftags&post=122245"}],"curies":[{"name":"wp","href":"https:\/\/api.w.org\/{rel}","templated":true}]}}