{"id":122344,"date":"2024-04-16T19:28:09","date_gmt":"2024-04-17T00:28:09","guid":{"rendered":"https:\/\/lospoliticosveracruz.com.mx\/?p=122344"},"modified":"2024-04-16T19:28:31","modified_gmt":"2024-04-17T00:28:31","slug":"despensa-por-voto","status":"publish","type":"post","link":"https:\/\/lospoliticosveracruz.com\/?p=122344","title":{"rendered":"DESPENSA POR VOTO!"},"content":{"rendered":"\n<p><\/p>\n\n\n\n<p><strong>Veracruz<\/strong><br>La candidata a la diputaci\u00f3n federal por el distrito 12 de la coalici\u00f3n \u201cSigamos Haciendo Historia\u201d, Rosa Mar\u00eda Hern\u00e1ndez Espejo denunci\u00f3 p\u00fablicamente la compra ilegal de credenciales de elector por parte de sus adversarios del PRIAN, quienes a trav\u00e9s de los jefes de manzana -dependientes del ayuntamiento de Veracruz- obligan a los ciudadanos a entregarla, d\u00e1ndoles una despensa a cambio.<\/p>\n\n\n\n<p>En un mensaje enviado a trav\u00e9s de sus redes sociales, la aspirante morenista denunci\u00f3 que ha recibido reportes por parte de vecinos del distrito 12 que jefes de cuartel y de manzana est\u00e1n obligando a la ciudadan\u00eda a entregar sus credenciales de elector a cambio de despensas.<\/p>\n\n\n\n<p>\u201cNos est\u00e1n reportando que a trav\u00e9s de los jefes de cuartel y los jefes de manzana est\u00e1n pidi\u00e9ndole la credencial a la gente, oblig\u00e1ndoles a entregarlas por darle la despensilla de esas de medios kilos y cuartos de litro. No permitan eso, es un delito, rep\u00f3rtenlos por favor\u201d , coment\u00f3.<\/p>\n\n\n\n<p>Por su parte dijo que interpondr\u00e1n las denuncias ante el INE y las autoridades competentes, pues tambi\u00e9n expuso en el video que hay personas que por las noches arrancan las lonas de las casas que han visitado en los distintos recorridos a lo largo del distrito.<\/p>\n\n\n\n<p>\u201cVamos a denunciar ante el Instituto Nacional Electoral porque no es justo que no sepan ganar de manera limpia, buscando el voto como andamos nosotros caminando, tocando puertas y hablando de cara a cara con la gente, ellos como no tienen cara con qu\u00e9 presentarse a la ciudadan\u00eda, entonces van amedrentan y amenazan y eso no se debe hacer\u201d, concluy\u00f3.<\/p>\n\n\n\n<p>CAMINANDO POR LA TRANSFORMACI\u00d3N<\/p>\n\n\n\n<p>Siguiendo con la construcci\u00f3n del segundo piso de la cuarta transformaci\u00f3n, la abanderada morenista recorri\u00f3 las colonias Nuevas Esperanzas y R\u00edo Medio 3 pidiendo a la ciudadan\u00eda el voto a favor de la coalici\u00f3n que representa.<\/p>\n\n\n\n<p>Mientras que este martes suma su recorrido n\u00famero 92 en la colonia Dos de Octubre, en donde con su campa\u00f1a propositiva y a ras de suelo contin\u00faa revolucionando consciencias a favor de la transformaci\u00f3n.<\/p>\n","protected":false},"excerpt":{"rendered":"<p>VeracruzLa candidata a la diputaci\u00f3n federal por el distrito 12 de la coalici\u00f3n \u201cSigamos Haciendo Historia\u201d, Rosa Mar\u00eda Hern\u00e1ndez Espejo denunci\u00f3 p\u00fablicamente la compra ilegal de credenciales de elector por parte de sus adversarios del PRIAN, quienes a trav\u00e9s de los jefes de manzana -dependientes del ayuntamiento de Veracruz- obligan a los ciudadanos a entregarla, [&hellip;]<\/p>\n","protected":false},"author":2,"featured_media":0,"comment_status":"closed","ping_status":"closed","sticky":false,"template":"","format":"standard","meta":{"tdm_status":"","tdm_grid_status":"","footnotes":""},"categories":[73],"tags":[],"class_list":{"0":"post-122344","1":"post","2":"type-post","3":"status-publish","4":"format-standard","6":"category-de-boleto"},"yoast_head":"<!-- This site is optimized with the Yoast SEO plugin v27.4 - https:\/\/yoast.com\/product\/yoast-seo-wordpress\/ -->\n<title>DESPENSA POR VOTO! - Los pol\u00edticos Veracruz<\/title>\n<meta name=\"robots\" content=\"index, follow, max-snippet:-1, max-image-preview:large, max-video-preview:-1\" \/>\n<link rel=\"canonical\" href=\"https:\/\/lospoliticosveracruz.com\/?p=122344\" \/>\n<meta property=\"og:locale\" content=\"es_ES\" \/>\n<meta property=\"og:type\" content=\"article\" \/>\n<meta property=\"og:title\" content=\"DESPENSA POR VOTO! - Los pol\u00edticos Veracruz\" \/>\n<meta property=\"og:description\" content=\"VeracruzLa candidata a la diputaci\u00f3n federal por el distrito 12 de la coalici\u00f3n \u201cSigamos Haciendo Historia\u201d, Rosa Mar\u00eda Hern\u00e1ndez Espejo denunci\u00f3 p\u00fablicamente la compra ilegal de credenciales de elector por parte de sus adversarios del PRIAN, quienes a trav\u00e9s de los jefes de manzana -dependientes del ayuntamiento de Veracruz- obligan a los ciudadanos a entregarla, [&hellip;]\" \/>\n<meta property=\"og:url\" content=\"https:\/\/lospoliticosveracruz.com\/?p=122344\" \/>\n<meta property=\"og:site_name\" content=\"Los pol\u00edticos Veracruz\" \/>\n<meta property=\"article:publisher\" content=\"https:\/\/www.facebook.com\/people\/Notimemes-de-los-Polticos\/61565672886568\/\" \/>\n<meta property=\"article:published_time\" content=\"2024-04-17T00:28:09+00:00\" \/>\n<meta property=\"article:modified_time\" content=\"2024-04-17T00:28:31+00:00\" \/>\n<meta property=\"og:image\" content=\"https:\/\/lospoliticosveracruz.com\/wp-content\/uploads\/2016\/07\/Logo-Dor.jpg\" \/>\n\t<meta property=\"og:image:width\" content=\"200\" \/>\n\t<meta property=\"og:image:height\" content=\"200\" \/>\n\t<meta property=\"og:image:type\" content=\"image\/jpeg\" \/>\n<meta name=\"author\" content=\"Lo viste en Los Pol\u00edticos\" \/>\n<meta name=\"twitter:card\" content=\"summary_large_image\" \/>\n<meta name=\"twitter:creator\" content=\"@LosPoliticosVer\" \/>\n<meta name=\"twitter:site\" content=\"@LosPoliticosVer\" \/>\n<meta name=\"twitter:label1\" content=\"Escrito por\" \/>\n\t<meta name=\"twitter:data1\" content=\"Lo viste en Los Pol\u00edticos\" \/>\n\t<meta name=\"twitter:label2\" content=\"Tiempo de lectura\" \/>\n\t<meta name=\"twitter:data2\" content=\"2 minutos\" \/>\n<script type=\"application\/ld+json\" class=\"yoast-schema-graph\">{\"@context\":\"https:\\\/\\\/schema.org\",\"@graph\":[{\"@type\":\"Article\",\"@id\":\"https:\\\/\\\/lospoliticosveracruz.com\\\/?p=122344#article\",\"isPartOf\":{\"@id\":\"https:\\\/\\\/lospoliticosveracruz.com\\\/?p=122344\"},\"author\":{\"name\":\"Lo viste en Los Pol\u00edticos\",\"@id\":\"https:\\\/\\\/lospoliticosveracruz.com\\\/#\\\/schema\\\/person\\\/b8702bb0e538456e6efd07080bf2a4a2\"},\"headline\":\"DESPENSA POR VOTO!\",\"datePublished\":\"2024-04-17T00:28:09+00:00\",\"dateModified\":\"2024-04-17T00:28:31+00:00\",\"mainEntityOfPage\":{\"@id\":\"https:\\\/\\\/lospoliticosveracruz.com\\\/?p=122344\"},\"wordCount\":365,\"publisher\":{\"@id\":\"https:\\\/\\\/lospoliticosveracruz.com\\\/#organization\"},\"articleSection\":[\"De Boleto\"],\"inLanguage\":\"es\"},{\"@type\":\"WebPage\",\"@id\":\"https:\\\/\\\/lospoliticosveracruz.com\\\/?p=122344\",\"url\":\"https:\\\/\\\/lospoliticosveracruz.com\\\/?p=122344\",\"name\":\"DESPENSA POR VOTO! - Los pol\u00edticos Veracruz\",\"isPartOf\":{\"@id\":\"https:\\\/\\\/lospoliticosveracruz.com\\\/#website\"},\"datePublished\":\"2024-04-17T00:28:09+00:00\",\"dateModified\":\"2024-04-17T00:28:31+00:00\",\"breadcrumb\":{\"@id\":\"https:\\\/\\\/lospoliticosveracruz.com\\\/?p=122344#breadcrumb\"},\"inLanguage\":\"es\",\"potentialAction\":[{\"@type\":\"ReadAction\",\"target\":[\"https:\\\/\\\/lospoliticosveracruz.com\\\/?p=122344\"]}]},{\"@type\":\"BreadcrumbList\",\"@id\":\"https:\\\/\\\/lospoliticosveracruz.com\\\/?p=122344#breadcrumb\",\"itemListElement\":[{\"@type\":\"ListItem\",\"position\":1,\"name\":\"Portada\",\"item\":\"https:\\\/\\\/lospoliticosveracruz.com\\\/\"},{\"@type\":\"ListItem\",\"position\":2,\"name\":\"DESPENSA POR VOTO!\"}]},{\"@type\":\"WebSite\",\"@id\":\"https:\\\/\\\/lospoliticosveracruz.com\\\/#website\",\"url\":\"https:\\\/\\\/lospoliticosveracruz.com\\\/\",\"name\":\"Los pol\u00edticos Veracruz\",\"description\":\"\",\"publisher\":{\"@id\":\"https:\\\/\\\/lospoliticosveracruz.com\\\/#organization\"},\"potentialAction\":[{\"@type\":\"SearchAction\",\"target\":{\"@type\":\"EntryPoint\",\"urlTemplate\":\"https:\\\/\\\/lospoliticosveracruz.com\\\/?s={search_term_string}\"},\"query-input\":{\"@type\":\"PropertyValueSpecification\",\"valueRequired\":true,\"valueName\":\"search_term_string\"}}],\"inLanguage\":\"es\"},{\"@type\":\"Organization\",\"@id\":\"https:\\\/\\\/lospoliticosveracruz.com\\\/#organization\",\"name\":\"Los pol\u00edticos Veracruz\",\"url\":\"https:\\\/\\\/lospoliticosveracruz.com\\\/\",\"logo\":{\"@type\":\"ImageObject\",\"inLanguage\":\"es\",\"@id\":\"https:\\\/\\\/lospoliticosveracruz.com\\\/#\\\/schema\\\/logo\\\/image\\\/\",\"url\":\"https:\\\/\\\/lospoliticosveracruz.com\\\/wp-content\\\/uploads\\\/2025\\\/12\\\/Logo-Nuevo-LOS-POLITICOS-1.jpg\",\"contentUrl\":\"https:\\\/\\\/lospoliticosveracruz.com\\\/wp-content\\\/uploads\\\/2025\\\/12\\\/Logo-Nuevo-LOS-POLITICOS-1.jpg\",\"width\":260,\"height\":70,\"caption\":\"Los pol\u00edticos Veracruz\"},\"image\":{\"@id\":\"https:\\\/\\\/lospoliticosveracruz.com\\\/#\\\/schema\\\/logo\\\/image\\\/\"},\"sameAs\":[\"https:\\\/\\\/www.facebook.com\\\/people\\\/Notimemes-de-los-Polticos\\\/61565672886568\\\/\",\"https:\\\/\\\/x.com\\\/LosPoliticosVer\"]},{\"@type\":\"Person\",\"@id\":\"https:\\\/\\\/lospoliticosveracruz.com\\\/#\\\/schema\\\/person\\\/b8702bb0e538456e6efd07080bf2a4a2\",\"name\":\"Lo viste en Los Pol\u00edticos\",\"image\":{\"@type\":\"ImageObject\",\"inLanguage\":\"es\",\"@id\":\"https:\\\/\\\/secure.gravatar.com\\\/avatar\\\/3a8de04a2656d44082be478bd6c086daa447c4651605818287b9532d3d0bd435?s=96&d=mm&r=g\",\"url\":\"https:\\\/\\\/secure.gravatar.com\\\/avatar\\\/3a8de04a2656d44082be478bd6c086daa447c4651605818287b9532d3d0bd435?s=96&d=mm&r=g\",\"contentUrl\":\"https:\\\/\\\/secure.gravatar.com\\\/avatar\\\/3a8de04a2656d44082be478bd6c086daa447c4651605818287b9532d3d0bd435?s=96&d=mm&r=g\",\"caption\":\"Lo viste en Los Pol\u00edticos\"},\"url\":\"https:\\\/\\\/lospoliticosveracruz.com\\\/?author=2\"}]}<\/script>\n<!-- \/ Yoast SEO plugin. -->","yoast_head_json":{"title":"DESPENSA POR VOTO! - Los pol\u00edticos Veracruz","robots":{"index":"index","follow":"follow","max-snippet":"max-snippet:-1","max-image-preview":"max-image-preview:large","max-video-preview":"max-video-preview:-1"},"canonical":"https:\/\/lospoliticosveracruz.com\/?p=122344","og_locale":"es_ES","og_type":"article","og_title":"DESPENSA POR VOTO! - Los pol\u00edticos Veracruz","og_description":"VeracruzLa candidata a la diputaci\u00f3n federal por el distrito 12 de la coalici\u00f3n \u201cSigamos Haciendo Historia\u201d, Rosa Mar\u00eda Hern\u00e1ndez Espejo denunci\u00f3 p\u00fablicamente la compra ilegal de credenciales de elector por parte de sus adversarios del PRIAN, quienes a trav\u00e9s de los jefes de manzana -dependientes del ayuntamiento de Veracruz- obligan a los ciudadanos a entregarla, [&hellip;]","og_url":"https:\/\/lospoliticosveracruz.com\/?p=122344","og_site_name":"Los pol\u00edticos Veracruz","article_publisher":"https:\/\/www.facebook.com\/people\/Notimemes-de-los-Polticos\/61565672886568\/","article_published_time":"2024-04-17T00:28:09+00:00","article_modified_time":"2024-04-17T00:28:31+00:00","og_image":[{"width":200,"height":200,"url":"https:\/\/lospoliticosveracruz.com\/wp-content\/uploads\/2016\/07\/Logo-Dor.jpg","type":"image\/jpeg"}],"author":"Lo viste en Los Pol\u00edticos","twitter_card":"summary_large_image","twitter_creator":"@LosPoliticosVer","twitter_site":"@LosPoliticosVer","twitter_misc":{"Escrito por":"Lo viste en Los Pol\u00edticos","Tiempo de lectura":"2 minutos"},"schema":{"@context":"https:\/\/schema.org","@graph":[{"@type":"Article","@id":"https:\/\/lospoliticosveracruz.com\/?p=122344#article","isPartOf":{"@id":"https:\/\/lospoliticosveracruz.com\/?p=122344"},"author":{"name":"Lo viste en Los Pol\u00edticos","@id":"https:\/\/lospoliticosveracruz.com\/#\/schema\/person\/b8702bb0e538456e6efd07080bf2a4a2"},"headline":"DESPENSA POR VOTO!","datePublished":"2024-04-17T00:28:09+00:00","dateModified":"2024-04-17T00:28:31+00:00","mainEntityOfPage":{"@id":"https:\/\/lospoliticosveracruz.com\/?p=122344"},"wordCount":365,"publisher":{"@id":"https:\/\/lospoliticosveracruz.com\/#organization"},"articleSection":["De Boleto"],"inLanguage":"es"},{"@type":"WebPage","@id":"https:\/\/lospoliticosveracruz.com\/?p=122344","url":"https:\/\/lospoliticosveracruz.com\/?p=122344","name":"DESPENSA POR VOTO! - Los pol\u00edticos Veracruz","isPartOf":{"@id":"https:\/\/lospoliticosveracruz.com\/#website"},"datePublished":"2024-04-17T00:28:09+00:00","dateModified":"2024-04-17T00:28:31+00:00","breadcrumb":{"@id":"https:\/\/lospoliticosveracruz.com\/?p=122344#breadcrumb"},"inLanguage":"es","potentialAction":[{"@type":"ReadAction","target":["https:\/\/lospoliticosveracruz.com\/?p=122344"]}]},{"@type":"BreadcrumbList","@id":"https:\/\/lospoliticosveracruz.com\/?p=122344#breadcrumb","itemListElement":[{"@type":"ListItem","position":1,"name":"Portada","item":"https:\/\/lospoliticosveracruz.com\/"},{"@type":"ListItem","position":2,"name":"DESPENSA POR VOTO!"}]},{"@type":"WebSite","@id":"https:\/\/lospoliticosveracruz.com\/#website","url":"https:\/\/lospoliticosveracruz.com\/","name":"Los pol\u00edticos Veracruz","description":"","publisher":{"@id":"https:\/\/lospoliticosveracruz.com\/#organization"},"potentialAction":[{"@type":"SearchAction","target":{"@type":"EntryPoint","urlTemplate":"https:\/\/lospoliticosveracruz.com\/?s={search_term_string}"},"query-input":{"@type":"PropertyValueSpecification","valueRequired":true,"valueName":"search_term_string"}}],"inLanguage":"es"},{"@type":"Organization","@id":"https:\/\/lospoliticosveracruz.com\/#organization","name":"Los pol\u00edticos Veracruz","url":"https:\/\/lospoliticosveracruz.com\/","logo":{"@type":"ImageObject","inLanguage":"es","@id":"https:\/\/lospoliticosveracruz.com\/#\/schema\/logo\/image\/","url":"https:\/\/lospoliticosveracruz.com\/wp-content\/uploads\/2025\/12\/Logo-Nuevo-LOS-POLITICOS-1.jpg","contentUrl":"https:\/\/lospoliticosveracruz.com\/wp-content\/uploads\/2025\/12\/Logo-Nuevo-LOS-POLITICOS-1.jpg","width":260,"height":70,"caption":"Los pol\u00edticos Veracruz"},"image":{"@id":"https:\/\/lospoliticosveracruz.com\/#\/schema\/logo\/image\/"},"sameAs":["https:\/\/www.facebook.com\/people\/Notimemes-de-los-Polticos\/61565672886568\/","https:\/\/x.com\/LosPoliticosVer"]},{"@type":"Person","@id":"https:\/\/lospoliticosveracruz.com\/#\/schema\/person\/b8702bb0e538456e6efd07080bf2a4a2","name":"Lo viste en Los Pol\u00edticos","image":{"@type":"ImageObject","inLanguage":"es","@id":"https:\/\/secure.gravatar.com\/avatar\/3a8de04a2656d44082be478bd6c086daa447c4651605818287b9532d3d0bd435?s=96&d=mm&r=g","url":"https:\/\/secure.gravatar.com\/avatar\/3a8de04a2656d44082be478bd6c086daa447c4651605818287b9532d3d0bd435?s=96&d=mm&r=g","contentUrl":"https:\/\/secure.gravatar.com\/avatar\/3a8de04a2656d44082be478bd6c086daa447c4651605818287b9532d3d0bd435?s=96&d=mm&r=g","caption":"Lo viste en Los Pol\u00edticos"},"url":"https:\/\/lospoliticosveracruz.com\/?author=2"}]}},"_links":{"self":[{"href":"https:\/\/lospoliticosveracruz.com\/index.php?rest_route=\/wp\/v2\/posts\/122344","targetHints":{"allow":["GET"]}}],"collection":[{"href":"https:\/\/lospoliticosveracruz.com\/index.php?rest_route=\/wp\/v2\/posts"}],"about":[{"href":"https:\/\/lospoliticosveracruz.com\/index.php?rest_route=\/wp\/v2\/types\/post"}],"author":[{"embeddable":true,"href":"https:\/\/lospoliticosveracruz.com\/index.php?rest_route=\/wp\/v2\/users\/2"}],"replies":[{"embeddable":true,"href":"https:\/\/lospoliticosveracruz.com\/index.php?rest_route=%2Fwp%2Fv2%2Fcomments&post=122344"}],"version-history":[{"count":2,"href":"https:\/\/lospoliticosveracruz.com\/index.php?rest_route=\/wp\/v2\/posts\/122344\/revisions"}],"predecessor-version":[{"id":122347,"href":"https:\/\/lospoliticosveracruz.com\/index.php?rest_route=\/wp\/v2\/posts\/122344\/revisions\/122347"}],"wp:attachment":[{"href":"https:\/\/lospoliticosveracruz.com\/index.php?rest_route=%2Fwp%2Fv2%2Fmedia&parent=122344"}],"wp:term":[{"taxonomy":"category","embeddable":true,"href":"https:\/\/lospoliticosveracruz.com\/index.php?rest_route=%2Fwp%2Fv2%2Fcategories&post=122344"},{"taxonomy":"post_tag","embeddable":true,"href":"https:\/\/lospoliticosveracruz.com\/index.php?rest_route=%2Fwp%2Fv2%2Ftags&post=122344"}],"curies":[{"name":"wp","href":"https:\/\/api.w.org\/{rel}","templated":true}]}}