{"id":122358,"date":"2024-04-16T23:07:46","date_gmt":"2024-04-17T04:07:46","guid":{"rendered":"https:\/\/lospoliticosveracruz.com.mx\/?p=122358"},"modified":"2024-04-16T23:07:54","modified_gmt":"2024-04-17T04:07:54","slug":"preferencias","status":"publish","type":"post","link":"https:\/\/lospoliticosveracruz.com\/?p=122358","title":{"rendered":"PREFERENCIAS"},"content":{"rendered":"\n<p><strong>Guadalupe H. Mar<br><\/strong><em>Mira Pol\u00edtica<\/em><\/p>\n\n\n\n<p><strong>CERO QUEBRADITAS<\/strong> \u2026 Por lo importante que es para sus gobernados el \u201cSalsa Fest 2024\u201d, personalmente el gobernador del estado de Veracruz el ingeniero mec\u00e1nico electricista Cuitl\u00e1huac Garc\u00eda Jim\u00e9nez anunci\u00f3 que este evento \u201cmagn\u00e1nimo de la salsa\u201d (as\u00ed fue como le llam\u00f3), se llevar\u00e1 a cabo del 13 al 15 de junio en el Sals\u00f3dromo, del bulevar Vicente Fox, en el municipio de Boca del R\u00edo.<\/p>\n\n\n<div class=\"wp-block-image\">\n<figure class=\"alignleft size-medium\"><a href=\"https:\/\/lospoliticosveracruz.com.mx\/wp-content\/uploads\/2021\/10\/WhatsApp-Image-2021-10-02-at-15.20.25.jpeg\"><img loading=\"lazy\" decoding=\"async\" width=\"212\" height=\"300\" src=\"https:\/\/lospoliticosveracruz.com.mx\/wp-content\/uploads\/2021\/10\/WhatsApp-Image-2021-10-02-at-15.20.25-212x300.jpeg\" alt=\"\" class=\"wp-image-80177\" srcset=\"https:\/\/lospoliticosveracruz.com\/wp-content\/uploads\/2021\/10\/WhatsApp-Image-2021-10-02-at-15.20.25-212x300.jpeg 212w, https:\/\/lospoliticosveracruz.com\/wp-content\/uploads\/2021\/10\/WhatsApp-Image-2021-10-02-at-15.20.25-724x1024.jpeg 724w, https:\/\/lospoliticosveracruz.com\/wp-content\/uploads\/2021\/10\/WhatsApp-Image-2021-10-02-at-15.20.25-768x1086.jpeg 768w, https:\/\/lospoliticosveracruz.com\/wp-content\/uploads\/2021\/10\/WhatsApp-Image-2021-10-02-at-15.20.25.jpeg 905w\" sizes=\"auto, (max-width: 212px) 100vw, 212px\" \/><\/a><\/figure>\n<\/div>\n\n\n<p><br>Emocionado por este festival salsero, el mandatario veracruzano dej\u00f3 en ascuas a los veracruzanos al anunciar que un gran salsero de fama mundial pidi\u00f3 venir al Salsa Fest 2024 como despedida de su carrera art\u00edstica, lo cual habla de la importancia de esta festividad que dijo Garc\u00eda Jim\u00e9nez es \u201creferente mundial\u201d.<br>Para tranquilizar a sus gobernados que gustan de la salsa, el gobernador del estado de Veracruz dio una gran noticia, la pr\u00f3xima edici\u00f3n del Salsa Fest contar\u00e1 con m\u00e1s espacio y equipo de video, audio e iluminaci\u00f3n, para que los miles de asistentes disfruten al m\u00e1ximo a los artistas internacionales que participar\u00e1n.<br>Para el gobierno estatal veracruzano, el Salsa Fest es un importante logro, pues en su edici\u00f3n del a\u00f1o pasado, se cont\u00f3 con la presencia de m\u00e1s de 427 mil visitantes, con lo que se obtuvo una derrama econ\u00f3mica de 633.2 millones de pesos.<br>Tambi\u00e9n en el festival de 2023, se registr\u00f3 la asistencia de visitantes de 30 estados de la rep\u00fablica mexicana, as\u00ed como de 12 pa\u00edses. Vaya, vinieron hasta de Rusia y Francia.<br>Por eso y con mucha raz\u00f3n, el gobernador del estado de Veracruz Cuitl\u00e1huac Garc\u00eda Jim\u00e9nez calific\u00f3 al Salsa Fest, como el evento \u201cmagn\u00e1nimo de la salsa\u201d (sic)<br><strong>ENGRANDECE EL ALMA<\/strong> \u2026 Desde el pasado lunes 15 y hasta el pr\u00f3ximo s\u00e1bado 20 de abril, en la regi\u00f3n Veracruz \u2013 Boca del R\u00edo de la Universidad Veracruzana se lleva a cabo el Festival de la Lectura edici\u00f3n 2024 \u201cSon de mar: Textos y texturas\u201d, con el cual la Direcci\u00f3n Editorial de la UV, impulsa y fomenta la lectura, acercando los libros a los universitarios y al p\u00fablico en general, creando espacios de encuentro entre autores, lectores y amantes de las letras.<br>El maestro Agust\u00edn del Moral Tejeda, director Editorial de la UV y la doctora Martha Delia Castro Montoya, directora de la USBI-Veracruz, se han encargado del eficiente equipo de colaboradores que est\u00e1n haciendo de este Festival de la Lectura 2024 todo un acontecimiento literario de relevancia nacional.<br>Si ustedes amables lectoras y lectores quieren participar en este Festival de la Lectura, pueden conocer las actividades que se realizan en la siguiente liga: <strong><em><a href=\"https:\/\/www.uv.mx\/veracruz\/festival-lectura\/files\/2024\/04\/Programa-Festival-de-la-Lectura-2024.pdf\">https:\/\/www.uv.mx\/veracruz\/festival-lectura\/files\/2024\/04\/Programa-Festival-de-la-Lectura-2024.pdf<\/a><\/em><\/strong><br>D\u00cdGALO SIN MIEDO \u2026 Una cercana colaboradora de la ingeniera qu\u00edmica Norma Roc\u00edo Nahle Garc\u00eda, candidata del partido Movimiento de Regeneraci\u00f3n Nacional al gobierno del estado de Veracruz, se acerc\u00f3 a nosotros para darnos su punto de vista, que es tambi\u00e9n el de la mayor\u00eda de quienes integran el equipo de campa\u00f1a de la ex secretaria de Energ\u00eda del gobierno federal, respecto a las rechiflas y reclamos que le han hecho a la abanderada de Morena en algunos municipios de la entidad veracruzana.<br>A ella no le reclaman nada, aclara nuestra interlocutora, pues la griter\u00eda al un\u00edsono es en contra del desd\u00e9n de la 4T y, sobre todo, al enga\u00f1o de que han sido objeto pues confiaron en que Morena era la esperanza de M\u00e9xico y por ende de Veracruz.<br>Nos aclaran que la griter\u00eda tampoco es en contra del presidente de la rep\u00fablica Andr\u00e9s Manuel L\u00f3pez Obrador.<br>Los reclamos, nos insisten, son por la falta de atenci\u00f3n de la 4T en Veracruz encabezada por el gobernador del estado Cuitl\u00e1huac Garc\u00eda Jim\u00e9nez y no en contra de la ingeniera qu\u00edmica Norma Roc\u00edo Nahle Garc\u00eda. Que conste.<br>D\u00cdGALO SIN MIEDO \u2026 Al correo electr\u00f3nico guadalupehmar@gmail.com<\/p>\n","protected":false},"excerpt":{"rendered":"<p>Guadalupe H. MarMira Pol\u00edtica CERO QUEBRADITAS \u2026 Por lo importante que es para sus gobernados el \u201cSalsa Fest 2024\u201d, personalmente el gobernador del estado de Veracruz el ingeniero mec\u00e1nico electricista Cuitl\u00e1huac Garc\u00eda Jim\u00e9nez anunci\u00f3 que este evento \u201cmagn\u00e1nimo de la salsa\u201d (as\u00ed fue como le llam\u00f3), se llevar\u00e1 a cabo del 13 al 15 de [&hellip;]<\/p>\n","protected":false},"author":2,"featured_media":119929,"comment_status":"closed","ping_status":"closed","sticky":false,"template":"","format":"standard","meta":{"tdm_status":"","tdm_grid_status":"","footnotes":""},"categories":[70],"tags":[1563,1606,1026,40697,195],"class_list":{"0":"post-122358","1":"post","2":"type-post","3":"status-publish","4":"format-standard","5":"has-post-thumbnail","7":"category-de-opinion","8":"tag-cuitlahuac-garcia-jimenez","9":"tag-guadalupe-h-mar","10":"tag-morena","11":"tag-salsa-fest-2024","12":"tag-veracruz"},"yoast_head":"<!-- This site is optimized with the Yoast SEO plugin v27.4 - https:\/\/yoast.com\/product\/yoast-seo-wordpress\/ -->\n<title>PREFERENCIAS - Los pol\u00edticos Veracruz<\/title>\n<meta name=\"robots\" content=\"index, follow, max-snippet:-1, max-image-preview:large, max-video-preview:-1\" \/>\n<link rel=\"canonical\" href=\"https:\/\/lospoliticosveracruz.com\/?p=122358\" \/>\n<meta property=\"og:locale\" content=\"es_ES\" \/>\n<meta property=\"og:type\" content=\"article\" \/>\n<meta property=\"og:title\" content=\"PREFERENCIAS - Los pol\u00edticos Veracruz\" \/>\n<meta property=\"og:description\" content=\"Guadalupe H. MarMira Pol\u00edtica CERO QUEBRADITAS \u2026 Por lo importante que es para sus gobernados el \u201cSalsa Fest 2024\u201d, personalmente el gobernador del estado de Veracruz el ingeniero mec\u00e1nico electricista Cuitl\u00e1huac Garc\u00eda Jim\u00e9nez anunci\u00f3 que este evento \u201cmagn\u00e1nimo de la salsa\u201d (as\u00ed fue como le llam\u00f3), se llevar\u00e1 a cabo del 13 al 15 de [&hellip;]\" \/>\n<meta property=\"og:url\" content=\"https:\/\/lospoliticosveracruz.com\/?p=122358\" \/>\n<meta property=\"og:site_name\" content=\"Los pol\u00edticos Veracruz\" \/>\n<meta property=\"article:publisher\" content=\"https:\/\/www.facebook.com\/people\/Notimemes-de-los-Polticos\/61565672886568\/\" \/>\n<meta property=\"article:published_time\" content=\"2024-04-17T04:07:46+00:00\" \/>\n<meta property=\"article:modified_time\" content=\"2024-04-17T04:07:54+00:00\" \/>\n<meta property=\"og:image\" content=\"https:\/\/lospoliticosveracruz.com\/wp-content\/uploads\/2024\/03\/Lupita-Mar.jpg\" \/>\n\t<meta property=\"og:image:width\" content=\"1250\" \/>\n\t<meta property=\"og:image:height\" content=\"667\" \/>\n\t<meta property=\"og:image:type\" content=\"image\/jpeg\" \/>\n<meta name=\"author\" content=\"Lo viste en Los Pol\u00edticos\" \/>\n<meta name=\"twitter:card\" content=\"summary_large_image\" \/>\n<meta name=\"twitter:creator\" content=\"@LosPoliticosVer\" \/>\n<meta name=\"twitter:site\" content=\"@LosPoliticosVer\" \/>\n<meta name=\"twitter:label1\" content=\"Escrito por\" \/>\n\t<meta name=\"twitter:data1\" content=\"Lo viste en Los Pol\u00edticos\" \/>\n\t<meta name=\"twitter:label2\" content=\"Tiempo de lectura\" \/>\n\t<meta name=\"twitter:data2\" content=\"3 minutos\" \/>\n<script type=\"application\/ld+json\" class=\"yoast-schema-graph\">{\"@context\":\"https:\\\/\\\/schema.org\",\"@graph\":[{\"@type\":\"Article\",\"@id\":\"https:\\\/\\\/lospoliticosveracruz.com\\\/?p=122358#article\",\"isPartOf\":{\"@id\":\"https:\\\/\\\/lospoliticosveracruz.com\\\/?p=122358\"},\"author\":{\"name\":\"Lo viste en Los Pol\u00edticos\",\"@id\":\"https:\\\/\\\/lospoliticosveracruz.com\\\/#\\\/schema\\\/person\\\/b8702bb0e538456e6efd07080bf2a4a2\"},\"headline\":\"PREFERENCIAS\",\"datePublished\":\"2024-04-17T04:07:46+00:00\",\"dateModified\":\"2024-04-17T04:07:54+00:00\",\"mainEntityOfPage\":{\"@id\":\"https:\\\/\\\/lospoliticosveracruz.com\\\/?p=122358\"},\"wordCount\":683,\"publisher\":{\"@id\":\"https:\\\/\\\/lospoliticosveracruz.com\\\/#organization\"},\"image\":{\"@id\":\"https:\\\/\\\/lospoliticosveracruz.com\\\/?p=122358#primaryimage\"},\"thumbnailUrl\":\"https:\\\/\\\/lospoliticosveracruz.com\\\/wp-content\\\/uploads\\\/2024\\\/03\\\/Lupita-Mar.jpg\",\"keywords\":[\"Cuitl\u00e1huac Garc\u00eda Jim\u00e9nez\",\"Guadalupe H. Mar\",\"Morena\",\"Salsa Fest 2024\",\"Veracruz\"],\"articleSection\":[\"De Opini\u00f3n\"],\"inLanguage\":\"es\"},{\"@type\":\"WebPage\",\"@id\":\"https:\\\/\\\/lospoliticosveracruz.com\\\/?p=122358\",\"url\":\"https:\\\/\\\/lospoliticosveracruz.com\\\/?p=122358\",\"name\":\"PREFERENCIAS - Los pol\u00edticos Veracruz\",\"isPartOf\":{\"@id\":\"https:\\\/\\\/lospoliticosveracruz.com\\\/#website\"},\"primaryImageOfPage\":{\"@id\":\"https:\\\/\\\/lospoliticosveracruz.com\\\/?p=122358#primaryimage\"},\"image\":{\"@id\":\"https:\\\/\\\/lospoliticosveracruz.com\\\/?p=122358#primaryimage\"},\"thumbnailUrl\":\"https:\\\/\\\/lospoliticosveracruz.com\\\/wp-content\\\/uploads\\\/2024\\\/03\\\/Lupita-Mar.jpg\",\"datePublished\":\"2024-04-17T04:07:46+00:00\",\"dateModified\":\"2024-04-17T04:07:54+00:00\",\"breadcrumb\":{\"@id\":\"https:\\\/\\\/lospoliticosveracruz.com\\\/?p=122358#breadcrumb\"},\"inLanguage\":\"es\",\"potentialAction\":[{\"@type\":\"ReadAction\",\"target\":[\"https:\\\/\\\/lospoliticosveracruz.com\\\/?p=122358\"]}]},{\"@type\":\"ImageObject\",\"inLanguage\":\"es\",\"@id\":\"https:\\\/\\\/lospoliticosveracruz.com\\\/?p=122358#primaryimage\",\"url\":\"https:\\\/\\\/lospoliticosveracruz.com\\\/wp-content\\\/uploads\\\/2024\\\/03\\\/Lupita-Mar.jpg\",\"contentUrl\":\"https:\\\/\\\/lospoliticosveracruz.com\\\/wp-content\\\/uploads\\\/2024\\\/03\\\/Lupita-Mar.jpg\",\"width\":1250,\"height\":667},{\"@type\":\"BreadcrumbList\",\"@id\":\"https:\\\/\\\/lospoliticosveracruz.com\\\/?p=122358#breadcrumb\",\"itemListElement\":[{\"@type\":\"ListItem\",\"position\":1,\"name\":\"Portada\",\"item\":\"https:\\\/\\\/lospoliticosveracruz.com\\\/\"},{\"@type\":\"ListItem\",\"position\":2,\"name\":\"PREFERENCIAS\"}]},{\"@type\":\"WebSite\",\"@id\":\"https:\\\/\\\/lospoliticosveracruz.com\\\/#website\",\"url\":\"https:\\\/\\\/lospoliticosveracruz.com\\\/\",\"name\":\"Los pol\u00edticos Veracruz\",\"description\":\"\",\"publisher\":{\"@id\":\"https:\\\/\\\/lospoliticosveracruz.com\\\/#organization\"},\"potentialAction\":[{\"@type\":\"SearchAction\",\"target\":{\"@type\":\"EntryPoint\",\"urlTemplate\":\"https:\\\/\\\/lospoliticosveracruz.com\\\/?s={search_term_string}\"},\"query-input\":{\"@type\":\"PropertyValueSpecification\",\"valueRequired\":true,\"valueName\":\"search_term_string\"}}],\"inLanguage\":\"es\"},{\"@type\":\"Organization\",\"@id\":\"https:\\\/\\\/lospoliticosveracruz.com\\\/#organization\",\"name\":\"Los pol\u00edticos Veracruz\",\"url\":\"https:\\\/\\\/lospoliticosveracruz.com\\\/\",\"logo\":{\"@type\":\"ImageObject\",\"inLanguage\":\"es\",\"@id\":\"https:\\\/\\\/lospoliticosveracruz.com\\\/#\\\/schema\\\/logo\\\/image\\\/\",\"url\":\"https:\\\/\\\/lospoliticosveracruz.com\\\/wp-content\\\/uploads\\\/2025\\\/12\\\/Logo-Nuevo-LOS-POLITICOS-1.jpg\",\"contentUrl\":\"https:\\\/\\\/lospoliticosveracruz.com\\\/wp-content\\\/uploads\\\/2025\\\/12\\\/Logo-Nuevo-LOS-POLITICOS-1.jpg\",\"width\":260,\"height\":70,\"caption\":\"Los pol\u00edticos Veracruz\"},\"image\":{\"@id\":\"https:\\\/\\\/lospoliticosveracruz.com\\\/#\\\/schema\\\/logo\\\/image\\\/\"},\"sameAs\":[\"https:\\\/\\\/www.facebook.com\\\/people\\\/Notimemes-de-los-Polticos\\\/61565672886568\\\/\",\"https:\\\/\\\/x.com\\\/LosPoliticosVer\"]},{\"@type\":\"Person\",\"@id\":\"https:\\\/\\\/lospoliticosveracruz.com\\\/#\\\/schema\\\/person\\\/b8702bb0e538456e6efd07080bf2a4a2\",\"name\":\"Lo viste en Los Pol\u00edticos\",\"image\":{\"@type\":\"ImageObject\",\"inLanguage\":\"es\",\"@id\":\"https:\\\/\\\/secure.gravatar.com\\\/avatar\\\/3a8de04a2656d44082be478bd6c086daa447c4651605818287b9532d3d0bd435?s=96&d=mm&r=g\",\"url\":\"https:\\\/\\\/secure.gravatar.com\\\/avatar\\\/3a8de04a2656d44082be478bd6c086daa447c4651605818287b9532d3d0bd435?s=96&d=mm&r=g\",\"contentUrl\":\"https:\\\/\\\/secure.gravatar.com\\\/avatar\\\/3a8de04a2656d44082be478bd6c086daa447c4651605818287b9532d3d0bd435?s=96&d=mm&r=g\",\"caption\":\"Lo viste en Los Pol\u00edticos\"},\"url\":\"https:\\\/\\\/lospoliticosveracruz.com\\\/?author=2\"}]}<\/script>\n<!-- \/ Yoast SEO plugin. -->","yoast_head_json":{"title":"PREFERENCIAS - Los pol\u00edticos Veracruz","robots":{"index":"index","follow":"follow","max-snippet":"max-snippet:-1","max-image-preview":"max-image-preview:large","max-video-preview":"max-video-preview:-1"},"canonical":"https:\/\/lospoliticosveracruz.com\/?p=122358","og_locale":"es_ES","og_type":"article","og_title":"PREFERENCIAS - Los pol\u00edticos Veracruz","og_description":"Guadalupe H. MarMira Pol\u00edtica CERO QUEBRADITAS \u2026 Por lo importante que es para sus gobernados el \u201cSalsa Fest 2024\u201d, personalmente el gobernador del estado de Veracruz el ingeniero mec\u00e1nico electricista Cuitl\u00e1huac Garc\u00eda Jim\u00e9nez anunci\u00f3 que este evento \u201cmagn\u00e1nimo de la salsa\u201d (as\u00ed fue como le llam\u00f3), se llevar\u00e1 a cabo del 13 al 15 de [&hellip;]","og_url":"https:\/\/lospoliticosveracruz.com\/?p=122358","og_site_name":"Los pol\u00edticos Veracruz","article_publisher":"https:\/\/www.facebook.com\/people\/Notimemes-de-los-Polticos\/61565672886568\/","article_published_time":"2024-04-17T04:07:46+00:00","article_modified_time":"2024-04-17T04:07:54+00:00","og_image":[{"width":1250,"height":667,"url":"https:\/\/lospoliticosveracruz.com\/wp-content\/uploads\/2024\/03\/Lupita-Mar.jpg","type":"image\/jpeg"}],"author":"Lo viste en Los Pol\u00edticos","twitter_card":"summary_large_image","twitter_creator":"@LosPoliticosVer","twitter_site":"@LosPoliticosVer","twitter_misc":{"Escrito por":"Lo viste en Los Pol\u00edticos","Tiempo de lectura":"3 minutos"},"schema":{"@context":"https:\/\/schema.org","@graph":[{"@type":"Article","@id":"https:\/\/lospoliticosveracruz.com\/?p=122358#article","isPartOf":{"@id":"https:\/\/lospoliticosveracruz.com\/?p=122358"},"author":{"name":"Lo viste en Los Pol\u00edticos","@id":"https:\/\/lospoliticosveracruz.com\/#\/schema\/person\/b8702bb0e538456e6efd07080bf2a4a2"},"headline":"PREFERENCIAS","datePublished":"2024-04-17T04:07:46+00:00","dateModified":"2024-04-17T04:07:54+00:00","mainEntityOfPage":{"@id":"https:\/\/lospoliticosveracruz.com\/?p=122358"},"wordCount":683,"publisher":{"@id":"https:\/\/lospoliticosveracruz.com\/#organization"},"image":{"@id":"https:\/\/lospoliticosveracruz.com\/?p=122358#primaryimage"},"thumbnailUrl":"https:\/\/lospoliticosveracruz.com\/wp-content\/uploads\/2024\/03\/Lupita-Mar.jpg","keywords":["Cuitl\u00e1huac Garc\u00eda Jim\u00e9nez","Guadalupe H. Mar","Morena","Salsa Fest 2024","Veracruz"],"articleSection":["De Opini\u00f3n"],"inLanguage":"es"},{"@type":"WebPage","@id":"https:\/\/lospoliticosveracruz.com\/?p=122358","url":"https:\/\/lospoliticosveracruz.com\/?p=122358","name":"PREFERENCIAS - Los pol\u00edticos Veracruz","isPartOf":{"@id":"https:\/\/lospoliticosveracruz.com\/#website"},"primaryImageOfPage":{"@id":"https:\/\/lospoliticosveracruz.com\/?p=122358#primaryimage"},"image":{"@id":"https:\/\/lospoliticosveracruz.com\/?p=122358#primaryimage"},"thumbnailUrl":"https:\/\/lospoliticosveracruz.com\/wp-content\/uploads\/2024\/03\/Lupita-Mar.jpg","datePublished":"2024-04-17T04:07:46+00:00","dateModified":"2024-04-17T04:07:54+00:00","breadcrumb":{"@id":"https:\/\/lospoliticosveracruz.com\/?p=122358#breadcrumb"},"inLanguage":"es","potentialAction":[{"@type":"ReadAction","target":["https:\/\/lospoliticosveracruz.com\/?p=122358"]}]},{"@type":"ImageObject","inLanguage":"es","@id":"https:\/\/lospoliticosveracruz.com\/?p=122358#primaryimage","url":"https:\/\/lospoliticosveracruz.com\/wp-content\/uploads\/2024\/03\/Lupita-Mar.jpg","contentUrl":"https:\/\/lospoliticosveracruz.com\/wp-content\/uploads\/2024\/03\/Lupita-Mar.jpg","width":1250,"height":667},{"@type":"BreadcrumbList","@id":"https:\/\/lospoliticosveracruz.com\/?p=122358#breadcrumb","itemListElement":[{"@type":"ListItem","position":1,"name":"Portada","item":"https:\/\/lospoliticosveracruz.com\/"},{"@type":"ListItem","position":2,"name":"PREFERENCIAS"}]},{"@type":"WebSite","@id":"https:\/\/lospoliticosveracruz.com\/#website","url":"https:\/\/lospoliticosveracruz.com\/","name":"Los pol\u00edticos Veracruz","description":"","publisher":{"@id":"https:\/\/lospoliticosveracruz.com\/#organization"},"potentialAction":[{"@type":"SearchAction","target":{"@type":"EntryPoint","urlTemplate":"https:\/\/lospoliticosveracruz.com\/?s={search_term_string}"},"query-input":{"@type":"PropertyValueSpecification","valueRequired":true,"valueName":"search_term_string"}}],"inLanguage":"es"},{"@type":"Organization","@id":"https:\/\/lospoliticosveracruz.com\/#organization","name":"Los pol\u00edticos Veracruz","url":"https:\/\/lospoliticosveracruz.com\/","logo":{"@type":"ImageObject","inLanguage":"es","@id":"https:\/\/lospoliticosveracruz.com\/#\/schema\/logo\/image\/","url":"https:\/\/lospoliticosveracruz.com\/wp-content\/uploads\/2025\/12\/Logo-Nuevo-LOS-POLITICOS-1.jpg","contentUrl":"https:\/\/lospoliticosveracruz.com\/wp-content\/uploads\/2025\/12\/Logo-Nuevo-LOS-POLITICOS-1.jpg","width":260,"height":70,"caption":"Los pol\u00edticos Veracruz"},"image":{"@id":"https:\/\/lospoliticosveracruz.com\/#\/schema\/logo\/image\/"},"sameAs":["https:\/\/www.facebook.com\/people\/Notimemes-de-los-Polticos\/61565672886568\/","https:\/\/x.com\/LosPoliticosVer"]},{"@type":"Person","@id":"https:\/\/lospoliticosveracruz.com\/#\/schema\/person\/b8702bb0e538456e6efd07080bf2a4a2","name":"Lo viste en Los Pol\u00edticos","image":{"@type":"ImageObject","inLanguage":"es","@id":"https:\/\/secure.gravatar.com\/avatar\/3a8de04a2656d44082be478bd6c086daa447c4651605818287b9532d3d0bd435?s=96&d=mm&r=g","url":"https:\/\/secure.gravatar.com\/avatar\/3a8de04a2656d44082be478bd6c086daa447c4651605818287b9532d3d0bd435?s=96&d=mm&r=g","contentUrl":"https:\/\/secure.gravatar.com\/avatar\/3a8de04a2656d44082be478bd6c086daa447c4651605818287b9532d3d0bd435?s=96&d=mm&r=g","caption":"Lo viste en Los Pol\u00edticos"},"url":"https:\/\/lospoliticosveracruz.com\/?author=2"}]}},"_links":{"self":[{"href":"https:\/\/lospoliticosveracruz.com\/index.php?rest_route=\/wp\/v2\/posts\/122358","targetHints":{"allow":["GET"]}}],"collection":[{"href":"https:\/\/lospoliticosveracruz.com\/index.php?rest_route=\/wp\/v2\/posts"}],"about":[{"href":"https:\/\/lospoliticosveracruz.com\/index.php?rest_route=\/wp\/v2\/types\/post"}],"author":[{"embeddable":true,"href":"https:\/\/lospoliticosveracruz.com\/index.php?rest_route=\/wp\/v2\/users\/2"}],"replies":[{"embeddable":true,"href":"https:\/\/lospoliticosveracruz.com\/index.php?rest_route=%2Fwp%2Fv2%2Fcomments&post=122358"}],"version-history":[{"count":1,"href":"https:\/\/lospoliticosveracruz.com\/index.php?rest_route=\/wp\/v2\/posts\/122358\/revisions"}],"predecessor-version":[{"id":122359,"href":"https:\/\/lospoliticosveracruz.com\/index.php?rest_route=\/wp\/v2\/posts\/122358\/revisions\/122359"}],"wp:featuredmedia":[{"embeddable":true,"href":"https:\/\/lospoliticosveracruz.com\/index.php?rest_route=\/wp\/v2\/media\/119929"}],"wp:attachment":[{"href":"https:\/\/lospoliticosveracruz.com\/index.php?rest_route=%2Fwp%2Fv2%2Fmedia&parent=122358"}],"wp:term":[{"taxonomy":"category","embeddable":true,"href":"https:\/\/lospoliticosveracruz.com\/index.php?rest_route=%2Fwp%2Fv2%2Fcategories&post=122358"},{"taxonomy":"post_tag","embeddable":true,"href":"https:\/\/lospoliticosveracruz.com\/index.php?rest_route=%2Fwp%2Fv2%2Ftags&post=122358"}],"curies":[{"name":"wp","href":"https:\/\/api.w.org\/{rel}","templated":true}]}}