{"id":122386,"date":"2024-04-17T10:25:57","date_gmt":"2024-04-17T15:25:57","guid":{"rendered":"https:\/\/lospoliticosveracruz.com.mx\/?p=122386"},"modified":"2024-04-17T10:28:07","modified_gmt":"2024-04-17T15:28:07","slug":"tec-de-xalapa-aplicacion-social-del-conocimiento","status":"publish","type":"post","link":"https:\/\/lospoliticosveracruz.com\/?p=122386","title":{"rendered":"TEC DE XALAPA, APLICACI\u00d3N SOCIAL DEL CONOCIMIENTO"},"content":{"rendered":"\n<p><strong>Miguel Valera<\/strong><br><em>Contrase\u00f1as<\/em><\/p>\n\n\n\n<p>Recuerdo que hace algunos a\u00f1os en la Universidad Veracruzana se hizo famoso el slogan \u201cdistribuci\u00f3n social del conocimiento\u201d. Se intent\u00f3, en aquella \u00e9poca, crear conciencia de que la academia ten\u00eda la obligaci\u00f3n de aterrizar en la sociedad lo que la gente invert\u00eda \u2014v\u00eda la aplicaci\u00f3n de impuestos\u2014 en la educaci\u00f3n de los j\u00f3venes que un d\u00eda tomar\u00edan el rumbo y el destino de esta misma sociedad a la que pertenec\u00edan.<\/p>\n\n\n<div class=\"wp-block-image\">\n<figure class=\"alignleft size-thumbnail\"><a href=\"https:\/\/lospoliticosveracruz.com.mx\/wp-content\/uploads\/2023\/02\/Vinissimo.jpg\"><img decoding=\"async\" src=\"https:\/\/lospoliticosveracruz.com.mx\/wp-content\/uploads\/2023\/02\/Vinissimo-150x150.jpg\" alt=\"\" class=\"wp-image-102752\"\/><\/a><\/figure>\n<\/div>\n\n\n<p>La educaci\u00f3n p\u00fablica en nuestro pa\u00eds ha intentado, en algunas \u00e9pocas m\u00e1s y en otras menos, que los recursos que el pueblo invierte en educaci\u00f3n se vean reflejados en profesionistas que aporten a la sociedad que los educ\u00f3. Es verdad que el primer reto es la sobrevivencia personal y luego de ah\u00ed viene la aportaci\u00f3n social. Conozco muchos casos de j\u00f3venes que una vez empoderados en su profesi\u00f3n han buscado entrar en esta din\u00e1mica de redistribuci\u00f3n.<\/p>\n\n\n\n<p>Mi comentario viene a cuento porque hace algunos d\u00edas conoc\u00ed c\u00f3mo directivos, acad\u00e9micos y estudiantes del Instituto Tecnol\u00f3gico Superior de Xalapa establecieron alianzas con otros organismos p\u00fablicos para aportar conocimiento que les permite desarrollar mejor su trabajo. Se trat\u00f3 de un encuentro entre el director Oscar Alejandro Trujillo Flores y los acad\u00e9micos Tomodachi Fidel Flores Ortiz y Francisco Javier Torres Vera, con integrantes de la Comisi\u00f3n Estatal de B\u00fasqueda de personas desaparecidas.<\/p>\n\n\n\n<p>El Instituto Tecnol\u00f3gico Superior de Xalapa colabora con la Comisi\u00f3n Estatal de B\u00fasqueda de Veracruz para desarrollar una plataforma que permita llevar el registro puntual de personas desaparecidas; de esta manera los estudiantes perfeccionan sus conocimientos t\u00e9cnicos y hacen una aportaci\u00f3n social, me dijo el director de esta instituci\u00f3n.<\/p>\n\n\n\n<p>\u201cEste proyecto se desarrolla desde hace m\u00e1s de un a\u00f1o. Maestros y estudiantes han construido una plataforma tecnol\u00f3gica a trav\u00e9s de la cual la Comisi\u00f3n de B\u00fasqueda estar\u00e1 trabajando el registro de los casos de detecci\u00f3n de personas desaparecidas y no localizadas, con el objetivo primordial de conectarse de manera directa con la plataforma nacional\u201d, indic\u00f3.<\/p>\n\n\n\n<p>\u201cEn el Tecnol\u00f3gico, puntualiz\u00f3 el acad\u00e9mico y actual director de la instituci\u00f3n, desarrollamos proyectos de \u00edndole acad\u00e9mica para favorecer el desarrollo y la preparaci\u00f3n profesional de nuestros estudiantes\u201d.<\/p>\n\n\n\n<p>\u201cEn este caso, en la Comisi\u00f3n Estatal de B\u00fasqueda se est\u00e1 llevando a cabo un proyecto que ciertamente es del perfil tecnol\u00f3gico de Ingenier\u00eda en Sistemas, sin embargo, impacta el trabajo de los estudiantes de esta carrera en el mejoramiento de la atenci\u00f3n a la ciudadan\u00eda\u201d.<\/p>\n\n\n\n<p>\u201cEn esta circunstancia desafortunada en la cual existen personas desaparecidas, el registro, el control, el seguimiento de los casos y los reportes que se llevan a cabo en este proyecto, facilitar\u00e1 y dar\u00e1 una mejor atenci\u00f3n a la sociedad\u201d, asever\u00f3.<\/p>\n\n\n\n<p>\u2014\u00bfEs esta una manera de que la academia, generadora de conocimiento, aporte a la sociedad?<\/p>\n\n\n\n<p>\u201cEfectivamente, los j\u00f3venes con este tipo de proyecto no solamente perfeccionan su conocimiento t\u00e9cnico que los prepara para ejercer como ingenieros en sistemas; los hace ser conscientes de la aportaci\u00f3n social que pueden desarrollar con sus profesiones\u201d, asever\u00f3.<\/p>\n\n\n\n<p>Pero no s\u00f3lo esto, el Tecnol\u00f3gico de Xalapa ha tejido una alianza con la Oficina del Gobierno Electr\u00f3nico del Estado de Veracruz para aportar conocimiento en procesos de desarrollo de software para mejorar el trabajo de esta dependencia.<\/p>\n\n\n\n<p>\u201cComo instituciones p\u00fablicas, ambas partes tenemos el inter\u00e9s y la convicci\u00f3n de colaborar y aportar lo que cada uno nos corresponde y beneficiar, en este caso, procesos de desarrollo de software que finalmente son para oficinas y dependencias de Gobierno del Estado de Veracruz\u201d, me dijo el director \u00d3scar Trujillo, al reunirse con el titular de la Oficia de Gobierno Electr\u00f3nico, Miguel \u00c1ngel S\u00e1inz Gasper\u00edn\u201d y algunos de sus colaboradores.<\/p>\n\n\n\n<p>\u201cEn la Oficina de Gobierno Electr\u00f3nico estamos muy agradecidos con el tema de la capacitaci\u00f3n y cursos que nos han brindado desde 2023 en diversos temas como la gesti\u00f3n empresarial \u00faltimamente, pero tambi\u00e9n en la ingenier\u00eda de software que nos ha llevado a mejorar nuestros procesos internos, el desarrollo de nuestro trabajo y haber obtenido esta posibilidad de tener un diplomado con valor curricular que adem\u00e1s lo estamos recibiendo de manera gratuita; de esta forma nosotros estamos muy agradecidos con este v\u00ednculo que se ha realizado con el Tecnol\u00f3gico\u201d, indic\u00f3 S\u00e1inz Gasper\u00edn.<\/p>\n\n\n\n<p>Creo que la apuesta que el gobernador Cuitl\u00e1huac Garc\u00eda Jim\u00e9nez le ha hecho a la educaci\u00f3n tecnol\u00f3gica \u2014no hay que olvidar que \u00e9l se form\u00f3 como ingeniero en las aulas de la UV\u2014 ha sido muy positiva y est\u00e1 rindiendo ya frutos en beneficio de la sociedad veracruzana.<\/p>\n\n\n\n<p>@MValeraH<\/p>\n","protected":false},"excerpt":{"rendered":"<p>Miguel ValeraContrase\u00f1as Recuerdo que hace algunos a\u00f1os en la Universidad Veracruzana se hizo famoso el slogan \u201cdistribuci\u00f3n social del conocimiento\u201d. Se intent\u00f3, en aquella \u00e9poca, crear conciencia de que la academia ten\u00eda la obligaci\u00f3n de aterrizar en la sociedad lo que la gente invert\u00eda \u2014v\u00eda la aplicaci\u00f3n de impuestos\u2014 en la educaci\u00f3n de los j\u00f3venes [&hellip;]<\/p>\n","protected":false},"author":2,"featured_media":119815,"comment_status":"closed","ping_status":"closed","sticky":false,"template":"","format":"standard","meta":{"tdm_status":"","tdm_grid_status":"","footnotes":""},"categories":[70],"tags":[8047,9776],"class_list":{"0":"post-122386","1":"post","2":"type-post","3":"status-publish","4":"format-standard","5":"has-post-thumbnail","7":"category-de-opinion","8":"tag-instituto-tecnologico-superior-de-xalapa","9":"tag-miguel-valera"},"yoast_head":"<!-- This site is optimized with the Yoast SEO plugin v27.4 - https:\/\/yoast.com\/product\/yoast-seo-wordpress\/ -->\n<title>TEC DE XALAPA, APLICACI\u00d3N SOCIAL DEL CONOCIMIENTO - Los pol\u00edticos Veracruz<\/title>\n<meta name=\"robots\" content=\"index, follow, max-snippet:-1, max-image-preview:large, max-video-preview:-1\" \/>\n<link rel=\"canonical\" href=\"https:\/\/lospoliticosveracruz.com\/?p=122386\" \/>\n<meta property=\"og:locale\" content=\"es_ES\" \/>\n<meta property=\"og:type\" content=\"article\" \/>\n<meta property=\"og:title\" content=\"TEC DE XALAPA, APLICACI\u00d3N SOCIAL DEL CONOCIMIENTO - Los pol\u00edticos Veracruz\" \/>\n<meta property=\"og:description\" content=\"Miguel ValeraContrase\u00f1as Recuerdo que hace algunos a\u00f1os en la Universidad Veracruzana se hizo famoso el slogan \u201cdistribuci\u00f3n social del conocimiento\u201d. Se intent\u00f3, en aquella \u00e9poca, crear conciencia de que la academia ten\u00eda la obligaci\u00f3n de aterrizar en la sociedad lo que la gente invert\u00eda \u2014v\u00eda la aplicaci\u00f3n de impuestos\u2014 en la educaci\u00f3n de los j\u00f3venes [&hellip;]\" \/>\n<meta property=\"og:url\" content=\"https:\/\/lospoliticosveracruz.com\/?p=122386\" \/>\n<meta property=\"og:site_name\" content=\"Los pol\u00edticos Veracruz\" \/>\n<meta property=\"article:publisher\" content=\"https:\/\/www.facebook.com\/people\/Notimemes-de-los-Polticos\/61565672886568\/\" \/>\n<meta property=\"article:published_time\" content=\"2024-04-17T15:25:57+00:00\" \/>\n<meta property=\"article:modified_time\" content=\"2024-04-17T15:28:07+00:00\" \/>\n<meta property=\"og:image\" content=\"https:\/\/lospoliticosveracruz.com\/wp-content\/uploads\/2024\/03\/Miguel-Valera.jpg\" \/>\n\t<meta property=\"og:image:width\" content=\"1250\" \/>\n\t<meta property=\"og:image:height\" content=\"667\" \/>\n\t<meta property=\"og:image:type\" content=\"image\/jpeg\" \/>\n<meta name=\"author\" content=\"Lo viste en Los Pol\u00edticos\" \/>\n<meta name=\"twitter:card\" content=\"summary_large_image\" \/>\n<meta name=\"twitter:creator\" content=\"@LosPoliticosVer\" \/>\n<meta name=\"twitter:site\" content=\"@LosPoliticosVer\" \/>\n<meta name=\"twitter:label1\" content=\"Escrito por\" \/>\n\t<meta name=\"twitter:data1\" content=\"Lo viste en Los Pol\u00edticos\" \/>\n\t<meta name=\"twitter:label2\" content=\"Tiempo de lectura\" \/>\n\t<meta name=\"twitter:data2\" content=\"4 minutos\" \/>\n<script type=\"application\/ld+json\" class=\"yoast-schema-graph\">{\"@context\":\"https:\\\/\\\/schema.org\",\"@graph\":[{\"@type\":\"Article\",\"@id\":\"https:\\\/\\\/lospoliticosveracruz.com\\\/?p=122386#article\",\"isPartOf\":{\"@id\":\"https:\\\/\\\/lospoliticosveracruz.com\\\/?p=122386\"},\"author\":{\"name\":\"Lo viste en Los Pol\u00edticos\",\"@id\":\"https:\\\/\\\/lospoliticosveracruz.com\\\/#\\\/schema\\\/person\\\/b8702bb0e538456e6efd07080bf2a4a2\"},\"headline\":\"TEC DE XALAPA, APLICACI\u00d3N SOCIAL DEL CONOCIMIENTO\",\"datePublished\":\"2024-04-17T15:25:57+00:00\",\"dateModified\":\"2024-04-17T15:28:07+00:00\",\"mainEntityOfPage\":{\"@id\":\"https:\\\/\\\/lospoliticosveracruz.com\\\/?p=122386\"},\"wordCount\":832,\"publisher\":{\"@id\":\"https:\\\/\\\/lospoliticosveracruz.com\\\/#organization\"},\"image\":{\"@id\":\"https:\\\/\\\/lospoliticosveracruz.com\\\/?p=122386#primaryimage\"},\"thumbnailUrl\":\"https:\\\/\\\/lospoliticosveracruz.com\\\/wp-content\\\/uploads\\\/2024\\\/03\\\/Miguel-Valera.jpg\",\"keywords\":[\"Instituto Tecnol\u00f3gico Superior de Xalapa\",\"Miguel Valera\"],\"articleSection\":[\"De Opini\u00f3n\"],\"inLanguage\":\"es\"},{\"@type\":\"WebPage\",\"@id\":\"https:\\\/\\\/lospoliticosveracruz.com\\\/?p=122386\",\"url\":\"https:\\\/\\\/lospoliticosveracruz.com\\\/?p=122386\",\"name\":\"TEC DE XALAPA, APLICACI\u00d3N SOCIAL DEL CONOCIMIENTO - Los pol\u00edticos Veracruz\",\"isPartOf\":{\"@id\":\"https:\\\/\\\/lospoliticosveracruz.com\\\/#website\"},\"primaryImageOfPage\":{\"@id\":\"https:\\\/\\\/lospoliticosveracruz.com\\\/?p=122386#primaryimage\"},\"image\":{\"@id\":\"https:\\\/\\\/lospoliticosveracruz.com\\\/?p=122386#primaryimage\"},\"thumbnailUrl\":\"https:\\\/\\\/lospoliticosveracruz.com\\\/wp-content\\\/uploads\\\/2024\\\/03\\\/Miguel-Valera.jpg\",\"datePublished\":\"2024-04-17T15:25:57+00:00\",\"dateModified\":\"2024-04-17T15:28:07+00:00\",\"breadcrumb\":{\"@id\":\"https:\\\/\\\/lospoliticosveracruz.com\\\/?p=122386#breadcrumb\"},\"inLanguage\":\"es\",\"potentialAction\":[{\"@type\":\"ReadAction\",\"target\":[\"https:\\\/\\\/lospoliticosveracruz.com\\\/?p=122386\"]}]},{\"@type\":\"ImageObject\",\"inLanguage\":\"es\",\"@id\":\"https:\\\/\\\/lospoliticosveracruz.com\\\/?p=122386#primaryimage\",\"url\":\"https:\\\/\\\/lospoliticosveracruz.com\\\/wp-content\\\/uploads\\\/2024\\\/03\\\/Miguel-Valera.jpg\",\"contentUrl\":\"https:\\\/\\\/lospoliticosveracruz.com\\\/wp-content\\\/uploads\\\/2024\\\/03\\\/Miguel-Valera.jpg\",\"width\":1250,\"height\":667},{\"@type\":\"BreadcrumbList\",\"@id\":\"https:\\\/\\\/lospoliticosveracruz.com\\\/?p=122386#breadcrumb\",\"itemListElement\":[{\"@type\":\"ListItem\",\"position\":1,\"name\":\"Portada\",\"item\":\"https:\\\/\\\/lospoliticosveracruz.com\\\/\"},{\"@type\":\"ListItem\",\"position\":2,\"name\":\"TEC DE XALAPA, APLICACI\u00d3N SOCIAL DEL CONOCIMIENTO\"}]},{\"@type\":\"WebSite\",\"@id\":\"https:\\\/\\\/lospoliticosveracruz.com\\\/#website\",\"url\":\"https:\\\/\\\/lospoliticosveracruz.com\\\/\",\"name\":\"Los pol\u00edticos Veracruz\",\"description\":\"\",\"publisher\":{\"@id\":\"https:\\\/\\\/lospoliticosveracruz.com\\\/#organization\"},\"potentialAction\":[{\"@type\":\"SearchAction\",\"target\":{\"@type\":\"EntryPoint\",\"urlTemplate\":\"https:\\\/\\\/lospoliticosveracruz.com\\\/?s={search_term_string}\"},\"query-input\":{\"@type\":\"PropertyValueSpecification\",\"valueRequired\":true,\"valueName\":\"search_term_string\"}}],\"inLanguage\":\"es\"},{\"@type\":\"Organization\",\"@id\":\"https:\\\/\\\/lospoliticosveracruz.com\\\/#organization\",\"name\":\"Los pol\u00edticos Veracruz\",\"url\":\"https:\\\/\\\/lospoliticosveracruz.com\\\/\",\"logo\":{\"@type\":\"ImageObject\",\"inLanguage\":\"es\",\"@id\":\"https:\\\/\\\/lospoliticosveracruz.com\\\/#\\\/schema\\\/logo\\\/image\\\/\",\"url\":\"https:\\\/\\\/lospoliticosveracruz.com\\\/wp-content\\\/uploads\\\/2025\\\/12\\\/Logo-Nuevo-LOS-POLITICOS-1.jpg\",\"contentUrl\":\"https:\\\/\\\/lospoliticosveracruz.com\\\/wp-content\\\/uploads\\\/2025\\\/12\\\/Logo-Nuevo-LOS-POLITICOS-1.jpg\",\"width\":260,\"height\":70,\"caption\":\"Los pol\u00edticos Veracruz\"},\"image\":{\"@id\":\"https:\\\/\\\/lospoliticosveracruz.com\\\/#\\\/schema\\\/logo\\\/image\\\/\"},\"sameAs\":[\"https:\\\/\\\/www.facebook.com\\\/people\\\/Notimemes-de-los-Polticos\\\/61565672886568\\\/\",\"https:\\\/\\\/x.com\\\/LosPoliticosVer\"]},{\"@type\":\"Person\",\"@id\":\"https:\\\/\\\/lospoliticosveracruz.com\\\/#\\\/schema\\\/person\\\/b8702bb0e538456e6efd07080bf2a4a2\",\"name\":\"Lo viste en Los Pol\u00edticos\",\"image\":{\"@type\":\"ImageObject\",\"inLanguage\":\"es\",\"@id\":\"https:\\\/\\\/secure.gravatar.com\\\/avatar\\\/3a8de04a2656d44082be478bd6c086daa447c4651605818287b9532d3d0bd435?s=96&d=mm&r=g\",\"url\":\"https:\\\/\\\/secure.gravatar.com\\\/avatar\\\/3a8de04a2656d44082be478bd6c086daa447c4651605818287b9532d3d0bd435?s=96&d=mm&r=g\",\"contentUrl\":\"https:\\\/\\\/secure.gravatar.com\\\/avatar\\\/3a8de04a2656d44082be478bd6c086daa447c4651605818287b9532d3d0bd435?s=96&d=mm&r=g\",\"caption\":\"Lo viste en Los Pol\u00edticos\"},\"url\":\"https:\\\/\\\/lospoliticosveracruz.com\\\/?author=2\"}]}<\/script>\n<!-- \/ Yoast SEO plugin. -->","yoast_head_json":{"title":"TEC DE XALAPA, APLICACI\u00d3N SOCIAL DEL CONOCIMIENTO - Los pol\u00edticos Veracruz","robots":{"index":"index","follow":"follow","max-snippet":"max-snippet:-1","max-image-preview":"max-image-preview:large","max-video-preview":"max-video-preview:-1"},"canonical":"https:\/\/lospoliticosveracruz.com\/?p=122386","og_locale":"es_ES","og_type":"article","og_title":"TEC DE XALAPA, APLICACI\u00d3N SOCIAL DEL CONOCIMIENTO - Los pol\u00edticos Veracruz","og_description":"Miguel ValeraContrase\u00f1as Recuerdo que hace algunos a\u00f1os en la Universidad Veracruzana se hizo famoso el slogan \u201cdistribuci\u00f3n social del conocimiento\u201d. Se intent\u00f3, en aquella \u00e9poca, crear conciencia de que la academia ten\u00eda la obligaci\u00f3n de aterrizar en la sociedad lo que la gente invert\u00eda \u2014v\u00eda la aplicaci\u00f3n de impuestos\u2014 en la educaci\u00f3n de los j\u00f3venes [&hellip;]","og_url":"https:\/\/lospoliticosveracruz.com\/?p=122386","og_site_name":"Los pol\u00edticos Veracruz","article_publisher":"https:\/\/www.facebook.com\/people\/Notimemes-de-los-Polticos\/61565672886568\/","article_published_time":"2024-04-17T15:25:57+00:00","article_modified_time":"2024-04-17T15:28:07+00:00","og_image":[{"width":1250,"height":667,"url":"https:\/\/lospoliticosveracruz.com\/wp-content\/uploads\/2024\/03\/Miguel-Valera.jpg","type":"image\/jpeg"}],"author":"Lo viste en Los Pol\u00edticos","twitter_card":"summary_large_image","twitter_creator":"@LosPoliticosVer","twitter_site":"@LosPoliticosVer","twitter_misc":{"Escrito por":"Lo viste en Los Pol\u00edticos","Tiempo de lectura":"4 minutos"},"schema":{"@context":"https:\/\/schema.org","@graph":[{"@type":"Article","@id":"https:\/\/lospoliticosveracruz.com\/?p=122386#article","isPartOf":{"@id":"https:\/\/lospoliticosveracruz.com\/?p=122386"},"author":{"name":"Lo viste en Los Pol\u00edticos","@id":"https:\/\/lospoliticosveracruz.com\/#\/schema\/person\/b8702bb0e538456e6efd07080bf2a4a2"},"headline":"TEC DE XALAPA, APLICACI\u00d3N SOCIAL DEL CONOCIMIENTO","datePublished":"2024-04-17T15:25:57+00:00","dateModified":"2024-04-17T15:28:07+00:00","mainEntityOfPage":{"@id":"https:\/\/lospoliticosveracruz.com\/?p=122386"},"wordCount":832,"publisher":{"@id":"https:\/\/lospoliticosveracruz.com\/#organization"},"image":{"@id":"https:\/\/lospoliticosveracruz.com\/?p=122386#primaryimage"},"thumbnailUrl":"https:\/\/lospoliticosveracruz.com\/wp-content\/uploads\/2024\/03\/Miguel-Valera.jpg","keywords":["Instituto Tecnol\u00f3gico Superior de Xalapa","Miguel Valera"],"articleSection":["De Opini\u00f3n"],"inLanguage":"es"},{"@type":"WebPage","@id":"https:\/\/lospoliticosveracruz.com\/?p=122386","url":"https:\/\/lospoliticosveracruz.com\/?p=122386","name":"TEC DE XALAPA, APLICACI\u00d3N SOCIAL DEL CONOCIMIENTO - Los pol\u00edticos Veracruz","isPartOf":{"@id":"https:\/\/lospoliticosveracruz.com\/#website"},"primaryImageOfPage":{"@id":"https:\/\/lospoliticosveracruz.com\/?p=122386#primaryimage"},"image":{"@id":"https:\/\/lospoliticosveracruz.com\/?p=122386#primaryimage"},"thumbnailUrl":"https:\/\/lospoliticosveracruz.com\/wp-content\/uploads\/2024\/03\/Miguel-Valera.jpg","datePublished":"2024-04-17T15:25:57+00:00","dateModified":"2024-04-17T15:28:07+00:00","breadcrumb":{"@id":"https:\/\/lospoliticosveracruz.com\/?p=122386#breadcrumb"},"inLanguage":"es","potentialAction":[{"@type":"ReadAction","target":["https:\/\/lospoliticosveracruz.com\/?p=122386"]}]},{"@type":"ImageObject","inLanguage":"es","@id":"https:\/\/lospoliticosveracruz.com\/?p=122386#primaryimage","url":"https:\/\/lospoliticosveracruz.com\/wp-content\/uploads\/2024\/03\/Miguel-Valera.jpg","contentUrl":"https:\/\/lospoliticosveracruz.com\/wp-content\/uploads\/2024\/03\/Miguel-Valera.jpg","width":1250,"height":667},{"@type":"BreadcrumbList","@id":"https:\/\/lospoliticosveracruz.com\/?p=122386#breadcrumb","itemListElement":[{"@type":"ListItem","position":1,"name":"Portada","item":"https:\/\/lospoliticosveracruz.com\/"},{"@type":"ListItem","position":2,"name":"TEC DE XALAPA, APLICACI\u00d3N SOCIAL DEL CONOCIMIENTO"}]},{"@type":"WebSite","@id":"https:\/\/lospoliticosveracruz.com\/#website","url":"https:\/\/lospoliticosveracruz.com\/","name":"Los pol\u00edticos Veracruz","description":"","publisher":{"@id":"https:\/\/lospoliticosveracruz.com\/#organization"},"potentialAction":[{"@type":"SearchAction","target":{"@type":"EntryPoint","urlTemplate":"https:\/\/lospoliticosveracruz.com\/?s={search_term_string}"},"query-input":{"@type":"PropertyValueSpecification","valueRequired":true,"valueName":"search_term_string"}}],"inLanguage":"es"},{"@type":"Organization","@id":"https:\/\/lospoliticosveracruz.com\/#organization","name":"Los pol\u00edticos Veracruz","url":"https:\/\/lospoliticosveracruz.com\/","logo":{"@type":"ImageObject","inLanguage":"es","@id":"https:\/\/lospoliticosveracruz.com\/#\/schema\/logo\/image\/","url":"https:\/\/lospoliticosveracruz.com\/wp-content\/uploads\/2025\/12\/Logo-Nuevo-LOS-POLITICOS-1.jpg","contentUrl":"https:\/\/lospoliticosveracruz.com\/wp-content\/uploads\/2025\/12\/Logo-Nuevo-LOS-POLITICOS-1.jpg","width":260,"height":70,"caption":"Los pol\u00edticos Veracruz"},"image":{"@id":"https:\/\/lospoliticosveracruz.com\/#\/schema\/logo\/image\/"},"sameAs":["https:\/\/www.facebook.com\/people\/Notimemes-de-los-Polticos\/61565672886568\/","https:\/\/x.com\/LosPoliticosVer"]},{"@type":"Person","@id":"https:\/\/lospoliticosveracruz.com\/#\/schema\/person\/b8702bb0e538456e6efd07080bf2a4a2","name":"Lo viste en Los Pol\u00edticos","image":{"@type":"ImageObject","inLanguage":"es","@id":"https:\/\/secure.gravatar.com\/avatar\/3a8de04a2656d44082be478bd6c086daa447c4651605818287b9532d3d0bd435?s=96&d=mm&r=g","url":"https:\/\/secure.gravatar.com\/avatar\/3a8de04a2656d44082be478bd6c086daa447c4651605818287b9532d3d0bd435?s=96&d=mm&r=g","contentUrl":"https:\/\/secure.gravatar.com\/avatar\/3a8de04a2656d44082be478bd6c086daa447c4651605818287b9532d3d0bd435?s=96&d=mm&r=g","caption":"Lo viste en Los Pol\u00edticos"},"url":"https:\/\/lospoliticosveracruz.com\/?author=2"}]}},"_links":{"self":[{"href":"https:\/\/lospoliticosveracruz.com\/index.php?rest_route=\/wp\/v2\/posts\/122386","targetHints":{"allow":["GET"]}}],"collection":[{"href":"https:\/\/lospoliticosveracruz.com\/index.php?rest_route=\/wp\/v2\/posts"}],"about":[{"href":"https:\/\/lospoliticosveracruz.com\/index.php?rest_route=\/wp\/v2\/types\/post"}],"author":[{"embeddable":true,"href":"https:\/\/lospoliticosveracruz.com\/index.php?rest_route=\/wp\/v2\/users\/2"}],"replies":[{"embeddable":true,"href":"https:\/\/lospoliticosveracruz.com\/index.php?rest_route=%2Fwp%2Fv2%2Fcomments&post=122386"}],"version-history":[{"count":1,"href":"https:\/\/lospoliticosveracruz.com\/index.php?rest_route=\/wp\/v2\/posts\/122386\/revisions"}],"predecessor-version":[{"id":122387,"href":"https:\/\/lospoliticosveracruz.com\/index.php?rest_route=\/wp\/v2\/posts\/122386\/revisions\/122387"}],"wp:featuredmedia":[{"embeddable":true,"href":"https:\/\/lospoliticosveracruz.com\/index.php?rest_route=\/wp\/v2\/media\/119815"}],"wp:attachment":[{"href":"https:\/\/lospoliticosveracruz.com\/index.php?rest_route=%2Fwp%2Fv2%2Fmedia&parent=122386"}],"wp:term":[{"taxonomy":"category","embeddable":true,"href":"https:\/\/lospoliticosveracruz.com\/index.php?rest_route=%2Fwp%2Fv2%2Fcategories&post=122386"},{"taxonomy":"post_tag","embeddable":true,"href":"https:\/\/lospoliticosveracruz.com\/index.php?rest_route=%2Fwp%2Fv2%2Ftags&post=122386"}],"curies":[{"name":"wp","href":"https:\/\/api.w.org\/{rel}","templated":true}]}}