{"id":122532,"date":"2024-04-18T22:42:10","date_gmt":"2024-04-19T03:42:10","guid":{"rendered":"https:\/\/lospoliticosveracruz.com.mx\/?p=122532"},"modified":"2024-04-18T22:42:41","modified_gmt":"2024-04-19T03:42:41","slug":"elevaremos-el-nivel-de-hacer-politica-nahle","status":"publish","type":"post","link":"https:\/\/lospoliticosveracruz.com\/?p=122532","title":{"rendered":"ELEVAREMOS EL NIVEL DE HACER POL\u00cdTICA: NAHLE"},"content":{"rendered":"\n<p><\/p>\n\n\n\n<p><strong>Veracruz<br><\/strong>Tras recibir el respaldo del presidente nacional de Morena, Mario Delgado Carrillo quien asegur\u00f3 va m\u00ednimo 2 a 1 arriba en las encuestas, la candidata a la gubernatura de Veracruz por la coalici\u00f3n \u201cSigamos haciendo historia\u201d, Roc\u00edo Nahle Garc\u00eda, afirm\u00f3 que no solo es momento de tener una mujer gobernadora sino de elevar el nivel de hacer pol\u00edtica.<\/p>\n\n\n\n<p>En conferencia de prensa en este puerto, acompa\u00f1ada de Mario Delgado Carrillo y C\u00e9sar Y\u00e1\u00f1ez, Coordinador de Agenda y Giras de la candidata presidencial de Morena, Claudia Sheinbaum Pardo, Roc\u00edo Nahle subray\u00f3 que ning\u00fan ataque va a opacar su trayectoria ni la transparencia con la que se ha conducido.<\/p>\n\n\n\n<p>\u201cEste tema es el nivel del que hablo, no voy a bajar el nivel pol\u00edtico en Veracruz porque los veracruzanos y las veracruzanas no nos lo merecemos\u201d, indic\u00f3.<\/p>\n\n\n\n<p>Aclar\u00f3 que su origen no es problema ni personal ni constitucionalmente como la derecha clasista y discriminatoria ha tratado de hacer parecer.<\/p>\n\n\n\n<p>Nunca el veracruzano ha sido racista y contrario a la derecha conservadora, en su gobierno va a trabajar para erradicar esta mentalidad retr\u00f3grada.<\/p>\n\n\n\n<p>\u201cAqu\u00ed en mi gobierno no va a haber clasismo, no va a haber discriminaci\u00f3n y no va a haber racismo de eso me voy a encargar de trabajar todos los d\u00edas, por ejemplo m\u00e1s de 2 millones de veracruzanos est\u00e1n fuera del territorio y yo quiero que a esos dos millones en donde est\u00e9n los traten con respeto as\u00ed es que voy a empezar por Veracruz\u201d, explic\u00f3.<\/p>\n\n\n\n<p>Las difamaciones y denuncias que se han gestado por parte de esquiroles en su contra, tienen su respuesta en los portales de la Secretar\u00eda de la Funci\u00f3n P\u00fablica y transparencia.<\/p>\n\n\n\n<p>\u201cYo doy la cara. Escrib\u00ed una carta, la hice p\u00fablica hace seis d\u00edas, pero eso no es lo que yo diga, yo desde hace casi 10 a\u00f1os presento mi declaraci\u00f3n patrimonial ante la Secretar\u00eda de la Funci\u00f3n P\u00fablica y esta va avalada por la hoja de percepciones y deducciones del SAT, a quien le interese es p\u00fablica y puede verlo ah\u00ed, yo ya puse en la carta cu\u00e1les son mis propiedades y yo no creo que sea un delito o algo arrendar una casa donde uno quiera \u00bfno creen?\u201d, expres\u00f3.<\/p>\n\n\n\n<p>Destac\u00f3 que han tratado de denostar y se\u00f1alarla de absolutamente todo, incluso de no pagar los servicios p\u00fablicos de su lugar de residencia.<\/p>\n\n\n\n<p>\u201cLos recibos de luz pues ya hasta me publicaron el recibo de la luz de la casa de Coatzacoalcos de enero cuando yo he andado en horas y yo no estaba en la casa y era de 800 pesos precisamente porque yo ando de gira\u201d, agreg\u00f3.<\/p>\n\n\n\n<p>Por otra parte, adelant\u00f3 que la candidata presidencial de Morena, Claudia Sheinbaum, vendr\u00e1 la pr\u00f3xima semana a la huasteca veracruzana tal como lo confirm\u00f3 C\u00e9sar Y\u00e1\u00f1ez, coordinador de Agenda y Giras de la pr\u00f3xima presidenta de M\u00e9xico quien tambi\u00e9n estuvo en esta gira por C\u00f3rdoba y Veracruz.<\/p>\n\n\n\n<p>\u201cClaudia viene a P\u00e1nuco, va a estar en Tantoyuca, C\u00e9sar es su coordinador de giras, despu\u00e9s va a estar en \u00c1lamo y en Papantla, diferentes d\u00edas, porque entra y sale a la Huasteca, tanto de Hidalgo y de San Luis Potos\u00ed, entonces entra y sale, pero va a estar varios d\u00edas aqu\u00ed. Ella est\u00e1 haciendo su gira en todo el pa\u00eds, recorriendo los 300 distritos federales electorales, hace tres, cuatro semanas estuvo en el sur y hoy toca en el norte. \u00bfY c\u00f3mo va a encontrar? Pues va a encontrar a una militancia viva, activa, contenta, la vamos a recibir con much\u00edsimo gusto, ella quiere mucho a Veracruz y a los veracruzanos y nosotros la queremos mucho, entonces van a ser muy buenos eventos.\u201d, concluy\u00f3.<\/p>\n","protected":false},"excerpt":{"rendered":"<p>VeracruzTras recibir el respaldo del presidente nacional de Morena, Mario Delgado Carrillo quien asegur\u00f3 va m\u00ednimo 2 a 1 arriba en las encuestas, la candidata a la gubernatura de Veracruz por la coalici\u00f3n \u201cSigamos haciendo historia\u201d, Roc\u00edo Nahle Garc\u00eda, afirm\u00f3 que no solo es momento de tener una mujer gobernadora sino de elevar el nivel [&hellip;]<\/p>\n","protected":false},"author":2,"featured_media":0,"comment_status":"closed","ping_status":"closed","sticky":false,"template":"","format":"standard","meta":{"tdm_status":"","tdm_grid_status":"","footnotes":""},"categories":[73],"tags":[1026,3578,195],"class_list":{"0":"post-122532","1":"post","2":"type-post","3":"status-publish","4":"format-standard","6":"category-de-boleto","7":"tag-morena","8":"tag-rocio-nahle","9":"tag-veracruz"},"yoast_head":"<!-- This site is optimized with the Yoast SEO plugin v27.4 - https:\/\/yoast.com\/product\/yoast-seo-wordpress\/ -->\n<title>ELEVAREMOS EL NIVEL DE HACER POL\u00cdTICA: NAHLE - Los pol\u00edticos Veracruz<\/title>\n<meta name=\"robots\" content=\"index, follow, max-snippet:-1, max-image-preview:large, max-video-preview:-1\" \/>\n<link rel=\"canonical\" href=\"https:\/\/lospoliticosveracruz.com\/?p=122532\" \/>\n<meta property=\"og:locale\" content=\"es_ES\" \/>\n<meta property=\"og:type\" content=\"article\" \/>\n<meta property=\"og:title\" content=\"ELEVAREMOS EL NIVEL DE HACER POL\u00cdTICA: NAHLE - Los pol\u00edticos Veracruz\" \/>\n<meta property=\"og:description\" content=\"VeracruzTras recibir el respaldo del presidente nacional de Morena, Mario Delgado Carrillo quien asegur\u00f3 va m\u00ednimo 2 a 1 arriba en las encuestas, la candidata a la gubernatura de Veracruz por la coalici\u00f3n \u201cSigamos haciendo historia\u201d, Roc\u00edo Nahle Garc\u00eda, afirm\u00f3 que no solo es momento de tener una mujer gobernadora sino de elevar el nivel [&hellip;]\" \/>\n<meta property=\"og:url\" content=\"https:\/\/lospoliticosveracruz.com\/?p=122532\" \/>\n<meta property=\"og:site_name\" content=\"Los pol\u00edticos Veracruz\" \/>\n<meta property=\"article:publisher\" content=\"https:\/\/www.facebook.com\/people\/Notimemes-de-los-Polticos\/61565672886568\/\" \/>\n<meta property=\"article:published_time\" content=\"2024-04-19T03:42:10+00:00\" \/>\n<meta property=\"article:modified_time\" content=\"2024-04-19T03:42:41+00:00\" \/>\n<meta property=\"og:image\" content=\"https:\/\/lospoliticosveracruz.com\/wp-content\/uploads\/2016\/07\/Logo-Dor.jpg\" \/>\n\t<meta property=\"og:image:width\" content=\"200\" \/>\n\t<meta property=\"og:image:height\" content=\"200\" \/>\n\t<meta property=\"og:image:type\" content=\"image\/jpeg\" \/>\n<meta name=\"author\" content=\"Lo viste en Los Pol\u00edticos\" \/>\n<meta name=\"twitter:card\" content=\"summary_large_image\" \/>\n<meta name=\"twitter:creator\" content=\"@LosPoliticosVer\" \/>\n<meta name=\"twitter:site\" content=\"@LosPoliticosVer\" \/>\n<meta name=\"twitter:label1\" content=\"Escrito por\" \/>\n\t<meta name=\"twitter:data1\" content=\"Lo viste en Los Pol\u00edticos\" \/>\n\t<meta name=\"twitter:label2\" content=\"Tiempo de lectura\" \/>\n\t<meta name=\"twitter:data2\" content=\"3 minutos\" \/>\n<script type=\"application\/ld+json\" class=\"yoast-schema-graph\">{\"@context\":\"https:\\\/\\\/schema.org\",\"@graph\":[{\"@type\":\"Article\",\"@id\":\"https:\\\/\\\/lospoliticosveracruz.com\\\/?p=122532#article\",\"isPartOf\":{\"@id\":\"https:\\\/\\\/lospoliticosveracruz.com\\\/?p=122532\"},\"author\":{\"name\":\"Lo viste en Los Pol\u00edticos\",\"@id\":\"https:\\\/\\\/lospoliticosveracruz.com\\\/#\\\/schema\\\/person\\\/b8702bb0e538456e6efd07080bf2a4a2\"},\"headline\":\"ELEVAREMOS EL NIVEL DE HACER POL\u00cdTICA: NAHLE\",\"datePublished\":\"2024-04-19T03:42:10+00:00\",\"dateModified\":\"2024-04-19T03:42:41+00:00\",\"mainEntityOfPage\":{\"@id\":\"https:\\\/\\\/lospoliticosveracruz.com\\\/?p=122532\"},\"wordCount\":657,\"publisher\":{\"@id\":\"https:\\\/\\\/lospoliticosveracruz.com\\\/#organization\"},\"keywords\":[\"Morena\",\"Roc\u00edo Nahle\",\"Veracruz\"],\"articleSection\":[\"De Boleto\"],\"inLanguage\":\"es\"},{\"@type\":\"WebPage\",\"@id\":\"https:\\\/\\\/lospoliticosveracruz.com\\\/?p=122532\",\"url\":\"https:\\\/\\\/lospoliticosveracruz.com\\\/?p=122532\",\"name\":\"ELEVAREMOS EL NIVEL DE HACER POL\u00cdTICA: NAHLE - Los pol\u00edticos Veracruz\",\"isPartOf\":{\"@id\":\"https:\\\/\\\/lospoliticosveracruz.com\\\/#website\"},\"datePublished\":\"2024-04-19T03:42:10+00:00\",\"dateModified\":\"2024-04-19T03:42:41+00:00\",\"breadcrumb\":{\"@id\":\"https:\\\/\\\/lospoliticosveracruz.com\\\/?p=122532#breadcrumb\"},\"inLanguage\":\"es\",\"potentialAction\":[{\"@type\":\"ReadAction\",\"target\":[\"https:\\\/\\\/lospoliticosveracruz.com\\\/?p=122532\"]}]},{\"@type\":\"BreadcrumbList\",\"@id\":\"https:\\\/\\\/lospoliticosveracruz.com\\\/?p=122532#breadcrumb\",\"itemListElement\":[{\"@type\":\"ListItem\",\"position\":1,\"name\":\"Portada\",\"item\":\"https:\\\/\\\/lospoliticosveracruz.com\\\/\"},{\"@type\":\"ListItem\",\"position\":2,\"name\":\"ELEVAREMOS EL NIVEL DE HACER POL\u00cdTICA: NAHLE\"}]},{\"@type\":\"WebSite\",\"@id\":\"https:\\\/\\\/lospoliticosveracruz.com\\\/#website\",\"url\":\"https:\\\/\\\/lospoliticosveracruz.com\\\/\",\"name\":\"Los pol\u00edticos Veracruz\",\"description\":\"\",\"publisher\":{\"@id\":\"https:\\\/\\\/lospoliticosveracruz.com\\\/#organization\"},\"potentialAction\":[{\"@type\":\"SearchAction\",\"target\":{\"@type\":\"EntryPoint\",\"urlTemplate\":\"https:\\\/\\\/lospoliticosveracruz.com\\\/?s={search_term_string}\"},\"query-input\":{\"@type\":\"PropertyValueSpecification\",\"valueRequired\":true,\"valueName\":\"search_term_string\"}}],\"inLanguage\":\"es\"},{\"@type\":\"Organization\",\"@id\":\"https:\\\/\\\/lospoliticosveracruz.com\\\/#organization\",\"name\":\"Los pol\u00edticos Veracruz\",\"url\":\"https:\\\/\\\/lospoliticosveracruz.com\\\/\",\"logo\":{\"@type\":\"ImageObject\",\"inLanguage\":\"es\",\"@id\":\"https:\\\/\\\/lospoliticosveracruz.com\\\/#\\\/schema\\\/logo\\\/image\\\/\",\"url\":\"https:\\\/\\\/lospoliticosveracruz.com\\\/wp-content\\\/uploads\\\/2025\\\/12\\\/Logo-Nuevo-LOS-POLITICOS-1.jpg\",\"contentUrl\":\"https:\\\/\\\/lospoliticosveracruz.com\\\/wp-content\\\/uploads\\\/2025\\\/12\\\/Logo-Nuevo-LOS-POLITICOS-1.jpg\",\"width\":260,\"height\":70,\"caption\":\"Los pol\u00edticos Veracruz\"},\"image\":{\"@id\":\"https:\\\/\\\/lospoliticosveracruz.com\\\/#\\\/schema\\\/logo\\\/image\\\/\"},\"sameAs\":[\"https:\\\/\\\/www.facebook.com\\\/people\\\/Notimemes-de-los-Polticos\\\/61565672886568\\\/\",\"https:\\\/\\\/x.com\\\/LosPoliticosVer\"]},{\"@type\":\"Person\",\"@id\":\"https:\\\/\\\/lospoliticosveracruz.com\\\/#\\\/schema\\\/person\\\/b8702bb0e538456e6efd07080bf2a4a2\",\"name\":\"Lo viste en Los Pol\u00edticos\",\"image\":{\"@type\":\"ImageObject\",\"inLanguage\":\"es\",\"@id\":\"https:\\\/\\\/secure.gravatar.com\\\/avatar\\\/3a8de04a2656d44082be478bd6c086daa447c4651605818287b9532d3d0bd435?s=96&d=mm&r=g\",\"url\":\"https:\\\/\\\/secure.gravatar.com\\\/avatar\\\/3a8de04a2656d44082be478bd6c086daa447c4651605818287b9532d3d0bd435?s=96&d=mm&r=g\",\"contentUrl\":\"https:\\\/\\\/secure.gravatar.com\\\/avatar\\\/3a8de04a2656d44082be478bd6c086daa447c4651605818287b9532d3d0bd435?s=96&d=mm&r=g\",\"caption\":\"Lo viste en Los Pol\u00edticos\"},\"url\":\"https:\\\/\\\/lospoliticosveracruz.com\\\/?author=2\"}]}<\/script>\n<!-- \/ Yoast SEO plugin. -->","yoast_head_json":{"title":"ELEVAREMOS EL NIVEL DE HACER POL\u00cdTICA: NAHLE - Los pol\u00edticos Veracruz","robots":{"index":"index","follow":"follow","max-snippet":"max-snippet:-1","max-image-preview":"max-image-preview:large","max-video-preview":"max-video-preview:-1"},"canonical":"https:\/\/lospoliticosveracruz.com\/?p=122532","og_locale":"es_ES","og_type":"article","og_title":"ELEVAREMOS EL NIVEL DE HACER POL\u00cdTICA: NAHLE - Los pol\u00edticos Veracruz","og_description":"VeracruzTras recibir el respaldo del presidente nacional de Morena, Mario Delgado Carrillo quien asegur\u00f3 va m\u00ednimo 2 a 1 arriba en las encuestas, la candidata a la gubernatura de Veracruz por la coalici\u00f3n \u201cSigamos haciendo historia\u201d, Roc\u00edo Nahle Garc\u00eda, afirm\u00f3 que no solo es momento de tener una mujer gobernadora sino de elevar el nivel [&hellip;]","og_url":"https:\/\/lospoliticosveracruz.com\/?p=122532","og_site_name":"Los pol\u00edticos Veracruz","article_publisher":"https:\/\/www.facebook.com\/people\/Notimemes-de-los-Polticos\/61565672886568\/","article_published_time":"2024-04-19T03:42:10+00:00","article_modified_time":"2024-04-19T03:42:41+00:00","og_image":[{"width":200,"height":200,"url":"https:\/\/lospoliticosveracruz.com\/wp-content\/uploads\/2016\/07\/Logo-Dor.jpg","type":"image\/jpeg"}],"author":"Lo viste en Los Pol\u00edticos","twitter_card":"summary_large_image","twitter_creator":"@LosPoliticosVer","twitter_site":"@LosPoliticosVer","twitter_misc":{"Escrito por":"Lo viste en Los Pol\u00edticos","Tiempo de lectura":"3 minutos"},"schema":{"@context":"https:\/\/schema.org","@graph":[{"@type":"Article","@id":"https:\/\/lospoliticosveracruz.com\/?p=122532#article","isPartOf":{"@id":"https:\/\/lospoliticosveracruz.com\/?p=122532"},"author":{"name":"Lo viste en Los Pol\u00edticos","@id":"https:\/\/lospoliticosveracruz.com\/#\/schema\/person\/b8702bb0e538456e6efd07080bf2a4a2"},"headline":"ELEVAREMOS EL NIVEL DE HACER POL\u00cdTICA: NAHLE","datePublished":"2024-04-19T03:42:10+00:00","dateModified":"2024-04-19T03:42:41+00:00","mainEntityOfPage":{"@id":"https:\/\/lospoliticosveracruz.com\/?p=122532"},"wordCount":657,"publisher":{"@id":"https:\/\/lospoliticosveracruz.com\/#organization"},"keywords":["Morena","Roc\u00edo Nahle","Veracruz"],"articleSection":["De Boleto"],"inLanguage":"es"},{"@type":"WebPage","@id":"https:\/\/lospoliticosveracruz.com\/?p=122532","url":"https:\/\/lospoliticosveracruz.com\/?p=122532","name":"ELEVAREMOS EL NIVEL DE HACER POL\u00cdTICA: NAHLE - Los pol\u00edticos Veracruz","isPartOf":{"@id":"https:\/\/lospoliticosveracruz.com\/#website"},"datePublished":"2024-04-19T03:42:10+00:00","dateModified":"2024-04-19T03:42:41+00:00","breadcrumb":{"@id":"https:\/\/lospoliticosveracruz.com\/?p=122532#breadcrumb"},"inLanguage":"es","potentialAction":[{"@type":"ReadAction","target":["https:\/\/lospoliticosveracruz.com\/?p=122532"]}]},{"@type":"BreadcrumbList","@id":"https:\/\/lospoliticosveracruz.com\/?p=122532#breadcrumb","itemListElement":[{"@type":"ListItem","position":1,"name":"Portada","item":"https:\/\/lospoliticosveracruz.com\/"},{"@type":"ListItem","position":2,"name":"ELEVAREMOS EL NIVEL DE HACER POL\u00cdTICA: NAHLE"}]},{"@type":"WebSite","@id":"https:\/\/lospoliticosveracruz.com\/#website","url":"https:\/\/lospoliticosveracruz.com\/","name":"Los pol\u00edticos Veracruz","description":"","publisher":{"@id":"https:\/\/lospoliticosveracruz.com\/#organization"},"potentialAction":[{"@type":"SearchAction","target":{"@type":"EntryPoint","urlTemplate":"https:\/\/lospoliticosveracruz.com\/?s={search_term_string}"},"query-input":{"@type":"PropertyValueSpecification","valueRequired":true,"valueName":"search_term_string"}}],"inLanguage":"es"},{"@type":"Organization","@id":"https:\/\/lospoliticosveracruz.com\/#organization","name":"Los pol\u00edticos Veracruz","url":"https:\/\/lospoliticosveracruz.com\/","logo":{"@type":"ImageObject","inLanguage":"es","@id":"https:\/\/lospoliticosveracruz.com\/#\/schema\/logo\/image\/","url":"https:\/\/lospoliticosveracruz.com\/wp-content\/uploads\/2025\/12\/Logo-Nuevo-LOS-POLITICOS-1.jpg","contentUrl":"https:\/\/lospoliticosveracruz.com\/wp-content\/uploads\/2025\/12\/Logo-Nuevo-LOS-POLITICOS-1.jpg","width":260,"height":70,"caption":"Los pol\u00edticos Veracruz"},"image":{"@id":"https:\/\/lospoliticosveracruz.com\/#\/schema\/logo\/image\/"},"sameAs":["https:\/\/www.facebook.com\/people\/Notimemes-de-los-Polticos\/61565672886568\/","https:\/\/x.com\/LosPoliticosVer"]},{"@type":"Person","@id":"https:\/\/lospoliticosveracruz.com\/#\/schema\/person\/b8702bb0e538456e6efd07080bf2a4a2","name":"Lo viste en Los Pol\u00edticos","image":{"@type":"ImageObject","inLanguage":"es","@id":"https:\/\/secure.gravatar.com\/avatar\/3a8de04a2656d44082be478bd6c086daa447c4651605818287b9532d3d0bd435?s=96&d=mm&r=g","url":"https:\/\/secure.gravatar.com\/avatar\/3a8de04a2656d44082be478bd6c086daa447c4651605818287b9532d3d0bd435?s=96&d=mm&r=g","contentUrl":"https:\/\/secure.gravatar.com\/avatar\/3a8de04a2656d44082be478bd6c086daa447c4651605818287b9532d3d0bd435?s=96&d=mm&r=g","caption":"Lo viste en Los Pol\u00edticos"},"url":"https:\/\/lospoliticosveracruz.com\/?author=2"}]}},"_links":{"self":[{"href":"https:\/\/lospoliticosveracruz.com\/index.php?rest_route=\/wp\/v2\/posts\/122532","targetHints":{"allow":["GET"]}}],"collection":[{"href":"https:\/\/lospoliticosveracruz.com\/index.php?rest_route=\/wp\/v2\/posts"}],"about":[{"href":"https:\/\/lospoliticosveracruz.com\/index.php?rest_route=\/wp\/v2\/types\/post"}],"author":[{"embeddable":true,"href":"https:\/\/lospoliticosveracruz.com\/index.php?rest_route=\/wp\/v2\/users\/2"}],"replies":[{"embeddable":true,"href":"https:\/\/lospoliticosveracruz.com\/index.php?rest_route=%2Fwp%2Fv2%2Fcomments&post=122532"}],"version-history":[{"count":2,"href":"https:\/\/lospoliticosveracruz.com\/index.php?rest_route=\/wp\/v2\/posts\/122532\/revisions"}],"predecessor-version":[{"id":122537,"href":"https:\/\/lospoliticosveracruz.com\/index.php?rest_route=\/wp\/v2\/posts\/122532\/revisions\/122537"}],"wp:attachment":[{"href":"https:\/\/lospoliticosveracruz.com\/index.php?rest_route=%2Fwp%2Fv2%2Fmedia&parent=122532"}],"wp:term":[{"taxonomy":"category","embeddable":true,"href":"https:\/\/lospoliticosveracruz.com\/index.php?rest_route=%2Fwp%2Fv2%2Fcategories&post=122532"},{"taxonomy":"post_tag","embeddable":true,"href":"https:\/\/lospoliticosveracruz.com\/index.php?rest_route=%2Fwp%2Fv2%2Ftags&post=122532"}],"curies":[{"name":"wp","href":"https:\/\/api.w.org\/{rel}","templated":true}]}}