{"id":122536,"date":"2024-04-18T22:49:25","date_gmt":"2024-04-19T03:49:25","guid":{"rendered":"https:\/\/lospoliticosveracruz.com.mx\/?p=122536"},"modified":"2024-04-18T22:49:38","modified_gmt":"2024-04-19T03:49:38","slug":"el-rompimiento","status":"publish","type":"post","link":"https:\/\/lospoliticosveracruz.com\/?p=122536","title":{"rendered":"EL ROMPIMIENTO"},"content":{"rendered":"\n<p><strong>Manolo Victorio<\/strong><\/p>\n\n\n\n<p><em>Carpe Diem<br><\/em><br><br>\u200b<br>Cuitl\u00e1huac Garc\u00eda Jim\u00e9nez declar\u00f3 esta semana que no se inmiscuir\u00e1 en las campa\u00f1as pol\u00edticas que se desarrollan para sucederlo, a fuerza del voto mayoritario.<br>Llama la atenci\u00f3n esta actitud, in extremis, apegada a la correcci\u00f3n pol\u00edtica en la lenta, pesada, pedregosa agon\u00eda sexenal donde el poder se escurre cada d\u00eda con m\u00e1s solvencia, como un algod\u00f3n de az\u00facar ante la gula infantil en un d\u00eda de feria.<\/p>\n\n\n<div class=\"wp-block-image\">\n<figure class=\"alignleft size-medium\"><a href=\"https:\/\/lospoliticosveracruz.com.mx\/wp-content\/uploads\/2021\/10\/WhatsApp-Image-2021-10-02-at-15.20.25.jpeg\"><img loading=\"lazy\" decoding=\"async\" width=\"212\" height=\"300\" src=\"https:\/\/lospoliticosveracruz.com.mx\/wp-content\/uploads\/2021\/10\/WhatsApp-Image-2021-10-02-at-15.20.25-212x300.jpeg\" alt=\"\" class=\"wp-image-80177\" srcset=\"https:\/\/lospoliticosveracruz.com\/wp-content\/uploads\/2021\/10\/WhatsApp-Image-2021-10-02-at-15.20.25-212x300.jpeg 212w, https:\/\/lospoliticosveracruz.com\/wp-content\/uploads\/2021\/10\/WhatsApp-Image-2021-10-02-at-15.20.25-724x1024.jpeg 724w, https:\/\/lospoliticosveracruz.com\/wp-content\/uploads\/2021\/10\/WhatsApp-Image-2021-10-02-at-15.20.25-768x1086.jpeg 768w, https:\/\/lospoliticosveracruz.com\/wp-content\/uploads\/2021\/10\/WhatsApp-Image-2021-10-02-at-15.20.25.jpeg 905w\" sizes=\"auto, (max-width: 212px) 100vw, 212px\" \/><\/a><\/figure>\n<\/div>\n\n\n<p><br>El inquilino saliente de un Palacio de Gobierno encadenado, con guardias enguayaberados que exigen hasta la cedula de la \u00faltima vacuna para traspasar un edificio p\u00fablico, donde habita temporalmente un hu\u00e9sped que en la teor\u00eda es emanaci\u00f3n del pueblo, que debiera tener acceso libre a este edificio; ha variado su postura radicalmente.<br>El lunes 5 de febrero descarg\u00f3 su furia contra la ex jueza de control Ang\u00e9lica S\u00e1nchez Hern\u00e1ndez, encarcelada unos meses bajo su gesti\u00f3n, porque el Movimiento Ciudadano la reclut\u00f3 para ser candidata al Senado en la segunda f\u00f3rmula.<br>\u201cNosotros qu\u00e9 culpa tenemos que exista un partido que recoge puro presunto delincuente, es la verdad y tengo pruebas. Les voy a decir la prueba, aqu\u00ed duro contra m\u00ed, diga por qu\u00e9, ni modos que ese juez federal que le da la raz\u00f3n a la Fiscal\u00eda General del Estado de detenerla yo haya influido en \u00e9l\u201d, dijo el martes 6 de febrero el gobernador, dirigiendo su narrativa hacia Jos\u00e9 Manuel del R\u00edo Virgen y a la propia ex togada.<br>Al paso de los d\u00edas, ambos personajes del Movimiento Ciudadano disfrutan sus derechos pol\u00edticos y realizan proselitismo, en particular Ang\u00e9lica S\u00e1nchez Hern\u00e1ndez, a quien el encargado del ejecutivo no ha podido doblar.<br>Al paso de los d\u00edas, la furia del gobernador ces\u00f3.<br>Ya no usa el pulpito de las conferencias para defender el proyecto de la Cuarta Transformaci\u00f3n, no utiliza el micr\u00f3fono para la encendida arenga que contrarreste el discurso de los adversarios, sobre todo quienes se aglutinan en el bloque Fuerza y Coraz\u00f3n por Veracruz.<br>Ha optado por el silencio diplom\u00e1tico Cuitl\u00e1huac Garc\u00eda Jim\u00e9nez.<br>\u201cLa diferencia es que no actuamos de la misma manera; yo respeto los procesos y, como mencion\u00e9, decid\u00ed no participar en los m\u00edtines de los s\u00e1bados y domingos. Ofrezco una disculpa a los miembros del Movimiento (MORENA). No podr\u00e1n acusarnos de la intervenci\u00f3n del Ejecutivo, como ellos sugirieron. Queremos que la democracia prevalezca y que cada ciudadano ejerza sus derechos con libertad\u201d, dijo este martes Cuitl\u00e1huac Garc\u00eda Jim\u00e9nez en blindaje electoral de su silencio e inacci\u00f3n.<br>Ese es el argumento esgrimido para no asistir a los m\u00edtines encabezados por Norma Roc\u00edo Nahle Garc\u00eda, candidata de la coalici\u00f3n Sigamos Haciendo Historia al gobierno de Veracruz.<br>Tampoco ha estado el gobernador en los eventos que ha encabezado en territorio veracruzano Claudia Sheinbaum.<br>No quiere empa\u00f1ar ni con el p\u00e9talo de una acusaci\u00f3n del bloque opositor, las campa\u00f1as de las abanderadas de Morena a la presidencia de la rep\u00fablica y al gobierno veracruzano.<br>As\u00ed que ver\u00e1 los pleitos, diatribas, acusaciones y la guerra de lodo, con la calma apacible de quien ve pasar la corriente de un r\u00edo, como un Her\u00e1clito veracruzano, sin meterse en broncas con nadie, sin comprometerse a nada, flotando en la nube rosa de la correcci\u00f3n pol\u00edtica.<br>Algunos columnistas ilustrados escriben sobre una posible ruptura entre el gobernador y la candidata, a quien perciben sola en una guerra de lodo donde nadie la ayuda, donde salvo las ocurrencias disparatadas del diputado Cazar\u00edn, nadie pone el pecho a las balas.<br>Quienes le juegan al Mandrake, adivinando, prospectando pactos, aquelarres, encuentros y desencuentros, sostienen que la sana distancia que ha tomado el inquilino saliente de Palacio de Gobierno, inici\u00f3 el domingo 17 de marzo, en la v\u00edspera de la visita de Claudia Sheinbaum a Minatitl\u00e1n.<br>Refieren los opin\u00f3logos un encuentro entre Nahle y Garc\u00eda en el restaurante Los Kafitos, discreto lugar donde la clase pol\u00edtica sure\u00f1a hace sus aquelarres. Ah\u00ed empez\u00f3 el principio del fin de una relaci\u00f3n de conveniencias pol\u00edticas mutuas.<br>Las ganas de ponerle el pecho a las balas por parte del morenista en jefe se aplacan con la ley electoral, que ser\u00e1 obedecida a pie juntillas por Cuitl\u00e1huac Garc\u00eda Jim\u00e9nez para no hacerle el caldo gordo en tribunales electorales a la oposici\u00f3n.<br>Bien por esa correcci\u00f3n pol\u00edtica del gobernador.<br>Lo podr\u00e1n acusar de todo, menos de delincuente electoral.<br>Calladito se ver\u00e1 m\u00e1s bonito.<br>En su defensa \u00e9tica y jur\u00eddica, dijo que en los anteriores procesos electorales fueron marcados por la intervenci\u00f3n de los titulares del Poder Ejecutivo, p\u00fablica y descaradamente, para atacar a la oposici\u00f3n, denigrarla y meterse de lleno en la competencia; nosotros hemos trabajado para fortalecer el sistema democr\u00e1tico, asegur\u00f3 el gobernador Cuitl\u00e1huac Garc\u00eda Jim\u00e9nez.<br>\u201c(..) yo me he comprometido a no intervenir ni p\u00fablicamente ni privadamente; s\u00ed tengo que aclarar situaciones, tengo mi derecho de r\u00e9plica, pero hasta ahora las cosas est\u00e1n avanzando bien y vamos a seguir atentos\u201d.<br>Quienes se regodeaban a priori por escuchar al maestro universitario lanzando acusaciones a una candidata o candidato, se quedar\u00e1n con las ganas.<br>No habr\u00e1 pleito de cabina telef\u00f3nica con los Yunes, ni con los Delgado, ni los Deschamps, ni con nadie.<br>\u2026 del mismo costal.<br>Las campa\u00f1as dieron un poco de color casi al final de la tercera semana de proselitismo.<br>Mario Delgado Carrillo, dirigente de Morena y C\u00e9sar Y\u00e1\u00f1ez, coordinador de giras de Claudia Sheinbaum estuvieron en el solar veracruzano para acuerpar a Norma Roc\u00edo Nahle Garc\u00eda.<br>En respuesta a la pregunta obligada \u2013la denuncia del empresario Aturo Castagn\u00e9 ante la FGR-, Mario Delgado dijo que detr\u00e1s del empresario citr\u00edcola est\u00e1n el ex gobernador Miguel \u00c1ngel Yunes Linares y sus hijos, Miguel y Fernando Yunes M\u00e1rquez, candidatos al Senado y a la diputaci\u00f3n local.<br>\u201cSon patadas de ahogado, porque se saben perdidos, que credibilidad pueden tener en la estrategia del PRI y el PAN, imag\u00ednense, el PRI y el PAN, los Yunes acusando de corrupci\u00f3n, o sea el burro hablando de orejas, nuestra candidata ya dio la cara, ya hace unos d\u00edas dio la cara, o hay nada m\u00e1s que decir, ellos no dan la cara, mandan a terceros, es parte de la estrategia para tratar de ensuciar, para tratar de denostar porque piensan ellos por el desprecio que le tienen al pueblo de M\u00e9xico, al pueblo de Veracruz, que lo pueden enga\u00f1ar\u201d, respondi\u00f3 sereno, el moreno.<br>Y remach\u00f3: es \u201cimpensable que una familia como los Yunes, que est\u00e1 asociada a los peores tiempos de Veracruz, cuyo apellido significa corrupci\u00f3n, pueda tener alguna posibilidad. Esto facilita para la gente la decisi\u00f3n el pr\u00f3ximo dos de junio. O seguimos con la transformaci\u00f3n o regresa el pasado corrupto y de privilegios\u201d.<br>En Veracruz nuestra ventaja es tan grande que la derecha se sabe perdida, remat\u00f3 Mario Delgado.<br>En el otro bunker, en la coalici\u00f3n Fuerza y Coraz\u00f3n por Veracruz, se dio a conocer una encuesta levantada por la encuestadora Algoritmo en los primeros quince d\u00edas de abril.<br>A la pregunta \u201c\u00bfPor cu\u00e1l candidato (a) votar\u00edas si hoy fueran las elecciones en Veracruz?\u201d 41 por ciento de las personas encuestadas respondieron que lo har\u00eda por Jos\u00e9 Francisco Yunes Zorrilla, 39 por ciento dijeron que por Roc\u00edo Nahle Garc\u00eda, 8 por ciento que Polo Deschamps y 12 por ciento que a\u00fan no saben.<br>En este reactivo, Pepe le saca dos puntos a Nahle.<br>En la segunda pregunta, \u201cIndependientemente de su preferencia \u00bfcu\u00e1l cree ser\u00e1 el pr\u00f3ximo (a) gobernador (a) del estado de Veracruz?\u201d, 40 por ciento consideran que ser\u00e1 el candidato de la coalici\u00f3n PRI, PAN y PRD, 39 por ciento que la candidata de Morena-PT-PVEM, 7 por ciento que el abanderado de MC y 14 por ciento a\u00fan no sabe.<br>Un punto porcentual en favor del perote\u00f1o.<br>Las encuestas son fotograf\u00edas del momento, parecer\u00edan ociosas si se leen en el cuartel general del enemigo, pero son herramientas que alientan la participaci\u00f3n de militantes y simpatizantes y mueven a la opini\u00f3n p\u00fablica.<br>Y eso es sano para la democracia.<br>Que nadie diga entonces que la elecci\u00f3n est\u00e1 resuelta.<br>Hay tiro.<br>columnacarpediem@gmail.com<\/p>\n","protected":false},"excerpt":{"rendered":"<p>Manolo Victorio Carpe Diem \u200bCuitl\u00e1huac Garc\u00eda Jim\u00e9nez declar\u00f3 esta semana que no se inmiscuir\u00e1 en las campa\u00f1as pol\u00edticas que se desarrollan para sucederlo, a fuerza del voto mayoritario.Llama la atenci\u00f3n esta actitud, in extremis, apegada a la correcci\u00f3n pol\u00edtica en la lenta, pesada, pedregosa agon\u00eda sexenal donde el poder se escurre cada d\u00eda con m\u00e1s [&hellip;]<\/p>\n","protected":false},"author":2,"featured_media":119925,"comment_status":"closed","ping_status":"closed","sticky":false,"template":"","format":"standard","meta":{"tdm_status":"","tdm_grid_status":"","footnotes":""},"categories":[70],"tags":[1563,1026,195],"class_list":{"0":"post-122536","1":"post","2":"type-post","3":"status-publish","4":"format-standard","5":"has-post-thumbnail","7":"category-de-opinion","8":"tag-cuitlahuac-garcia-jimenez","9":"tag-morena","10":"tag-veracruz"},"yoast_head":"<!-- This site is optimized with the Yoast SEO plugin v27.4 - https:\/\/yoast.com\/product\/yoast-seo-wordpress\/ -->\n<title>EL ROMPIMIENTO - Los pol\u00edticos Veracruz<\/title>\n<meta name=\"robots\" content=\"index, follow, max-snippet:-1, max-image-preview:large, max-video-preview:-1\" \/>\n<link rel=\"canonical\" href=\"https:\/\/lospoliticosveracruz.com\/?p=122536\" \/>\n<meta property=\"og:locale\" content=\"es_ES\" \/>\n<meta property=\"og:type\" content=\"article\" \/>\n<meta property=\"og:title\" content=\"EL ROMPIMIENTO - Los pol\u00edticos Veracruz\" \/>\n<meta property=\"og:description\" content=\"Manolo Victorio Carpe Diem \u200bCuitl\u00e1huac Garc\u00eda Jim\u00e9nez declar\u00f3 esta semana que no se inmiscuir\u00e1 en las campa\u00f1as pol\u00edticas que se desarrollan para sucederlo, a fuerza del voto mayoritario.Llama la atenci\u00f3n esta actitud, in extremis, apegada a la correcci\u00f3n pol\u00edtica en la lenta, pesada, pedregosa agon\u00eda sexenal donde el poder se escurre cada d\u00eda con m\u00e1s [&hellip;]\" \/>\n<meta property=\"og:url\" content=\"https:\/\/lospoliticosveracruz.com\/?p=122536\" \/>\n<meta property=\"og:site_name\" content=\"Los pol\u00edticos Veracruz\" \/>\n<meta property=\"article:publisher\" content=\"https:\/\/www.facebook.com\/people\/Notimemes-de-los-Polticos\/61565672886568\/\" \/>\n<meta property=\"article:published_time\" content=\"2024-04-19T03:49:25+00:00\" \/>\n<meta property=\"article:modified_time\" content=\"2024-04-19T03:49:38+00:00\" \/>\n<meta property=\"og:image\" content=\"https:\/\/lospoliticosveracruz.com\/wp-content\/uploads\/2024\/03\/Manolo-Victorio.jpg\" \/>\n\t<meta property=\"og:image:width\" content=\"1250\" \/>\n\t<meta property=\"og:image:height\" content=\"667\" \/>\n\t<meta property=\"og:image:type\" content=\"image\/jpeg\" \/>\n<meta name=\"author\" content=\"Lo viste en Los Pol\u00edticos\" \/>\n<meta name=\"twitter:card\" content=\"summary_large_image\" \/>\n<meta name=\"twitter:creator\" content=\"@LosPoliticosVer\" \/>\n<meta name=\"twitter:site\" content=\"@LosPoliticosVer\" \/>\n<meta name=\"twitter:label1\" content=\"Escrito por\" \/>\n\t<meta name=\"twitter:data1\" content=\"Lo viste en Los Pol\u00edticos\" \/>\n\t<meta name=\"twitter:label2\" content=\"Tiempo de lectura\" \/>\n\t<meta name=\"twitter:data2\" content=\"7 minutos\" \/>\n<script type=\"application\/ld+json\" class=\"yoast-schema-graph\">{\"@context\":\"https:\\\/\\\/schema.org\",\"@graph\":[{\"@type\":\"Article\",\"@id\":\"https:\\\/\\\/lospoliticosveracruz.com\\\/?p=122536#article\",\"isPartOf\":{\"@id\":\"https:\\\/\\\/lospoliticosveracruz.com\\\/?p=122536\"},\"author\":{\"name\":\"Lo viste en Los Pol\u00edticos\",\"@id\":\"https:\\\/\\\/lospoliticosveracruz.com\\\/#\\\/schema\\\/person\\\/b8702bb0e538456e6efd07080bf2a4a2\"},\"headline\":\"EL ROMPIMIENTO\",\"datePublished\":\"2024-04-19T03:49:25+00:00\",\"dateModified\":\"2024-04-19T03:49:38+00:00\",\"mainEntityOfPage\":{\"@id\":\"https:\\\/\\\/lospoliticosveracruz.com\\\/?p=122536\"},\"wordCount\":1448,\"publisher\":{\"@id\":\"https:\\\/\\\/lospoliticosveracruz.com\\\/#organization\"},\"image\":{\"@id\":\"https:\\\/\\\/lospoliticosveracruz.com\\\/?p=122536#primaryimage\"},\"thumbnailUrl\":\"https:\\\/\\\/lospoliticosveracruz.com\\\/wp-content\\\/uploads\\\/2024\\\/03\\\/Manolo-Victorio.jpg\",\"keywords\":[\"Cuitl\u00e1huac Garc\u00eda Jim\u00e9nez\",\"Morena\",\"Veracruz\"],\"articleSection\":[\"De Opini\u00f3n\"],\"inLanguage\":\"es\"},{\"@type\":\"WebPage\",\"@id\":\"https:\\\/\\\/lospoliticosveracruz.com\\\/?p=122536\",\"url\":\"https:\\\/\\\/lospoliticosveracruz.com\\\/?p=122536\",\"name\":\"EL ROMPIMIENTO - Los pol\u00edticos Veracruz\",\"isPartOf\":{\"@id\":\"https:\\\/\\\/lospoliticosveracruz.com\\\/#website\"},\"primaryImageOfPage\":{\"@id\":\"https:\\\/\\\/lospoliticosveracruz.com\\\/?p=122536#primaryimage\"},\"image\":{\"@id\":\"https:\\\/\\\/lospoliticosveracruz.com\\\/?p=122536#primaryimage\"},\"thumbnailUrl\":\"https:\\\/\\\/lospoliticosveracruz.com\\\/wp-content\\\/uploads\\\/2024\\\/03\\\/Manolo-Victorio.jpg\",\"datePublished\":\"2024-04-19T03:49:25+00:00\",\"dateModified\":\"2024-04-19T03:49:38+00:00\",\"breadcrumb\":{\"@id\":\"https:\\\/\\\/lospoliticosveracruz.com\\\/?p=122536#breadcrumb\"},\"inLanguage\":\"es\",\"potentialAction\":[{\"@type\":\"ReadAction\",\"target\":[\"https:\\\/\\\/lospoliticosveracruz.com\\\/?p=122536\"]}]},{\"@type\":\"ImageObject\",\"inLanguage\":\"es\",\"@id\":\"https:\\\/\\\/lospoliticosveracruz.com\\\/?p=122536#primaryimage\",\"url\":\"https:\\\/\\\/lospoliticosveracruz.com\\\/wp-content\\\/uploads\\\/2024\\\/03\\\/Manolo-Victorio.jpg\",\"contentUrl\":\"https:\\\/\\\/lospoliticosveracruz.com\\\/wp-content\\\/uploads\\\/2024\\\/03\\\/Manolo-Victorio.jpg\",\"width\":1250,\"height\":667},{\"@type\":\"BreadcrumbList\",\"@id\":\"https:\\\/\\\/lospoliticosveracruz.com\\\/?p=122536#breadcrumb\",\"itemListElement\":[{\"@type\":\"ListItem\",\"position\":1,\"name\":\"Portada\",\"item\":\"https:\\\/\\\/lospoliticosveracruz.com\\\/\"},{\"@type\":\"ListItem\",\"position\":2,\"name\":\"EL ROMPIMIENTO\"}]},{\"@type\":\"WebSite\",\"@id\":\"https:\\\/\\\/lospoliticosveracruz.com\\\/#website\",\"url\":\"https:\\\/\\\/lospoliticosveracruz.com\\\/\",\"name\":\"Los pol\u00edticos Veracruz\",\"description\":\"\",\"publisher\":{\"@id\":\"https:\\\/\\\/lospoliticosveracruz.com\\\/#organization\"},\"potentialAction\":[{\"@type\":\"SearchAction\",\"target\":{\"@type\":\"EntryPoint\",\"urlTemplate\":\"https:\\\/\\\/lospoliticosveracruz.com\\\/?s={search_term_string}\"},\"query-input\":{\"@type\":\"PropertyValueSpecification\",\"valueRequired\":true,\"valueName\":\"search_term_string\"}}],\"inLanguage\":\"es\"},{\"@type\":\"Organization\",\"@id\":\"https:\\\/\\\/lospoliticosveracruz.com\\\/#organization\",\"name\":\"Los pol\u00edticos Veracruz\",\"url\":\"https:\\\/\\\/lospoliticosveracruz.com\\\/\",\"logo\":{\"@type\":\"ImageObject\",\"inLanguage\":\"es\",\"@id\":\"https:\\\/\\\/lospoliticosveracruz.com\\\/#\\\/schema\\\/logo\\\/image\\\/\",\"url\":\"https:\\\/\\\/lospoliticosveracruz.com\\\/wp-content\\\/uploads\\\/2025\\\/12\\\/Logo-Nuevo-LOS-POLITICOS-1.jpg\",\"contentUrl\":\"https:\\\/\\\/lospoliticosveracruz.com\\\/wp-content\\\/uploads\\\/2025\\\/12\\\/Logo-Nuevo-LOS-POLITICOS-1.jpg\",\"width\":260,\"height\":70,\"caption\":\"Los pol\u00edticos Veracruz\"},\"image\":{\"@id\":\"https:\\\/\\\/lospoliticosveracruz.com\\\/#\\\/schema\\\/logo\\\/image\\\/\"},\"sameAs\":[\"https:\\\/\\\/www.facebook.com\\\/people\\\/Notimemes-de-los-Polticos\\\/61565672886568\\\/\",\"https:\\\/\\\/x.com\\\/LosPoliticosVer\"]},{\"@type\":\"Person\",\"@id\":\"https:\\\/\\\/lospoliticosveracruz.com\\\/#\\\/schema\\\/person\\\/b8702bb0e538456e6efd07080bf2a4a2\",\"name\":\"Lo viste en Los Pol\u00edticos\",\"image\":{\"@type\":\"ImageObject\",\"inLanguage\":\"es\",\"@id\":\"https:\\\/\\\/secure.gravatar.com\\\/avatar\\\/3a8de04a2656d44082be478bd6c086daa447c4651605818287b9532d3d0bd435?s=96&d=mm&r=g\",\"url\":\"https:\\\/\\\/secure.gravatar.com\\\/avatar\\\/3a8de04a2656d44082be478bd6c086daa447c4651605818287b9532d3d0bd435?s=96&d=mm&r=g\",\"contentUrl\":\"https:\\\/\\\/secure.gravatar.com\\\/avatar\\\/3a8de04a2656d44082be478bd6c086daa447c4651605818287b9532d3d0bd435?s=96&d=mm&r=g\",\"caption\":\"Lo viste en Los Pol\u00edticos\"},\"url\":\"https:\\\/\\\/lospoliticosveracruz.com\\\/?author=2\"}]}<\/script>\n<!-- \/ Yoast SEO plugin. -->","yoast_head_json":{"title":"EL ROMPIMIENTO - Los pol\u00edticos Veracruz","robots":{"index":"index","follow":"follow","max-snippet":"max-snippet:-1","max-image-preview":"max-image-preview:large","max-video-preview":"max-video-preview:-1"},"canonical":"https:\/\/lospoliticosveracruz.com\/?p=122536","og_locale":"es_ES","og_type":"article","og_title":"EL ROMPIMIENTO - Los pol\u00edticos Veracruz","og_description":"Manolo Victorio Carpe Diem \u200bCuitl\u00e1huac Garc\u00eda Jim\u00e9nez declar\u00f3 esta semana que no se inmiscuir\u00e1 en las campa\u00f1as pol\u00edticas que se desarrollan para sucederlo, a fuerza del voto mayoritario.Llama la atenci\u00f3n esta actitud, in extremis, apegada a la correcci\u00f3n pol\u00edtica en la lenta, pesada, pedregosa agon\u00eda sexenal donde el poder se escurre cada d\u00eda con m\u00e1s [&hellip;]","og_url":"https:\/\/lospoliticosveracruz.com\/?p=122536","og_site_name":"Los pol\u00edticos Veracruz","article_publisher":"https:\/\/www.facebook.com\/people\/Notimemes-de-los-Polticos\/61565672886568\/","article_published_time":"2024-04-19T03:49:25+00:00","article_modified_time":"2024-04-19T03:49:38+00:00","og_image":[{"width":1250,"height":667,"url":"https:\/\/lospoliticosveracruz.com\/wp-content\/uploads\/2024\/03\/Manolo-Victorio.jpg","type":"image\/jpeg"}],"author":"Lo viste en Los Pol\u00edticos","twitter_card":"summary_large_image","twitter_creator":"@LosPoliticosVer","twitter_site":"@LosPoliticosVer","twitter_misc":{"Escrito por":"Lo viste en Los Pol\u00edticos","Tiempo de lectura":"7 minutos"},"schema":{"@context":"https:\/\/schema.org","@graph":[{"@type":"Article","@id":"https:\/\/lospoliticosveracruz.com\/?p=122536#article","isPartOf":{"@id":"https:\/\/lospoliticosveracruz.com\/?p=122536"},"author":{"name":"Lo viste en Los Pol\u00edticos","@id":"https:\/\/lospoliticosveracruz.com\/#\/schema\/person\/b8702bb0e538456e6efd07080bf2a4a2"},"headline":"EL ROMPIMIENTO","datePublished":"2024-04-19T03:49:25+00:00","dateModified":"2024-04-19T03:49:38+00:00","mainEntityOfPage":{"@id":"https:\/\/lospoliticosveracruz.com\/?p=122536"},"wordCount":1448,"publisher":{"@id":"https:\/\/lospoliticosveracruz.com\/#organization"},"image":{"@id":"https:\/\/lospoliticosveracruz.com\/?p=122536#primaryimage"},"thumbnailUrl":"https:\/\/lospoliticosveracruz.com\/wp-content\/uploads\/2024\/03\/Manolo-Victorio.jpg","keywords":["Cuitl\u00e1huac Garc\u00eda Jim\u00e9nez","Morena","Veracruz"],"articleSection":["De Opini\u00f3n"],"inLanguage":"es"},{"@type":"WebPage","@id":"https:\/\/lospoliticosveracruz.com\/?p=122536","url":"https:\/\/lospoliticosveracruz.com\/?p=122536","name":"EL ROMPIMIENTO - Los pol\u00edticos Veracruz","isPartOf":{"@id":"https:\/\/lospoliticosveracruz.com\/#website"},"primaryImageOfPage":{"@id":"https:\/\/lospoliticosveracruz.com\/?p=122536#primaryimage"},"image":{"@id":"https:\/\/lospoliticosveracruz.com\/?p=122536#primaryimage"},"thumbnailUrl":"https:\/\/lospoliticosveracruz.com\/wp-content\/uploads\/2024\/03\/Manolo-Victorio.jpg","datePublished":"2024-04-19T03:49:25+00:00","dateModified":"2024-04-19T03:49:38+00:00","breadcrumb":{"@id":"https:\/\/lospoliticosveracruz.com\/?p=122536#breadcrumb"},"inLanguage":"es","potentialAction":[{"@type":"ReadAction","target":["https:\/\/lospoliticosveracruz.com\/?p=122536"]}]},{"@type":"ImageObject","inLanguage":"es","@id":"https:\/\/lospoliticosveracruz.com\/?p=122536#primaryimage","url":"https:\/\/lospoliticosveracruz.com\/wp-content\/uploads\/2024\/03\/Manolo-Victorio.jpg","contentUrl":"https:\/\/lospoliticosveracruz.com\/wp-content\/uploads\/2024\/03\/Manolo-Victorio.jpg","width":1250,"height":667},{"@type":"BreadcrumbList","@id":"https:\/\/lospoliticosveracruz.com\/?p=122536#breadcrumb","itemListElement":[{"@type":"ListItem","position":1,"name":"Portada","item":"https:\/\/lospoliticosveracruz.com\/"},{"@type":"ListItem","position":2,"name":"EL ROMPIMIENTO"}]},{"@type":"WebSite","@id":"https:\/\/lospoliticosveracruz.com\/#website","url":"https:\/\/lospoliticosveracruz.com\/","name":"Los pol\u00edticos Veracruz","description":"","publisher":{"@id":"https:\/\/lospoliticosveracruz.com\/#organization"},"potentialAction":[{"@type":"SearchAction","target":{"@type":"EntryPoint","urlTemplate":"https:\/\/lospoliticosveracruz.com\/?s={search_term_string}"},"query-input":{"@type":"PropertyValueSpecification","valueRequired":true,"valueName":"search_term_string"}}],"inLanguage":"es"},{"@type":"Organization","@id":"https:\/\/lospoliticosveracruz.com\/#organization","name":"Los pol\u00edticos Veracruz","url":"https:\/\/lospoliticosveracruz.com\/","logo":{"@type":"ImageObject","inLanguage":"es","@id":"https:\/\/lospoliticosveracruz.com\/#\/schema\/logo\/image\/","url":"https:\/\/lospoliticosveracruz.com\/wp-content\/uploads\/2025\/12\/Logo-Nuevo-LOS-POLITICOS-1.jpg","contentUrl":"https:\/\/lospoliticosveracruz.com\/wp-content\/uploads\/2025\/12\/Logo-Nuevo-LOS-POLITICOS-1.jpg","width":260,"height":70,"caption":"Los pol\u00edticos Veracruz"},"image":{"@id":"https:\/\/lospoliticosveracruz.com\/#\/schema\/logo\/image\/"},"sameAs":["https:\/\/www.facebook.com\/people\/Notimemes-de-los-Polticos\/61565672886568\/","https:\/\/x.com\/LosPoliticosVer"]},{"@type":"Person","@id":"https:\/\/lospoliticosveracruz.com\/#\/schema\/person\/b8702bb0e538456e6efd07080bf2a4a2","name":"Lo viste en Los Pol\u00edticos","image":{"@type":"ImageObject","inLanguage":"es","@id":"https:\/\/secure.gravatar.com\/avatar\/3a8de04a2656d44082be478bd6c086daa447c4651605818287b9532d3d0bd435?s=96&d=mm&r=g","url":"https:\/\/secure.gravatar.com\/avatar\/3a8de04a2656d44082be478bd6c086daa447c4651605818287b9532d3d0bd435?s=96&d=mm&r=g","contentUrl":"https:\/\/secure.gravatar.com\/avatar\/3a8de04a2656d44082be478bd6c086daa447c4651605818287b9532d3d0bd435?s=96&d=mm&r=g","caption":"Lo viste en Los Pol\u00edticos"},"url":"https:\/\/lospoliticosveracruz.com\/?author=2"}]}},"_links":{"self":[{"href":"https:\/\/lospoliticosveracruz.com\/index.php?rest_route=\/wp\/v2\/posts\/122536","targetHints":{"allow":["GET"]}}],"collection":[{"href":"https:\/\/lospoliticosveracruz.com\/index.php?rest_route=\/wp\/v2\/posts"}],"about":[{"href":"https:\/\/lospoliticosveracruz.com\/index.php?rest_route=\/wp\/v2\/types\/post"}],"author":[{"embeddable":true,"href":"https:\/\/lospoliticosveracruz.com\/index.php?rest_route=\/wp\/v2\/users\/2"}],"replies":[{"embeddable":true,"href":"https:\/\/lospoliticosveracruz.com\/index.php?rest_route=%2Fwp%2Fv2%2Fcomments&post=122536"}],"version-history":[{"count":1,"href":"https:\/\/lospoliticosveracruz.com\/index.php?rest_route=\/wp\/v2\/posts\/122536\/revisions"}],"predecessor-version":[{"id":122539,"href":"https:\/\/lospoliticosveracruz.com\/index.php?rest_route=\/wp\/v2\/posts\/122536\/revisions\/122539"}],"wp:featuredmedia":[{"embeddable":true,"href":"https:\/\/lospoliticosveracruz.com\/index.php?rest_route=\/wp\/v2\/media\/119925"}],"wp:attachment":[{"href":"https:\/\/lospoliticosveracruz.com\/index.php?rest_route=%2Fwp%2Fv2%2Fmedia&parent=122536"}],"wp:term":[{"taxonomy":"category","embeddable":true,"href":"https:\/\/lospoliticosveracruz.com\/index.php?rest_route=%2Fwp%2Fv2%2Fcategories&post=122536"},{"taxonomy":"post_tag","embeddable":true,"href":"https:\/\/lospoliticosveracruz.com\/index.php?rest_route=%2Fwp%2Fv2%2Ftags&post=122536"}],"curies":[{"name":"wp","href":"https:\/\/api.w.org\/{rel}","templated":true}]}}