{"id":122568,"date":"2024-04-19T10:50:19","date_gmt":"2024-04-19T15:50:19","guid":{"rendered":"https:\/\/lospoliticosveracruz.com.mx\/?p=122568"},"modified":"2024-04-19T12:49:49","modified_gmt":"2024-04-19T17:49:49","slug":"adriana-rojano-pazzi-y-xalapa","status":"publish","type":"post","link":"https:\/\/lospoliticosveracruz.com\/?p=122568","title":{"rendered":"ADRIANA ROJANO PAZZI Y XALAPA"},"content":{"rendered":"\n<p><\/p>\n\n\n\n<p><strong>Miguel Valera<br><\/strong><em>Contrase\u00f1as<\/em><\/p>\n\n\n\n<p>El domingo 2 de junio los veracruzanos elegiremos a 50 diputados locales \u201430 por mayor\u00eda relativa y 20 por la representaci\u00f3n proporcional\u2014 quienes integrar\u00e1n la LXVII Legislatura del Estado de Veracruz. Son 284 f\u00f3rmulas las que aprob\u00f3 el Organismo Local Electoral (OPLE), el ente p\u00fablico, que, dicho sea de paso, est\u00e1 haciendo un gran trabajo en la organizaci\u00f3n de estos comicios hist\u00f3ricos.<\/p>\n\n\n<div class=\"wp-block-image\">\n<figure class=\"alignleft size-thumbnail\"><a href=\"https:\/\/lospoliticosveracruz.com.mx\/wp-content\/uploads\/2023\/02\/Vinissimo.jpg\"><img decoding=\"async\" src=\"https:\/\/lospoliticosveracruz.com.mx\/wp-content\/uploads\/2023\/02\/Vinissimo-150x150.jpg\" alt=\"\" class=\"wp-image-102752\"\/><\/a><\/figure>\n<\/div>\n\n\n<p>Compiten candidatas y candidatos de las coaliciones Sigamos Haciendo Historia en Veracruz (Morena, PT y PVEM), Fuerza y Coraz\u00f3n por Veracruz (PAN, PRI y PRD), Fuerza por M\u00e9xico Veracruz y Movimiento Ciudadano, y algunas que presentaron los partidos de forma unitaria.<\/p>\n\n\n\n<p>En el Distrito XI de Xalapa II, Sigamos Haciendo Historia lleva como candidata a la ex titular de la Secretar\u00eda del Trabajo, Dorheny Garc\u00eda Cayetano; Fuerza y Coraz\u00f3n por Veracruz abandera a la abogada y Maestra en Ciencias Pol\u00edticas y Administraci\u00f3n P\u00fablica, Adriana Rojano Pazzi; el candidato de Movimiento Ciudadano es Agust\u00edn Arcos Gamboa y de Fuerza por M\u00e9xico Veracruz, Rafael P\u00e9rez S\u00e1nchez (A) \u201cZapatitos\u201d, ex regidor morenista.<\/p>\n\n\n\n<p>He tenido oportunidad de conversar con Adriana Rojano Pazzi y me ha llamado la atenci\u00f3n su experiencia, su carisma, su vocaci\u00f3n de servicio y su don de gentes. Nacida en Xalapa \u2014su infancia la pas\u00f3 en el fraccionamiento Coapexpan\u2014, la abogada egresada de la Universidad An\u00e1huac en esta capital, es hija de la maestra Zita Pazzi Meza, una mujer con una larga carrera en la administraci\u00f3n p\u00fablica. Fue directora del Sistema para el Desarrollo Integral de la Familia (DIF) en Veracruz; alcaldesa de P\u00e1nuco y diputada federal del PRI en la LXII Legislatura.<\/p>\n\n\n\n<p>\u201cLa asistencia social siempre la he visto en casa\u201d, dice la mujer que se ha desempe\u00f1ado recientemente como secretaria de Gesti\u00f3n Social del CDE del PRI. Trabaj\u00f3 en esta \u00e1rea tambi\u00e9n desde el DIF Xalapa en la \u00e9poca de Am\u00e9rico Z\u00fa\u00f1iga Mart\u00ednez, siendo director Adolfo Toss Capistr\u00e1n. No es improvisada. No apareci\u00f3 de ning\u00fan lado. \u201cMe conoce la sociedad civil\u201d, comenta.<\/p>\n\n\n\n<p>\u201cSiempre he visto la manera de apoyar a las personas. He recorrido todo el estado. Siempre he hecho gesti\u00f3n\u201d, indica la mujer que a partir del d\u00eda 30 de abril arrancar\u00e1 campa\u00f1a en busca de ser la representante popular de un distrito que tiene 130 colonias y 157 seccionales. Adem\u00e1s de la zona urbana, colonias populosas como el FOVISSSTE, Diamante, Colosio o la Revoluci\u00f3n, que se ha convertido en pr\u00e1cticamente otra ciudad y que, como toda la ciudad, enfrenta graves problemas de agua.<\/p>\n\n\n\n<p>\u201cHar\u00e9 una campa\u00f1a respetuosa, de propuestas. Tenemos en Pepe Yunes un excelente candidato a la gubernatura\u201d, indica, al referir las virtudes de quien abandera a la coalici\u00f3n Fuerza y Coraz\u00f3n por Veracruz. Entre sus propuestas, acota, va el rescate del sector salud, abandonado por la administraci\u00f3n federal morenista.<\/p>\n\n\n\n<p>\u201cEl sector salud est\u00e1 en el abandonado; hay desabasto de medicamentos y la atenci\u00f3n m\u00e9dica est\u00e1 saturada; los m\u00e9dicos quisieran atender a todos, ellos por vocaci\u00f3n desean curar, prescribir el medicamento, pero los hospitales est\u00e1n saturados; a la oficina nos llegan las personas enfermas a pedirnos el medicamento que no le dieron en la cl\u00ednica de salud\u201d, refiere.<\/p>\n\n\n\n<p>\u201cVoy a dar la batalla; voy a poner todo de mi parte\u201d, dice, al comentar que el consejo de su madre, la maestra Zita Pazzi Maza, fue: \u201ct\u00fa puedes, s\u00e9 t\u00fa\u201d. \u201cMe dio su bendici\u00f3n y se fue\u201d, asienta, al recordar una d\u00e9cima que refiere el origen de su madre y de su t\u00edo, el famoso Ra\u00fal Pazzi Sequera: \u201cXalapa para las flores, Veracruz para el danz\u00f3n, Tuxpan es puerto de amores, pero para zapatear un son, s\u00f3lo en P\u00e1nuco se\u00f1ores\u201d.<\/p>\n\n\n\n<p>Adriana Rojano Pazzi va con todo en la b\u00fasqueda de una curul local para presentara a la capital veracruzana. Tiene formaci\u00f3n, tiene trayectoria, tiene don de gentes. Tendr\u00e1 que trabajar duro durante las cuatro semanas de campa\u00f1a que corresponden para ganar el voto de los capitalinos.<\/p>\n\n\n\n<p><strong>DENUNCIA MANUEL HUERTA ROBO DE PROPAGANDA<\/strong><\/p>\n\n\n\n<p>En otro tema, este viernes, el candidato morenista al Senado de la Rep\u00fablica, Manuel Huerta Ladr\u00f3n de Guevara denunci\u00f3 robo de propaganda ante la Fiscal\u00eda General del Estado de Veracruz. El hecho delictivo, indic\u00f3, ocurri\u00f3 el pasado 11 de abril en la colonia Reserva Tarimoya del puerto jarocho. Por ello se inici\u00f3 ante la Unidad de Atenci\u00f3n Temprana del XI Distrito Judicial, la carpeta de investigaci\u00f3n 434\/2024 por el delito de robo.<\/p>\n\n\n\n<p>Huerta record\u00f3 que el pasado 11 de los corrientes, c\u00e1maras de video vigilancia de 2 domicilios captaron el momento en que sujetos que se desplazaban en una motocicleta arrancaron y se llevaron la propaganda electoral que se encontraban colocadas en la fachada de las viviendas, hecho que adjudic\u00f3 a los partidos de oposici\u00f3n, PAN, PRI, PRD, quienes acostumbran incurrir en estas pr\u00e1cticas desleales al saber que el pueblo ya no los apoya.<\/p>\n\n\n\n<p>\u00a1Juego limpio piden los veracruzanos!<\/p>\n\n\n\n<p>@MValeraH<\/p>\n","protected":false},"excerpt":{"rendered":"<p>Miguel ValeraContrase\u00f1as El domingo 2 de junio los veracruzanos elegiremos a 50 diputados locales \u201430 por mayor\u00eda relativa y 20 por la representaci\u00f3n proporcional\u2014 quienes integrar\u00e1n la LXVII Legislatura del Estado de Veracruz. Son 284 f\u00f3rmulas las que aprob\u00f3 el Organismo Local Electoral (OPLE), el ente p\u00fablico, que, dicho sea de paso, est\u00e1 haciendo un [&hellip;]<\/p>\n","protected":false},"author":2,"featured_media":119815,"comment_status":"closed","ping_status":"closed","sticky":false,"template":"","format":"standard","meta":{"tdm_status":"","tdm_grid_status":"","footnotes":""},"categories":[70],"tags":[539,1850,9776,2327,3272,1315],"class_list":{"0":"post-122568","1":"post","2":"type-post","3":"status-publish","4":"format-standard","5":"has-post-thumbnail","7":"category-de-opinion","8":"tag-americo-zuniga-martinez","9":"tag-manuel-huerta-ladron-de-guevara","10":"tag-miguel-valera","11":"tag-movimiento-ciudadano","12":"tag-ople","13":"tag-senado-de-la-republica"},"yoast_head":"<!-- This site is optimized with the Yoast SEO plugin v27.4 - https:\/\/yoast.com\/product\/yoast-seo-wordpress\/ -->\n<title>ADRIANA ROJANO PAZZI Y XALAPA - Los pol\u00edticos Veracruz<\/title>\n<meta name=\"robots\" content=\"index, follow, max-snippet:-1, max-image-preview:large, max-video-preview:-1\" \/>\n<link rel=\"canonical\" href=\"https:\/\/lospoliticosveracruz.com\/?p=122568\" \/>\n<meta property=\"og:locale\" content=\"es_ES\" \/>\n<meta property=\"og:type\" content=\"article\" \/>\n<meta property=\"og:title\" content=\"ADRIANA ROJANO PAZZI Y XALAPA - Los pol\u00edticos Veracruz\" \/>\n<meta property=\"og:description\" content=\"Miguel ValeraContrase\u00f1as El domingo 2 de junio los veracruzanos elegiremos a 50 diputados locales \u201430 por mayor\u00eda relativa y 20 por la representaci\u00f3n proporcional\u2014 quienes integrar\u00e1n la LXVII Legislatura del Estado de Veracruz. Son 284 f\u00f3rmulas las que aprob\u00f3 el Organismo Local Electoral (OPLE), el ente p\u00fablico, que, dicho sea de paso, est\u00e1 haciendo un [&hellip;]\" \/>\n<meta property=\"og:url\" content=\"https:\/\/lospoliticosveracruz.com\/?p=122568\" \/>\n<meta property=\"og:site_name\" content=\"Los pol\u00edticos Veracruz\" \/>\n<meta property=\"article:publisher\" content=\"https:\/\/www.facebook.com\/people\/Notimemes-de-los-Polticos\/61565672886568\/\" \/>\n<meta property=\"article:published_time\" content=\"2024-04-19T15:50:19+00:00\" \/>\n<meta property=\"article:modified_time\" content=\"2024-04-19T17:49:49+00:00\" \/>\n<meta property=\"og:image\" content=\"https:\/\/lospoliticosveracruz.com\/wp-content\/uploads\/2024\/03\/Miguel-Valera.jpg\" \/>\n\t<meta property=\"og:image:width\" content=\"1250\" \/>\n\t<meta property=\"og:image:height\" content=\"667\" \/>\n\t<meta property=\"og:image:type\" content=\"image\/jpeg\" \/>\n<meta name=\"author\" content=\"Lo viste en Los Pol\u00edticos\" \/>\n<meta name=\"twitter:card\" content=\"summary_large_image\" \/>\n<meta name=\"twitter:creator\" content=\"@LosPoliticosVer\" \/>\n<meta name=\"twitter:site\" content=\"@LosPoliticosVer\" \/>\n<meta name=\"twitter:label1\" content=\"Escrito por\" \/>\n\t<meta name=\"twitter:data1\" content=\"Lo viste en Los Pol\u00edticos\" \/>\n\t<meta name=\"twitter:label2\" content=\"Tiempo de lectura\" \/>\n\t<meta name=\"twitter:data2\" content=\"4 minutos\" \/>\n<script type=\"application\/ld+json\" class=\"yoast-schema-graph\">{\"@context\":\"https:\\\/\\\/schema.org\",\"@graph\":[{\"@type\":\"Article\",\"@id\":\"https:\\\/\\\/lospoliticosveracruz.com\\\/?p=122568#article\",\"isPartOf\":{\"@id\":\"https:\\\/\\\/lospoliticosveracruz.com\\\/?p=122568\"},\"author\":{\"name\":\"Lo viste en Los Pol\u00edticos\",\"@id\":\"https:\\\/\\\/lospoliticosveracruz.com\\\/#\\\/schema\\\/person\\\/b8702bb0e538456e6efd07080bf2a4a2\"},\"headline\":\"ADRIANA ROJANO PAZZI Y XALAPA\",\"datePublished\":\"2024-04-19T15:50:19+00:00\",\"dateModified\":\"2024-04-19T17:49:49+00:00\",\"mainEntityOfPage\":{\"@id\":\"https:\\\/\\\/lospoliticosveracruz.com\\\/?p=122568\"},\"wordCount\":862,\"publisher\":{\"@id\":\"https:\\\/\\\/lospoliticosveracruz.com\\\/#organization\"},\"image\":{\"@id\":\"https:\\\/\\\/lospoliticosveracruz.com\\\/?p=122568#primaryimage\"},\"thumbnailUrl\":\"https:\\\/\\\/lospoliticosveracruz.com\\\/wp-content\\\/uploads\\\/2024\\\/03\\\/Miguel-Valera.jpg\",\"keywords\":[\"Am\u00e9rico Z\u00fa\u00f1iga Mart\u00ednez\",\"Manuel Huerta Ladr\u00f3n de Guevara\",\"Miguel Valera\",\"Movimiento Ciudadano\",\"OPLE\",\"Senado de la Rep\u00fablica\"],\"articleSection\":[\"De Opini\u00f3n\"],\"inLanguage\":\"es\"},{\"@type\":\"WebPage\",\"@id\":\"https:\\\/\\\/lospoliticosveracruz.com\\\/?p=122568\",\"url\":\"https:\\\/\\\/lospoliticosveracruz.com\\\/?p=122568\",\"name\":\"ADRIANA ROJANO PAZZI Y XALAPA - Los pol\u00edticos Veracruz\",\"isPartOf\":{\"@id\":\"https:\\\/\\\/lospoliticosveracruz.com\\\/#website\"},\"primaryImageOfPage\":{\"@id\":\"https:\\\/\\\/lospoliticosveracruz.com\\\/?p=122568#primaryimage\"},\"image\":{\"@id\":\"https:\\\/\\\/lospoliticosveracruz.com\\\/?p=122568#primaryimage\"},\"thumbnailUrl\":\"https:\\\/\\\/lospoliticosveracruz.com\\\/wp-content\\\/uploads\\\/2024\\\/03\\\/Miguel-Valera.jpg\",\"datePublished\":\"2024-04-19T15:50:19+00:00\",\"dateModified\":\"2024-04-19T17:49:49+00:00\",\"breadcrumb\":{\"@id\":\"https:\\\/\\\/lospoliticosveracruz.com\\\/?p=122568#breadcrumb\"},\"inLanguage\":\"es\",\"potentialAction\":[{\"@type\":\"ReadAction\",\"target\":[\"https:\\\/\\\/lospoliticosveracruz.com\\\/?p=122568\"]}]},{\"@type\":\"ImageObject\",\"inLanguage\":\"es\",\"@id\":\"https:\\\/\\\/lospoliticosveracruz.com\\\/?p=122568#primaryimage\",\"url\":\"https:\\\/\\\/lospoliticosveracruz.com\\\/wp-content\\\/uploads\\\/2024\\\/03\\\/Miguel-Valera.jpg\",\"contentUrl\":\"https:\\\/\\\/lospoliticosveracruz.com\\\/wp-content\\\/uploads\\\/2024\\\/03\\\/Miguel-Valera.jpg\",\"width\":1250,\"height\":667},{\"@type\":\"BreadcrumbList\",\"@id\":\"https:\\\/\\\/lospoliticosveracruz.com\\\/?p=122568#breadcrumb\",\"itemListElement\":[{\"@type\":\"ListItem\",\"position\":1,\"name\":\"Portada\",\"item\":\"https:\\\/\\\/lospoliticosveracruz.com\\\/\"},{\"@type\":\"ListItem\",\"position\":2,\"name\":\"ADRIANA ROJANO PAZZI Y XALAPA\"}]},{\"@type\":\"WebSite\",\"@id\":\"https:\\\/\\\/lospoliticosveracruz.com\\\/#website\",\"url\":\"https:\\\/\\\/lospoliticosveracruz.com\\\/\",\"name\":\"Los pol\u00edticos Veracruz\",\"description\":\"\",\"publisher\":{\"@id\":\"https:\\\/\\\/lospoliticosveracruz.com\\\/#organization\"},\"potentialAction\":[{\"@type\":\"SearchAction\",\"target\":{\"@type\":\"EntryPoint\",\"urlTemplate\":\"https:\\\/\\\/lospoliticosveracruz.com\\\/?s={search_term_string}\"},\"query-input\":{\"@type\":\"PropertyValueSpecification\",\"valueRequired\":true,\"valueName\":\"search_term_string\"}}],\"inLanguage\":\"es\"},{\"@type\":\"Organization\",\"@id\":\"https:\\\/\\\/lospoliticosveracruz.com\\\/#organization\",\"name\":\"Los pol\u00edticos Veracruz\",\"url\":\"https:\\\/\\\/lospoliticosveracruz.com\\\/\",\"logo\":{\"@type\":\"ImageObject\",\"inLanguage\":\"es\",\"@id\":\"https:\\\/\\\/lospoliticosveracruz.com\\\/#\\\/schema\\\/logo\\\/image\\\/\",\"url\":\"https:\\\/\\\/lospoliticosveracruz.com\\\/wp-content\\\/uploads\\\/2025\\\/12\\\/Logo-Nuevo-LOS-POLITICOS-1.jpg\",\"contentUrl\":\"https:\\\/\\\/lospoliticosveracruz.com\\\/wp-content\\\/uploads\\\/2025\\\/12\\\/Logo-Nuevo-LOS-POLITICOS-1.jpg\",\"width\":260,\"height\":70,\"caption\":\"Los pol\u00edticos Veracruz\"},\"image\":{\"@id\":\"https:\\\/\\\/lospoliticosveracruz.com\\\/#\\\/schema\\\/logo\\\/image\\\/\"},\"sameAs\":[\"https:\\\/\\\/www.facebook.com\\\/people\\\/Notimemes-de-los-Polticos\\\/61565672886568\\\/\",\"https:\\\/\\\/x.com\\\/LosPoliticosVer\"]},{\"@type\":\"Person\",\"@id\":\"https:\\\/\\\/lospoliticosveracruz.com\\\/#\\\/schema\\\/person\\\/b8702bb0e538456e6efd07080bf2a4a2\",\"name\":\"Lo viste en Los Pol\u00edticos\",\"image\":{\"@type\":\"ImageObject\",\"inLanguage\":\"es\",\"@id\":\"https:\\\/\\\/secure.gravatar.com\\\/avatar\\\/3a8de04a2656d44082be478bd6c086daa447c4651605818287b9532d3d0bd435?s=96&d=mm&r=g\",\"url\":\"https:\\\/\\\/secure.gravatar.com\\\/avatar\\\/3a8de04a2656d44082be478bd6c086daa447c4651605818287b9532d3d0bd435?s=96&d=mm&r=g\",\"contentUrl\":\"https:\\\/\\\/secure.gravatar.com\\\/avatar\\\/3a8de04a2656d44082be478bd6c086daa447c4651605818287b9532d3d0bd435?s=96&d=mm&r=g\",\"caption\":\"Lo viste en Los Pol\u00edticos\"},\"url\":\"https:\\\/\\\/lospoliticosveracruz.com\\\/?author=2\"}]}<\/script>\n<!-- \/ Yoast SEO plugin. -->","yoast_head_json":{"title":"ADRIANA ROJANO PAZZI Y XALAPA - Los pol\u00edticos Veracruz","robots":{"index":"index","follow":"follow","max-snippet":"max-snippet:-1","max-image-preview":"max-image-preview:large","max-video-preview":"max-video-preview:-1"},"canonical":"https:\/\/lospoliticosveracruz.com\/?p=122568","og_locale":"es_ES","og_type":"article","og_title":"ADRIANA ROJANO PAZZI Y XALAPA - Los pol\u00edticos Veracruz","og_description":"Miguel ValeraContrase\u00f1as El domingo 2 de junio los veracruzanos elegiremos a 50 diputados locales \u201430 por mayor\u00eda relativa y 20 por la representaci\u00f3n proporcional\u2014 quienes integrar\u00e1n la LXVII Legislatura del Estado de Veracruz. Son 284 f\u00f3rmulas las que aprob\u00f3 el Organismo Local Electoral (OPLE), el ente p\u00fablico, que, dicho sea de paso, est\u00e1 haciendo un [&hellip;]","og_url":"https:\/\/lospoliticosveracruz.com\/?p=122568","og_site_name":"Los pol\u00edticos Veracruz","article_publisher":"https:\/\/www.facebook.com\/people\/Notimemes-de-los-Polticos\/61565672886568\/","article_published_time":"2024-04-19T15:50:19+00:00","article_modified_time":"2024-04-19T17:49:49+00:00","og_image":[{"width":1250,"height":667,"url":"https:\/\/lospoliticosveracruz.com\/wp-content\/uploads\/2024\/03\/Miguel-Valera.jpg","type":"image\/jpeg"}],"author":"Lo viste en Los Pol\u00edticos","twitter_card":"summary_large_image","twitter_creator":"@LosPoliticosVer","twitter_site":"@LosPoliticosVer","twitter_misc":{"Escrito por":"Lo viste en Los Pol\u00edticos","Tiempo de lectura":"4 minutos"},"schema":{"@context":"https:\/\/schema.org","@graph":[{"@type":"Article","@id":"https:\/\/lospoliticosveracruz.com\/?p=122568#article","isPartOf":{"@id":"https:\/\/lospoliticosveracruz.com\/?p=122568"},"author":{"name":"Lo viste en Los Pol\u00edticos","@id":"https:\/\/lospoliticosveracruz.com\/#\/schema\/person\/b8702bb0e538456e6efd07080bf2a4a2"},"headline":"ADRIANA ROJANO PAZZI Y XALAPA","datePublished":"2024-04-19T15:50:19+00:00","dateModified":"2024-04-19T17:49:49+00:00","mainEntityOfPage":{"@id":"https:\/\/lospoliticosveracruz.com\/?p=122568"},"wordCount":862,"publisher":{"@id":"https:\/\/lospoliticosveracruz.com\/#organization"},"image":{"@id":"https:\/\/lospoliticosveracruz.com\/?p=122568#primaryimage"},"thumbnailUrl":"https:\/\/lospoliticosveracruz.com\/wp-content\/uploads\/2024\/03\/Miguel-Valera.jpg","keywords":["Am\u00e9rico Z\u00fa\u00f1iga Mart\u00ednez","Manuel Huerta Ladr\u00f3n de Guevara","Miguel Valera","Movimiento Ciudadano","OPLE","Senado de la Rep\u00fablica"],"articleSection":["De Opini\u00f3n"],"inLanguage":"es"},{"@type":"WebPage","@id":"https:\/\/lospoliticosveracruz.com\/?p=122568","url":"https:\/\/lospoliticosveracruz.com\/?p=122568","name":"ADRIANA ROJANO PAZZI Y XALAPA - Los pol\u00edticos Veracruz","isPartOf":{"@id":"https:\/\/lospoliticosveracruz.com\/#website"},"primaryImageOfPage":{"@id":"https:\/\/lospoliticosveracruz.com\/?p=122568#primaryimage"},"image":{"@id":"https:\/\/lospoliticosveracruz.com\/?p=122568#primaryimage"},"thumbnailUrl":"https:\/\/lospoliticosveracruz.com\/wp-content\/uploads\/2024\/03\/Miguel-Valera.jpg","datePublished":"2024-04-19T15:50:19+00:00","dateModified":"2024-04-19T17:49:49+00:00","breadcrumb":{"@id":"https:\/\/lospoliticosveracruz.com\/?p=122568#breadcrumb"},"inLanguage":"es","potentialAction":[{"@type":"ReadAction","target":["https:\/\/lospoliticosveracruz.com\/?p=122568"]}]},{"@type":"ImageObject","inLanguage":"es","@id":"https:\/\/lospoliticosveracruz.com\/?p=122568#primaryimage","url":"https:\/\/lospoliticosveracruz.com\/wp-content\/uploads\/2024\/03\/Miguel-Valera.jpg","contentUrl":"https:\/\/lospoliticosveracruz.com\/wp-content\/uploads\/2024\/03\/Miguel-Valera.jpg","width":1250,"height":667},{"@type":"BreadcrumbList","@id":"https:\/\/lospoliticosveracruz.com\/?p=122568#breadcrumb","itemListElement":[{"@type":"ListItem","position":1,"name":"Portada","item":"https:\/\/lospoliticosveracruz.com\/"},{"@type":"ListItem","position":2,"name":"ADRIANA ROJANO PAZZI Y XALAPA"}]},{"@type":"WebSite","@id":"https:\/\/lospoliticosveracruz.com\/#website","url":"https:\/\/lospoliticosveracruz.com\/","name":"Los pol\u00edticos Veracruz","description":"","publisher":{"@id":"https:\/\/lospoliticosveracruz.com\/#organization"},"potentialAction":[{"@type":"SearchAction","target":{"@type":"EntryPoint","urlTemplate":"https:\/\/lospoliticosveracruz.com\/?s={search_term_string}"},"query-input":{"@type":"PropertyValueSpecification","valueRequired":true,"valueName":"search_term_string"}}],"inLanguage":"es"},{"@type":"Organization","@id":"https:\/\/lospoliticosveracruz.com\/#organization","name":"Los pol\u00edticos Veracruz","url":"https:\/\/lospoliticosveracruz.com\/","logo":{"@type":"ImageObject","inLanguage":"es","@id":"https:\/\/lospoliticosveracruz.com\/#\/schema\/logo\/image\/","url":"https:\/\/lospoliticosveracruz.com\/wp-content\/uploads\/2025\/12\/Logo-Nuevo-LOS-POLITICOS-1.jpg","contentUrl":"https:\/\/lospoliticosveracruz.com\/wp-content\/uploads\/2025\/12\/Logo-Nuevo-LOS-POLITICOS-1.jpg","width":260,"height":70,"caption":"Los pol\u00edticos Veracruz"},"image":{"@id":"https:\/\/lospoliticosveracruz.com\/#\/schema\/logo\/image\/"},"sameAs":["https:\/\/www.facebook.com\/people\/Notimemes-de-los-Polticos\/61565672886568\/","https:\/\/x.com\/LosPoliticosVer"]},{"@type":"Person","@id":"https:\/\/lospoliticosveracruz.com\/#\/schema\/person\/b8702bb0e538456e6efd07080bf2a4a2","name":"Lo viste en Los Pol\u00edticos","image":{"@type":"ImageObject","inLanguage":"es","@id":"https:\/\/secure.gravatar.com\/avatar\/3a8de04a2656d44082be478bd6c086daa447c4651605818287b9532d3d0bd435?s=96&d=mm&r=g","url":"https:\/\/secure.gravatar.com\/avatar\/3a8de04a2656d44082be478bd6c086daa447c4651605818287b9532d3d0bd435?s=96&d=mm&r=g","contentUrl":"https:\/\/secure.gravatar.com\/avatar\/3a8de04a2656d44082be478bd6c086daa447c4651605818287b9532d3d0bd435?s=96&d=mm&r=g","caption":"Lo viste en Los Pol\u00edticos"},"url":"https:\/\/lospoliticosveracruz.com\/?author=2"}]}},"_links":{"self":[{"href":"https:\/\/lospoliticosveracruz.com\/index.php?rest_route=\/wp\/v2\/posts\/122568","targetHints":{"allow":["GET"]}}],"collection":[{"href":"https:\/\/lospoliticosveracruz.com\/index.php?rest_route=\/wp\/v2\/posts"}],"about":[{"href":"https:\/\/lospoliticosveracruz.com\/index.php?rest_route=\/wp\/v2\/types\/post"}],"author":[{"embeddable":true,"href":"https:\/\/lospoliticosveracruz.com\/index.php?rest_route=\/wp\/v2\/users\/2"}],"replies":[{"embeddable":true,"href":"https:\/\/lospoliticosveracruz.com\/index.php?rest_route=%2Fwp%2Fv2%2Fcomments&post=122568"}],"version-history":[{"count":2,"href":"https:\/\/lospoliticosveracruz.com\/index.php?rest_route=\/wp\/v2\/posts\/122568\/revisions"}],"predecessor-version":[{"id":122578,"href":"https:\/\/lospoliticosveracruz.com\/index.php?rest_route=\/wp\/v2\/posts\/122568\/revisions\/122578"}],"wp:featuredmedia":[{"embeddable":true,"href":"https:\/\/lospoliticosveracruz.com\/index.php?rest_route=\/wp\/v2\/media\/119815"}],"wp:attachment":[{"href":"https:\/\/lospoliticosveracruz.com\/index.php?rest_route=%2Fwp%2Fv2%2Fmedia&parent=122568"}],"wp:term":[{"taxonomy":"category","embeddable":true,"href":"https:\/\/lospoliticosveracruz.com\/index.php?rest_route=%2Fwp%2Fv2%2Fcategories&post=122568"},{"taxonomy":"post_tag","embeddable":true,"href":"https:\/\/lospoliticosveracruz.com\/index.php?rest_route=%2Fwp%2Fv2%2Ftags&post=122568"}],"curies":[{"name":"wp","href":"https:\/\/api.w.org\/{rel}","templated":true}]}}