{"id":122572,"date":"2024-04-19T11:10:27","date_gmt":"2024-04-19T16:10:27","guid":{"rendered":"https:\/\/lospoliticosveracruz.com.mx\/?p=122572"},"modified":"2024-04-19T11:10:46","modified_gmt":"2024-04-19T16:10:46","slug":"la-ruta-del-dinero","status":"publish","type":"post","link":"https:\/\/lospoliticosveracruz.com\/?p=122572","title":{"rendered":"LA RUTA DEL DINERO\u00a0"},"content":{"rendered":"\n<p><strong>&nbsp;Teresa Carbajal<\/strong><\/p>\n\n\n\n<p><em>Debo, no niego; pago, lo justo<\/em><\/p>\n\n\n\n<p>Esta agitada primera quincena del mes de abril se caracteriz\u00f3 por las noticias que nos hicieron dar un salto al enterarnos que el dinero depositado en las Afores se ir\u00eda a un fondo de pensiones administrado por el Gobierno, para poder dar paso al pago de pensiones, o sea\u2026 \u00bfc\u00f3mo?<\/p>\n\n\n<div class=\"wp-block-image\">\n<figure class=\"alignleft size-medium\"><a href=\"https:\/\/lospoliticosveracruz.com.mx\/wp-content\/uploads\/2021\/10\/WhatsApp-Image-2021-10-02-at-15.20.25.jpeg\"><img loading=\"lazy\" decoding=\"async\" width=\"212\" height=\"300\" src=\"https:\/\/lospoliticosveracruz.com.mx\/wp-content\/uploads\/2021\/10\/WhatsApp-Image-2021-10-02-at-15.20.25-212x300.jpeg\" alt=\"\" class=\"wp-image-80177\" srcset=\"https:\/\/lospoliticosveracruz.com\/wp-content\/uploads\/2021\/10\/WhatsApp-Image-2021-10-02-at-15.20.25-212x300.jpeg 212w, https:\/\/lospoliticosveracruz.com\/wp-content\/uploads\/2021\/10\/WhatsApp-Image-2021-10-02-at-15.20.25-724x1024.jpeg 724w, https:\/\/lospoliticosveracruz.com\/wp-content\/uploads\/2021\/10\/WhatsApp-Image-2021-10-02-at-15.20.25-768x1086.jpeg 768w, https:\/\/lospoliticosveracruz.com\/wp-content\/uploads\/2021\/10\/WhatsApp-Image-2021-10-02-at-15.20.25.jpeg 905w\" sizes=\"auto, (max-width: 212px) 100vw, 212px\" \/><\/a><\/figure>\n<\/div>\n\n\n<p>Pues as\u00ed como suena, de inicio se desataron las dudas sobre qu\u00e9 dinero o a qu\u00e9 tipo de pensiones se dirig\u00eda la iniciativa impulsada por la fracci\u00f3n oficial de los legisladores quienes con un discurso muy adornado, como siempre, y a modo de convencer al pueblo sobre que su leg\u00edtima intenci\u00f3n es seguir brindando bienestar.<\/p>\n\n\n\n<p>La noticia dio la vuelta al pa\u00eds desatando dudas, inconformidades y mucha indignaci\u00f3n. Despu\u00e9s, con la lectura del texto que integra la iniciativa supimos que la iniciativa se dirige a dotar al Gobierno de atribuci\u00f3n y facultades para obtener sin necesidad de requisitos, ni procedimientos legales, el dinero depositado en las cuentas individuales de los trabajadores que ahorraron toda su vida laboral para tener un retiro digno, si a los setenta a\u00f1os no hubieren reclamado el pago.<\/p>\n\n\n\n<p>Es decir un robo. Pues ese dinero tiene due\u00f1o, y su due\u00f1o existe, ya sea en la persona del propio trabajador o de sus deudos o familiares, o quienes conforme a las leyes tienen el derecho de hacer el reclamo y beneficiarse de el pago.<\/p>\n\n\n\n<p>Bueno a ver, por muy leg\u00edtima o bien que suene la idea, no se adapta a los principios constitucionales de protecci\u00f3n a las personas en edad adulta mayor y a sus derechos humanos de vivir con dignidad y con el m\u00ednimo vital el resto de sus vidas.<\/p>\n\n\n\n<p>Nada de lo que se diga para avalar esta iniciativa tiene fundamento legal, mucho menos moral, por el contrario atenta contra la seguridad social como principio de orden p\u00fablico.<\/p>\n\n\n\n<p>Yo los invito a preguntar entres sus familiares y amigos, quienes han podido o quienes no han podido cobrar el dinero de sus afores, y cuales han sido los motivos por los cuales se encuentran en sendas circunstancias.<\/p>\n\n\n\n<p>En efecto desde la b\u00fasqueda de la Afore a la que se perteneces, la que administra tus fondos para el retiro, hasta un error en la letra de tu apellido o de tu nombre o las mil vueltas que han tenido que dar para acceder a ese dinero, son parte de la explicaci\u00f3n de por qu\u00e9 hay millones de pesos en el limbo hasta la fecha.<\/p>\n\n\n\n<p>Es verdad las Administradoras de Fondos para el Retiro, tampoco no funcionan como se debe, y en muchos casos parece que tienen un cat\u00e1logo de \u201ctrabas\u201d para negarte la devoluci\u00f3n de tu dinero; pero el camino para brindar seguridad social y certeza jur\u00eddica a las personas en edad de retiro, no es terminar de arrebatarles el dinero que por sistema se les ha dificultado cobrar.<\/p>\n\n\n\n<p>Por qu\u00e9 no mejorar los procesos, eficientarlos, facilitar el que las personas puedan cobrar en tiempo y forma, su, (subrayo, su) dinero. Acaso se sabe o hay una exposici\u00f3n de motivos respecto a los casos y a las causas del por qu\u00e9 las personas que llegaron a los setenta a\u00f1os no han podido retirar su dinero.<\/p>\n\n\n\n<p>\u00a1Claro que no lo hay!, porque el inter\u00e9s de los legisladores que firmaron la iniciativa no es hacer que cobren los due\u00f1os o quienes tengan el leg\u00edtimo derecho, sino apropiarse sin consentimiento de quien leg\u00edtimamente debe darlo de ese dinero, o sea en otras palabras: robo.<\/p>\n\n\n\n<p>Y para eso idearon una ley que justifique su actuar, a ver no vayan a salir con que devolver al pueblo lo robado. Porque en la misma iniciativa se pretende poner o enviar al Fondo de Pensiones del Bienestar los fondos de lo recaudado por motivo de la quiebra de la Financiera Nacional de Desarrollo, antes Financiera Rural.<\/p>\n\n\n\n<p>Ese organismo p\u00fablico que han convertido en un chatarral, en un deshuesadero con la justificaci\u00f3n de \u201cdevolver al pueblo lo robado\u201d, que porque era cueva de ladrones, que era un organismo atrofiado y que no serv\u00eda para nada.<\/p>\n\n\n\n<p>Pero bien que ha servido para continuar sangrando a las personas que quedaron con sus tierras hipotecadas, pues ahora sufren de cobranza abusiva, \u00a1peor!, de extorsi\u00f3n para obtener los pagos de las deudas sin que nadie les fiscalice pues crearon en redes sociales de Facebook su FNDL, y sin que el Indep haya metido las manos, as\u00ed que no salgan con que van a ser buenos administradores de lo que todos sabemos, no tienen idean de c\u00f3mo hacer.<\/p>\n\n\n\n<p>\u00danase ya, a la Jornada Estatal para la Defensa del Patrimonio Familiar 2281148502 visite&nbsp;&nbsp;www.elbarzonrc.org Contacte elbarzonrc@yahoo.com.mx, O s\u00edgame en @terecarbajal<\/p>\n","protected":false},"excerpt":{"rendered":"<p>&nbsp;Teresa Carbajal Debo, no niego; pago, lo justo Esta agitada primera quincena del mes de abril se caracteriz\u00f3 por las noticias que nos hicieron dar un salto al enterarnos que el dinero depositado en las Afores se ir\u00eda a un fondo de pensiones administrado por el Gobierno, para poder dar paso al pago de pensiones, [&hellip;]<\/p>\n","protected":false},"author":2,"featured_media":119935,"comment_status":"closed","ping_status":"closed","sticky":false,"template":"","format":"standard","meta":{"tdm_status":"","tdm_grid_status":"","footnotes":""},"categories":[70],"tags":[618,34133],"class_list":{"0":"post-122572","1":"post","2":"type-post","3":"status-publish","4":"format-standard","5":"has-post-thumbnail","7":"category-de-opinion","8":"tag-andres-manuel-lopez-obrador","9":"tag-tere-carbajal"},"yoast_head":"<!-- This site is optimized with the Yoast SEO plugin v27.4 - https:\/\/yoast.com\/product\/yoast-seo-wordpress\/ -->\n<title>LA RUTA DEL DINERO\u00a0 - Los pol\u00edticos Veracruz<\/title>\n<meta name=\"robots\" content=\"index, follow, max-snippet:-1, max-image-preview:large, max-video-preview:-1\" \/>\n<link rel=\"canonical\" href=\"https:\/\/lospoliticosveracruz.com\/?p=122572\" \/>\n<meta property=\"og:locale\" content=\"es_ES\" \/>\n<meta property=\"og:type\" content=\"article\" \/>\n<meta property=\"og:title\" content=\"LA RUTA DEL DINERO\u00a0 - Los pol\u00edticos Veracruz\" \/>\n<meta property=\"og:description\" content=\"&nbsp;Teresa Carbajal Debo, no niego; pago, lo justo Esta agitada primera quincena del mes de abril se caracteriz\u00f3 por las noticias que nos hicieron dar un salto al enterarnos que el dinero depositado en las Afores se ir\u00eda a un fondo de pensiones administrado por el Gobierno, para poder dar paso al pago de pensiones, [&hellip;]\" \/>\n<meta property=\"og:url\" content=\"https:\/\/lospoliticosveracruz.com\/?p=122572\" \/>\n<meta property=\"og:site_name\" content=\"Los pol\u00edticos Veracruz\" \/>\n<meta property=\"article:publisher\" content=\"https:\/\/www.facebook.com\/people\/Notimemes-de-los-Polticos\/61565672886568\/\" \/>\n<meta property=\"article:published_time\" content=\"2024-04-19T16:10:27+00:00\" \/>\n<meta property=\"article:modified_time\" content=\"2024-04-19T16:10:46+00:00\" \/>\n<meta property=\"og:image\" content=\"https:\/\/lospoliticosveracruz.com\/wp-content\/uploads\/2024\/03\/Teresa-Carbajal.jpg\" \/>\n\t<meta property=\"og:image:width\" content=\"1250\" \/>\n\t<meta property=\"og:image:height\" content=\"667\" \/>\n\t<meta property=\"og:image:type\" content=\"image\/jpeg\" \/>\n<meta name=\"author\" content=\"Lo viste en Los Pol\u00edticos\" \/>\n<meta name=\"twitter:card\" content=\"summary_large_image\" \/>\n<meta name=\"twitter:creator\" content=\"@LosPoliticosVer\" \/>\n<meta name=\"twitter:site\" content=\"@LosPoliticosVer\" \/>\n<meta name=\"twitter:label1\" content=\"Escrito por\" \/>\n\t<meta name=\"twitter:data1\" content=\"Lo viste en Los Pol\u00edticos\" \/>\n\t<meta name=\"twitter:label2\" content=\"Tiempo de lectura\" \/>\n\t<meta name=\"twitter:data2\" content=\"4 minutos\" \/>\n<script type=\"application\/ld+json\" class=\"yoast-schema-graph\">{\"@context\":\"https:\\\/\\\/schema.org\",\"@graph\":[{\"@type\":\"Article\",\"@id\":\"https:\\\/\\\/lospoliticosveracruz.com\\\/?p=122572#article\",\"isPartOf\":{\"@id\":\"https:\\\/\\\/lospoliticosveracruz.com\\\/?p=122572\"},\"author\":{\"name\":\"Lo viste en Los Pol\u00edticos\",\"@id\":\"https:\\\/\\\/lospoliticosveracruz.com\\\/#\\\/schema\\\/person\\\/b8702bb0e538456e6efd07080bf2a4a2\"},\"headline\":\"LA RUTA DEL DINERO\u00a0\",\"datePublished\":\"2024-04-19T16:10:27+00:00\",\"dateModified\":\"2024-04-19T16:10:46+00:00\",\"mainEntityOfPage\":{\"@id\":\"https:\\\/\\\/lospoliticosveracruz.com\\\/?p=122572\"},\"wordCount\":822,\"publisher\":{\"@id\":\"https:\\\/\\\/lospoliticosveracruz.com\\\/#organization\"},\"image\":{\"@id\":\"https:\\\/\\\/lospoliticosveracruz.com\\\/?p=122572#primaryimage\"},\"thumbnailUrl\":\"https:\\\/\\\/lospoliticosveracruz.com\\\/wp-content\\\/uploads\\\/2024\\\/03\\\/Teresa-Carbajal.jpg\",\"keywords\":[\"Andr\u00e9s Manuel L\u00f3pez Obrador\",\"Tere Carbajal\"],\"articleSection\":[\"De Opini\u00f3n\"],\"inLanguage\":\"es\"},{\"@type\":\"WebPage\",\"@id\":\"https:\\\/\\\/lospoliticosveracruz.com\\\/?p=122572\",\"url\":\"https:\\\/\\\/lospoliticosveracruz.com\\\/?p=122572\",\"name\":\"LA RUTA DEL DINERO\u00a0 - Los pol\u00edticos Veracruz\",\"isPartOf\":{\"@id\":\"https:\\\/\\\/lospoliticosveracruz.com\\\/#website\"},\"primaryImageOfPage\":{\"@id\":\"https:\\\/\\\/lospoliticosveracruz.com\\\/?p=122572#primaryimage\"},\"image\":{\"@id\":\"https:\\\/\\\/lospoliticosveracruz.com\\\/?p=122572#primaryimage\"},\"thumbnailUrl\":\"https:\\\/\\\/lospoliticosveracruz.com\\\/wp-content\\\/uploads\\\/2024\\\/03\\\/Teresa-Carbajal.jpg\",\"datePublished\":\"2024-04-19T16:10:27+00:00\",\"dateModified\":\"2024-04-19T16:10:46+00:00\",\"breadcrumb\":{\"@id\":\"https:\\\/\\\/lospoliticosveracruz.com\\\/?p=122572#breadcrumb\"},\"inLanguage\":\"es\",\"potentialAction\":[{\"@type\":\"ReadAction\",\"target\":[\"https:\\\/\\\/lospoliticosveracruz.com\\\/?p=122572\"]}]},{\"@type\":\"ImageObject\",\"inLanguage\":\"es\",\"@id\":\"https:\\\/\\\/lospoliticosveracruz.com\\\/?p=122572#primaryimage\",\"url\":\"https:\\\/\\\/lospoliticosveracruz.com\\\/wp-content\\\/uploads\\\/2024\\\/03\\\/Teresa-Carbajal.jpg\",\"contentUrl\":\"https:\\\/\\\/lospoliticosveracruz.com\\\/wp-content\\\/uploads\\\/2024\\\/03\\\/Teresa-Carbajal.jpg\",\"width\":1250,\"height\":667},{\"@type\":\"BreadcrumbList\",\"@id\":\"https:\\\/\\\/lospoliticosveracruz.com\\\/?p=122572#breadcrumb\",\"itemListElement\":[{\"@type\":\"ListItem\",\"position\":1,\"name\":\"Portada\",\"item\":\"https:\\\/\\\/lospoliticosveracruz.com\\\/\"},{\"@type\":\"ListItem\",\"position\":2,\"name\":\"LA RUTA DEL DINERO\u00a0\"}]},{\"@type\":\"WebSite\",\"@id\":\"https:\\\/\\\/lospoliticosveracruz.com\\\/#website\",\"url\":\"https:\\\/\\\/lospoliticosveracruz.com\\\/\",\"name\":\"Los pol\u00edticos Veracruz\",\"description\":\"\",\"publisher\":{\"@id\":\"https:\\\/\\\/lospoliticosveracruz.com\\\/#organization\"},\"potentialAction\":[{\"@type\":\"SearchAction\",\"target\":{\"@type\":\"EntryPoint\",\"urlTemplate\":\"https:\\\/\\\/lospoliticosveracruz.com\\\/?s={search_term_string}\"},\"query-input\":{\"@type\":\"PropertyValueSpecification\",\"valueRequired\":true,\"valueName\":\"search_term_string\"}}],\"inLanguage\":\"es\"},{\"@type\":\"Organization\",\"@id\":\"https:\\\/\\\/lospoliticosveracruz.com\\\/#organization\",\"name\":\"Los pol\u00edticos Veracruz\",\"url\":\"https:\\\/\\\/lospoliticosveracruz.com\\\/\",\"logo\":{\"@type\":\"ImageObject\",\"inLanguage\":\"es\",\"@id\":\"https:\\\/\\\/lospoliticosveracruz.com\\\/#\\\/schema\\\/logo\\\/image\\\/\",\"url\":\"https:\\\/\\\/lospoliticosveracruz.com\\\/wp-content\\\/uploads\\\/2025\\\/12\\\/Logo-Nuevo-LOS-POLITICOS-1.jpg\",\"contentUrl\":\"https:\\\/\\\/lospoliticosveracruz.com\\\/wp-content\\\/uploads\\\/2025\\\/12\\\/Logo-Nuevo-LOS-POLITICOS-1.jpg\",\"width\":260,\"height\":70,\"caption\":\"Los pol\u00edticos Veracruz\"},\"image\":{\"@id\":\"https:\\\/\\\/lospoliticosveracruz.com\\\/#\\\/schema\\\/logo\\\/image\\\/\"},\"sameAs\":[\"https:\\\/\\\/www.facebook.com\\\/people\\\/Notimemes-de-los-Polticos\\\/61565672886568\\\/\",\"https:\\\/\\\/x.com\\\/LosPoliticosVer\"]},{\"@type\":\"Person\",\"@id\":\"https:\\\/\\\/lospoliticosveracruz.com\\\/#\\\/schema\\\/person\\\/b8702bb0e538456e6efd07080bf2a4a2\",\"name\":\"Lo viste en Los Pol\u00edticos\",\"image\":{\"@type\":\"ImageObject\",\"inLanguage\":\"es\",\"@id\":\"https:\\\/\\\/secure.gravatar.com\\\/avatar\\\/3a8de04a2656d44082be478bd6c086daa447c4651605818287b9532d3d0bd435?s=96&d=mm&r=g\",\"url\":\"https:\\\/\\\/secure.gravatar.com\\\/avatar\\\/3a8de04a2656d44082be478bd6c086daa447c4651605818287b9532d3d0bd435?s=96&d=mm&r=g\",\"contentUrl\":\"https:\\\/\\\/secure.gravatar.com\\\/avatar\\\/3a8de04a2656d44082be478bd6c086daa447c4651605818287b9532d3d0bd435?s=96&d=mm&r=g\",\"caption\":\"Lo viste en Los Pol\u00edticos\"},\"url\":\"https:\\\/\\\/lospoliticosveracruz.com\\\/?author=2\"}]}<\/script>\n<!-- \/ Yoast SEO plugin. -->","yoast_head_json":{"title":"LA RUTA DEL DINERO\u00a0 - Los pol\u00edticos Veracruz","robots":{"index":"index","follow":"follow","max-snippet":"max-snippet:-1","max-image-preview":"max-image-preview:large","max-video-preview":"max-video-preview:-1"},"canonical":"https:\/\/lospoliticosveracruz.com\/?p=122572","og_locale":"es_ES","og_type":"article","og_title":"LA RUTA DEL DINERO\u00a0 - Los pol\u00edticos Veracruz","og_description":"&nbsp;Teresa Carbajal Debo, no niego; pago, lo justo Esta agitada primera quincena del mes de abril se caracteriz\u00f3 por las noticias que nos hicieron dar un salto al enterarnos que el dinero depositado en las Afores se ir\u00eda a un fondo de pensiones administrado por el Gobierno, para poder dar paso al pago de pensiones, [&hellip;]","og_url":"https:\/\/lospoliticosveracruz.com\/?p=122572","og_site_name":"Los pol\u00edticos Veracruz","article_publisher":"https:\/\/www.facebook.com\/people\/Notimemes-de-los-Polticos\/61565672886568\/","article_published_time":"2024-04-19T16:10:27+00:00","article_modified_time":"2024-04-19T16:10:46+00:00","og_image":[{"width":1250,"height":667,"url":"https:\/\/lospoliticosveracruz.com\/wp-content\/uploads\/2024\/03\/Teresa-Carbajal.jpg","type":"image\/jpeg"}],"author":"Lo viste en Los Pol\u00edticos","twitter_card":"summary_large_image","twitter_creator":"@LosPoliticosVer","twitter_site":"@LosPoliticosVer","twitter_misc":{"Escrito por":"Lo viste en Los Pol\u00edticos","Tiempo de lectura":"4 minutos"},"schema":{"@context":"https:\/\/schema.org","@graph":[{"@type":"Article","@id":"https:\/\/lospoliticosveracruz.com\/?p=122572#article","isPartOf":{"@id":"https:\/\/lospoliticosveracruz.com\/?p=122572"},"author":{"name":"Lo viste en Los Pol\u00edticos","@id":"https:\/\/lospoliticosveracruz.com\/#\/schema\/person\/b8702bb0e538456e6efd07080bf2a4a2"},"headline":"LA RUTA DEL DINERO\u00a0","datePublished":"2024-04-19T16:10:27+00:00","dateModified":"2024-04-19T16:10:46+00:00","mainEntityOfPage":{"@id":"https:\/\/lospoliticosveracruz.com\/?p=122572"},"wordCount":822,"publisher":{"@id":"https:\/\/lospoliticosveracruz.com\/#organization"},"image":{"@id":"https:\/\/lospoliticosveracruz.com\/?p=122572#primaryimage"},"thumbnailUrl":"https:\/\/lospoliticosveracruz.com\/wp-content\/uploads\/2024\/03\/Teresa-Carbajal.jpg","keywords":["Andr\u00e9s Manuel L\u00f3pez Obrador","Tere Carbajal"],"articleSection":["De Opini\u00f3n"],"inLanguage":"es"},{"@type":"WebPage","@id":"https:\/\/lospoliticosveracruz.com\/?p=122572","url":"https:\/\/lospoliticosveracruz.com\/?p=122572","name":"LA RUTA DEL DINERO\u00a0 - Los pol\u00edticos Veracruz","isPartOf":{"@id":"https:\/\/lospoliticosveracruz.com\/#website"},"primaryImageOfPage":{"@id":"https:\/\/lospoliticosveracruz.com\/?p=122572#primaryimage"},"image":{"@id":"https:\/\/lospoliticosveracruz.com\/?p=122572#primaryimage"},"thumbnailUrl":"https:\/\/lospoliticosveracruz.com\/wp-content\/uploads\/2024\/03\/Teresa-Carbajal.jpg","datePublished":"2024-04-19T16:10:27+00:00","dateModified":"2024-04-19T16:10:46+00:00","breadcrumb":{"@id":"https:\/\/lospoliticosveracruz.com\/?p=122572#breadcrumb"},"inLanguage":"es","potentialAction":[{"@type":"ReadAction","target":["https:\/\/lospoliticosveracruz.com\/?p=122572"]}]},{"@type":"ImageObject","inLanguage":"es","@id":"https:\/\/lospoliticosveracruz.com\/?p=122572#primaryimage","url":"https:\/\/lospoliticosveracruz.com\/wp-content\/uploads\/2024\/03\/Teresa-Carbajal.jpg","contentUrl":"https:\/\/lospoliticosveracruz.com\/wp-content\/uploads\/2024\/03\/Teresa-Carbajal.jpg","width":1250,"height":667},{"@type":"BreadcrumbList","@id":"https:\/\/lospoliticosveracruz.com\/?p=122572#breadcrumb","itemListElement":[{"@type":"ListItem","position":1,"name":"Portada","item":"https:\/\/lospoliticosveracruz.com\/"},{"@type":"ListItem","position":2,"name":"LA RUTA DEL DINERO\u00a0"}]},{"@type":"WebSite","@id":"https:\/\/lospoliticosveracruz.com\/#website","url":"https:\/\/lospoliticosveracruz.com\/","name":"Los pol\u00edticos Veracruz","description":"","publisher":{"@id":"https:\/\/lospoliticosveracruz.com\/#organization"},"potentialAction":[{"@type":"SearchAction","target":{"@type":"EntryPoint","urlTemplate":"https:\/\/lospoliticosveracruz.com\/?s={search_term_string}"},"query-input":{"@type":"PropertyValueSpecification","valueRequired":true,"valueName":"search_term_string"}}],"inLanguage":"es"},{"@type":"Organization","@id":"https:\/\/lospoliticosveracruz.com\/#organization","name":"Los pol\u00edticos Veracruz","url":"https:\/\/lospoliticosveracruz.com\/","logo":{"@type":"ImageObject","inLanguage":"es","@id":"https:\/\/lospoliticosveracruz.com\/#\/schema\/logo\/image\/","url":"https:\/\/lospoliticosveracruz.com\/wp-content\/uploads\/2025\/12\/Logo-Nuevo-LOS-POLITICOS-1.jpg","contentUrl":"https:\/\/lospoliticosveracruz.com\/wp-content\/uploads\/2025\/12\/Logo-Nuevo-LOS-POLITICOS-1.jpg","width":260,"height":70,"caption":"Los pol\u00edticos Veracruz"},"image":{"@id":"https:\/\/lospoliticosveracruz.com\/#\/schema\/logo\/image\/"},"sameAs":["https:\/\/www.facebook.com\/people\/Notimemes-de-los-Polticos\/61565672886568\/","https:\/\/x.com\/LosPoliticosVer"]},{"@type":"Person","@id":"https:\/\/lospoliticosveracruz.com\/#\/schema\/person\/b8702bb0e538456e6efd07080bf2a4a2","name":"Lo viste en Los Pol\u00edticos","image":{"@type":"ImageObject","inLanguage":"es","@id":"https:\/\/secure.gravatar.com\/avatar\/3a8de04a2656d44082be478bd6c086daa447c4651605818287b9532d3d0bd435?s=96&d=mm&r=g","url":"https:\/\/secure.gravatar.com\/avatar\/3a8de04a2656d44082be478bd6c086daa447c4651605818287b9532d3d0bd435?s=96&d=mm&r=g","contentUrl":"https:\/\/secure.gravatar.com\/avatar\/3a8de04a2656d44082be478bd6c086daa447c4651605818287b9532d3d0bd435?s=96&d=mm&r=g","caption":"Lo viste en Los Pol\u00edticos"},"url":"https:\/\/lospoliticosveracruz.com\/?author=2"}]}},"_links":{"self":[{"href":"https:\/\/lospoliticosveracruz.com\/index.php?rest_route=\/wp\/v2\/posts\/122572","targetHints":{"allow":["GET"]}}],"collection":[{"href":"https:\/\/lospoliticosveracruz.com\/index.php?rest_route=\/wp\/v2\/posts"}],"about":[{"href":"https:\/\/lospoliticosveracruz.com\/index.php?rest_route=\/wp\/v2\/types\/post"}],"author":[{"embeddable":true,"href":"https:\/\/lospoliticosveracruz.com\/index.php?rest_route=\/wp\/v2\/users\/2"}],"replies":[{"embeddable":true,"href":"https:\/\/lospoliticosveracruz.com\/index.php?rest_route=%2Fwp%2Fv2%2Fcomments&post=122572"}],"version-history":[{"count":2,"href":"https:\/\/lospoliticosveracruz.com\/index.php?rest_route=\/wp\/v2\/posts\/122572\/revisions"}],"predecessor-version":[{"id":122574,"href":"https:\/\/lospoliticosveracruz.com\/index.php?rest_route=\/wp\/v2\/posts\/122572\/revisions\/122574"}],"wp:featuredmedia":[{"embeddable":true,"href":"https:\/\/lospoliticosveracruz.com\/index.php?rest_route=\/wp\/v2\/media\/119935"}],"wp:attachment":[{"href":"https:\/\/lospoliticosveracruz.com\/index.php?rest_route=%2Fwp%2Fv2%2Fmedia&parent=122572"}],"wp:term":[{"taxonomy":"category","embeddable":true,"href":"https:\/\/lospoliticosveracruz.com\/index.php?rest_route=%2Fwp%2Fv2%2Fcategories&post=122572"},{"taxonomy":"post_tag","embeddable":true,"href":"https:\/\/lospoliticosveracruz.com\/index.php?rest_route=%2Fwp%2Fv2%2Ftags&post=122572"}],"curies":[{"name":"wp","href":"https:\/\/api.w.org\/{rel}","templated":true}]}}