{"id":122575,"date":"2024-04-19T12:45:25","date_gmt":"2024-04-19T17:45:25","guid":{"rendered":"https:\/\/lospoliticosveracruz.com.mx\/?p=122575"},"modified":"2024-04-19T12:45:35","modified_gmt":"2024-04-19T17:45:35","slug":"escuelas-de-tiempo-completo-en-primarias","status":"publish","type":"post","link":"https:\/\/lospoliticosveracruz.com\/?p=122575","title":{"rendered":"ESCUELAS DE TIEMPO COMPLETO EN PRIMARIAS!"},"content":{"rendered":"\n<p><strong>Veracruz<\/strong><\/p>\n\n\n\n<p>&nbsp;Como una medida para mejorar la calidad educativa, la candidata al Senado de la Rep\u00fablica por la coalici\u00f3n \u201cSigamos Haciendo Historia\u201d, Claudia Tello Espinosa mencion\u00f3 que implementar\u00e1n los horarios extendidos en las escuelas primarias de todo el pa\u00eds.<\/p>\n\n\n\n<p>Es la propuesta que ha hecho la candidata presidencial de Morena, Claudia Sheinbaum respecto a las escuelas de tiempo completo, manifest\u00f3.&nbsp;<\/p>\n\n\n\n<p>Recalc\u00f3 que&nbsp;&nbsp;dicho programa ser\u00e1 respaldado desde la c\u00e1mara alta por todos los senadores de Morena, para que todas las ni\u00f1as y ni\u00f1os reciban m\u00e1s horas de clases de educaci\u00f3n f\u00edsica y art\u00edstica.<\/p>\n\n\n\n<p>Mencion\u00f3 que con esta propuesta realizada por&nbsp;&nbsp;la candidata a la presidencia de la Rep\u00fablica, Claudia Sheinbaum, se busca que las escuelas dediquen tiempo al cuidado de la salud infantil con programas de nutrici\u00f3n, psicolog\u00eda, cuidado dental, prevenci\u00f3n de adicciones y ex\u00e1menes de la vista con lentes gratuitos para todos los ni\u00f1os que lo necesiten.<\/p>\n\n\n\n<p>Expres\u00f3 que la iniciativa propone que&nbsp;&nbsp;los horarios en las escuelas primarias p\u00fablicas se vaya extendiendo de manera gradual, para que los estudiantes se acoplen a esta nueva modalidad y reciban todos los beneficios para su \u00f3ptimo desarrollo.<\/p>\n\n\n\n<p>Adem\u00e1s, record\u00f3 que la candidata Claudia Sheinbaum tambi\u00e9n se comprometi\u00f3 a fortalecer los programas educativos de la Nueva Escuela Mexicana y a mantener el programa de Becas para el Bienestar Benito Ju\u00e1rez.<\/p>\n\n\n\n<p>En su paso por el puerto de Veracruz acompa\u00f1ando a la candidata a la gubernatura, Roc\u00edo Nahle Garc\u00eda y al dirigente nacional de Morena, Mario Delgado, Tello Espinosa hizo un llamado a los veracruzanos para que este 2 de junio salgan a emitir voto masivo a favor de Morena, para as\u00ed juntos consolidar en Plan C.<\/p>\n","protected":false},"excerpt":{"rendered":"<p>Veracruz &nbsp;Como una medida para mejorar la calidad educativa, la candidata al Senado de la Rep\u00fablica por la coalici\u00f3n \u201cSigamos Haciendo Historia\u201d, Claudia Tello Espinosa mencion\u00f3 que implementar\u00e1n los horarios extendidos en las escuelas primarias de todo el pa\u00eds. Es la propuesta que ha hecho la candidata presidencial de Morena, Claudia Sheinbaum respecto a las [&hellip;]<\/p>\n","protected":false},"author":2,"featured_media":0,"comment_status":"closed","ping_status":"closed","sticky":false,"template":"","format":"standard","meta":{"tdm_status":"","tdm_grid_status":"","footnotes":""},"categories":[73],"tags":[],"class_list":{"0":"post-122575","1":"post","2":"type-post","3":"status-publish","4":"format-standard","6":"category-de-boleto"},"yoast_head":"<!-- This site is optimized with the Yoast SEO plugin v27.4 - https:\/\/yoast.com\/product\/yoast-seo-wordpress\/ -->\n<title>ESCUELAS DE TIEMPO COMPLETO EN PRIMARIAS! - Los pol\u00edticos Veracruz<\/title>\n<meta name=\"robots\" content=\"index, follow, max-snippet:-1, max-image-preview:large, max-video-preview:-1\" \/>\n<link rel=\"canonical\" href=\"https:\/\/lospoliticosveracruz.com\/?p=122575\" \/>\n<meta property=\"og:locale\" content=\"es_ES\" \/>\n<meta property=\"og:type\" content=\"article\" \/>\n<meta property=\"og:title\" content=\"ESCUELAS DE TIEMPO COMPLETO EN PRIMARIAS! - Los pol\u00edticos Veracruz\" \/>\n<meta property=\"og:description\" content=\"Veracruz &nbsp;Como una medida para mejorar la calidad educativa, la candidata al Senado de la Rep\u00fablica por la coalici\u00f3n \u201cSigamos Haciendo Historia\u201d, Claudia Tello Espinosa mencion\u00f3 que implementar\u00e1n los horarios extendidos en las escuelas primarias de todo el pa\u00eds. Es la propuesta que ha hecho la candidata presidencial de Morena, Claudia Sheinbaum respecto a las [&hellip;]\" \/>\n<meta property=\"og:url\" content=\"https:\/\/lospoliticosveracruz.com\/?p=122575\" \/>\n<meta property=\"og:site_name\" content=\"Los pol\u00edticos Veracruz\" \/>\n<meta property=\"article:publisher\" content=\"https:\/\/www.facebook.com\/people\/Notimemes-de-los-Polticos\/61565672886568\/\" \/>\n<meta property=\"article:published_time\" content=\"2024-04-19T17:45:25+00:00\" \/>\n<meta property=\"article:modified_time\" content=\"2024-04-19T17:45:35+00:00\" \/>\n<meta property=\"og:image\" content=\"https:\/\/lospoliticosveracruz.com\/wp-content\/uploads\/2016\/07\/Logo-Dor.jpg\" \/>\n\t<meta property=\"og:image:width\" content=\"200\" \/>\n\t<meta property=\"og:image:height\" content=\"200\" \/>\n\t<meta property=\"og:image:type\" content=\"image\/jpeg\" \/>\n<meta name=\"author\" content=\"Lo viste en Los Pol\u00edticos\" \/>\n<meta name=\"twitter:card\" content=\"summary_large_image\" \/>\n<meta name=\"twitter:creator\" content=\"@LosPoliticosVer\" \/>\n<meta name=\"twitter:site\" content=\"@LosPoliticosVer\" \/>\n<meta name=\"twitter:label1\" content=\"Escrito por\" \/>\n\t<meta name=\"twitter:data1\" content=\"Lo viste en Los Pol\u00edticos\" \/>\n\t<meta name=\"twitter:label2\" content=\"Tiempo de lectura\" \/>\n\t<meta name=\"twitter:data2\" content=\"2 minutos\" \/>\n<script type=\"application\/ld+json\" class=\"yoast-schema-graph\">{\"@context\":\"https:\\\/\\\/schema.org\",\"@graph\":[{\"@type\":\"Article\",\"@id\":\"https:\\\/\\\/lospoliticosveracruz.com\\\/?p=122575#article\",\"isPartOf\":{\"@id\":\"https:\\\/\\\/lospoliticosveracruz.com\\\/?p=122575\"},\"author\":{\"name\":\"Lo viste en Los Pol\u00edticos\",\"@id\":\"https:\\\/\\\/lospoliticosveracruz.com\\\/#\\\/schema\\\/person\\\/b8702bb0e538456e6efd07080bf2a4a2\"},\"headline\":\"ESCUELAS DE TIEMPO COMPLETO EN PRIMARIAS!\",\"datePublished\":\"2024-04-19T17:45:25+00:00\",\"dateModified\":\"2024-04-19T17:45:35+00:00\",\"mainEntityOfPage\":{\"@id\":\"https:\\\/\\\/lospoliticosveracruz.com\\\/?p=122575\"},\"wordCount\":311,\"publisher\":{\"@id\":\"https:\\\/\\\/lospoliticosveracruz.com\\\/#organization\"},\"articleSection\":[\"De Boleto\"],\"inLanguage\":\"es\"},{\"@type\":\"WebPage\",\"@id\":\"https:\\\/\\\/lospoliticosveracruz.com\\\/?p=122575\",\"url\":\"https:\\\/\\\/lospoliticosveracruz.com\\\/?p=122575\",\"name\":\"ESCUELAS DE TIEMPO COMPLETO EN PRIMARIAS! - Los pol\u00edticos Veracruz\",\"isPartOf\":{\"@id\":\"https:\\\/\\\/lospoliticosveracruz.com\\\/#website\"},\"datePublished\":\"2024-04-19T17:45:25+00:00\",\"dateModified\":\"2024-04-19T17:45:35+00:00\",\"breadcrumb\":{\"@id\":\"https:\\\/\\\/lospoliticosveracruz.com\\\/?p=122575#breadcrumb\"},\"inLanguage\":\"es\",\"potentialAction\":[{\"@type\":\"ReadAction\",\"target\":[\"https:\\\/\\\/lospoliticosveracruz.com\\\/?p=122575\"]}]},{\"@type\":\"BreadcrumbList\",\"@id\":\"https:\\\/\\\/lospoliticosveracruz.com\\\/?p=122575#breadcrumb\",\"itemListElement\":[{\"@type\":\"ListItem\",\"position\":1,\"name\":\"Portada\",\"item\":\"https:\\\/\\\/lospoliticosveracruz.com\\\/\"},{\"@type\":\"ListItem\",\"position\":2,\"name\":\"ESCUELAS DE TIEMPO COMPLETO EN PRIMARIAS!\"}]},{\"@type\":\"WebSite\",\"@id\":\"https:\\\/\\\/lospoliticosveracruz.com\\\/#website\",\"url\":\"https:\\\/\\\/lospoliticosveracruz.com\\\/\",\"name\":\"Los pol\u00edticos Veracruz\",\"description\":\"\",\"publisher\":{\"@id\":\"https:\\\/\\\/lospoliticosveracruz.com\\\/#organization\"},\"potentialAction\":[{\"@type\":\"SearchAction\",\"target\":{\"@type\":\"EntryPoint\",\"urlTemplate\":\"https:\\\/\\\/lospoliticosveracruz.com\\\/?s={search_term_string}\"},\"query-input\":{\"@type\":\"PropertyValueSpecification\",\"valueRequired\":true,\"valueName\":\"search_term_string\"}}],\"inLanguage\":\"es\"},{\"@type\":\"Organization\",\"@id\":\"https:\\\/\\\/lospoliticosveracruz.com\\\/#organization\",\"name\":\"Los pol\u00edticos Veracruz\",\"url\":\"https:\\\/\\\/lospoliticosveracruz.com\\\/\",\"logo\":{\"@type\":\"ImageObject\",\"inLanguage\":\"es\",\"@id\":\"https:\\\/\\\/lospoliticosveracruz.com\\\/#\\\/schema\\\/logo\\\/image\\\/\",\"url\":\"https:\\\/\\\/lospoliticosveracruz.com\\\/wp-content\\\/uploads\\\/2025\\\/12\\\/Logo-Nuevo-LOS-POLITICOS-1.jpg\",\"contentUrl\":\"https:\\\/\\\/lospoliticosveracruz.com\\\/wp-content\\\/uploads\\\/2025\\\/12\\\/Logo-Nuevo-LOS-POLITICOS-1.jpg\",\"width\":260,\"height\":70,\"caption\":\"Los pol\u00edticos Veracruz\"},\"image\":{\"@id\":\"https:\\\/\\\/lospoliticosveracruz.com\\\/#\\\/schema\\\/logo\\\/image\\\/\"},\"sameAs\":[\"https:\\\/\\\/www.facebook.com\\\/people\\\/Notimemes-de-los-Polticos\\\/61565672886568\\\/\",\"https:\\\/\\\/x.com\\\/LosPoliticosVer\"]},{\"@type\":\"Person\",\"@id\":\"https:\\\/\\\/lospoliticosveracruz.com\\\/#\\\/schema\\\/person\\\/b8702bb0e538456e6efd07080bf2a4a2\",\"name\":\"Lo viste en Los Pol\u00edticos\",\"image\":{\"@type\":\"ImageObject\",\"inLanguage\":\"es\",\"@id\":\"https:\\\/\\\/secure.gravatar.com\\\/avatar\\\/3a8de04a2656d44082be478bd6c086daa447c4651605818287b9532d3d0bd435?s=96&d=mm&r=g\",\"url\":\"https:\\\/\\\/secure.gravatar.com\\\/avatar\\\/3a8de04a2656d44082be478bd6c086daa447c4651605818287b9532d3d0bd435?s=96&d=mm&r=g\",\"contentUrl\":\"https:\\\/\\\/secure.gravatar.com\\\/avatar\\\/3a8de04a2656d44082be478bd6c086daa447c4651605818287b9532d3d0bd435?s=96&d=mm&r=g\",\"caption\":\"Lo viste en Los Pol\u00edticos\"},\"url\":\"https:\\\/\\\/lospoliticosveracruz.com\\\/?author=2\"}]}<\/script>\n<!-- \/ Yoast SEO plugin. -->","yoast_head_json":{"title":"ESCUELAS DE TIEMPO COMPLETO EN PRIMARIAS! - Los pol\u00edticos Veracruz","robots":{"index":"index","follow":"follow","max-snippet":"max-snippet:-1","max-image-preview":"max-image-preview:large","max-video-preview":"max-video-preview:-1"},"canonical":"https:\/\/lospoliticosveracruz.com\/?p=122575","og_locale":"es_ES","og_type":"article","og_title":"ESCUELAS DE TIEMPO COMPLETO EN PRIMARIAS! - Los pol\u00edticos Veracruz","og_description":"Veracruz &nbsp;Como una medida para mejorar la calidad educativa, la candidata al Senado de la Rep\u00fablica por la coalici\u00f3n \u201cSigamos Haciendo Historia\u201d, Claudia Tello Espinosa mencion\u00f3 que implementar\u00e1n los horarios extendidos en las escuelas primarias de todo el pa\u00eds. Es la propuesta que ha hecho la candidata presidencial de Morena, Claudia Sheinbaum respecto a las [&hellip;]","og_url":"https:\/\/lospoliticosveracruz.com\/?p=122575","og_site_name":"Los pol\u00edticos Veracruz","article_publisher":"https:\/\/www.facebook.com\/people\/Notimemes-de-los-Polticos\/61565672886568\/","article_published_time":"2024-04-19T17:45:25+00:00","article_modified_time":"2024-04-19T17:45:35+00:00","og_image":[{"width":200,"height":200,"url":"https:\/\/lospoliticosveracruz.com\/wp-content\/uploads\/2016\/07\/Logo-Dor.jpg","type":"image\/jpeg"}],"author":"Lo viste en Los Pol\u00edticos","twitter_card":"summary_large_image","twitter_creator":"@LosPoliticosVer","twitter_site":"@LosPoliticosVer","twitter_misc":{"Escrito por":"Lo viste en Los Pol\u00edticos","Tiempo de lectura":"2 minutos"},"schema":{"@context":"https:\/\/schema.org","@graph":[{"@type":"Article","@id":"https:\/\/lospoliticosveracruz.com\/?p=122575#article","isPartOf":{"@id":"https:\/\/lospoliticosveracruz.com\/?p=122575"},"author":{"name":"Lo viste en Los Pol\u00edticos","@id":"https:\/\/lospoliticosveracruz.com\/#\/schema\/person\/b8702bb0e538456e6efd07080bf2a4a2"},"headline":"ESCUELAS DE TIEMPO COMPLETO EN PRIMARIAS!","datePublished":"2024-04-19T17:45:25+00:00","dateModified":"2024-04-19T17:45:35+00:00","mainEntityOfPage":{"@id":"https:\/\/lospoliticosveracruz.com\/?p=122575"},"wordCount":311,"publisher":{"@id":"https:\/\/lospoliticosveracruz.com\/#organization"},"articleSection":["De Boleto"],"inLanguage":"es"},{"@type":"WebPage","@id":"https:\/\/lospoliticosveracruz.com\/?p=122575","url":"https:\/\/lospoliticosveracruz.com\/?p=122575","name":"ESCUELAS DE TIEMPO COMPLETO EN PRIMARIAS! - Los pol\u00edticos Veracruz","isPartOf":{"@id":"https:\/\/lospoliticosveracruz.com\/#website"},"datePublished":"2024-04-19T17:45:25+00:00","dateModified":"2024-04-19T17:45:35+00:00","breadcrumb":{"@id":"https:\/\/lospoliticosveracruz.com\/?p=122575#breadcrumb"},"inLanguage":"es","potentialAction":[{"@type":"ReadAction","target":["https:\/\/lospoliticosveracruz.com\/?p=122575"]}]},{"@type":"BreadcrumbList","@id":"https:\/\/lospoliticosveracruz.com\/?p=122575#breadcrumb","itemListElement":[{"@type":"ListItem","position":1,"name":"Portada","item":"https:\/\/lospoliticosveracruz.com\/"},{"@type":"ListItem","position":2,"name":"ESCUELAS DE TIEMPO COMPLETO EN PRIMARIAS!"}]},{"@type":"WebSite","@id":"https:\/\/lospoliticosveracruz.com\/#website","url":"https:\/\/lospoliticosveracruz.com\/","name":"Los pol\u00edticos Veracruz","description":"","publisher":{"@id":"https:\/\/lospoliticosveracruz.com\/#organization"},"potentialAction":[{"@type":"SearchAction","target":{"@type":"EntryPoint","urlTemplate":"https:\/\/lospoliticosveracruz.com\/?s={search_term_string}"},"query-input":{"@type":"PropertyValueSpecification","valueRequired":true,"valueName":"search_term_string"}}],"inLanguage":"es"},{"@type":"Organization","@id":"https:\/\/lospoliticosveracruz.com\/#organization","name":"Los pol\u00edticos Veracruz","url":"https:\/\/lospoliticosveracruz.com\/","logo":{"@type":"ImageObject","inLanguage":"es","@id":"https:\/\/lospoliticosveracruz.com\/#\/schema\/logo\/image\/","url":"https:\/\/lospoliticosveracruz.com\/wp-content\/uploads\/2025\/12\/Logo-Nuevo-LOS-POLITICOS-1.jpg","contentUrl":"https:\/\/lospoliticosveracruz.com\/wp-content\/uploads\/2025\/12\/Logo-Nuevo-LOS-POLITICOS-1.jpg","width":260,"height":70,"caption":"Los pol\u00edticos Veracruz"},"image":{"@id":"https:\/\/lospoliticosveracruz.com\/#\/schema\/logo\/image\/"},"sameAs":["https:\/\/www.facebook.com\/people\/Notimemes-de-los-Polticos\/61565672886568\/","https:\/\/x.com\/LosPoliticosVer"]},{"@type":"Person","@id":"https:\/\/lospoliticosveracruz.com\/#\/schema\/person\/b8702bb0e538456e6efd07080bf2a4a2","name":"Lo viste en Los Pol\u00edticos","image":{"@type":"ImageObject","inLanguage":"es","@id":"https:\/\/secure.gravatar.com\/avatar\/3a8de04a2656d44082be478bd6c086daa447c4651605818287b9532d3d0bd435?s=96&d=mm&r=g","url":"https:\/\/secure.gravatar.com\/avatar\/3a8de04a2656d44082be478bd6c086daa447c4651605818287b9532d3d0bd435?s=96&d=mm&r=g","contentUrl":"https:\/\/secure.gravatar.com\/avatar\/3a8de04a2656d44082be478bd6c086daa447c4651605818287b9532d3d0bd435?s=96&d=mm&r=g","caption":"Lo viste en Los Pol\u00edticos"},"url":"https:\/\/lospoliticosveracruz.com\/?author=2"}]}},"_links":{"self":[{"href":"https:\/\/lospoliticosveracruz.com\/index.php?rest_route=\/wp\/v2\/posts\/122575","targetHints":{"allow":["GET"]}}],"collection":[{"href":"https:\/\/lospoliticosveracruz.com\/index.php?rest_route=\/wp\/v2\/posts"}],"about":[{"href":"https:\/\/lospoliticosveracruz.com\/index.php?rest_route=\/wp\/v2\/types\/post"}],"author":[{"embeddable":true,"href":"https:\/\/lospoliticosveracruz.com\/index.php?rest_route=\/wp\/v2\/users\/2"}],"replies":[{"embeddable":true,"href":"https:\/\/lospoliticosveracruz.com\/index.php?rest_route=%2Fwp%2Fv2%2Fcomments&post=122575"}],"version-history":[{"count":1,"href":"https:\/\/lospoliticosveracruz.com\/index.php?rest_route=\/wp\/v2\/posts\/122575\/revisions"}],"predecessor-version":[{"id":122577,"href":"https:\/\/lospoliticosveracruz.com\/index.php?rest_route=\/wp\/v2\/posts\/122575\/revisions\/122577"}],"wp:attachment":[{"href":"https:\/\/lospoliticosveracruz.com\/index.php?rest_route=%2Fwp%2Fv2%2Fmedia&parent=122575"}],"wp:term":[{"taxonomy":"category","embeddable":true,"href":"https:\/\/lospoliticosveracruz.com\/index.php?rest_route=%2Fwp%2Fv2%2Fcategories&post=122575"},{"taxonomy":"post_tag","embeddable":true,"href":"https:\/\/lospoliticosveracruz.com\/index.php?rest_route=%2Fwp%2Fv2%2Ftags&post=122575"}],"curies":[{"name":"wp","href":"https:\/\/api.w.org\/{rel}","templated":true}]}}