{"id":122582,"date":"2024-04-19T16:01:58","date_gmt":"2024-04-19T21:01:58","guid":{"rendered":"https:\/\/lospoliticosveracruz.com.mx\/?p=122582"},"modified":"2024-04-19T16:02:12","modified_gmt":"2024-04-19T21:02:12","slug":"ni-extorsion-ni-cobro-de-piso","status":"publish","type":"post","link":"https:\/\/lospoliticosveracruz.com\/?p=122582","title":{"rendered":"NI EXTORSI\u00d3N NI COBRO DE PISO!"},"content":{"rendered":"\n<p><\/p>\n\n\n\n<p><strong>Xalapa<\/strong><br>El principal prop\u00f3sito del pr\u00f3ximo gobierno del estado en materia de seguridad ser\u00e1 proteger a las y los ciudadanos y su patrimonio, a los empresarios, los negocios y la industria, porque ninguna actividad econ\u00f3mica en Veracruz debe estar sujeta a la extorsi\u00f3n ni al pago de piso.<\/p>\n\n\n<div class=\"wp-block-image\">\n<figure class=\"alignleft size-medium\"><a href=\"https:\/\/lospoliticosveracruz.com.mx\/wp-content\/uploads\/2023\/02\/Estancia.jpg\"><img decoding=\"async\" src=\"https:\/\/lospoliticosveracruz.com.mx\/wp-content\/uploads\/2023\/02\/Estancia-190x300.jpg\" alt=\"\" class=\"wp-image-102751\"\/><\/a><\/figure>\n<\/div>\n\n\n<p>En estos t\u00e9rminos, el candidato a gobernador Jos\u00e9 Francisco Yunes Zorrilla estableci\u00f3 un compromiso con las mujeres y los hombres de negocios y las familias veracruzanas al participar en el Foro Democr\u00e1tico 2024.<\/p>\n\n\n\n<p>Al lado de l\u00edderes e integrantes del Consejo Empresarial Metropolitano de Xalapa, Pepe Yunes dijo que para \u00e9l \u201ces un honor ser veracruzano y un enorme compromiso retomar el esfuerzo, el trabajo y la organizaci\u00f3n con todos ustedes para corregir el abandono en el que lamentablemente hoy se encuentra Veracruz\u201d.<\/p>\n\n\n\n<p>En ese sentido, expuso que una campa\u00f1a electoral consiste en contrastar ofertas y trayectorias y poner bajo la lupa colectiva qui\u00e9n es qui\u00e9n, qui\u00e9n dice la verdad, qui\u00e9n miente, qui\u00e9n es honesto y qui\u00e9n es corrupto, qui\u00e9n sabe a lo que se va a enfrentar y qui\u00e9n viene por moda.<\/p>\n\n\n\n<p>Centr\u00f3 su mensaje en lo fundamental de una propuesta: adem\u00e1s del qu\u00e9, se debe explicar c\u00f3mo, cu\u00e1nto, de d\u00f3nde saldr\u00e1 el dinero y c\u00f3mo se va a instrumentar \u201cporque las campa\u00f1as pol\u00edticas lamentablemente han degenerado a esa otra falsa ilusi\u00f3n\u201d.<\/p>\n\n\n\n<p>El candidato de la coalici\u00f3n Fuerza y Coraz\u00f3n por Veracruz manifest\u00f3 que el soporte de su propuesta es la suficiencia financiera. Previamente \u201chemos estudiado las finanzas p\u00fablicas del estado, sabemos d\u00f3nde pueden estar los recursos y c\u00f3mo podemos generar m\u00e1s\u201d.<\/p>\n\n\n\n<p>En el proyecto que encabeza, \u201caspiramos a posicionar un Gobierno de Verdad que tome control de la vida p\u00fablica de Veracruz, que la ordene y que todo el andamiaje y todo el conjunto institucional est\u00e9n al servicio de la gente\u201d.<\/p>\n\n\n\n<p>Pepe Yunes se\u00f1al\u00f3 las principales necesidades de la entidad: actividad econ\u00f3mica industrial, agua, energ\u00eda el\u00e9ctrica, gas e infraestructura. En lo social, mayor inclusi\u00f3n de todas las personas, menos desigualdad y pobreza. En seguridad, m\u00e1s polic\u00edas, mejores sueldos, mejor tecnolog\u00eda, trabajo de inteligencia, log\u00edstica por zona metropolitana.<\/p>\n\n\n\n<p>De acuerdo con el candidato, en M\u00e9xico y Veracruz hay solo dos opciones: la comodidad de ver c\u00f3mo el estado y el pa\u00eds se caen a pedazos gracias a las mentiras de Morena o salir a luchar y defender derechos y libertades y recuperar un gobierno que d\u00e9 respuestas y est\u00e9 al servicio de la gente.<\/p>\n\n\n\n<p>Pepe Yunes alz\u00f3 la voz en nombre de las y los veracruzanos: \u201c\u00a1Nunca m\u00e1s un programa de infraestructura que no est\u00e9 sancionado por las c\u00e1maras! \u00a1Nunca m\u00e1s una pol\u00edtica de desarrollo que no lleve el visto bueno de arquitectos o ingenieros!\u201d.<\/p>\n\n\n\n<p>Finaliz\u00f3 su mensaje asegurando con convicci\u00f3n que \u00abesta elecci\u00f3n ya la remontamos, esta elecci\u00f3n ya la ganamos. Nos toca cuidarla, nos toca evitar que nos la arrebaten. \u00a1Nunca m\u00e1s un gobierno improvisado alejado de la gente!\u00bb<\/p>\n","protected":false},"excerpt":{"rendered":"<p>XalapaEl principal prop\u00f3sito del pr\u00f3ximo gobierno del estado en materia de seguridad ser\u00e1 proteger a las y los ciudadanos y su patrimonio, a los empresarios, los negocios y la industria, porque ninguna actividad econ\u00f3mica en Veracruz debe estar sujeta a la extorsi\u00f3n ni al pago de piso. En estos t\u00e9rminos, el candidato a gobernador Jos\u00e9 [&hellip;]<\/p>\n","protected":false},"author":2,"featured_media":0,"comment_status":"closed","ping_status":"closed","sticky":false,"template":"","format":"standard","meta":{"tdm_status":"","tdm_grid_status":"","footnotes":""},"categories":[73],"tags":[],"class_list":{"0":"post-122582","1":"post","2":"type-post","3":"status-publish","4":"format-standard","6":"category-de-boleto"},"yoast_head":"<!-- This site is optimized with the Yoast SEO plugin v27.4 - https:\/\/yoast.com\/product\/yoast-seo-wordpress\/ -->\n<title>NI EXTORSI\u00d3N NI COBRO DE PISO! - Los pol\u00edticos Veracruz<\/title>\n<meta name=\"robots\" content=\"index, follow, max-snippet:-1, max-image-preview:large, max-video-preview:-1\" \/>\n<link rel=\"canonical\" href=\"https:\/\/lospoliticosveracruz.com\/?p=122582\" \/>\n<meta property=\"og:locale\" content=\"es_ES\" \/>\n<meta property=\"og:type\" content=\"article\" \/>\n<meta property=\"og:title\" content=\"NI EXTORSI\u00d3N NI COBRO DE PISO! - Los pol\u00edticos Veracruz\" \/>\n<meta property=\"og:description\" content=\"XalapaEl principal prop\u00f3sito del pr\u00f3ximo gobierno del estado en materia de seguridad ser\u00e1 proteger a las y los ciudadanos y su patrimonio, a los empresarios, los negocios y la industria, porque ninguna actividad econ\u00f3mica en Veracruz debe estar sujeta a la extorsi\u00f3n ni al pago de piso. En estos t\u00e9rminos, el candidato a gobernador Jos\u00e9 [&hellip;]\" \/>\n<meta property=\"og:url\" content=\"https:\/\/lospoliticosveracruz.com\/?p=122582\" \/>\n<meta property=\"og:site_name\" content=\"Los pol\u00edticos Veracruz\" \/>\n<meta property=\"article:publisher\" content=\"https:\/\/www.facebook.com\/people\/Notimemes-de-los-Polticos\/61565672886568\/\" \/>\n<meta property=\"article:published_time\" content=\"2024-04-19T21:01:58+00:00\" \/>\n<meta property=\"article:modified_time\" content=\"2024-04-19T21:02:12+00:00\" \/>\n<meta property=\"og:image\" content=\"https:\/\/lospoliticosveracruz.com.mx\/wp-content\/uploads\/2023\/02\/Estancia-190x300.jpg\" \/>\n<meta name=\"author\" content=\"Lo viste en Los Pol\u00edticos\" \/>\n<meta name=\"twitter:card\" content=\"summary_large_image\" \/>\n<meta name=\"twitter:creator\" content=\"@LosPoliticosVer\" \/>\n<meta name=\"twitter:site\" content=\"@LosPoliticosVer\" \/>\n<meta name=\"twitter:label1\" content=\"Escrito por\" \/>\n\t<meta name=\"twitter:data1\" content=\"Lo viste en Los Pol\u00edticos\" \/>\n\t<meta name=\"twitter:label2\" content=\"Tiempo de lectura\" \/>\n\t<meta name=\"twitter:data2\" content=\"3 minutos\" \/>\n<script type=\"application\/ld+json\" class=\"yoast-schema-graph\">{\"@context\":\"https:\\\/\\\/schema.org\",\"@graph\":[{\"@type\":\"Article\",\"@id\":\"https:\\\/\\\/lospoliticosveracruz.com\\\/?p=122582#article\",\"isPartOf\":{\"@id\":\"https:\\\/\\\/lospoliticosveracruz.com\\\/?p=122582\"},\"author\":{\"name\":\"Lo viste en Los Pol\u00edticos\",\"@id\":\"https:\\\/\\\/lospoliticosveracruz.com\\\/#\\\/schema\\\/person\\\/b8702bb0e538456e6efd07080bf2a4a2\"},\"headline\":\"NI EXTORSI\u00d3N NI COBRO DE PISO!\",\"datePublished\":\"2024-04-19T21:01:58+00:00\",\"dateModified\":\"2024-04-19T21:02:12+00:00\",\"mainEntityOfPage\":{\"@id\":\"https:\\\/\\\/lospoliticosveracruz.com\\\/?p=122582\"},\"wordCount\":539,\"publisher\":{\"@id\":\"https:\\\/\\\/lospoliticosveracruz.com\\\/#organization\"},\"image\":{\"@id\":\"https:\\\/\\\/lospoliticosveracruz.com\\\/?p=122582#primaryimage\"},\"thumbnailUrl\":\"https:\\\/\\\/lospoliticosveracruz.com.mx\\\/wp-content\\\/uploads\\\/2023\\\/02\\\/Estancia-190x300.jpg\",\"articleSection\":[\"De Boleto\"],\"inLanguage\":\"es\"},{\"@type\":\"WebPage\",\"@id\":\"https:\\\/\\\/lospoliticosveracruz.com\\\/?p=122582\",\"url\":\"https:\\\/\\\/lospoliticosveracruz.com\\\/?p=122582\",\"name\":\"NI EXTORSI\u00d3N NI COBRO DE PISO! - Los pol\u00edticos Veracruz\",\"isPartOf\":{\"@id\":\"https:\\\/\\\/lospoliticosveracruz.com\\\/#website\"},\"primaryImageOfPage\":{\"@id\":\"https:\\\/\\\/lospoliticosveracruz.com\\\/?p=122582#primaryimage\"},\"image\":{\"@id\":\"https:\\\/\\\/lospoliticosveracruz.com\\\/?p=122582#primaryimage\"},\"thumbnailUrl\":\"https:\\\/\\\/lospoliticosveracruz.com.mx\\\/wp-content\\\/uploads\\\/2023\\\/02\\\/Estancia-190x300.jpg\",\"datePublished\":\"2024-04-19T21:01:58+00:00\",\"dateModified\":\"2024-04-19T21:02:12+00:00\",\"breadcrumb\":{\"@id\":\"https:\\\/\\\/lospoliticosveracruz.com\\\/?p=122582#breadcrumb\"},\"inLanguage\":\"es\",\"potentialAction\":[{\"@type\":\"ReadAction\",\"target\":[\"https:\\\/\\\/lospoliticosveracruz.com\\\/?p=122582\"]}]},{\"@type\":\"ImageObject\",\"inLanguage\":\"es\",\"@id\":\"https:\\\/\\\/lospoliticosveracruz.com\\\/?p=122582#primaryimage\",\"url\":\"https:\\\/\\\/lospoliticosveracruz.com.mx\\\/wp-content\\\/uploads\\\/2023\\\/02\\\/Estancia-190x300.jpg\",\"contentUrl\":\"https:\\\/\\\/lospoliticosveracruz.com.mx\\\/wp-content\\\/uploads\\\/2023\\\/02\\\/Estancia-190x300.jpg\"},{\"@type\":\"BreadcrumbList\",\"@id\":\"https:\\\/\\\/lospoliticosveracruz.com\\\/?p=122582#breadcrumb\",\"itemListElement\":[{\"@type\":\"ListItem\",\"position\":1,\"name\":\"Portada\",\"item\":\"https:\\\/\\\/lospoliticosveracruz.com\\\/\"},{\"@type\":\"ListItem\",\"position\":2,\"name\":\"NI EXTORSI\u00d3N NI COBRO DE PISO!\"}]},{\"@type\":\"WebSite\",\"@id\":\"https:\\\/\\\/lospoliticosveracruz.com\\\/#website\",\"url\":\"https:\\\/\\\/lospoliticosveracruz.com\\\/\",\"name\":\"Los pol\u00edticos Veracruz\",\"description\":\"\",\"publisher\":{\"@id\":\"https:\\\/\\\/lospoliticosveracruz.com\\\/#organization\"},\"potentialAction\":[{\"@type\":\"SearchAction\",\"target\":{\"@type\":\"EntryPoint\",\"urlTemplate\":\"https:\\\/\\\/lospoliticosveracruz.com\\\/?s={search_term_string}\"},\"query-input\":{\"@type\":\"PropertyValueSpecification\",\"valueRequired\":true,\"valueName\":\"search_term_string\"}}],\"inLanguage\":\"es\"},{\"@type\":\"Organization\",\"@id\":\"https:\\\/\\\/lospoliticosveracruz.com\\\/#organization\",\"name\":\"Los pol\u00edticos Veracruz\",\"url\":\"https:\\\/\\\/lospoliticosveracruz.com\\\/\",\"logo\":{\"@type\":\"ImageObject\",\"inLanguage\":\"es\",\"@id\":\"https:\\\/\\\/lospoliticosveracruz.com\\\/#\\\/schema\\\/logo\\\/image\\\/\",\"url\":\"https:\\\/\\\/lospoliticosveracruz.com\\\/wp-content\\\/uploads\\\/2025\\\/12\\\/Logo-Nuevo-LOS-POLITICOS-1.jpg\",\"contentUrl\":\"https:\\\/\\\/lospoliticosveracruz.com\\\/wp-content\\\/uploads\\\/2025\\\/12\\\/Logo-Nuevo-LOS-POLITICOS-1.jpg\",\"width\":260,\"height\":70,\"caption\":\"Los pol\u00edticos Veracruz\"},\"image\":{\"@id\":\"https:\\\/\\\/lospoliticosveracruz.com\\\/#\\\/schema\\\/logo\\\/image\\\/\"},\"sameAs\":[\"https:\\\/\\\/www.facebook.com\\\/people\\\/Notimemes-de-los-Polticos\\\/61565672886568\\\/\",\"https:\\\/\\\/x.com\\\/LosPoliticosVer\"]},{\"@type\":\"Person\",\"@id\":\"https:\\\/\\\/lospoliticosveracruz.com\\\/#\\\/schema\\\/person\\\/b8702bb0e538456e6efd07080bf2a4a2\",\"name\":\"Lo viste en Los Pol\u00edticos\",\"image\":{\"@type\":\"ImageObject\",\"inLanguage\":\"es\",\"@id\":\"https:\\\/\\\/secure.gravatar.com\\\/avatar\\\/3a8de04a2656d44082be478bd6c086daa447c4651605818287b9532d3d0bd435?s=96&d=mm&r=g\",\"url\":\"https:\\\/\\\/secure.gravatar.com\\\/avatar\\\/3a8de04a2656d44082be478bd6c086daa447c4651605818287b9532d3d0bd435?s=96&d=mm&r=g\",\"contentUrl\":\"https:\\\/\\\/secure.gravatar.com\\\/avatar\\\/3a8de04a2656d44082be478bd6c086daa447c4651605818287b9532d3d0bd435?s=96&d=mm&r=g\",\"caption\":\"Lo viste en Los Pol\u00edticos\"},\"url\":\"https:\\\/\\\/lospoliticosveracruz.com\\\/?author=2\"}]}<\/script>\n<!-- \/ Yoast SEO plugin. -->","yoast_head_json":{"title":"NI EXTORSI\u00d3N NI COBRO DE PISO! - Los pol\u00edticos Veracruz","robots":{"index":"index","follow":"follow","max-snippet":"max-snippet:-1","max-image-preview":"max-image-preview:large","max-video-preview":"max-video-preview:-1"},"canonical":"https:\/\/lospoliticosveracruz.com\/?p=122582","og_locale":"es_ES","og_type":"article","og_title":"NI EXTORSI\u00d3N NI COBRO DE PISO! - Los pol\u00edticos Veracruz","og_description":"XalapaEl principal prop\u00f3sito del pr\u00f3ximo gobierno del estado en materia de seguridad ser\u00e1 proteger a las y los ciudadanos y su patrimonio, a los empresarios, los negocios y la industria, porque ninguna actividad econ\u00f3mica en Veracruz debe estar sujeta a la extorsi\u00f3n ni al pago de piso. En estos t\u00e9rminos, el candidato a gobernador Jos\u00e9 [&hellip;]","og_url":"https:\/\/lospoliticosveracruz.com\/?p=122582","og_site_name":"Los pol\u00edticos Veracruz","article_publisher":"https:\/\/www.facebook.com\/people\/Notimemes-de-los-Polticos\/61565672886568\/","article_published_time":"2024-04-19T21:01:58+00:00","article_modified_time":"2024-04-19T21:02:12+00:00","og_image":[{"url":"https:\/\/lospoliticosveracruz.com.mx\/wp-content\/uploads\/2023\/02\/Estancia-190x300.jpg","type":"","width":"","height":""}],"author":"Lo viste en Los Pol\u00edticos","twitter_card":"summary_large_image","twitter_creator":"@LosPoliticosVer","twitter_site":"@LosPoliticosVer","twitter_misc":{"Escrito por":"Lo viste en Los Pol\u00edticos","Tiempo de lectura":"3 minutos"},"schema":{"@context":"https:\/\/schema.org","@graph":[{"@type":"Article","@id":"https:\/\/lospoliticosveracruz.com\/?p=122582#article","isPartOf":{"@id":"https:\/\/lospoliticosveracruz.com\/?p=122582"},"author":{"name":"Lo viste en Los Pol\u00edticos","@id":"https:\/\/lospoliticosveracruz.com\/#\/schema\/person\/b8702bb0e538456e6efd07080bf2a4a2"},"headline":"NI EXTORSI\u00d3N NI COBRO DE PISO!","datePublished":"2024-04-19T21:01:58+00:00","dateModified":"2024-04-19T21:02:12+00:00","mainEntityOfPage":{"@id":"https:\/\/lospoliticosveracruz.com\/?p=122582"},"wordCount":539,"publisher":{"@id":"https:\/\/lospoliticosveracruz.com\/#organization"},"image":{"@id":"https:\/\/lospoliticosveracruz.com\/?p=122582#primaryimage"},"thumbnailUrl":"https:\/\/lospoliticosveracruz.com.mx\/wp-content\/uploads\/2023\/02\/Estancia-190x300.jpg","articleSection":["De Boleto"],"inLanguage":"es"},{"@type":"WebPage","@id":"https:\/\/lospoliticosveracruz.com\/?p=122582","url":"https:\/\/lospoliticosveracruz.com\/?p=122582","name":"NI EXTORSI\u00d3N NI COBRO DE PISO! - Los pol\u00edticos Veracruz","isPartOf":{"@id":"https:\/\/lospoliticosveracruz.com\/#website"},"primaryImageOfPage":{"@id":"https:\/\/lospoliticosveracruz.com\/?p=122582#primaryimage"},"image":{"@id":"https:\/\/lospoliticosveracruz.com\/?p=122582#primaryimage"},"thumbnailUrl":"https:\/\/lospoliticosveracruz.com.mx\/wp-content\/uploads\/2023\/02\/Estancia-190x300.jpg","datePublished":"2024-04-19T21:01:58+00:00","dateModified":"2024-04-19T21:02:12+00:00","breadcrumb":{"@id":"https:\/\/lospoliticosveracruz.com\/?p=122582#breadcrumb"},"inLanguage":"es","potentialAction":[{"@type":"ReadAction","target":["https:\/\/lospoliticosveracruz.com\/?p=122582"]}]},{"@type":"ImageObject","inLanguage":"es","@id":"https:\/\/lospoliticosveracruz.com\/?p=122582#primaryimage","url":"https:\/\/lospoliticosveracruz.com.mx\/wp-content\/uploads\/2023\/02\/Estancia-190x300.jpg","contentUrl":"https:\/\/lospoliticosveracruz.com.mx\/wp-content\/uploads\/2023\/02\/Estancia-190x300.jpg"},{"@type":"BreadcrumbList","@id":"https:\/\/lospoliticosveracruz.com\/?p=122582#breadcrumb","itemListElement":[{"@type":"ListItem","position":1,"name":"Portada","item":"https:\/\/lospoliticosveracruz.com\/"},{"@type":"ListItem","position":2,"name":"NI EXTORSI\u00d3N NI COBRO DE PISO!"}]},{"@type":"WebSite","@id":"https:\/\/lospoliticosveracruz.com\/#website","url":"https:\/\/lospoliticosveracruz.com\/","name":"Los pol\u00edticos Veracruz","description":"","publisher":{"@id":"https:\/\/lospoliticosveracruz.com\/#organization"},"potentialAction":[{"@type":"SearchAction","target":{"@type":"EntryPoint","urlTemplate":"https:\/\/lospoliticosveracruz.com\/?s={search_term_string}"},"query-input":{"@type":"PropertyValueSpecification","valueRequired":true,"valueName":"search_term_string"}}],"inLanguage":"es"},{"@type":"Organization","@id":"https:\/\/lospoliticosveracruz.com\/#organization","name":"Los pol\u00edticos Veracruz","url":"https:\/\/lospoliticosveracruz.com\/","logo":{"@type":"ImageObject","inLanguage":"es","@id":"https:\/\/lospoliticosveracruz.com\/#\/schema\/logo\/image\/","url":"https:\/\/lospoliticosveracruz.com\/wp-content\/uploads\/2025\/12\/Logo-Nuevo-LOS-POLITICOS-1.jpg","contentUrl":"https:\/\/lospoliticosveracruz.com\/wp-content\/uploads\/2025\/12\/Logo-Nuevo-LOS-POLITICOS-1.jpg","width":260,"height":70,"caption":"Los pol\u00edticos Veracruz"},"image":{"@id":"https:\/\/lospoliticosveracruz.com\/#\/schema\/logo\/image\/"},"sameAs":["https:\/\/www.facebook.com\/people\/Notimemes-de-los-Polticos\/61565672886568\/","https:\/\/x.com\/LosPoliticosVer"]},{"@type":"Person","@id":"https:\/\/lospoliticosveracruz.com\/#\/schema\/person\/b8702bb0e538456e6efd07080bf2a4a2","name":"Lo viste en Los Pol\u00edticos","image":{"@type":"ImageObject","inLanguage":"es","@id":"https:\/\/secure.gravatar.com\/avatar\/3a8de04a2656d44082be478bd6c086daa447c4651605818287b9532d3d0bd435?s=96&d=mm&r=g","url":"https:\/\/secure.gravatar.com\/avatar\/3a8de04a2656d44082be478bd6c086daa447c4651605818287b9532d3d0bd435?s=96&d=mm&r=g","contentUrl":"https:\/\/secure.gravatar.com\/avatar\/3a8de04a2656d44082be478bd6c086daa447c4651605818287b9532d3d0bd435?s=96&d=mm&r=g","caption":"Lo viste en Los Pol\u00edticos"},"url":"https:\/\/lospoliticosveracruz.com\/?author=2"}]}},"_links":{"self":[{"href":"https:\/\/lospoliticosveracruz.com\/index.php?rest_route=\/wp\/v2\/posts\/122582","targetHints":{"allow":["GET"]}}],"collection":[{"href":"https:\/\/lospoliticosveracruz.com\/index.php?rest_route=\/wp\/v2\/posts"}],"about":[{"href":"https:\/\/lospoliticosveracruz.com\/index.php?rest_route=\/wp\/v2\/types\/post"}],"author":[{"embeddable":true,"href":"https:\/\/lospoliticosveracruz.com\/index.php?rest_route=\/wp\/v2\/users\/2"}],"replies":[{"embeddable":true,"href":"https:\/\/lospoliticosveracruz.com\/index.php?rest_route=%2Fwp%2Fv2%2Fcomments&post=122582"}],"version-history":[{"count":2,"href":"https:\/\/lospoliticosveracruz.com\/index.php?rest_route=\/wp\/v2\/posts\/122582\/revisions"}],"predecessor-version":[{"id":122585,"href":"https:\/\/lospoliticosveracruz.com\/index.php?rest_route=\/wp\/v2\/posts\/122582\/revisions\/122585"}],"wp:attachment":[{"href":"https:\/\/lospoliticosveracruz.com\/index.php?rest_route=%2Fwp%2Fv2%2Fmedia&parent=122582"}],"wp:term":[{"taxonomy":"category","embeddable":true,"href":"https:\/\/lospoliticosveracruz.com\/index.php?rest_route=%2Fwp%2Fv2%2Fcategories&post=122582"},{"taxonomy":"post_tag","embeddable":true,"href":"https:\/\/lospoliticosveracruz.com\/index.php?rest_route=%2Fwp%2Fv2%2Ftags&post=122582"}],"curies":[{"name":"wp","href":"https:\/\/api.w.org\/{rel}","templated":true}]}}