{"id":122651,"date":"2024-04-20T21:12:23","date_gmt":"2024-04-21T02:12:23","guid":{"rendered":"https:\/\/lospoliticosveracruz.com.mx\/?p=122651"},"modified":"2024-04-20T21:12:37","modified_gmt":"2024-04-21T02:12:37","slug":"ixhuatlan-de-madero-entrega-baston-de-mando-a-nahle","status":"publish","type":"post","link":"https:\/\/lospoliticosveracruz.com\/?p=122651","title":{"rendered":"IXHUATL\u00c1N DE MADERO ENTREGA BAST\u00d3N DE MANDO A NAHLE"},"content":{"rendered":"\n<p><\/p>\n\n\n\n<p><strong>Ixhuatl\u00e1n de Madero<\/strong><br>Aqu\u00ed, en la tierra de Heberto Castillo, referente de la izquierda en M\u00e9xico, los ciudadanos y ciudadanas le entregaron el bast\u00f3n de mando a Roc\u00edo Nahle Garc\u00eda, candidata a la gubernatura por Morena, PT, Partido Verde y Fuerza por M\u00e9xico en Veracruz.<\/p>\n\n\n<div class=\"wp-block-image\">\n<figure class=\"alignleft size-thumbnail\"><a href=\"https:\/\/lospoliticosveracruz.com.mx\/wp-content\/uploads\/2023\/08\/Alex.jpg\"><img decoding=\"async\" src=\"https:\/\/lospoliticosveracruz.com.mx\/wp-content\/uploads\/2023\/08\/Alex-150x150.jpg\" alt=\"\" class=\"wp-image-110522\"\/><\/a><\/figure>\n<\/div>\n\n\n<p>Nahle Garc\u00eda, quien entr\u00f3 al pueblo caminando acompa\u00f1ada de miles de simpatizantes, reconoci\u00f3 ante los ixhuatlenses la importancia de Heberto Castillo como uno de los ide\u00f3logos m\u00e1s importantes de la izquierda mexicana y veracruzana as\u00ed como su aportaci\u00f3n al avance de la misma al ceder en 1988 la candidatura presidencial a Cuauht\u00e9moc C\u00e1rdenas.<\/p>\n\n\n\n<p>El trabajo de los precursores deriv\u00f3 en lo que hoy es la Cuarta Transformaci\u00f3n, afirm\u00f3 Nahle Garc\u00eda.<\/p>\n\n\n\n<p>\u201cUn gusto estar en Ixhuatl\u00e1n de Madero, por supuesto, un pueblo con mucha historia y en la izquierda en el gobierno progresista de aqu\u00ed, ya lo coment\u00f3 nuestra candidata, Heberto Castillo, un hombre que sali\u00f3 de este pueblo, que se prepar\u00f3 y a pesar de los tiempos pol\u00edticos donde hab\u00eda una opresi\u00f3n, a pesar de los tiempos pol\u00edticos que le toc\u00f3 vivir, fue un hombre, un estadista, con visi\u00f3n de estado (sic), pero tambi\u00e9n su actitud democr\u00e1tica, un ejemplo, Heberto fue un ejemplo en la democracia porque Heberto ten\u00eda todo para ser candidato a la Presidencia de M\u00e9xico y en 1988 cedi\u00f3 su espacio para que Cuauht\u00e9moc C\u00e1rdenas caminar\u00e1 y empezar\u00e1 desde entonces a construirse el camino para la alternancia verdadera y llegar al 2018, muchos a\u00f1os han pasado y miren donde estamos compa\u00f1eros\u201d, apunt\u00f3.<\/p>\n\n\n\n<p>Es por eso que las nuevas generaciones de izquierda deben valorar la historia y evitar que vuelvan los neoliberales que a\u00f1oran los tiempos del pasado, de la corrupci\u00f3n y el dispendio.<\/p>\n\n\n\n<p>Por eso, subray\u00f3, no hay comparaci\u00f3n entre los dos proyectos que hoy est\u00e1n en competencia de cara al 2 de junio, el neoliberal que significar\u00e1 un retroceso para M\u00e9xico y el que representa la izquierda y la Cuarta Transformaci\u00f3n.<\/p>\n\n\n\n<p>En Veracruz, la continuidad que representa su proyecto, dijo Nahle, es la alternativa para la continuidad de la transformaci\u00f3n porque el abanderado de la oposici\u00f3n no representa nada<br>\u201cno somos iguales: yo soy patriota y \u00e9l es entreguista\u201d, sentenci\u00f3.<\/p>\n\n\n\n<p>Roc\u00edo Nahle reiter\u00f3 que la izquierda tard\u00f3 mucho en llegar y hoy deben defender lo que por d\u00e9cadas construyeron.<\/p>\n\n\n\n<p>En 2018, finalmente, Andr\u00e9s Manuel L\u00f3pez Obrador pas\u00f3 a la historia como el primer presidente de izquierda en M\u00e9xico, eso, indic\u00f3, no debe olvidarse.<\/p>\n\n\n\n<p>\u201cTardamos muchos a\u00f1os de construir, de caminar, de construir luchas sociales, de compa\u00f1eros que se adelantaron y que hoy desde donde est\u00e9n han de estar felices viendo que en M\u00e9xico ya hay una real transformaci\u00f3n y fue el 1 de diciembre de 2018 cuando Andr\u00e9s Manuel L\u00f3pez Obrador tom\u00f3 posesi\u00f3n como Presidente de M\u00e9xico y entr\u00f3 a Palacio Nacional pero no entr\u00f3 solo, cuando entr\u00f3 atr\u00e1s de \u00e9l \u00edbamos millones de mexicanos con la ilusi\u00f3n y la esperanza que depositamos despu\u00e9s de haber trabajado tantos a\u00f1os para lo que hoy estamos viviendo\u201d, finaliz\u00f3.<\/p>\n","protected":false},"excerpt":{"rendered":"<p>Ixhuatl\u00e1n de MaderoAqu\u00ed, en la tierra de Heberto Castillo, referente de la izquierda en M\u00e9xico, los ciudadanos y ciudadanas le entregaron el bast\u00f3n de mando a Roc\u00edo Nahle Garc\u00eda, candidata a la gubernatura por Morena, PT, Partido Verde y Fuerza por M\u00e9xico en Veracruz. Nahle Garc\u00eda, quien entr\u00f3 al pueblo caminando acompa\u00f1ada de miles de [&hellip;]<\/p>\n","protected":false},"author":2,"featured_media":0,"comment_status":"closed","ping_status":"closed","sticky":false,"template":"","format":"standard","meta":{"tdm_status":"","tdm_grid_status":"","footnotes":""},"categories":[73],"tags":[1026,965,2289,4386],"class_list":{"0":"post-122651","1":"post","2":"type-post","3":"status-publish","4":"format-standard","6":"category-de-boleto","7":"tag-morena","8":"tag-partido-verde","9":"tag-pt","10":"tag-rocio-nahle-garcia"},"yoast_head":"<!-- This site is optimized with the Yoast SEO plugin v27.4 - https:\/\/yoast.com\/product\/yoast-seo-wordpress\/ -->\n<title>IXHUATL\u00c1N DE MADERO ENTREGA BAST\u00d3N DE MANDO A NAHLE - Los pol\u00edticos Veracruz<\/title>\n<meta name=\"robots\" content=\"index, follow, max-snippet:-1, max-image-preview:large, max-video-preview:-1\" \/>\n<link rel=\"canonical\" href=\"https:\/\/lospoliticosveracruz.com\/?p=122651\" \/>\n<meta property=\"og:locale\" content=\"es_ES\" \/>\n<meta property=\"og:type\" content=\"article\" \/>\n<meta property=\"og:title\" content=\"IXHUATL\u00c1N DE MADERO ENTREGA BAST\u00d3N DE MANDO A NAHLE - Los pol\u00edticos Veracruz\" \/>\n<meta property=\"og:description\" content=\"Ixhuatl\u00e1n de MaderoAqu\u00ed, en la tierra de Heberto Castillo, referente de la izquierda en M\u00e9xico, los ciudadanos y ciudadanas le entregaron el bast\u00f3n de mando a Roc\u00edo Nahle Garc\u00eda, candidata a la gubernatura por Morena, PT, Partido Verde y Fuerza por M\u00e9xico en Veracruz. Nahle Garc\u00eda, quien entr\u00f3 al pueblo caminando acompa\u00f1ada de miles de [&hellip;]\" \/>\n<meta property=\"og:url\" content=\"https:\/\/lospoliticosveracruz.com\/?p=122651\" \/>\n<meta property=\"og:site_name\" content=\"Los pol\u00edticos Veracruz\" \/>\n<meta property=\"article:publisher\" content=\"https:\/\/www.facebook.com\/people\/Notimemes-de-los-Polticos\/61565672886568\/\" \/>\n<meta property=\"article:published_time\" content=\"2024-04-21T02:12:23+00:00\" \/>\n<meta property=\"article:modified_time\" content=\"2024-04-21T02:12:37+00:00\" \/>\n<meta property=\"og:image\" content=\"https:\/\/lospoliticosveracruz.com.mx\/wp-content\/uploads\/2023\/08\/Alex-150x150.jpg\" \/>\n<meta name=\"author\" content=\"Lo viste en Los Pol\u00edticos\" \/>\n<meta name=\"twitter:card\" content=\"summary_large_image\" \/>\n<meta name=\"twitter:creator\" content=\"@LosPoliticosVer\" \/>\n<meta name=\"twitter:site\" content=\"@LosPoliticosVer\" \/>\n<meta name=\"twitter:label1\" content=\"Escrito por\" \/>\n\t<meta name=\"twitter:data1\" content=\"Lo viste en Los Pol\u00edticos\" \/>\n\t<meta name=\"twitter:label2\" content=\"Tiempo de lectura\" \/>\n\t<meta name=\"twitter:data2\" content=\"3 minutos\" \/>\n<script type=\"application\/ld+json\" class=\"yoast-schema-graph\">{\"@context\":\"https:\\\/\\\/schema.org\",\"@graph\":[{\"@type\":\"Article\",\"@id\":\"https:\\\/\\\/lospoliticosveracruz.com\\\/?p=122651#article\",\"isPartOf\":{\"@id\":\"https:\\\/\\\/lospoliticosveracruz.com\\\/?p=122651\"},\"author\":{\"name\":\"Lo viste en Los Pol\u00edticos\",\"@id\":\"https:\\\/\\\/lospoliticosveracruz.com\\\/#\\\/schema\\\/person\\\/b8702bb0e538456e6efd07080bf2a4a2\"},\"headline\":\"IXHUATL\u00c1N DE MADERO ENTREGA BAST\u00d3N DE MANDO A NAHLE\",\"datePublished\":\"2024-04-21T02:12:23+00:00\",\"dateModified\":\"2024-04-21T02:12:37+00:00\",\"mainEntityOfPage\":{\"@id\":\"https:\\\/\\\/lospoliticosveracruz.com\\\/?p=122651\"},\"wordCount\":554,\"publisher\":{\"@id\":\"https:\\\/\\\/lospoliticosveracruz.com\\\/#organization\"},\"image\":{\"@id\":\"https:\\\/\\\/lospoliticosveracruz.com\\\/?p=122651#primaryimage\"},\"thumbnailUrl\":\"https:\\\/\\\/lospoliticosveracruz.com.mx\\\/wp-content\\\/uploads\\\/2023\\\/08\\\/Alex-150x150.jpg\",\"keywords\":[\"Morena\",\"Partido Verde\",\"PT\",\"Roc\u00edo Nahle Garc\u00eda\"],\"articleSection\":[\"De Boleto\"],\"inLanguage\":\"es\"},{\"@type\":\"WebPage\",\"@id\":\"https:\\\/\\\/lospoliticosveracruz.com\\\/?p=122651\",\"url\":\"https:\\\/\\\/lospoliticosveracruz.com\\\/?p=122651\",\"name\":\"IXHUATL\u00c1N DE MADERO ENTREGA BAST\u00d3N DE MANDO A NAHLE - Los pol\u00edticos Veracruz\",\"isPartOf\":{\"@id\":\"https:\\\/\\\/lospoliticosveracruz.com\\\/#website\"},\"primaryImageOfPage\":{\"@id\":\"https:\\\/\\\/lospoliticosveracruz.com\\\/?p=122651#primaryimage\"},\"image\":{\"@id\":\"https:\\\/\\\/lospoliticosveracruz.com\\\/?p=122651#primaryimage\"},\"thumbnailUrl\":\"https:\\\/\\\/lospoliticosveracruz.com.mx\\\/wp-content\\\/uploads\\\/2023\\\/08\\\/Alex-150x150.jpg\",\"datePublished\":\"2024-04-21T02:12:23+00:00\",\"dateModified\":\"2024-04-21T02:12:37+00:00\",\"breadcrumb\":{\"@id\":\"https:\\\/\\\/lospoliticosveracruz.com\\\/?p=122651#breadcrumb\"},\"inLanguage\":\"es\",\"potentialAction\":[{\"@type\":\"ReadAction\",\"target\":[\"https:\\\/\\\/lospoliticosveracruz.com\\\/?p=122651\"]}]},{\"@type\":\"ImageObject\",\"inLanguage\":\"es\",\"@id\":\"https:\\\/\\\/lospoliticosveracruz.com\\\/?p=122651#primaryimage\",\"url\":\"https:\\\/\\\/lospoliticosveracruz.com.mx\\\/wp-content\\\/uploads\\\/2023\\\/08\\\/Alex-150x150.jpg\",\"contentUrl\":\"https:\\\/\\\/lospoliticosveracruz.com.mx\\\/wp-content\\\/uploads\\\/2023\\\/08\\\/Alex-150x150.jpg\"},{\"@type\":\"BreadcrumbList\",\"@id\":\"https:\\\/\\\/lospoliticosveracruz.com\\\/?p=122651#breadcrumb\",\"itemListElement\":[{\"@type\":\"ListItem\",\"position\":1,\"name\":\"Portada\",\"item\":\"https:\\\/\\\/lospoliticosveracruz.com\\\/\"},{\"@type\":\"ListItem\",\"position\":2,\"name\":\"IXHUATL\u00c1N DE MADERO ENTREGA BAST\u00d3N DE MANDO A NAHLE\"}]},{\"@type\":\"WebSite\",\"@id\":\"https:\\\/\\\/lospoliticosveracruz.com\\\/#website\",\"url\":\"https:\\\/\\\/lospoliticosveracruz.com\\\/\",\"name\":\"Los pol\u00edticos Veracruz\",\"description\":\"\",\"publisher\":{\"@id\":\"https:\\\/\\\/lospoliticosveracruz.com\\\/#organization\"},\"potentialAction\":[{\"@type\":\"SearchAction\",\"target\":{\"@type\":\"EntryPoint\",\"urlTemplate\":\"https:\\\/\\\/lospoliticosveracruz.com\\\/?s={search_term_string}\"},\"query-input\":{\"@type\":\"PropertyValueSpecification\",\"valueRequired\":true,\"valueName\":\"search_term_string\"}}],\"inLanguage\":\"es\"},{\"@type\":\"Organization\",\"@id\":\"https:\\\/\\\/lospoliticosveracruz.com\\\/#organization\",\"name\":\"Los pol\u00edticos Veracruz\",\"url\":\"https:\\\/\\\/lospoliticosveracruz.com\\\/\",\"logo\":{\"@type\":\"ImageObject\",\"inLanguage\":\"es\",\"@id\":\"https:\\\/\\\/lospoliticosveracruz.com\\\/#\\\/schema\\\/logo\\\/image\\\/\",\"url\":\"https:\\\/\\\/lospoliticosveracruz.com\\\/wp-content\\\/uploads\\\/2025\\\/12\\\/Logo-Nuevo-LOS-POLITICOS-1.jpg\",\"contentUrl\":\"https:\\\/\\\/lospoliticosveracruz.com\\\/wp-content\\\/uploads\\\/2025\\\/12\\\/Logo-Nuevo-LOS-POLITICOS-1.jpg\",\"width\":260,\"height\":70,\"caption\":\"Los pol\u00edticos Veracruz\"},\"image\":{\"@id\":\"https:\\\/\\\/lospoliticosveracruz.com\\\/#\\\/schema\\\/logo\\\/image\\\/\"},\"sameAs\":[\"https:\\\/\\\/www.facebook.com\\\/people\\\/Notimemes-de-los-Polticos\\\/61565672886568\\\/\",\"https:\\\/\\\/x.com\\\/LosPoliticosVer\"]},{\"@type\":\"Person\",\"@id\":\"https:\\\/\\\/lospoliticosveracruz.com\\\/#\\\/schema\\\/person\\\/b8702bb0e538456e6efd07080bf2a4a2\",\"name\":\"Lo viste en Los Pol\u00edticos\",\"image\":{\"@type\":\"ImageObject\",\"inLanguage\":\"es\",\"@id\":\"https:\\\/\\\/secure.gravatar.com\\\/avatar\\\/3a8de04a2656d44082be478bd6c086daa447c4651605818287b9532d3d0bd435?s=96&d=mm&r=g\",\"url\":\"https:\\\/\\\/secure.gravatar.com\\\/avatar\\\/3a8de04a2656d44082be478bd6c086daa447c4651605818287b9532d3d0bd435?s=96&d=mm&r=g\",\"contentUrl\":\"https:\\\/\\\/secure.gravatar.com\\\/avatar\\\/3a8de04a2656d44082be478bd6c086daa447c4651605818287b9532d3d0bd435?s=96&d=mm&r=g\",\"caption\":\"Lo viste en Los Pol\u00edticos\"},\"url\":\"https:\\\/\\\/lospoliticosveracruz.com\\\/?author=2\"}]}<\/script>\n<!-- \/ Yoast SEO plugin. -->","yoast_head_json":{"title":"IXHUATL\u00c1N DE MADERO ENTREGA BAST\u00d3N DE MANDO A NAHLE - Los pol\u00edticos Veracruz","robots":{"index":"index","follow":"follow","max-snippet":"max-snippet:-1","max-image-preview":"max-image-preview:large","max-video-preview":"max-video-preview:-1"},"canonical":"https:\/\/lospoliticosveracruz.com\/?p=122651","og_locale":"es_ES","og_type":"article","og_title":"IXHUATL\u00c1N DE MADERO ENTREGA BAST\u00d3N DE MANDO A NAHLE - Los pol\u00edticos Veracruz","og_description":"Ixhuatl\u00e1n de MaderoAqu\u00ed, en la tierra de Heberto Castillo, referente de la izquierda en M\u00e9xico, los ciudadanos y ciudadanas le entregaron el bast\u00f3n de mando a Roc\u00edo Nahle Garc\u00eda, candidata a la gubernatura por Morena, PT, Partido Verde y Fuerza por M\u00e9xico en Veracruz. Nahle Garc\u00eda, quien entr\u00f3 al pueblo caminando acompa\u00f1ada de miles de [&hellip;]","og_url":"https:\/\/lospoliticosveracruz.com\/?p=122651","og_site_name":"Los pol\u00edticos Veracruz","article_publisher":"https:\/\/www.facebook.com\/people\/Notimemes-de-los-Polticos\/61565672886568\/","article_published_time":"2024-04-21T02:12:23+00:00","article_modified_time":"2024-04-21T02:12:37+00:00","og_image":[{"url":"https:\/\/lospoliticosveracruz.com.mx\/wp-content\/uploads\/2023\/08\/Alex-150x150.jpg","type":"","width":"","height":""}],"author":"Lo viste en Los Pol\u00edticos","twitter_card":"summary_large_image","twitter_creator":"@LosPoliticosVer","twitter_site":"@LosPoliticosVer","twitter_misc":{"Escrito por":"Lo viste en Los Pol\u00edticos","Tiempo de lectura":"3 minutos"},"schema":{"@context":"https:\/\/schema.org","@graph":[{"@type":"Article","@id":"https:\/\/lospoliticosveracruz.com\/?p=122651#article","isPartOf":{"@id":"https:\/\/lospoliticosveracruz.com\/?p=122651"},"author":{"name":"Lo viste en Los Pol\u00edticos","@id":"https:\/\/lospoliticosveracruz.com\/#\/schema\/person\/b8702bb0e538456e6efd07080bf2a4a2"},"headline":"IXHUATL\u00c1N DE MADERO ENTREGA BAST\u00d3N DE MANDO A NAHLE","datePublished":"2024-04-21T02:12:23+00:00","dateModified":"2024-04-21T02:12:37+00:00","mainEntityOfPage":{"@id":"https:\/\/lospoliticosveracruz.com\/?p=122651"},"wordCount":554,"publisher":{"@id":"https:\/\/lospoliticosveracruz.com\/#organization"},"image":{"@id":"https:\/\/lospoliticosveracruz.com\/?p=122651#primaryimage"},"thumbnailUrl":"https:\/\/lospoliticosveracruz.com.mx\/wp-content\/uploads\/2023\/08\/Alex-150x150.jpg","keywords":["Morena","Partido Verde","PT","Roc\u00edo Nahle Garc\u00eda"],"articleSection":["De Boleto"],"inLanguage":"es"},{"@type":"WebPage","@id":"https:\/\/lospoliticosveracruz.com\/?p=122651","url":"https:\/\/lospoliticosveracruz.com\/?p=122651","name":"IXHUATL\u00c1N DE MADERO ENTREGA BAST\u00d3N DE MANDO A NAHLE - Los pol\u00edticos Veracruz","isPartOf":{"@id":"https:\/\/lospoliticosveracruz.com\/#website"},"primaryImageOfPage":{"@id":"https:\/\/lospoliticosveracruz.com\/?p=122651#primaryimage"},"image":{"@id":"https:\/\/lospoliticosveracruz.com\/?p=122651#primaryimage"},"thumbnailUrl":"https:\/\/lospoliticosveracruz.com.mx\/wp-content\/uploads\/2023\/08\/Alex-150x150.jpg","datePublished":"2024-04-21T02:12:23+00:00","dateModified":"2024-04-21T02:12:37+00:00","breadcrumb":{"@id":"https:\/\/lospoliticosveracruz.com\/?p=122651#breadcrumb"},"inLanguage":"es","potentialAction":[{"@type":"ReadAction","target":["https:\/\/lospoliticosveracruz.com\/?p=122651"]}]},{"@type":"ImageObject","inLanguage":"es","@id":"https:\/\/lospoliticosveracruz.com\/?p=122651#primaryimage","url":"https:\/\/lospoliticosveracruz.com.mx\/wp-content\/uploads\/2023\/08\/Alex-150x150.jpg","contentUrl":"https:\/\/lospoliticosveracruz.com.mx\/wp-content\/uploads\/2023\/08\/Alex-150x150.jpg"},{"@type":"BreadcrumbList","@id":"https:\/\/lospoliticosveracruz.com\/?p=122651#breadcrumb","itemListElement":[{"@type":"ListItem","position":1,"name":"Portada","item":"https:\/\/lospoliticosveracruz.com\/"},{"@type":"ListItem","position":2,"name":"IXHUATL\u00c1N DE MADERO ENTREGA BAST\u00d3N DE MANDO A NAHLE"}]},{"@type":"WebSite","@id":"https:\/\/lospoliticosveracruz.com\/#website","url":"https:\/\/lospoliticosveracruz.com\/","name":"Los pol\u00edticos Veracruz","description":"","publisher":{"@id":"https:\/\/lospoliticosveracruz.com\/#organization"},"potentialAction":[{"@type":"SearchAction","target":{"@type":"EntryPoint","urlTemplate":"https:\/\/lospoliticosveracruz.com\/?s={search_term_string}"},"query-input":{"@type":"PropertyValueSpecification","valueRequired":true,"valueName":"search_term_string"}}],"inLanguage":"es"},{"@type":"Organization","@id":"https:\/\/lospoliticosveracruz.com\/#organization","name":"Los pol\u00edticos Veracruz","url":"https:\/\/lospoliticosveracruz.com\/","logo":{"@type":"ImageObject","inLanguage":"es","@id":"https:\/\/lospoliticosveracruz.com\/#\/schema\/logo\/image\/","url":"https:\/\/lospoliticosveracruz.com\/wp-content\/uploads\/2025\/12\/Logo-Nuevo-LOS-POLITICOS-1.jpg","contentUrl":"https:\/\/lospoliticosveracruz.com\/wp-content\/uploads\/2025\/12\/Logo-Nuevo-LOS-POLITICOS-1.jpg","width":260,"height":70,"caption":"Los pol\u00edticos Veracruz"},"image":{"@id":"https:\/\/lospoliticosveracruz.com\/#\/schema\/logo\/image\/"},"sameAs":["https:\/\/www.facebook.com\/people\/Notimemes-de-los-Polticos\/61565672886568\/","https:\/\/x.com\/LosPoliticosVer"]},{"@type":"Person","@id":"https:\/\/lospoliticosveracruz.com\/#\/schema\/person\/b8702bb0e538456e6efd07080bf2a4a2","name":"Lo viste en Los Pol\u00edticos","image":{"@type":"ImageObject","inLanguage":"es","@id":"https:\/\/secure.gravatar.com\/avatar\/3a8de04a2656d44082be478bd6c086daa447c4651605818287b9532d3d0bd435?s=96&d=mm&r=g","url":"https:\/\/secure.gravatar.com\/avatar\/3a8de04a2656d44082be478bd6c086daa447c4651605818287b9532d3d0bd435?s=96&d=mm&r=g","contentUrl":"https:\/\/secure.gravatar.com\/avatar\/3a8de04a2656d44082be478bd6c086daa447c4651605818287b9532d3d0bd435?s=96&d=mm&r=g","caption":"Lo viste en Los Pol\u00edticos"},"url":"https:\/\/lospoliticosveracruz.com\/?author=2"}]}},"_links":{"self":[{"href":"https:\/\/lospoliticosveracruz.com\/index.php?rest_route=\/wp\/v2\/posts\/122651","targetHints":{"allow":["GET"]}}],"collection":[{"href":"https:\/\/lospoliticosveracruz.com\/index.php?rest_route=\/wp\/v2\/posts"}],"about":[{"href":"https:\/\/lospoliticosveracruz.com\/index.php?rest_route=\/wp\/v2\/types\/post"}],"author":[{"embeddable":true,"href":"https:\/\/lospoliticosveracruz.com\/index.php?rest_route=\/wp\/v2\/users\/2"}],"replies":[{"embeddable":true,"href":"https:\/\/lospoliticosveracruz.com\/index.php?rest_route=%2Fwp%2Fv2%2Fcomments&post=122651"}],"version-history":[{"count":1,"href":"https:\/\/lospoliticosveracruz.com\/index.php?rest_route=\/wp\/v2\/posts\/122651\/revisions"}],"predecessor-version":[{"id":122653,"href":"https:\/\/lospoliticosveracruz.com\/index.php?rest_route=\/wp\/v2\/posts\/122651\/revisions\/122653"}],"wp:attachment":[{"href":"https:\/\/lospoliticosveracruz.com\/index.php?rest_route=%2Fwp%2Fv2%2Fmedia&parent=122651"}],"wp:term":[{"taxonomy":"category","embeddable":true,"href":"https:\/\/lospoliticosveracruz.com\/index.php?rest_route=%2Fwp%2Fv2%2Fcategories&post=122651"},{"taxonomy":"post_tag","embeddable":true,"href":"https:\/\/lospoliticosveracruz.com\/index.php?rest_route=%2Fwp%2Fv2%2Ftags&post=122651"}],"curies":[{"name":"wp","href":"https:\/\/api.w.org\/{rel}","templated":true}]}}