{"id":122916,"date":"2024-04-25T08:24:37","date_gmt":"2024-04-25T13:24:37","guid":{"rendered":"https:\/\/lospoliticosveracruz.com.mx\/?p=122916"},"modified":"2024-04-25T08:24:56","modified_gmt":"2024-04-25T13:24:56","slug":"38-dias-alternancia-o-continuismo-en-veracruz","status":"publish","type":"post","link":"https:\/\/lospoliticosveracruz.com\/?p=122916","title":{"rendered":"38 D\u00cdAS : ALTERNANCIA O CONTINUISMO EN VERACRUZ"},"content":{"rendered":"\n<p><br><strong>Uriel Flores Aguayo<\/strong><\/p>\n\n\n\n<p>Es igual decir cambio o estancamiento, alternancia o regresi\u00f3n y esperanza o m\u00e1s de lo mismo. Pr\u00e1cticamente quedan 34 d\u00edas de campa\u00f1as electorales, es decir , lo que quieran o vayan a hacer tiene que ser ya. Despu\u00e9s solo habr\u00e1 hubieras o arrepentimientos. Hagan lo que sea, acciones directas o de apoyo, salgan a las calles, no se conformen con las redes sociales y el watsap; el proselitismo m\u00e1s efectivo es el que se hace cara a cara, que da razones y motiva. Este es el momento de apoyar las alternancias distrital, estatal y federal. Est\u00e1 de por medio un futuro gris y mediocre u otro que sea colorido y modernizador para Veracruz. La \u00fanica manera de conseguirlo es con votos, muchos votos, libres y comprometidos. Una alta participaci\u00f3n har\u00e1 m\u00e1s dif\u00edcil que gane el hambre y la manipulaci\u00f3n oficial.<br>Veracruz no es una isla, su elecci\u00f3n local es parte de la nacional. Importa todo. Devolver la democracia a nuestro estado puede ser casi est\u00e9ril si se impone el proyecto obradorista de concentraci\u00f3n de poder y autoritarismo. El curso nacional nos impacta e interesa sobre manera. Necesitamos ganar la presidencia de la republica y la mayor\u00eda en las c\u00e1maras de senadores y diputados. Es vital detener y eliminar el llamado plan C morenista, que significa autocracia y cuasi dictadura.<br>Es tiempo de los ciudadanos. Los partidos en general, siendo un instrumento de participaci\u00f3n electoral, no cuentan con suficiente prestigio<br>; de ah\u00ed que sea sustancial la participaci\u00f3n masiva de la ciudadan\u00eda. No es asunto de partidos esencialmente, no importa, tampoco de X\u00f3chitl u otros candidatos; ella hace lo suyo y se le reconoce. Esas organizaciones recibir\u00e1n los votos, es una cuesti\u00f3n legal; las candidaturas son lo que son, nos gusten o no. Lo importante es lograr otra alternancia, con sentido plural y de gobierno de coalici\u00f3n. No hay nada que justifique el regateo de la promoci\u00f3n a las ideas de la libertad y el voto libre; sin ret\u00f3rica,son tiempos de urgencia democr\u00e1tica; votamos ahora o no volveremos a tener elecciones libres .<br>Las elecciones son percepci\u00f3n y aqu\u00ed hay una tendencia competitiva cada vez m\u00e1s inclinada hacia Pepe Yunes. Se respira en el ambiente sus posibilidades reales de triunfo. Tiene condiciones favorables en varios sentidos: trayectoria, personalidad, capacidad, el respaldo de una coalici\u00f3n pol\u00edtica, simpat\u00eda ciudadana, arraigo, buena imagen y presencia positiva. Su campa\u00f1a va en ascenso, este es tal vez el mejor momento de su labor proselitista: se percibe ganador. Aunque la campa\u00f1a es acci\u00f3n y sigue una estrategia, no es ocioso una fugaz reflexi\u00f3n que alerte sobre lo nocivo que pueden ser signos de triunfalismo. Todav\u00eda no se gana . Hay tendencias que deben consolidarse , que requieren estructura. Siguen siendo tiempos de sumar y apertura. En los hechos se ha venido conformando una gran coalici\u00f3n pol\u00edtica y social, superior a los partidos que lo respaldan, que debe tener un cause organizativo.<br>Quienes estamos en el frente c\u00edvico nacional no ponemos condiciones, no buscamos candidaturas y tampoco andamos peleando espacios. Lo nuestro son las zonas ciudadanas y sociales, es la promoci\u00f3n del voto y su defensa . El gran contexto es la lucha por que se mantenga la democracia en M\u00e9xico, que se respeten las libertades y tengamos una ruta de progreso . Somos enlace confiable y comprometido con los partidos coaligados y sus candidaturas. Llamamos a votar informada mente y levantamos banderas democr\u00e1ticas. El FCN es pilar de la movilizaci\u00f3n ciudadana en M\u00e9xico, sin sectarismos ni debates est\u00e9riles. Con esos partidos y esas candidaturas hay que enfrentar a la regresi\u00f3n autoritaria.<br>M\u00e9xico y Veracruz necesitan y merecen mejores gobiernos, que no dividan ni mientan, que sean serios y se comprometan con el Estado de Derecho y el desarrollo social. Han sido tiempos aciagos y perdidos. Vale la pena hacer todo para superarlos. No m\u00e1s ignorancia , ni frivolidad, ni saqueo, ni mentiras. Hay que sonre\u00edr, ya se van .<br>Recadito : no a los celulares en las casillas de votaci\u00f3n.<\/p>\n","protected":false},"excerpt":{"rendered":"<p>Uriel Flores Aguayo Es igual decir cambio o estancamiento, alternancia o regresi\u00f3n y esperanza o m\u00e1s de lo mismo. Pr\u00e1cticamente quedan 34 d\u00edas de campa\u00f1as electorales, es decir , lo que quieran o vayan a hacer tiene que ser ya. Despu\u00e9s solo habr\u00e1 hubieras o arrepentimientos. Hagan lo que sea, acciones directas o de apoyo, [&hellip;]<\/p>\n","protected":false},"author":2,"featured_media":119915,"comment_status":"closed","ping_status":"closed","sticky":false,"template":"","format":"standard","meta":{"tdm_status":"","tdm_grid_status":"","footnotes":""},"categories":[70],"tags":[10974,1026,195],"class_list":{"0":"post-122916","1":"post","2":"type-post","3":"status-publish","4":"format-standard","5":"has-post-thumbnail","7":"category-de-opinion","8":"tag-cambio","9":"tag-morena","10":"tag-veracruz"},"yoast_head":"<!-- This site is optimized with the Yoast SEO plugin v27.4 - https:\/\/yoast.com\/product\/yoast-seo-wordpress\/ -->\n<title>38 D\u00cdAS : ALTERNANCIA O CONTINUISMO EN VERACRUZ - Los pol\u00edticos Veracruz<\/title>\n<meta name=\"robots\" content=\"index, follow, max-snippet:-1, max-image-preview:large, max-video-preview:-1\" \/>\n<link rel=\"canonical\" href=\"https:\/\/lospoliticosveracruz.com\/?p=122916\" \/>\n<meta property=\"og:locale\" content=\"es_ES\" \/>\n<meta property=\"og:type\" content=\"article\" \/>\n<meta property=\"og:title\" content=\"38 D\u00cdAS : ALTERNANCIA O CONTINUISMO EN VERACRUZ - Los pol\u00edticos Veracruz\" \/>\n<meta property=\"og:description\" content=\"Uriel Flores Aguayo Es igual decir cambio o estancamiento, alternancia o regresi\u00f3n y esperanza o m\u00e1s de lo mismo. Pr\u00e1cticamente quedan 34 d\u00edas de campa\u00f1as electorales, es decir , lo que quieran o vayan a hacer tiene que ser ya. Despu\u00e9s solo habr\u00e1 hubieras o arrepentimientos. Hagan lo que sea, acciones directas o de apoyo, [&hellip;]\" \/>\n<meta property=\"og:url\" content=\"https:\/\/lospoliticosveracruz.com\/?p=122916\" \/>\n<meta property=\"og:site_name\" content=\"Los pol\u00edticos Veracruz\" \/>\n<meta property=\"article:publisher\" content=\"https:\/\/www.facebook.com\/people\/Notimemes-de-los-Polticos\/61565672886568\/\" \/>\n<meta property=\"article:published_time\" content=\"2024-04-25T13:24:37+00:00\" \/>\n<meta property=\"article:modified_time\" content=\"2024-04-25T13:24:56+00:00\" \/>\n<meta property=\"og:image\" content=\"https:\/\/lospoliticosveracruz.com\/wp-content\/uploads\/2024\/03\/Uriel-Flores.jpg\" \/>\n\t<meta property=\"og:image:width\" content=\"1250\" \/>\n\t<meta property=\"og:image:height\" content=\"667\" \/>\n\t<meta property=\"og:image:type\" content=\"image\/jpeg\" \/>\n<meta name=\"author\" content=\"Lo viste en Los Pol\u00edticos\" \/>\n<meta name=\"twitter:card\" content=\"summary_large_image\" \/>\n<meta name=\"twitter:creator\" content=\"@LosPoliticosVer\" \/>\n<meta name=\"twitter:site\" content=\"@LosPoliticosVer\" \/>\n<meta name=\"twitter:label1\" content=\"Escrito por\" \/>\n\t<meta name=\"twitter:data1\" content=\"Lo viste en Los Pol\u00edticos\" \/>\n\t<meta name=\"twitter:label2\" content=\"Tiempo de lectura\" \/>\n\t<meta name=\"twitter:data2\" content=\"4 minutos\" \/>\n<script type=\"application\/ld+json\" class=\"yoast-schema-graph\">{\"@context\":\"https:\\\/\\\/schema.org\",\"@graph\":[{\"@type\":\"Article\",\"@id\":\"https:\\\/\\\/lospoliticosveracruz.com\\\/?p=122916#article\",\"isPartOf\":{\"@id\":\"https:\\\/\\\/lospoliticosveracruz.com\\\/?p=122916\"},\"author\":{\"name\":\"Lo viste en Los Pol\u00edticos\",\"@id\":\"https:\\\/\\\/lospoliticosveracruz.com\\\/#\\\/schema\\\/person\\\/b8702bb0e538456e6efd07080bf2a4a2\"},\"headline\":\"38 D\u00cdAS : ALTERNANCIA O CONTINUISMO EN VERACRUZ\",\"datePublished\":\"2024-04-25T13:24:37+00:00\",\"dateModified\":\"2024-04-25T13:24:56+00:00\",\"mainEntityOfPage\":{\"@id\":\"https:\\\/\\\/lospoliticosveracruz.com\\\/?p=122916\"},\"wordCount\":713,\"publisher\":{\"@id\":\"https:\\\/\\\/lospoliticosveracruz.com\\\/#organization\"},\"image\":{\"@id\":\"https:\\\/\\\/lospoliticosveracruz.com\\\/?p=122916#primaryimage\"},\"thumbnailUrl\":\"https:\\\/\\\/lospoliticosveracruz.com\\\/wp-content\\\/uploads\\\/2024\\\/03\\\/Uriel-Flores.jpg\",\"keywords\":[\"cambio\",\"Morena\",\"Veracruz\"],\"articleSection\":[\"De Opini\u00f3n\"],\"inLanguage\":\"es\"},{\"@type\":\"WebPage\",\"@id\":\"https:\\\/\\\/lospoliticosveracruz.com\\\/?p=122916\",\"url\":\"https:\\\/\\\/lospoliticosveracruz.com\\\/?p=122916\",\"name\":\"38 D\u00cdAS : ALTERNANCIA O CONTINUISMO EN VERACRUZ - Los pol\u00edticos Veracruz\",\"isPartOf\":{\"@id\":\"https:\\\/\\\/lospoliticosveracruz.com\\\/#website\"},\"primaryImageOfPage\":{\"@id\":\"https:\\\/\\\/lospoliticosveracruz.com\\\/?p=122916#primaryimage\"},\"image\":{\"@id\":\"https:\\\/\\\/lospoliticosveracruz.com\\\/?p=122916#primaryimage\"},\"thumbnailUrl\":\"https:\\\/\\\/lospoliticosveracruz.com\\\/wp-content\\\/uploads\\\/2024\\\/03\\\/Uriel-Flores.jpg\",\"datePublished\":\"2024-04-25T13:24:37+00:00\",\"dateModified\":\"2024-04-25T13:24:56+00:00\",\"breadcrumb\":{\"@id\":\"https:\\\/\\\/lospoliticosveracruz.com\\\/?p=122916#breadcrumb\"},\"inLanguage\":\"es\",\"potentialAction\":[{\"@type\":\"ReadAction\",\"target\":[\"https:\\\/\\\/lospoliticosveracruz.com\\\/?p=122916\"]}]},{\"@type\":\"ImageObject\",\"inLanguage\":\"es\",\"@id\":\"https:\\\/\\\/lospoliticosveracruz.com\\\/?p=122916#primaryimage\",\"url\":\"https:\\\/\\\/lospoliticosveracruz.com\\\/wp-content\\\/uploads\\\/2024\\\/03\\\/Uriel-Flores.jpg\",\"contentUrl\":\"https:\\\/\\\/lospoliticosveracruz.com\\\/wp-content\\\/uploads\\\/2024\\\/03\\\/Uriel-Flores.jpg\",\"width\":1250,\"height\":667},{\"@type\":\"BreadcrumbList\",\"@id\":\"https:\\\/\\\/lospoliticosveracruz.com\\\/?p=122916#breadcrumb\",\"itemListElement\":[{\"@type\":\"ListItem\",\"position\":1,\"name\":\"Portada\",\"item\":\"https:\\\/\\\/lospoliticosveracruz.com\\\/\"},{\"@type\":\"ListItem\",\"position\":2,\"name\":\"38 D\u00cdAS : ALTERNANCIA O CONTINUISMO EN VERACRUZ\"}]},{\"@type\":\"WebSite\",\"@id\":\"https:\\\/\\\/lospoliticosveracruz.com\\\/#website\",\"url\":\"https:\\\/\\\/lospoliticosveracruz.com\\\/\",\"name\":\"Los pol\u00edticos Veracruz\",\"description\":\"\",\"publisher\":{\"@id\":\"https:\\\/\\\/lospoliticosveracruz.com\\\/#organization\"},\"potentialAction\":[{\"@type\":\"SearchAction\",\"target\":{\"@type\":\"EntryPoint\",\"urlTemplate\":\"https:\\\/\\\/lospoliticosveracruz.com\\\/?s={search_term_string}\"},\"query-input\":{\"@type\":\"PropertyValueSpecification\",\"valueRequired\":true,\"valueName\":\"search_term_string\"}}],\"inLanguage\":\"es\"},{\"@type\":\"Organization\",\"@id\":\"https:\\\/\\\/lospoliticosveracruz.com\\\/#organization\",\"name\":\"Los pol\u00edticos Veracruz\",\"url\":\"https:\\\/\\\/lospoliticosveracruz.com\\\/\",\"logo\":{\"@type\":\"ImageObject\",\"inLanguage\":\"es\",\"@id\":\"https:\\\/\\\/lospoliticosveracruz.com\\\/#\\\/schema\\\/logo\\\/image\\\/\",\"url\":\"https:\\\/\\\/lospoliticosveracruz.com\\\/wp-content\\\/uploads\\\/2025\\\/12\\\/Logo-Nuevo-LOS-POLITICOS-1.jpg\",\"contentUrl\":\"https:\\\/\\\/lospoliticosveracruz.com\\\/wp-content\\\/uploads\\\/2025\\\/12\\\/Logo-Nuevo-LOS-POLITICOS-1.jpg\",\"width\":260,\"height\":70,\"caption\":\"Los pol\u00edticos Veracruz\"},\"image\":{\"@id\":\"https:\\\/\\\/lospoliticosveracruz.com\\\/#\\\/schema\\\/logo\\\/image\\\/\"},\"sameAs\":[\"https:\\\/\\\/www.facebook.com\\\/people\\\/Notimemes-de-los-Polticos\\\/61565672886568\\\/\",\"https:\\\/\\\/x.com\\\/LosPoliticosVer\"]},{\"@type\":\"Person\",\"@id\":\"https:\\\/\\\/lospoliticosveracruz.com\\\/#\\\/schema\\\/person\\\/b8702bb0e538456e6efd07080bf2a4a2\",\"name\":\"Lo viste en Los Pol\u00edticos\",\"image\":{\"@type\":\"ImageObject\",\"inLanguage\":\"es\",\"@id\":\"https:\\\/\\\/secure.gravatar.com\\\/avatar\\\/3a8de04a2656d44082be478bd6c086daa447c4651605818287b9532d3d0bd435?s=96&d=mm&r=g\",\"url\":\"https:\\\/\\\/secure.gravatar.com\\\/avatar\\\/3a8de04a2656d44082be478bd6c086daa447c4651605818287b9532d3d0bd435?s=96&d=mm&r=g\",\"contentUrl\":\"https:\\\/\\\/secure.gravatar.com\\\/avatar\\\/3a8de04a2656d44082be478bd6c086daa447c4651605818287b9532d3d0bd435?s=96&d=mm&r=g\",\"caption\":\"Lo viste en Los Pol\u00edticos\"},\"url\":\"https:\\\/\\\/lospoliticosveracruz.com\\\/?author=2\"}]}<\/script>\n<!-- \/ Yoast SEO plugin. -->","yoast_head_json":{"title":"38 D\u00cdAS : ALTERNANCIA O CONTINUISMO EN VERACRUZ - Los pol\u00edticos Veracruz","robots":{"index":"index","follow":"follow","max-snippet":"max-snippet:-1","max-image-preview":"max-image-preview:large","max-video-preview":"max-video-preview:-1"},"canonical":"https:\/\/lospoliticosveracruz.com\/?p=122916","og_locale":"es_ES","og_type":"article","og_title":"38 D\u00cdAS : ALTERNANCIA O CONTINUISMO EN VERACRUZ - Los pol\u00edticos Veracruz","og_description":"Uriel Flores Aguayo Es igual decir cambio o estancamiento, alternancia o regresi\u00f3n y esperanza o m\u00e1s de lo mismo. Pr\u00e1cticamente quedan 34 d\u00edas de campa\u00f1as electorales, es decir , lo que quieran o vayan a hacer tiene que ser ya. Despu\u00e9s solo habr\u00e1 hubieras o arrepentimientos. Hagan lo que sea, acciones directas o de apoyo, [&hellip;]","og_url":"https:\/\/lospoliticosveracruz.com\/?p=122916","og_site_name":"Los pol\u00edticos Veracruz","article_publisher":"https:\/\/www.facebook.com\/people\/Notimemes-de-los-Polticos\/61565672886568\/","article_published_time":"2024-04-25T13:24:37+00:00","article_modified_time":"2024-04-25T13:24:56+00:00","og_image":[{"width":1250,"height":667,"url":"https:\/\/lospoliticosveracruz.com\/wp-content\/uploads\/2024\/03\/Uriel-Flores.jpg","type":"image\/jpeg"}],"author":"Lo viste en Los Pol\u00edticos","twitter_card":"summary_large_image","twitter_creator":"@LosPoliticosVer","twitter_site":"@LosPoliticosVer","twitter_misc":{"Escrito por":"Lo viste en Los Pol\u00edticos","Tiempo de lectura":"4 minutos"},"schema":{"@context":"https:\/\/schema.org","@graph":[{"@type":"Article","@id":"https:\/\/lospoliticosveracruz.com\/?p=122916#article","isPartOf":{"@id":"https:\/\/lospoliticosveracruz.com\/?p=122916"},"author":{"name":"Lo viste en Los Pol\u00edticos","@id":"https:\/\/lospoliticosveracruz.com\/#\/schema\/person\/b8702bb0e538456e6efd07080bf2a4a2"},"headline":"38 D\u00cdAS : ALTERNANCIA O CONTINUISMO EN VERACRUZ","datePublished":"2024-04-25T13:24:37+00:00","dateModified":"2024-04-25T13:24:56+00:00","mainEntityOfPage":{"@id":"https:\/\/lospoliticosveracruz.com\/?p=122916"},"wordCount":713,"publisher":{"@id":"https:\/\/lospoliticosveracruz.com\/#organization"},"image":{"@id":"https:\/\/lospoliticosveracruz.com\/?p=122916#primaryimage"},"thumbnailUrl":"https:\/\/lospoliticosveracruz.com\/wp-content\/uploads\/2024\/03\/Uriel-Flores.jpg","keywords":["cambio","Morena","Veracruz"],"articleSection":["De Opini\u00f3n"],"inLanguage":"es"},{"@type":"WebPage","@id":"https:\/\/lospoliticosveracruz.com\/?p=122916","url":"https:\/\/lospoliticosveracruz.com\/?p=122916","name":"38 D\u00cdAS : ALTERNANCIA O CONTINUISMO EN VERACRUZ - Los pol\u00edticos Veracruz","isPartOf":{"@id":"https:\/\/lospoliticosveracruz.com\/#website"},"primaryImageOfPage":{"@id":"https:\/\/lospoliticosveracruz.com\/?p=122916#primaryimage"},"image":{"@id":"https:\/\/lospoliticosveracruz.com\/?p=122916#primaryimage"},"thumbnailUrl":"https:\/\/lospoliticosveracruz.com\/wp-content\/uploads\/2024\/03\/Uriel-Flores.jpg","datePublished":"2024-04-25T13:24:37+00:00","dateModified":"2024-04-25T13:24:56+00:00","breadcrumb":{"@id":"https:\/\/lospoliticosveracruz.com\/?p=122916#breadcrumb"},"inLanguage":"es","potentialAction":[{"@type":"ReadAction","target":["https:\/\/lospoliticosveracruz.com\/?p=122916"]}]},{"@type":"ImageObject","inLanguage":"es","@id":"https:\/\/lospoliticosveracruz.com\/?p=122916#primaryimage","url":"https:\/\/lospoliticosveracruz.com\/wp-content\/uploads\/2024\/03\/Uriel-Flores.jpg","contentUrl":"https:\/\/lospoliticosveracruz.com\/wp-content\/uploads\/2024\/03\/Uriel-Flores.jpg","width":1250,"height":667},{"@type":"BreadcrumbList","@id":"https:\/\/lospoliticosveracruz.com\/?p=122916#breadcrumb","itemListElement":[{"@type":"ListItem","position":1,"name":"Portada","item":"https:\/\/lospoliticosveracruz.com\/"},{"@type":"ListItem","position":2,"name":"38 D\u00cdAS : ALTERNANCIA O CONTINUISMO EN VERACRUZ"}]},{"@type":"WebSite","@id":"https:\/\/lospoliticosveracruz.com\/#website","url":"https:\/\/lospoliticosveracruz.com\/","name":"Los pol\u00edticos Veracruz","description":"","publisher":{"@id":"https:\/\/lospoliticosveracruz.com\/#organization"},"potentialAction":[{"@type":"SearchAction","target":{"@type":"EntryPoint","urlTemplate":"https:\/\/lospoliticosveracruz.com\/?s={search_term_string}"},"query-input":{"@type":"PropertyValueSpecification","valueRequired":true,"valueName":"search_term_string"}}],"inLanguage":"es"},{"@type":"Organization","@id":"https:\/\/lospoliticosveracruz.com\/#organization","name":"Los pol\u00edticos Veracruz","url":"https:\/\/lospoliticosveracruz.com\/","logo":{"@type":"ImageObject","inLanguage":"es","@id":"https:\/\/lospoliticosveracruz.com\/#\/schema\/logo\/image\/","url":"https:\/\/lospoliticosveracruz.com\/wp-content\/uploads\/2025\/12\/Logo-Nuevo-LOS-POLITICOS-1.jpg","contentUrl":"https:\/\/lospoliticosveracruz.com\/wp-content\/uploads\/2025\/12\/Logo-Nuevo-LOS-POLITICOS-1.jpg","width":260,"height":70,"caption":"Los pol\u00edticos Veracruz"},"image":{"@id":"https:\/\/lospoliticosveracruz.com\/#\/schema\/logo\/image\/"},"sameAs":["https:\/\/www.facebook.com\/people\/Notimemes-de-los-Polticos\/61565672886568\/","https:\/\/x.com\/LosPoliticosVer"]},{"@type":"Person","@id":"https:\/\/lospoliticosveracruz.com\/#\/schema\/person\/b8702bb0e538456e6efd07080bf2a4a2","name":"Lo viste en Los Pol\u00edticos","image":{"@type":"ImageObject","inLanguage":"es","@id":"https:\/\/secure.gravatar.com\/avatar\/3a8de04a2656d44082be478bd6c086daa447c4651605818287b9532d3d0bd435?s=96&d=mm&r=g","url":"https:\/\/secure.gravatar.com\/avatar\/3a8de04a2656d44082be478bd6c086daa447c4651605818287b9532d3d0bd435?s=96&d=mm&r=g","contentUrl":"https:\/\/secure.gravatar.com\/avatar\/3a8de04a2656d44082be478bd6c086daa447c4651605818287b9532d3d0bd435?s=96&d=mm&r=g","caption":"Lo viste en Los Pol\u00edticos"},"url":"https:\/\/lospoliticosveracruz.com\/?author=2"}]}},"_links":{"self":[{"href":"https:\/\/lospoliticosveracruz.com\/index.php?rest_route=\/wp\/v2\/posts\/122916","targetHints":{"allow":["GET"]}}],"collection":[{"href":"https:\/\/lospoliticosveracruz.com\/index.php?rest_route=\/wp\/v2\/posts"}],"about":[{"href":"https:\/\/lospoliticosveracruz.com\/index.php?rest_route=\/wp\/v2\/types\/post"}],"author":[{"embeddable":true,"href":"https:\/\/lospoliticosveracruz.com\/index.php?rest_route=\/wp\/v2\/users\/2"}],"replies":[{"embeddable":true,"href":"https:\/\/lospoliticosveracruz.com\/index.php?rest_route=%2Fwp%2Fv2%2Fcomments&post=122916"}],"version-history":[{"count":1,"href":"https:\/\/lospoliticosveracruz.com\/index.php?rest_route=\/wp\/v2\/posts\/122916\/revisions"}],"predecessor-version":[{"id":122917,"href":"https:\/\/lospoliticosveracruz.com\/index.php?rest_route=\/wp\/v2\/posts\/122916\/revisions\/122917"}],"wp:featuredmedia":[{"embeddable":true,"href":"https:\/\/lospoliticosveracruz.com\/index.php?rest_route=\/wp\/v2\/media\/119915"}],"wp:attachment":[{"href":"https:\/\/lospoliticosveracruz.com\/index.php?rest_route=%2Fwp%2Fv2%2Fmedia&parent=122916"}],"wp:term":[{"taxonomy":"category","embeddable":true,"href":"https:\/\/lospoliticosveracruz.com\/index.php?rest_route=%2Fwp%2Fv2%2Fcategories&post=122916"},{"taxonomy":"post_tag","embeddable":true,"href":"https:\/\/lospoliticosveracruz.com\/index.php?rest_route=%2Fwp%2Fv2%2Ftags&post=122916"}],"curies":[{"name":"wp","href":"https:\/\/api.w.org\/{rel}","templated":true}]}}