{"id":123056,"date":"2024-04-27T09:04:19","date_gmt":"2024-04-27T14:04:19","guid":{"rendered":"https:\/\/lospoliticosveracruz.com.mx\/?p=123056"},"modified":"2024-04-27T09:04:40","modified_gmt":"2024-04-27T14:04:40","slug":"el-primer-debate","status":"publish","type":"post","link":"https:\/\/lospoliticosveracruz.com\/?p=123056","title":{"rendered":"EL PRIMER DEBATE"},"content":{"rendered":"\n<p><strong>Oved Contreras<\/strong><\/p>\n\n\n\n<p><em>Secas Mecas<\/em><\/p>\n\n\n\n<p>Justo cuando falta poco m\u00e1s de un mes para las elecciones en Veracruz, los tres candidatos a la gubernatura llegan a su primer debate organizado por el OPLE donde los veracruzanos podr\u00e1n confrontar propuestas y proyectos de gobierno de cada uno de ellos, y van particularmente por ese segmento de poblaci\u00f3n que a estas alturas todav\u00eda no define su voto y que anda sobre el 15 por ciento de los votantes.<\/p>\n\n\n\n<p>La t\u00eda Ch\u00edo enfrenta diversos se\u00f1alamientos por presuntas propiedades en Veracruz, Tabasco, Nuevo Le\u00f3n incluso en Nueva York, que no coinciden con los ingresos de ella y su esposo Pepe Pe\u00f1a, e insiste en que todo se trata de guerra sucia y lo que tiene est\u00e1 en su declaraci\u00f3n patrimonial que es publica.<\/p>\n\n\n\n<p>Ayer volvi\u00f3 a increpar las publicaciones de Reforma en primera plana sobre sus bienes: \u201cLa libertad de expresi\u00f3n se respeta cuando hay profesionalismo y \u00e9tica. @Reforma s\u00f3lo ten\u00eda que haber revisado mi comunicado. \u00a1NO tengo propiedades, ni cuentas bancarias en el extranjero!Lo que s\u00ed, es que cada d\u00eda los veracruzanos me dicen \u201cmi casa es tu casa\u201d \u00a1Viva morena!\u201d\u2026en otro tuit insiste en que su declaraci\u00f3n patrimonial est\u00e1 a la vista de todos por si quieren checarlo\u2026el problema precisamente es por todo lo que se dice de ella y que no aparece en su declaraci\u00f3n\u2026no basta un comunicado donde niegue los se\u00f1alamientos, se requieren pruebas documentales\u2026al menos si hay denuncia penal y se realiza una investigaci\u00f3n formal, habr\u00e1 manera de confrontar y saber qui\u00e9n dice la verdad.<\/p>\n\n\n\n<p>Mientras tanto, los operadores de la t\u00eda Ch\u00edo reenv\u00edan encuestas que presuntamente la colocan arriba en las preferencias hasta en 30 puntos\u2026ayer difunden una de El Financiero que la coloca 20 puntos arriba.<\/p>\n\n\n\n<p>Los operadores de Pepe Yunes, por su parte, tambi\u00e9n mandan sus encuestas y aseguran que hay una contienda cerrada, hay un empate t\u00e9cnico con la t\u00eda Ch\u00edo y que por eso los Morenos andan m\u00e1s violentos en sus expresiones y recurren a la victimizaci\u00f3n, para minimizar las acusaciones de enriquecimiento inexplicable.<\/p>\n\n\n\n<p>Pero que con todo lo que digan los morenos, el pri\u00edsta est\u00e1 listo para el primer debate de este s\u00e1bado en Xalapa y est\u00e1 listo para gobernar Veracruz a partir del 1 de diciembre de este a\u00f1o., que en este primer encuentro organizado por el Organismo P\u00fablico Local Electoral (OPLE), el candidato a gobernador por la coalici\u00f3n Fuerza y Coraz\u00f3n por Veracruz dejar\u00e1 constancia de la solidez del proyecto que encabeza para que Veracruz recupere su grandeza.<\/p>\n\n\n\n<p>Tambi\u00e9n ser\u00e1 importante escuchar el programa pos debate que ofrece TV Azteca Veracruz donde participan el ex rector de la UV, Ra\u00fal Arias Lovillo, Luciano Antonio Folgueras y el Car\u00f3n Juan Javier G\u00f3mez Cazar\u00edn, como representantes de Pepeyu, Polo Deschamps y la t\u00eda Ch\u00edo, respectivamente.<\/p>\n\n\n\n<p>REUNIONES EST\u00c9RILES\u2026Tras reunirse con el gobernador Cuitl\u00e1huac Garc\u00eda y varios funcionarios estatales y federales, integrantes de colectivos de desaparecidos coincidieron en que si bien es positivo expresar sus demandas ante las autoridades, \u00e9stas no ofrecen ninguna respuesta o soluci\u00f3n: se limitan a escuchar.<\/p>\n\n\n\n<p>Ayer se celebr\u00f3 por m\u00e1s de seis horas la d\u00e9cima cuarta sesi\u00f3n ordinaria del Mecanismo Estatal de Coordinaci\u00f3n en Materia de B\u00fasqueda de Personas entre familiares de desaparecidos, el Ku\u00edkaras, la fiscal general del estado Ver\u00f3nica Hern\u00e1ndez Giad\u00e1ns; la comisionada nacional de B\u00fasqueda Teresa Guadalupe Reyes Sahag\u00fan, y la comisionada estatal de B\u00fasqueda Brenda Cer\u00f3n Chagoya, las activistas destacaron los pocos avances que dejan estas reuniones.<\/p>\n\n\n\n<p>Afirmaron que no hay resultados, ni de localizaci\u00f3n con vida ni de identificaci\u00f3n de restos humanos de las personas desaparecidas en Veracruz, algunas desde hace m\u00e1s de una d\u00e9cada\u2026acusan que siempre les dan largas, dicen que nos van a llamar los fiscales para las mesas de trabajo y no es as\u00ed, \u201cy siempre nos oyen, pero no hay respuestas\u201d, manifest\u00f3 Dalia Robledo.<\/p>\n\n\n\n<p>Refiere que estuvieron con el gobernador, le hacen preguntas pero no hay respuestas; les preguntan por qu\u00e9 las patrullas de Seguridad P\u00fablica otra vez detienen y detienen a muchachos, \u201cpero no responden\u201d\u2026Las activistas le pidieron al gobernador que nombre de una vez titular de la Comisi\u00f3n Estatal de B\u00fasqueda, a lo que Cuitl\u00e1huac Garc\u00eda respondi\u00f3 que la actual encargada de despacho, Brenda Cer\u00f3n Chagoya, se quedar\u00e1 hasta finalizar su gobierno el pr\u00f3ximo 30 de noviembre.<\/p>\n","protected":false},"excerpt":{"rendered":"<p>Oved Contreras Secas Mecas Justo cuando falta poco m\u00e1s de un mes para las elecciones en Veracruz, los tres candidatos a la gubernatura llegan a su primer debate organizado por el OPLE donde los veracruzanos podr\u00e1n confrontar propuestas y proyectos de gobierno de cada uno de ellos, y van particularmente por ese segmento de poblaci\u00f3n [&hellip;]<\/p>\n","protected":false},"author":2,"featured_media":119816,"comment_status":"closed","ping_status":"closed","sticky":false,"template":"","format":"standard","meta":{"tdm_status":"","tdm_grid_status":"","footnotes":""},"categories":[70],"tags":[618,1563,12695,1026,570,7517,251,3578,195],"class_list":{"0":"post-123056","1":"post","2":"type-post","3":"status-publish","4":"format-standard","5":"has-post-thumbnail","7":"category-de-opinion","8":"tag-andres-manuel-lopez-obrador","9":"tag-cuitlahuac-garcia-jimenez","10":"tag-juan-javier-gomez-cazarin","11":"tag-morena","12":"tag-pepe-yunes","13":"tag-polo-deschamps","14":"tag-pri","15":"tag-rocio-nahle","16":"tag-veracruz"},"yoast_head":"<!-- This site is optimized with the Yoast SEO plugin v27.4 - https:\/\/yoast.com\/product\/yoast-seo-wordpress\/ -->\n<title>EL PRIMER DEBATE - Los pol\u00edticos Veracruz<\/title>\n<meta name=\"robots\" content=\"index, follow, max-snippet:-1, max-image-preview:large, max-video-preview:-1\" \/>\n<link rel=\"canonical\" href=\"https:\/\/lospoliticosveracruz.com\/?p=123056\" \/>\n<meta property=\"og:locale\" content=\"es_ES\" \/>\n<meta property=\"og:type\" content=\"article\" \/>\n<meta property=\"og:title\" content=\"EL PRIMER DEBATE - Los pol\u00edticos Veracruz\" \/>\n<meta property=\"og:description\" content=\"Oved Contreras Secas Mecas Justo cuando falta poco m\u00e1s de un mes para las elecciones en Veracruz, los tres candidatos a la gubernatura llegan a su primer debate organizado por el OPLE donde los veracruzanos podr\u00e1n confrontar propuestas y proyectos de gobierno de cada uno de ellos, y van particularmente por ese segmento de poblaci\u00f3n [&hellip;]\" \/>\n<meta property=\"og:url\" content=\"https:\/\/lospoliticosveracruz.com\/?p=123056\" \/>\n<meta property=\"og:site_name\" content=\"Los pol\u00edticos Veracruz\" \/>\n<meta property=\"article:publisher\" content=\"https:\/\/www.facebook.com\/people\/Notimemes-de-los-Polticos\/61565672886568\/\" \/>\n<meta property=\"article:published_time\" content=\"2024-04-27T14:04:19+00:00\" \/>\n<meta property=\"article:modified_time\" content=\"2024-04-27T14:04:40+00:00\" \/>\n<meta property=\"og:image\" content=\"https:\/\/lospoliticosveracruz.com\/wp-content\/uploads\/2024\/03\/Oved-Contreras.jpg\" \/>\n\t<meta property=\"og:image:width\" content=\"1250\" \/>\n\t<meta property=\"og:image:height\" content=\"667\" \/>\n\t<meta property=\"og:image:type\" content=\"image\/jpeg\" \/>\n<meta name=\"author\" content=\"Lo viste en Los Pol\u00edticos\" \/>\n<meta name=\"twitter:card\" content=\"summary_large_image\" \/>\n<meta name=\"twitter:creator\" content=\"@LosPoliticosVer\" \/>\n<meta name=\"twitter:site\" content=\"@LosPoliticosVer\" \/>\n<meta name=\"twitter:label1\" content=\"Escrito por\" \/>\n\t<meta name=\"twitter:data1\" content=\"Lo viste en Los Pol\u00edticos\" \/>\n\t<meta name=\"twitter:label2\" content=\"Tiempo de lectura\" \/>\n\t<meta name=\"twitter:data2\" content=\"4 minutos\" \/>\n<script type=\"application\/ld+json\" class=\"yoast-schema-graph\">{\"@context\":\"https:\\\/\\\/schema.org\",\"@graph\":[{\"@type\":\"Article\",\"@id\":\"https:\\\/\\\/lospoliticosveracruz.com\\\/?p=123056#article\",\"isPartOf\":{\"@id\":\"https:\\\/\\\/lospoliticosveracruz.com\\\/?p=123056\"},\"author\":{\"name\":\"Lo viste en Los Pol\u00edticos\",\"@id\":\"https:\\\/\\\/lospoliticosveracruz.com\\\/#\\\/schema\\\/person\\\/b8702bb0e538456e6efd07080bf2a4a2\"},\"headline\":\"EL PRIMER DEBATE\",\"datePublished\":\"2024-04-27T14:04:19+00:00\",\"dateModified\":\"2024-04-27T14:04:40+00:00\",\"mainEntityOfPage\":{\"@id\":\"https:\\\/\\\/lospoliticosveracruz.com\\\/?p=123056\"},\"wordCount\":783,\"publisher\":{\"@id\":\"https:\\\/\\\/lospoliticosveracruz.com\\\/#organization\"},\"image\":{\"@id\":\"https:\\\/\\\/lospoliticosveracruz.com\\\/?p=123056#primaryimage\"},\"thumbnailUrl\":\"https:\\\/\\\/lospoliticosveracruz.com\\\/wp-content\\\/uploads\\\/2024\\\/03\\\/Oved-Contreras.jpg\",\"keywords\":[\"Andr\u00e9s Manuel L\u00f3pez Obrador\",\"Cuitl\u00e1huac Garc\u00eda Jim\u00e9nez\",\"Juan Javier G\u00f3mez Cazar\u00edn\",\"Morena\",\"Pepe Yunes\",\"Polo Deschamps\",\"PRI\",\"Roc\u00edo Nahle\",\"Veracruz\"],\"articleSection\":[\"De Opini\u00f3n\"],\"inLanguage\":\"es\"},{\"@type\":\"WebPage\",\"@id\":\"https:\\\/\\\/lospoliticosveracruz.com\\\/?p=123056\",\"url\":\"https:\\\/\\\/lospoliticosveracruz.com\\\/?p=123056\",\"name\":\"EL PRIMER DEBATE - Los pol\u00edticos Veracruz\",\"isPartOf\":{\"@id\":\"https:\\\/\\\/lospoliticosveracruz.com\\\/#website\"},\"primaryImageOfPage\":{\"@id\":\"https:\\\/\\\/lospoliticosveracruz.com\\\/?p=123056#primaryimage\"},\"image\":{\"@id\":\"https:\\\/\\\/lospoliticosveracruz.com\\\/?p=123056#primaryimage\"},\"thumbnailUrl\":\"https:\\\/\\\/lospoliticosveracruz.com\\\/wp-content\\\/uploads\\\/2024\\\/03\\\/Oved-Contreras.jpg\",\"datePublished\":\"2024-04-27T14:04:19+00:00\",\"dateModified\":\"2024-04-27T14:04:40+00:00\",\"breadcrumb\":{\"@id\":\"https:\\\/\\\/lospoliticosveracruz.com\\\/?p=123056#breadcrumb\"},\"inLanguage\":\"es\",\"potentialAction\":[{\"@type\":\"ReadAction\",\"target\":[\"https:\\\/\\\/lospoliticosveracruz.com\\\/?p=123056\"]}]},{\"@type\":\"ImageObject\",\"inLanguage\":\"es\",\"@id\":\"https:\\\/\\\/lospoliticosveracruz.com\\\/?p=123056#primaryimage\",\"url\":\"https:\\\/\\\/lospoliticosveracruz.com\\\/wp-content\\\/uploads\\\/2024\\\/03\\\/Oved-Contreras.jpg\",\"contentUrl\":\"https:\\\/\\\/lospoliticosveracruz.com\\\/wp-content\\\/uploads\\\/2024\\\/03\\\/Oved-Contreras.jpg\",\"width\":1250,\"height\":667},{\"@type\":\"BreadcrumbList\",\"@id\":\"https:\\\/\\\/lospoliticosveracruz.com\\\/?p=123056#breadcrumb\",\"itemListElement\":[{\"@type\":\"ListItem\",\"position\":1,\"name\":\"Portada\",\"item\":\"https:\\\/\\\/lospoliticosveracruz.com\\\/\"},{\"@type\":\"ListItem\",\"position\":2,\"name\":\"EL PRIMER DEBATE\"}]},{\"@type\":\"WebSite\",\"@id\":\"https:\\\/\\\/lospoliticosveracruz.com\\\/#website\",\"url\":\"https:\\\/\\\/lospoliticosveracruz.com\\\/\",\"name\":\"Los pol\u00edticos Veracruz\",\"description\":\"\",\"publisher\":{\"@id\":\"https:\\\/\\\/lospoliticosveracruz.com\\\/#organization\"},\"potentialAction\":[{\"@type\":\"SearchAction\",\"target\":{\"@type\":\"EntryPoint\",\"urlTemplate\":\"https:\\\/\\\/lospoliticosveracruz.com\\\/?s={search_term_string}\"},\"query-input\":{\"@type\":\"PropertyValueSpecification\",\"valueRequired\":true,\"valueName\":\"search_term_string\"}}],\"inLanguage\":\"es\"},{\"@type\":\"Organization\",\"@id\":\"https:\\\/\\\/lospoliticosveracruz.com\\\/#organization\",\"name\":\"Los pol\u00edticos Veracruz\",\"url\":\"https:\\\/\\\/lospoliticosveracruz.com\\\/\",\"logo\":{\"@type\":\"ImageObject\",\"inLanguage\":\"es\",\"@id\":\"https:\\\/\\\/lospoliticosveracruz.com\\\/#\\\/schema\\\/logo\\\/image\\\/\",\"url\":\"https:\\\/\\\/lospoliticosveracruz.com\\\/wp-content\\\/uploads\\\/2025\\\/12\\\/Logo-Nuevo-LOS-POLITICOS-1.jpg\",\"contentUrl\":\"https:\\\/\\\/lospoliticosveracruz.com\\\/wp-content\\\/uploads\\\/2025\\\/12\\\/Logo-Nuevo-LOS-POLITICOS-1.jpg\",\"width\":260,\"height\":70,\"caption\":\"Los pol\u00edticos Veracruz\"},\"image\":{\"@id\":\"https:\\\/\\\/lospoliticosveracruz.com\\\/#\\\/schema\\\/logo\\\/image\\\/\"},\"sameAs\":[\"https:\\\/\\\/www.facebook.com\\\/people\\\/Notimemes-de-los-Polticos\\\/61565672886568\\\/\",\"https:\\\/\\\/x.com\\\/LosPoliticosVer\"]},{\"@type\":\"Person\",\"@id\":\"https:\\\/\\\/lospoliticosveracruz.com\\\/#\\\/schema\\\/person\\\/b8702bb0e538456e6efd07080bf2a4a2\",\"name\":\"Lo viste en Los Pol\u00edticos\",\"image\":{\"@type\":\"ImageObject\",\"inLanguage\":\"es\",\"@id\":\"https:\\\/\\\/secure.gravatar.com\\\/avatar\\\/3a8de04a2656d44082be478bd6c086daa447c4651605818287b9532d3d0bd435?s=96&d=mm&r=g\",\"url\":\"https:\\\/\\\/secure.gravatar.com\\\/avatar\\\/3a8de04a2656d44082be478bd6c086daa447c4651605818287b9532d3d0bd435?s=96&d=mm&r=g\",\"contentUrl\":\"https:\\\/\\\/secure.gravatar.com\\\/avatar\\\/3a8de04a2656d44082be478bd6c086daa447c4651605818287b9532d3d0bd435?s=96&d=mm&r=g\",\"caption\":\"Lo viste en Los Pol\u00edticos\"},\"url\":\"https:\\\/\\\/lospoliticosveracruz.com\\\/?author=2\"}]}<\/script>\n<!-- \/ Yoast SEO plugin. -->","yoast_head_json":{"title":"EL PRIMER DEBATE - Los pol\u00edticos Veracruz","robots":{"index":"index","follow":"follow","max-snippet":"max-snippet:-1","max-image-preview":"max-image-preview:large","max-video-preview":"max-video-preview:-1"},"canonical":"https:\/\/lospoliticosveracruz.com\/?p=123056","og_locale":"es_ES","og_type":"article","og_title":"EL PRIMER DEBATE - Los pol\u00edticos Veracruz","og_description":"Oved Contreras Secas Mecas Justo cuando falta poco m\u00e1s de un mes para las elecciones en Veracruz, los tres candidatos a la gubernatura llegan a su primer debate organizado por el OPLE donde los veracruzanos podr\u00e1n confrontar propuestas y proyectos de gobierno de cada uno de ellos, y van particularmente por ese segmento de poblaci\u00f3n [&hellip;]","og_url":"https:\/\/lospoliticosveracruz.com\/?p=123056","og_site_name":"Los pol\u00edticos Veracruz","article_publisher":"https:\/\/www.facebook.com\/people\/Notimemes-de-los-Polticos\/61565672886568\/","article_published_time":"2024-04-27T14:04:19+00:00","article_modified_time":"2024-04-27T14:04:40+00:00","og_image":[{"width":1250,"height":667,"url":"https:\/\/lospoliticosveracruz.com\/wp-content\/uploads\/2024\/03\/Oved-Contreras.jpg","type":"image\/jpeg"}],"author":"Lo viste en Los Pol\u00edticos","twitter_card":"summary_large_image","twitter_creator":"@LosPoliticosVer","twitter_site":"@LosPoliticosVer","twitter_misc":{"Escrito por":"Lo viste en Los Pol\u00edticos","Tiempo de lectura":"4 minutos"},"schema":{"@context":"https:\/\/schema.org","@graph":[{"@type":"Article","@id":"https:\/\/lospoliticosveracruz.com\/?p=123056#article","isPartOf":{"@id":"https:\/\/lospoliticosveracruz.com\/?p=123056"},"author":{"name":"Lo viste en Los Pol\u00edticos","@id":"https:\/\/lospoliticosveracruz.com\/#\/schema\/person\/b8702bb0e538456e6efd07080bf2a4a2"},"headline":"EL PRIMER DEBATE","datePublished":"2024-04-27T14:04:19+00:00","dateModified":"2024-04-27T14:04:40+00:00","mainEntityOfPage":{"@id":"https:\/\/lospoliticosveracruz.com\/?p=123056"},"wordCount":783,"publisher":{"@id":"https:\/\/lospoliticosveracruz.com\/#organization"},"image":{"@id":"https:\/\/lospoliticosveracruz.com\/?p=123056#primaryimage"},"thumbnailUrl":"https:\/\/lospoliticosveracruz.com\/wp-content\/uploads\/2024\/03\/Oved-Contreras.jpg","keywords":["Andr\u00e9s Manuel L\u00f3pez Obrador","Cuitl\u00e1huac Garc\u00eda Jim\u00e9nez","Juan Javier G\u00f3mez Cazar\u00edn","Morena","Pepe Yunes","Polo Deschamps","PRI","Roc\u00edo Nahle","Veracruz"],"articleSection":["De Opini\u00f3n"],"inLanguage":"es"},{"@type":"WebPage","@id":"https:\/\/lospoliticosveracruz.com\/?p=123056","url":"https:\/\/lospoliticosveracruz.com\/?p=123056","name":"EL PRIMER DEBATE - Los pol\u00edticos Veracruz","isPartOf":{"@id":"https:\/\/lospoliticosveracruz.com\/#website"},"primaryImageOfPage":{"@id":"https:\/\/lospoliticosveracruz.com\/?p=123056#primaryimage"},"image":{"@id":"https:\/\/lospoliticosveracruz.com\/?p=123056#primaryimage"},"thumbnailUrl":"https:\/\/lospoliticosveracruz.com\/wp-content\/uploads\/2024\/03\/Oved-Contreras.jpg","datePublished":"2024-04-27T14:04:19+00:00","dateModified":"2024-04-27T14:04:40+00:00","breadcrumb":{"@id":"https:\/\/lospoliticosveracruz.com\/?p=123056#breadcrumb"},"inLanguage":"es","potentialAction":[{"@type":"ReadAction","target":["https:\/\/lospoliticosveracruz.com\/?p=123056"]}]},{"@type":"ImageObject","inLanguage":"es","@id":"https:\/\/lospoliticosveracruz.com\/?p=123056#primaryimage","url":"https:\/\/lospoliticosveracruz.com\/wp-content\/uploads\/2024\/03\/Oved-Contreras.jpg","contentUrl":"https:\/\/lospoliticosveracruz.com\/wp-content\/uploads\/2024\/03\/Oved-Contreras.jpg","width":1250,"height":667},{"@type":"BreadcrumbList","@id":"https:\/\/lospoliticosveracruz.com\/?p=123056#breadcrumb","itemListElement":[{"@type":"ListItem","position":1,"name":"Portada","item":"https:\/\/lospoliticosveracruz.com\/"},{"@type":"ListItem","position":2,"name":"EL PRIMER DEBATE"}]},{"@type":"WebSite","@id":"https:\/\/lospoliticosveracruz.com\/#website","url":"https:\/\/lospoliticosveracruz.com\/","name":"Los pol\u00edticos Veracruz","description":"","publisher":{"@id":"https:\/\/lospoliticosveracruz.com\/#organization"},"potentialAction":[{"@type":"SearchAction","target":{"@type":"EntryPoint","urlTemplate":"https:\/\/lospoliticosveracruz.com\/?s={search_term_string}"},"query-input":{"@type":"PropertyValueSpecification","valueRequired":true,"valueName":"search_term_string"}}],"inLanguage":"es"},{"@type":"Organization","@id":"https:\/\/lospoliticosveracruz.com\/#organization","name":"Los pol\u00edticos Veracruz","url":"https:\/\/lospoliticosveracruz.com\/","logo":{"@type":"ImageObject","inLanguage":"es","@id":"https:\/\/lospoliticosveracruz.com\/#\/schema\/logo\/image\/","url":"https:\/\/lospoliticosveracruz.com\/wp-content\/uploads\/2025\/12\/Logo-Nuevo-LOS-POLITICOS-1.jpg","contentUrl":"https:\/\/lospoliticosveracruz.com\/wp-content\/uploads\/2025\/12\/Logo-Nuevo-LOS-POLITICOS-1.jpg","width":260,"height":70,"caption":"Los pol\u00edticos Veracruz"},"image":{"@id":"https:\/\/lospoliticosveracruz.com\/#\/schema\/logo\/image\/"},"sameAs":["https:\/\/www.facebook.com\/people\/Notimemes-de-los-Polticos\/61565672886568\/","https:\/\/x.com\/LosPoliticosVer"]},{"@type":"Person","@id":"https:\/\/lospoliticosveracruz.com\/#\/schema\/person\/b8702bb0e538456e6efd07080bf2a4a2","name":"Lo viste en Los Pol\u00edticos","image":{"@type":"ImageObject","inLanguage":"es","@id":"https:\/\/secure.gravatar.com\/avatar\/3a8de04a2656d44082be478bd6c086daa447c4651605818287b9532d3d0bd435?s=96&d=mm&r=g","url":"https:\/\/secure.gravatar.com\/avatar\/3a8de04a2656d44082be478bd6c086daa447c4651605818287b9532d3d0bd435?s=96&d=mm&r=g","contentUrl":"https:\/\/secure.gravatar.com\/avatar\/3a8de04a2656d44082be478bd6c086daa447c4651605818287b9532d3d0bd435?s=96&d=mm&r=g","caption":"Lo viste en Los Pol\u00edticos"},"url":"https:\/\/lospoliticosveracruz.com\/?author=2"}]}},"_links":{"self":[{"href":"https:\/\/lospoliticosveracruz.com\/index.php?rest_route=\/wp\/v2\/posts\/123056","targetHints":{"allow":["GET"]}}],"collection":[{"href":"https:\/\/lospoliticosveracruz.com\/index.php?rest_route=\/wp\/v2\/posts"}],"about":[{"href":"https:\/\/lospoliticosveracruz.com\/index.php?rest_route=\/wp\/v2\/types\/post"}],"author":[{"embeddable":true,"href":"https:\/\/lospoliticosveracruz.com\/index.php?rest_route=\/wp\/v2\/users\/2"}],"replies":[{"embeddable":true,"href":"https:\/\/lospoliticosveracruz.com\/index.php?rest_route=%2Fwp%2Fv2%2Fcomments&post=123056"}],"version-history":[{"count":1,"href":"https:\/\/lospoliticosveracruz.com\/index.php?rest_route=\/wp\/v2\/posts\/123056\/revisions"}],"predecessor-version":[{"id":123057,"href":"https:\/\/lospoliticosveracruz.com\/index.php?rest_route=\/wp\/v2\/posts\/123056\/revisions\/123057"}],"wp:featuredmedia":[{"embeddable":true,"href":"https:\/\/lospoliticosveracruz.com\/index.php?rest_route=\/wp\/v2\/media\/119816"}],"wp:attachment":[{"href":"https:\/\/lospoliticosveracruz.com\/index.php?rest_route=%2Fwp%2Fv2%2Fmedia&parent=123056"}],"wp:term":[{"taxonomy":"category","embeddable":true,"href":"https:\/\/lospoliticosveracruz.com\/index.php?rest_route=%2Fwp%2Fv2%2Fcategories&post=123056"},{"taxonomy":"post_tag","embeddable":true,"href":"https:\/\/lospoliticosveracruz.com\/index.php?rest_route=%2Fwp%2Fv2%2Ftags&post=123056"}],"curies":[{"name":"wp","href":"https:\/\/api.w.org\/{rel}","templated":true}]}}