{"id":123460,"date":"2024-05-03T00:41:09","date_gmt":"2024-05-03T05:41:09","guid":{"rendered":"https:\/\/lospoliticosveracruz.com.mx\/?p=123460"},"modified":"2024-05-03T00:41:31","modified_gmt":"2024-05-03T05:41:31","slug":"feminicidios-5","status":"publish","type":"post","link":"https:\/\/lospoliticosveracruz.com\/?p=123460","title":{"rendered":"FEMINICIDIOS"},"content":{"rendered":"\n<p><strong>Guadalupe H. Mar<\/strong><\/p>\n\n\n\n<p><em>Mira Pol\u00edtica<\/em><\/p>\n\n\n\n<p><strong>YA PARENLOS<\/strong>&nbsp;\u2026&nbsp;Debido en gran parte a la impunidad derivada de la carencia de investigaci\u00f3n y seguimiento para la procuraci\u00f3n de&nbsp;justicia, el pasado mi\u00e9rcoles uno de mayo, en un tramo carretero que conduce al municipio de Papantla, fue hallado el cuerpo sin vida de una mujer, el cual adem\u00e1s de encontrarse desnudo, presentaba huellas de violencia.<\/p>\n\n\n\n<p>En lo personal hemos perdido la cuenta de las mujeres asesinadas en lo que va de este a\u00f1o, cuyos cuerpos sin vida son abandonados a orillas de un camino o carretera.<\/p>\n\n\n\n<p>Desconocemos si la&nbsp;Fiscal\u00eda General&nbsp;del&nbsp;estado de Veracruz (Fgever) ha dado a conocer al menos la resoluci\u00f3n de uno de estos cruentos asesinatos, que insistimos, se est\u00e1n sucediendo con mayor frecuencia en el estado de Veracruz,&nbsp;tan solo en el pasado mes de abril fueron nueve mujeres asesinadas seg\u00fan informaci\u00f3n de la periodista Ver\u00f3nica Huerta, una de ellas menor de edad.&nbsp;<\/p>\n\n\n\n<p><strong>COMO DOS BOCAS<\/strong>&nbsp;\u2026 Se anunci\u00f3 por parte de la direcci\u00f3n de Espacios Educativos del&nbsp;gobierno del&nbsp;estado de Veracruz, que el pr\u00f3ximo lunes 27 de mayo iniciar\u00e1 la tercera etapa de la remodelaci\u00f3n del estadio de futbol Luis \u201cEl Pirata\u201d&nbsp;Fuente, obra que deber\u00e1 concluirse el 15 de noviembre de este a\u00f1o, fase&nbsp;en la cual, se invertir\u00e1n algo as\u00ed como 450 millones de pesos.<\/p>\n\n\n\n<p>Se estima que el costo total de la magna obra del gobierno estatal&nbsp;veracruzano&nbsp;superar\u00e1 los mil 500 millones de pesos.<\/p>\n\n\n\n<p>La primera etapa de la reconstrucci\u00f3n del&nbsp;estadio requiri\u00f3 la inversi\u00f3n de 509.3 millones de pesos.<\/p>\n\n\n\n<p>En la segunda etapa se invirtieron 596.8 millones de pesos y se desperdiciaron cientos de toneladas de madera, ya saben ustedes amables lectores, por las prisas y el af\u00e1n de ganarle tiempo al tiempo trabajando 24 horas al d\u00eda y rellenando de cemento lo que ser\u00e1n las gradas.<\/p>\n\n\n\n<p>Para esta&nbsp;tercera etapa&nbsp;que inicia en unos d\u00edas, se destinar\u00e1n inicialmente&nbsp;450 millones de pesos, por lo que ya algunos jarochos comparan al \u201cPirata\u201d Fuente con la refiner\u00eda de Dos Bocas en Tabasco, cuyo costo se elev\u00f3 al doble, pues de&nbsp;ocho mil millones de d\u00f3lares que costar\u00eda inicialmente, el monto se elev\u00f3 a casi 17 mil millones de d\u00f3lares.<\/p>\n\n\n\n<p>Pero tranquilos amables lectores, el recurso econ\u00f3mico para pagar esta tercera etapa de restauraci\u00f3n del \u201cPirata\u201d Fuente, proviene a decir del mandatario estatal veracruzano, de \u201cexcedentes de ingresos propios\u2026 en el manejo de las cuentas bancarias\u201d.<\/p>\n\n\n\n<p>Seguramente en unos d\u00edas m\u00e1s, en los \u00faltimos d\u00edas&nbsp;del sexenio del ingeniero mec\u00e1nico electricista Cuitl\u00e1huac Garc\u00eda Jim\u00e9nez sabremos realmente el costo total de la restauraci\u00f3n del estadio Luis \u201cEl Pirata\u201d Fuente, que seguramente habr\u00eda costado menos si se hubiera hecho nuevo.<\/p>\n\n\n\n<p><strong>GRITOS DEL SILENCIO<\/strong>&nbsp;\u2026 Se hicieron escuchar y muy bien, los integrantes de la \u201cRed en Memoria y Lucha de Periodistas Asesinados o Desaparecidos\u201d, quienes el mi\u00e9rcoles pasado, en la ciudad de Xalapa, durante el desfile con motivo del D\u00eda del Trabajo, demandaron justicia por sus familiares asesinados.<\/p>\n\n\n\n<p>Mois\u00e9s S\u00e1nchez, hijo del periodista Jos\u00e9 Mois\u00e9s S\u00e1nchez Cerezo, director del peri\u00f3dico \u201cLa Uni\u00f3n\u201d, quien fue asesinado hace nueve a\u00f1os en el municipio de Medell\u00edn de Bravo y Mar\u00eda Fernanda de Luna Ferral, hija de la periodista Mar\u00eda Elena Ferral Hern\u00e1ndez, asesinada el 30 de marzo de 2020, realizaron singular plant\u00f3n frente al templete en el que se encontraban las autoridades estatales encabezadas por el gobernador del estado, el ingeniero mec\u00e1nico electricista Cuitl\u00e1huac Garc\u00eda Jim\u00e9nez.<\/p>\n\n\n\n<p>Los de la \u201cRed en Memoria y Lucha de Periodistas Asesinados o Desaparecidos\u201d, utilizaron un mu\u00f1eco semejando a un periodista asesinado, lo cual el director de Pol\u00edtica Regional de la Subsecretar\u00eda de Gobierno, H\u00e9ctor Eduardo Cipri\u00e1n M\u00e9ndez pretendi\u00f3 esconder de sus jefes, levantando el maniqu\u00ed, lo cual obviamente fue una agresi\u00f3n a los manifestantes.<\/p>\n\n\n\n<p><strong>NO A LA IMPUNIDAD<\/strong>&nbsp;\u2026 Por cierto, tal&nbsp;y como&nbsp;se los hab\u00edamos comentado, este viernes tres de mayo, familiares, amigos y comunicadores participar\u00e1n en la develaci\u00f3n del Mural por \u00abEl D\u00eda Mundial de la Libertad de Prensa\u00bb, elaborado por el creador urbano de grafiti Armando Hern\u00e1ndez&nbsp;Ascoaga, \u00abRiesk\u00bb, en memoria de todos los periodistas ca\u00eddos en el ejercicio de su labor, para as\u00ed conmemorar sus historias.<\/p>\n\n\n\n<p>El evento se llevar\u00e1 a cabo a las 9.45 horas en los bajos del&nbsp;puente Morelos de la ciudad de Veracruz, en las inmediaciones de la terminal de ferrocarriles.<\/p>\n\n\n\n<p>Para que se ubiquen amables lectoras y lectores, el lugar de esta develaci\u00f3n en memoria de periodistas asesinados, ser\u00e1 all\u00e1 por donde se encuentran los edificios de Correos y Tel\u00e9grafos.<\/p>\n\n\n\n<p><strong>D\u00cdGALO SIN MIEDO<\/strong>&nbsp;\u2026 Al correo electr\u00f3nico&nbsp;<a href=\"mailto:guadalupehmar@gmail.com\">guadalupehmar@gmail.com<\/a><\/p>\n","protected":false},"excerpt":{"rendered":"<p>Guadalupe H. Mar Mira Pol\u00edtica YA PARENLOS&nbsp;\u2026&nbsp;Debido en gran parte a la impunidad derivada de la carencia de investigaci\u00f3n y seguimiento para la procuraci\u00f3n de&nbsp;justicia, el pasado mi\u00e9rcoles uno de mayo, en un tramo carretero que conduce al municipio de Papantla, fue hallado el cuerpo sin vida de una mujer, el cual adem\u00e1s de encontrarse [&hellip;]<\/p>\n","protected":false},"author":2,"featured_media":119929,"comment_status":"closed","ping_status":"closed","sticky":false,"template":"","format":"standard","meta":{"tdm_status":"","tdm_grid_status":"","footnotes":""},"categories":[70],"tags":[1563,826,1381,8134,40857,195],"class_list":{"0":"post-123460","1":"post","2":"type-post","3":"status-publish","4":"format-standard","5":"has-post-thumbnail","7":"category-de-opinion","8":"tag-cuitlahuac-garcia-jimenez","9":"tag-feminicidios","10":"tag-moises-sanchez-cerezo","11":"tag-pirata-fuente","12":"tag-riesk","13":"tag-veracruz"},"yoast_head":"<!-- This site is optimized with the Yoast SEO plugin v27.4 - https:\/\/yoast.com\/product\/yoast-seo-wordpress\/ -->\n<title>FEMINICIDIOS - Los pol\u00edticos Veracruz<\/title>\n<meta name=\"robots\" content=\"index, follow, max-snippet:-1, max-image-preview:large, max-video-preview:-1\" \/>\n<link rel=\"canonical\" href=\"https:\/\/lospoliticosveracruz.com\/?p=123460\" \/>\n<meta property=\"og:locale\" content=\"es_ES\" \/>\n<meta property=\"og:type\" content=\"article\" \/>\n<meta property=\"og:title\" content=\"FEMINICIDIOS - Los pol\u00edticos Veracruz\" \/>\n<meta property=\"og:description\" content=\"Guadalupe H. Mar Mira Pol\u00edtica YA PARENLOS&nbsp;\u2026&nbsp;Debido en gran parte a la impunidad derivada de la carencia de investigaci\u00f3n y seguimiento para la procuraci\u00f3n de&nbsp;justicia, el pasado mi\u00e9rcoles uno de mayo, en un tramo carretero que conduce al municipio de Papantla, fue hallado el cuerpo sin vida de una mujer, el cual adem\u00e1s de encontrarse [&hellip;]\" \/>\n<meta property=\"og:url\" content=\"https:\/\/lospoliticosveracruz.com\/?p=123460\" \/>\n<meta property=\"og:site_name\" content=\"Los pol\u00edticos Veracruz\" \/>\n<meta property=\"article:publisher\" content=\"https:\/\/www.facebook.com\/people\/Notimemes-de-los-Polticos\/61565672886568\/\" \/>\n<meta property=\"article:published_time\" content=\"2024-05-03T05:41:09+00:00\" \/>\n<meta property=\"article:modified_time\" content=\"2024-05-03T05:41:31+00:00\" \/>\n<meta property=\"og:image\" content=\"https:\/\/lospoliticosveracruz.com\/wp-content\/uploads\/2024\/03\/Lupita-Mar.jpg\" \/>\n\t<meta property=\"og:image:width\" content=\"1250\" \/>\n\t<meta property=\"og:image:height\" content=\"667\" \/>\n\t<meta property=\"og:image:type\" content=\"image\/jpeg\" \/>\n<meta name=\"author\" content=\"Lo viste en Los Pol\u00edticos\" \/>\n<meta name=\"twitter:card\" content=\"summary_large_image\" \/>\n<meta name=\"twitter:creator\" content=\"@LosPoliticosVer\" \/>\n<meta name=\"twitter:site\" content=\"@LosPoliticosVer\" \/>\n<meta name=\"twitter:label1\" content=\"Escrito por\" \/>\n\t<meta name=\"twitter:data1\" content=\"Lo viste en Los Pol\u00edticos\" \/>\n\t<meta name=\"twitter:label2\" content=\"Tiempo de lectura\" \/>\n\t<meta name=\"twitter:data2\" content=\"4 minutos\" \/>\n<script type=\"application\/ld+json\" class=\"yoast-schema-graph\">{\"@context\":\"https:\\\/\\\/schema.org\",\"@graph\":[{\"@type\":\"Article\",\"@id\":\"https:\\\/\\\/lospoliticosveracruz.com\\\/?p=123460#article\",\"isPartOf\":{\"@id\":\"https:\\\/\\\/lospoliticosveracruz.com\\\/?p=123460\"},\"author\":{\"name\":\"Lo viste en Los Pol\u00edticos\",\"@id\":\"https:\\\/\\\/lospoliticosveracruz.com\\\/#\\\/schema\\\/person\\\/b8702bb0e538456e6efd07080bf2a4a2\"},\"headline\":\"FEMINICIDIOS\",\"datePublished\":\"2024-05-03T05:41:09+00:00\",\"dateModified\":\"2024-05-03T05:41:31+00:00\",\"mainEntityOfPage\":{\"@id\":\"https:\\\/\\\/lospoliticosveracruz.com\\\/?p=123460\"},\"wordCount\":846,\"publisher\":{\"@id\":\"https:\\\/\\\/lospoliticosveracruz.com\\\/#organization\"},\"image\":{\"@id\":\"https:\\\/\\\/lospoliticosveracruz.com\\\/?p=123460#primaryimage\"},\"thumbnailUrl\":\"https:\\\/\\\/lospoliticosveracruz.com\\\/wp-content\\\/uploads\\\/2024\\\/03\\\/Lupita-Mar.jpg\",\"keywords\":[\"Cuitl\u00e1huac Garc\u00eda Jim\u00e9nez\",\"feminicidios\",\"Mois\u00e9s S\u00e1nchez Cerezo\",\"Pirata Fuente\",\"Riesk\",\"Veracruz\"],\"articleSection\":[\"De Opini\u00f3n\"],\"inLanguage\":\"es\"},{\"@type\":\"WebPage\",\"@id\":\"https:\\\/\\\/lospoliticosveracruz.com\\\/?p=123460\",\"url\":\"https:\\\/\\\/lospoliticosveracruz.com\\\/?p=123460\",\"name\":\"FEMINICIDIOS - Los pol\u00edticos Veracruz\",\"isPartOf\":{\"@id\":\"https:\\\/\\\/lospoliticosveracruz.com\\\/#website\"},\"primaryImageOfPage\":{\"@id\":\"https:\\\/\\\/lospoliticosveracruz.com\\\/?p=123460#primaryimage\"},\"image\":{\"@id\":\"https:\\\/\\\/lospoliticosveracruz.com\\\/?p=123460#primaryimage\"},\"thumbnailUrl\":\"https:\\\/\\\/lospoliticosveracruz.com\\\/wp-content\\\/uploads\\\/2024\\\/03\\\/Lupita-Mar.jpg\",\"datePublished\":\"2024-05-03T05:41:09+00:00\",\"dateModified\":\"2024-05-03T05:41:31+00:00\",\"breadcrumb\":{\"@id\":\"https:\\\/\\\/lospoliticosveracruz.com\\\/?p=123460#breadcrumb\"},\"inLanguage\":\"es\",\"potentialAction\":[{\"@type\":\"ReadAction\",\"target\":[\"https:\\\/\\\/lospoliticosveracruz.com\\\/?p=123460\"]}]},{\"@type\":\"ImageObject\",\"inLanguage\":\"es\",\"@id\":\"https:\\\/\\\/lospoliticosveracruz.com\\\/?p=123460#primaryimage\",\"url\":\"https:\\\/\\\/lospoliticosveracruz.com\\\/wp-content\\\/uploads\\\/2024\\\/03\\\/Lupita-Mar.jpg\",\"contentUrl\":\"https:\\\/\\\/lospoliticosveracruz.com\\\/wp-content\\\/uploads\\\/2024\\\/03\\\/Lupita-Mar.jpg\",\"width\":1250,\"height\":667},{\"@type\":\"BreadcrumbList\",\"@id\":\"https:\\\/\\\/lospoliticosveracruz.com\\\/?p=123460#breadcrumb\",\"itemListElement\":[{\"@type\":\"ListItem\",\"position\":1,\"name\":\"Portada\",\"item\":\"https:\\\/\\\/lospoliticosveracruz.com\\\/\"},{\"@type\":\"ListItem\",\"position\":2,\"name\":\"FEMINICIDIOS\"}]},{\"@type\":\"WebSite\",\"@id\":\"https:\\\/\\\/lospoliticosveracruz.com\\\/#website\",\"url\":\"https:\\\/\\\/lospoliticosveracruz.com\\\/\",\"name\":\"Los pol\u00edticos Veracruz\",\"description\":\"\",\"publisher\":{\"@id\":\"https:\\\/\\\/lospoliticosveracruz.com\\\/#organization\"},\"potentialAction\":[{\"@type\":\"SearchAction\",\"target\":{\"@type\":\"EntryPoint\",\"urlTemplate\":\"https:\\\/\\\/lospoliticosveracruz.com\\\/?s={search_term_string}\"},\"query-input\":{\"@type\":\"PropertyValueSpecification\",\"valueRequired\":true,\"valueName\":\"search_term_string\"}}],\"inLanguage\":\"es\"},{\"@type\":\"Organization\",\"@id\":\"https:\\\/\\\/lospoliticosveracruz.com\\\/#organization\",\"name\":\"Los pol\u00edticos Veracruz\",\"url\":\"https:\\\/\\\/lospoliticosveracruz.com\\\/\",\"logo\":{\"@type\":\"ImageObject\",\"inLanguage\":\"es\",\"@id\":\"https:\\\/\\\/lospoliticosveracruz.com\\\/#\\\/schema\\\/logo\\\/image\\\/\",\"url\":\"https:\\\/\\\/lospoliticosveracruz.com\\\/wp-content\\\/uploads\\\/2025\\\/12\\\/Logo-Nuevo-LOS-POLITICOS-1.jpg\",\"contentUrl\":\"https:\\\/\\\/lospoliticosveracruz.com\\\/wp-content\\\/uploads\\\/2025\\\/12\\\/Logo-Nuevo-LOS-POLITICOS-1.jpg\",\"width\":260,\"height\":70,\"caption\":\"Los pol\u00edticos Veracruz\"},\"image\":{\"@id\":\"https:\\\/\\\/lospoliticosveracruz.com\\\/#\\\/schema\\\/logo\\\/image\\\/\"},\"sameAs\":[\"https:\\\/\\\/www.facebook.com\\\/people\\\/Notimemes-de-los-Polticos\\\/61565672886568\\\/\",\"https:\\\/\\\/x.com\\\/LosPoliticosVer\"]},{\"@type\":\"Person\",\"@id\":\"https:\\\/\\\/lospoliticosveracruz.com\\\/#\\\/schema\\\/person\\\/b8702bb0e538456e6efd07080bf2a4a2\",\"name\":\"Lo viste en Los Pol\u00edticos\",\"image\":{\"@type\":\"ImageObject\",\"inLanguage\":\"es\",\"@id\":\"https:\\\/\\\/secure.gravatar.com\\\/avatar\\\/3a8de04a2656d44082be478bd6c086daa447c4651605818287b9532d3d0bd435?s=96&d=mm&r=g\",\"url\":\"https:\\\/\\\/secure.gravatar.com\\\/avatar\\\/3a8de04a2656d44082be478bd6c086daa447c4651605818287b9532d3d0bd435?s=96&d=mm&r=g\",\"contentUrl\":\"https:\\\/\\\/secure.gravatar.com\\\/avatar\\\/3a8de04a2656d44082be478bd6c086daa447c4651605818287b9532d3d0bd435?s=96&d=mm&r=g\",\"caption\":\"Lo viste en Los Pol\u00edticos\"},\"url\":\"https:\\\/\\\/lospoliticosveracruz.com\\\/?author=2\"}]}<\/script>\n<!-- \/ Yoast SEO plugin. -->","yoast_head_json":{"title":"FEMINICIDIOS - Los pol\u00edticos Veracruz","robots":{"index":"index","follow":"follow","max-snippet":"max-snippet:-1","max-image-preview":"max-image-preview:large","max-video-preview":"max-video-preview:-1"},"canonical":"https:\/\/lospoliticosveracruz.com\/?p=123460","og_locale":"es_ES","og_type":"article","og_title":"FEMINICIDIOS - Los pol\u00edticos Veracruz","og_description":"Guadalupe H. Mar Mira Pol\u00edtica YA PARENLOS&nbsp;\u2026&nbsp;Debido en gran parte a la impunidad derivada de la carencia de investigaci\u00f3n y seguimiento para la procuraci\u00f3n de&nbsp;justicia, el pasado mi\u00e9rcoles uno de mayo, en un tramo carretero que conduce al municipio de Papantla, fue hallado el cuerpo sin vida de una mujer, el cual adem\u00e1s de encontrarse [&hellip;]","og_url":"https:\/\/lospoliticosveracruz.com\/?p=123460","og_site_name":"Los pol\u00edticos Veracruz","article_publisher":"https:\/\/www.facebook.com\/people\/Notimemes-de-los-Polticos\/61565672886568\/","article_published_time":"2024-05-03T05:41:09+00:00","article_modified_time":"2024-05-03T05:41:31+00:00","og_image":[{"width":1250,"height":667,"url":"https:\/\/lospoliticosveracruz.com\/wp-content\/uploads\/2024\/03\/Lupita-Mar.jpg","type":"image\/jpeg"}],"author":"Lo viste en Los Pol\u00edticos","twitter_card":"summary_large_image","twitter_creator":"@LosPoliticosVer","twitter_site":"@LosPoliticosVer","twitter_misc":{"Escrito por":"Lo viste en Los Pol\u00edticos","Tiempo de lectura":"4 minutos"},"schema":{"@context":"https:\/\/schema.org","@graph":[{"@type":"Article","@id":"https:\/\/lospoliticosveracruz.com\/?p=123460#article","isPartOf":{"@id":"https:\/\/lospoliticosveracruz.com\/?p=123460"},"author":{"name":"Lo viste en Los Pol\u00edticos","@id":"https:\/\/lospoliticosveracruz.com\/#\/schema\/person\/b8702bb0e538456e6efd07080bf2a4a2"},"headline":"FEMINICIDIOS","datePublished":"2024-05-03T05:41:09+00:00","dateModified":"2024-05-03T05:41:31+00:00","mainEntityOfPage":{"@id":"https:\/\/lospoliticosveracruz.com\/?p=123460"},"wordCount":846,"publisher":{"@id":"https:\/\/lospoliticosveracruz.com\/#organization"},"image":{"@id":"https:\/\/lospoliticosveracruz.com\/?p=123460#primaryimage"},"thumbnailUrl":"https:\/\/lospoliticosveracruz.com\/wp-content\/uploads\/2024\/03\/Lupita-Mar.jpg","keywords":["Cuitl\u00e1huac Garc\u00eda Jim\u00e9nez","feminicidios","Mois\u00e9s S\u00e1nchez Cerezo","Pirata Fuente","Riesk","Veracruz"],"articleSection":["De Opini\u00f3n"],"inLanguage":"es"},{"@type":"WebPage","@id":"https:\/\/lospoliticosveracruz.com\/?p=123460","url":"https:\/\/lospoliticosveracruz.com\/?p=123460","name":"FEMINICIDIOS - Los pol\u00edticos Veracruz","isPartOf":{"@id":"https:\/\/lospoliticosveracruz.com\/#website"},"primaryImageOfPage":{"@id":"https:\/\/lospoliticosveracruz.com\/?p=123460#primaryimage"},"image":{"@id":"https:\/\/lospoliticosveracruz.com\/?p=123460#primaryimage"},"thumbnailUrl":"https:\/\/lospoliticosveracruz.com\/wp-content\/uploads\/2024\/03\/Lupita-Mar.jpg","datePublished":"2024-05-03T05:41:09+00:00","dateModified":"2024-05-03T05:41:31+00:00","breadcrumb":{"@id":"https:\/\/lospoliticosveracruz.com\/?p=123460#breadcrumb"},"inLanguage":"es","potentialAction":[{"@type":"ReadAction","target":["https:\/\/lospoliticosveracruz.com\/?p=123460"]}]},{"@type":"ImageObject","inLanguage":"es","@id":"https:\/\/lospoliticosveracruz.com\/?p=123460#primaryimage","url":"https:\/\/lospoliticosveracruz.com\/wp-content\/uploads\/2024\/03\/Lupita-Mar.jpg","contentUrl":"https:\/\/lospoliticosveracruz.com\/wp-content\/uploads\/2024\/03\/Lupita-Mar.jpg","width":1250,"height":667},{"@type":"BreadcrumbList","@id":"https:\/\/lospoliticosveracruz.com\/?p=123460#breadcrumb","itemListElement":[{"@type":"ListItem","position":1,"name":"Portada","item":"https:\/\/lospoliticosveracruz.com\/"},{"@type":"ListItem","position":2,"name":"FEMINICIDIOS"}]},{"@type":"WebSite","@id":"https:\/\/lospoliticosveracruz.com\/#website","url":"https:\/\/lospoliticosveracruz.com\/","name":"Los pol\u00edticos Veracruz","description":"","publisher":{"@id":"https:\/\/lospoliticosveracruz.com\/#organization"},"potentialAction":[{"@type":"SearchAction","target":{"@type":"EntryPoint","urlTemplate":"https:\/\/lospoliticosveracruz.com\/?s={search_term_string}"},"query-input":{"@type":"PropertyValueSpecification","valueRequired":true,"valueName":"search_term_string"}}],"inLanguage":"es"},{"@type":"Organization","@id":"https:\/\/lospoliticosveracruz.com\/#organization","name":"Los pol\u00edticos Veracruz","url":"https:\/\/lospoliticosveracruz.com\/","logo":{"@type":"ImageObject","inLanguage":"es","@id":"https:\/\/lospoliticosveracruz.com\/#\/schema\/logo\/image\/","url":"https:\/\/lospoliticosveracruz.com\/wp-content\/uploads\/2025\/12\/Logo-Nuevo-LOS-POLITICOS-1.jpg","contentUrl":"https:\/\/lospoliticosveracruz.com\/wp-content\/uploads\/2025\/12\/Logo-Nuevo-LOS-POLITICOS-1.jpg","width":260,"height":70,"caption":"Los pol\u00edticos Veracruz"},"image":{"@id":"https:\/\/lospoliticosveracruz.com\/#\/schema\/logo\/image\/"},"sameAs":["https:\/\/www.facebook.com\/people\/Notimemes-de-los-Polticos\/61565672886568\/","https:\/\/x.com\/LosPoliticosVer"]},{"@type":"Person","@id":"https:\/\/lospoliticosveracruz.com\/#\/schema\/person\/b8702bb0e538456e6efd07080bf2a4a2","name":"Lo viste en Los Pol\u00edticos","image":{"@type":"ImageObject","inLanguage":"es","@id":"https:\/\/secure.gravatar.com\/avatar\/3a8de04a2656d44082be478bd6c086daa447c4651605818287b9532d3d0bd435?s=96&d=mm&r=g","url":"https:\/\/secure.gravatar.com\/avatar\/3a8de04a2656d44082be478bd6c086daa447c4651605818287b9532d3d0bd435?s=96&d=mm&r=g","contentUrl":"https:\/\/secure.gravatar.com\/avatar\/3a8de04a2656d44082be478bd6c086daa447c4651605818287b9532d3d0bd435?s=96&d=mm&r=g","caption":"Lo viste en Los Pol\u00edticos"},"url":"https:\/\/lospoliticosveracruz.com\/?author=2"}]}},"_links":{"self":[{"href":"https:\/\/lospoliticosveracruz.com\/index.php?rest_route=\/wp\/v2\/posts\/123460","targetHints":{"allow":["GET"]}}],"collection":[{"href":"https:\/\/lospoliticosveracruz.com\/index.php?rest_route=\/wp\/v2\/posts"}],"about":[{"href":"https:\/\/lospoliticosveracruz.com\/index.php?rest_route=\/wp\/v2\/types\/post"}],"author":[{"embeddable":true,"href":"https:\/\/lospoliticosveracruz.com\/index.php?rest_route=\/wp\/v2\/users\/2"}],"replies":[{"embeddable":true,"href":"https:\/\/lospoliticosveracruz.com\/index.php?rest_route=%2Fwp%2Fv2%2Fcomments&post=123460"}],"version-history":[{"count":1,"href":"https:\/\/lospoliticosveracruz.com\/index.php?rest_route=\/wp\/v2\/posts\/123460\/revisions"}],"predecessor-version":[{"id":123461,"href":"https:\/\/lospoliticosveracruz.com\/index.php?rest_route=\/wp\/v2\/posts\/123460\/revisions\/123461"}],"wp:featuredmedia":[{"embeddable":true,"href":"https:\/\/lospoliticosveracruz.com\/index.php?rest_route=\/wp\/v2\/media\/119929"}],"wp:attachment":[{"href":"https:\/\/lospoliticosveracruz.com\/index.php?rest_route=%2Fwp%2Fv2%2Fmedia&parent=123460"}],"wp:term":[{"taxonomy":"category","embeddable":true,"href":"https:\/\/lospoliticosveracruz.com\/index.php?rest_route=%2Fwp%2Fv2%2Fcategories&post=123460"},{"taxonomy":"post_tag","embeddable":true,"href":"https:\/\/lospoliticosveracruz.com\/index.php?rest_route=%2Fwp%2Fv2%2Ftags&post=123460"}],"curies":[{"name":"wp","href":"https:\/\/api.w.org\/{rel}","templated":true}]}}