{"id":123471,"date":"2024-05-03T09:06:34","date_gmt":"2024-05-03T14:06:34","guid":{"rendered":"https:\/\/lospoliticosveracruz.com.mx\/?p=123471"},"modified":"2024-05-03T09:06:48","modified_gmt":"2024-05-03T14:06:48","slug":"del-rio-virgen-su-cercania-con-la-prensa","status":"publish","type":"post","link":"https:\/\/lospoliticosveracruz.com\/?p=123471","title":{"rendered":"DEL R\u00cdO VIRGEN, SU CERCAN\u00cdA CON LA PRENSA"},"content":{"rendered":"\n<ul class=\"wp-block-list\">\n<li><\/li>\n<\/ul>\n\n\n\n<p><strong>Miguel Valera<\/strong><br><em>Contrase\u00f1as<\/em><\/p>\n\n\n\n<p>Le pregunto a Jos\u00e9 Manuel del R\u00edo Virgen si es importante que los candidatos a puestos de elecci\u00f3n popular debatan, confronten sus ideas, se presenten de cara a la ciudadan\u00eda, para esgrimir \u2014tal y como la Real Academia Espa\u00f1ola de la Lengua lo refiere\u2014, \u201cusar una cosa o un medio (la palabra, fundamentalmente) como arma para lograr alg\u00fan intento. Esgrimi\u00f3 un buen argumento\u201d.<\/p>\n\n\n<div class=\"wp-block-image\">\n<figure class=\"alignleft size-medium\"><a href=\"https:\/\/lospoliticosveracruz.com.mx\/wp-content\/uploads\/2021\/10\/Zacauilt.jpg\"><img decoding=\"async\" src=\"https:\/\/lospoliticosveracruz.com.mx\/wp-content\/uploads\/2021\/10\/Zacauilt-150x300.jpg\" alt=\"\" class=\"wp-image-80558\"\/><\/a><\/figure>\n<\/div>\n\n\n<p>El pol\u00edtico de Movimiento Ciudadano, muy cercano a Dante Delgado Rannauro, quien ha sido diputado federal, alcalde y que se ha desempe\u00f1ado en la administraci\u00f3n p\u00fablica federal, dice que s\u00ed, que es importante debatir. \u201cEl debate puede hacer cambiar hasta en un 70 por ciento la decisi\u00f3n del voto de una persona o de la poblaci\u00f3n\u201d, indica. Es la exposici\u00f3n y confrontaci\u00f3n de ideas, a\u00f1ade. Es algo bueno, positivo, \u00fatil en los procesos democr\u00e1ticos.<\/p>\n\n\n\n<p>A su lado, Erika Monserrat Blix Portilla, candidata a diputada federal por Xalapa, parece esconderse ante sus palabras, mientras saborea su arrachera. La pregunta no esper\u00f3. Entonces \u00bfpor qu\u00e9 la candidata no quiso debatir con Am\u00e9rico Z\u00fa\u00f1iga Mart\u00ednez, candidato de la coalici\u00f3n \u201cFuerza y Coraz\u00f3n por M\u00e9xico\u201d en esta misma demarcaci\u00f3n federal?, le pregunta Bernardo Guti\u00e9rrez Parra.<\/p>\n\n\n\n<p>La aspirante naranja responde que ella s\u00ed quer\u00eda debatir pero que la que se neg\u00f3 fue Ana Miriam Ferr\u00e1ez, de la alianza \u201cSigamos Haciendo Historia\u201d. \u201cCuando a mi me invitan a ser precandidata yo tomo la responsabilidad y esa responsabilidad comienza como ciudadana, no como pol\u00edtico. Cuando me dicen \u2018ahora vas a ser candidata\u2019 yo reafirmo esa postura, ese compromiso. Entonces, cuando a mi me llega la invitaci\u00f3n del INE, ya ven\u00eda con una nota, que dec\u00eda que la candidata de MORENA hab\u00eda declinado\u201d.<\/p>\n\n\n\n<p>\u201cEntonces dije: eso no es un debate equitativo. Claro que quiero un debate, por supuesto que quiero un debate, pero hay una gran diferencia entre hacer un debate a hacer un conversatorio. \u00bfQu\u00e9 es este debate, qu\u00e9 representan estos debates? Lo acaba de decir Jos\u00e9 Manuel: puedes hacer y cambiar una elecci\u00f3n con un debate. Entonces, una de las funciones como diputado federal y me voy a esperar a ser diputado federal para empezar a poner las cosas como son, por parte del compromiso personal que yo tengo, es ser la voz de todos, la voz de la ciudadan\u00eda\u201d.<\/p>\n\n\n\n<p>\u201c\u00bfQu\u00e9 le voy a ofrecer a la ciudadan\u00eda con dos personas, cuando tenemos el derecho de escuchar las propuestas de los tres? Hacerlo entre dos ya no es equitativo y yo no me voy a prestar a hacer algo a la mitad. Imag\u00ednate que te digo: vamos a apoyar a las ni\u00f1as y a los ni\u00f1os \u00bfnada m\u00e1s de la mitad de Xalapa? Porque la otra parte de Xalapa, en ese momento no est\u00e1 dispuesta a hacer su trabajo. O a hacer lo que nos corresponde como ciudadano. Yo no me voy a prestar a eso\u201d.<\/p>\n\n\n\n<p>\u201cVoy a pelear y quiero todo, porque es nuestro derecho. Si Am\u00e9rico o Ana Miriam quieren cosas por separado, que nos inviten a conversatorios, pero no me puedo prestar a tener una opini\u00f3n a la mitad hacia toda la ciudadan\u00eda porque no es un debate equitativo. Entonces, yo pregunt\u00e9 \u00bfqu\u00e9 tengo que hacer para que sea un debate de todos? Y la contestaci\u00f3n del INE fue \u2018no se puede\u2019 porque en las diputaciones federales no es obligatorio (debatir)\u201d, concluy\u00f3.<\/p>\n\n\n\n<p>Al salir al quite, Jos\u00e9 Manuel del R\u00edo Virgen a\u00f1ade que la postura de Movimiento Ciudadana es a debatir \u201ccon quien tiene el poder\u201d y en este caso se trata del Movimiento de Regeneraci\u00f3n Nacional (MORENA). \u201cSi con alguien tiene que debatir Erika Blix es con quien tiene el poder, porque en Xalapa no queremos a los mismos de siempre\u201d, indica.<\/p>\n\n\n\n<p>El que esto escribe no coincide con esta postura. Yo creo que se debe debatir con todos. La confrontaci\u00f3n de ideas deber\u00eda ser una pr\u00e1ctica cotidiana en la democracia de nuestro entorno. Debatir, emitir juicios, estar o no de acuerdo, es parte de nuestra naturaleza racional y solo quien no se precie de ello se puede quedar en el silencio y la oscuridad. S\u00ed, tambi\u00e9n hay que debatir con el del poder, confrontarlo, criticarlo, negativa o positivamente, seg\u00fan sea el caso, pero abrir el abanico de posibilidades a todos, particularmente cuando en tiempos electorales los ciudadanos tienen inter\u00e9s de claridad para tomar decisiones.<\/p>\n\n\n\n<p>Pero bueno, lo cierto es que Am\u00e9rico Z\u00fa\u00f1iga Mart\u00ednez, quien ha hecho una gran campa\u00f1a pol\u00edtica en Xalapa rumbo a la diputaci\u00f3n federal, gan\u00f3 la primera partida en este tema y se puso a debatir con los ciudadanos, con mesas que ha colocado en plazas p\u00fablicas. Erika Blix sali\u00f3 huyendo del encuentro al que convoc\u00f3 Jos\u00e9 Manuel del R\u00edo Virgen, quien hizo todo lo posible por respaldarla. Se refugi\u00f3 en la entrada del restaurante, muy cerca de su Moto Blix que, por cierto, \u00a1circula sin placas!, lo que no representa un ejemplo de ciudadan\u00eda. Pero bueno, peccata minuta en los tiempos que corren en donde se utiliza la ley al antojo.<\/p>\n\n\n\n<p>@MValeraH<\/p>\n","protected":false},"excerpt":{"rendered":"<p>Miguel ValeraContrase\u00f1as Le pregunto a Jos\u00e9 Manuel del R\u00edo Virgen si es importante que los candidatos a puestos de elecci\u00f3n popular debatan, confronten sus ideas, se presenten de cara a la ciudadan\u00eda, para esgrimir \u2014tal y como la Real Academia Espa\u00f1ola de la Lengua lo refiere\u2014, \u201cusar una cosa o un medio (la palabra, fundamentalmente) [&hellip;]<\/p>\n","protected":false},"author":2,"featured_media":119815,"comment_status":"closed","ping_status":"closed","sticky":false,"template":"","format":"standard","meta":{"tdm_status":"","tdm_grid_status":"","footnotes":""},"categories":[70],"tags":[2219,7909],"class_list":{"0":"post-123471","1":"post","2":"type-post","3":"status-publish","4":"format-standard","5":"has-post-thumbnail","7":"category-de-opinion","8":"tag-dante-delgado","9":"tag-jose-manuel-del-rio-virgen"},"yoast_head":"<!-- This site is optimized with the Yoast SEO plugin v27.4 - https:\/\/yoast.com\/product\/yoast-seo-wordpress\/ -->\n<title>DEL R\u00cdO VIRGEN, SU CERCAN\u00cdA CON LA PRENSA - Los pol\u00edticos Veracruz<\/title>\n<meta name=\"robots\" content=\"index, follow, max-snippet:-1, max-image-preview:large, max-video-preview:-1\" \/>\n<link rel=\"canonical\" href=\"https:\/\/lospoliticosveracruz.com\/?p=123471\" \/>\n<meta property=\"og:locale\" content=\"es_ES\" \/>\n<meta property=\"og:type\" content=\"article\" \/>\n<meta property=\"og:title\" content=\"DEL R\u00cdO VIRGEN, SU CERCAN\u00cdA CON LA PRENSA - Los pol\u00edticos Veracruz\" \/>\n<meta property=\"og:description\" content=\"Miguel ValeraContrase\u00f1as Le pregunto a Jos\u00e9 Manuel del R\u00edo Virgen si es importante que los candidatos a puestos de elecci\u00f3n popular debatan, confronten sus ideas, se presenten de cara a la ciudadan\u00eda, para esgrimir \u2014tal y como la Real Academia Espa\u00f1ola de la Lengua lo refiere\u2014, \u201cusar una cosa o un medio (la palabra, fundamentalmente) [&hellip;]\" \/>\n<meta property=\"og:url\" content=\"https:\/\/lospoliticosveracruz.com\/?p=123471\" \/>\n<meta property=\"og:site_name\" content=\"Los pol\u00edticos Veracruz\" \/>\n<meta property=\"article:publisher\" content=\"https:\/\/www.facebook.com\/people\/Notimemes-de-los-Polticos\/61565672886568\/\" \/>\n<meta property=\"article:published_time\" content=\"2024-05-03T14:06:34+00:00\" \/>\n<meta property=\"article:modified_time\" content=\"2024-05-03T14:06:48+00:00\" \/>\n<meta property=\"og:image\" content=\"https:\/\/lospoliticosveracruz.com\/wp-content\/uploads\/2024\/03\/Miguel-Valera.jpg\" \/>\n\t<meta property=\"og:image:width\" content=\"1250\" \/>\n\t<meta property=\"og:image:height\" content=\"667\" \/>\n\t<meta property=\"og:image:type\" content=\"image\/jpeg\" \/>\n<meta name=\"author\" content=\"Lo viste en Los Pol\u00edticos\" \/>\n<meta name=\"twitter:card\" content=\"summary_large_image\" \/>\n<meta name=\"twitter:creator\" content=\"@LosPoliticosVer\" \/>\n<meta name=\"twitter:site\" content=\"@LosPoliticosVer\" \/>\n<meta name=\"twitter:label1\" content=\"Escrito por\" \/>\n\t<meta name=\"twitter:data1\" content=\"Lo viste en Los Pol\u00edticos\" \/>\n\t<meta name=\"twitter:label2\" content=\"Tiempo de lectura\" \/>\n\t<meta name=\"twitter:data2\" content=\"4 minutos\" \/>\n<script type=\"application\/ld+json\" class=\"yoast-schema-graph\">{\"@context\":\"https:\\\/\\\/schema.org\",\"@graph\":[{\"@type\":\"Article\",\"@id\":\"https:\\\/\\\/lospoliticosveracruz.com\\\/?p=123471#article\",\"isPartOf\":{\"@id\":\"https:\\\/\\\/lospoliticosveracruz.com\\\/?p=123471\"},\"author\":{\"name\":\"Lo viste en Los Pol\u00edticos\",\"@id\":\"https:\\\/\\\/lospoliticosveracruz.com\\\/#\\\/schema\\\/person\\\/b8702bb0e538456e6efd07080bf2a4a2\"},\"headline\":\"DEL R\u00cdO VIRGEN, SU CERCAN\u00cdA CON LA PRENSA\",\"datePublished\":\"2024-05-03T14:06:34+00:00\",\"dateModified\":\"2024-05-03T14:06:48+00:00\",\"mainEntityOfPage\":{\"@id\":\"https:\\\/\\\/lospoliticosveracruz.com\\\/?p=123471\"},\"wordCount\":900,\"publisher\":{\"@id\":\"https:\\\/\\\/lospoliticosveracruz.com\\\/#organization\"},\"image\":{\"@id\":\"https:\\\/\\\/lospoliticosveracruz.com\\\/?p=123471#primaryimage\"},\"thumbnailUrl\":\"https:\\\/\\\/lospoliticosveracruz.com\\\/wp-content\\\/uploads\\\/2024\\\/03\\\/Miguel-Valera.jpg\",\"keywords\":[\"Dante Delgado\",\"Jos\u00e9 Manuel del R\u00edo Virgen\"],\"articleSection\":[\"De Opini\u00f3n\"],\"inLanguage\":\"es\"},{\"@type\":\"WebPage\",\"@id\":\"https:\\\/\\\/lospoliticosveracruz.com\\\/?p=123471\",\"url\":\"https:\\\/\\\/lospoliticosveracruz.com\\\/?p=123471\",\"name\":\"DEL R\u00cdO VIRGEN, SU CERCAN\u00cdA CON LA PRENSA - Los pol\u00edticos Veracruz\",\"isPartOf\":{\"@id\":\"https:\\\/\\\/lospoliticosveracruz.com\\\/#website\"},\"primaryImageOfPage\":{\"@id\":\"https:\\\/\\\/lospoliticosveracruz.com\\\/?p=123471#primaryimage\"},\"image\":{\"@id\":\"https:\\\/\\\/lospoliticosveracruz.com\\\/?p=123471#primaryimage\"},\"thumbnailUrl\":\"https:\\\/\\\/lospoliticosveracruz.com\\\/wp-content\\\/uploads\\\/2024\\\/03\\\/Miguel-Valera.jpg\",\"datePublished\":\"2024-05-03T14:06:34+00:00\",\"dateModified\":\"2024-05-03T14:06:48+00:00\",\"breadcrumb\":{\"@id\":\"https:\\\/\\\/lospoliticosveracruz.com\\\/?p=123471#breadcrumb\"},\"inLanguage\":\"es\",\"potentialAction\":[{\"@type\":\"ReadAction\",\"target\":[\"https:\\\/\\\/lospoliticosveracruz.com\\\/?p=123471\"]}]},{\"@type\":\"ImageObject\",\"inLanguage\":\"es\",\"@id\":\"https:\\\/\\\/lospoliticosveracruz.com\\\/?p=123471#primaryimage\",\"url\":\"https:\\\/\\\/lospoliticosveracruz.com\\\/wp-content\\\/uploads\\\/2024\\\/03\\\/Miguel-Valera.jpg\",\"contentUrl\":\"https:\\\/\\\/lospoliticosveracruz.com\\\/wp-content\\\/uploads\\\/2024\\\/03\\\/Miguel-Valera.jpg\",\"width\":1250,\"height\":667},{\"@type\":\"BreadcrumbList\",\"@id\":\"https:\\\/\\\/lospoliticosveracruz.com\\\/?p=123471#breadcrumb\",\"itemListElement\":[{\"@type\":\"ListItem\",\"position\":1,\"name\":\"Portada\",\"item\":\"https:\\\/\\\/lospoliticosveracruz.com\\\/\"},{\"@type\":\"ListItem\",\"position\":2,\"name\":\"DEL R\u00cdO VIRGEN, SU CERCAN\u00cdA CON LA PRENSA\"}]},{\"@type\":\"WebSite\",\"@id\":\"https:\\\/\\\/lospoliticosveracruz.com\\\/#website\",\"url\":\"https:\\\/\\\/lospoliticosveracruz.com\\\/\",\"name\":\"Los pol\u00edticos Veracruz\",\"description\":\"\",\"publisher\":{\"@id\":\"https:\\\/\\\/lospoliticosveracruz.com\\\/#organization\"},\"potentialAction\":[{\"@type\":\"SearchAction\",\"target\":{\"@type\":\"EntryPoint\",\"urlTemplate\":\"https:\\\/\\\/lospoliticosveracruz.com\\\/?s={search_term_string}\"},\"query-input\":{\"@type\":\"PropertyValueSpecification\",\"valueRequired\":true,\"valueName\":\"search_term_string\"}}],\"inLanguage\":\"es\"},{\"@type\":\"Organization\",\"@id\":\"https:\\\/\\\/lospoliticosveracruz.com\\\/#organization\",\"name\":\"Los pol\u00edticos Veracruz\",\"url\":\"https:\\\/\\\/lospoliticosveracruz.com\\\/\",\"logo\":{\"@type\":\"ImageObject\",\"inLanguage\":\"es\",\"@id\":\"https:\\\/\\\/lospoliticosveracruz.com\\\/#\\\/schema\\\/logo\\\/image\\\/\",\"url\":\"https:\\\/\\\/lospoliticosveracruz.com\\\/wp-content\\\/uploads\\\/2025\\\/12\\\/Logo-Nuevo-LOS-POLITICOS-1.jpg\",\"contentUrl\":\"https:\\\/\\\/lospoliticosveracruz.com\\\/wp-content\\\/uploads\\\/2025\\\/12\\\/Logo-Nuevo-LOS-POLITICOS-1.jpg\",\"width\":260,\"height\":70,\"caption\":\"Los pol\u00edticos Veracruz\"},\"image\":{\"@id\":\"https:\\\/\\\/lospoliticosveracruz.com\\\/#\\\/schema\\\/logo\\\/image\\\/\"},\"sameAs\":[\"https:\\\/\\\/www.facebook.com\\\/people\\\/Notimemes-de-los-Polticos\\\/61565672886568\\\/\",\"https:\\\/\\\/x.com\\\/LosPoliticosVer\"]},{\"@type\":\"Person\",\"@id\":\"https:\\\/\\\/lospoliticosveracruz.com\\\/#\\\/schema\\\/person\\\/b8702bb0e538456e6efd07080bf2a4a2\",\"name\":\"Lo viste en Los Pol\u00edticos\",\"image\":{\"@type\":\"ImageObject\",\"inLanguage\":\"es\",\"@id\":\"https:\\\/\\\/secure.gravatar.com\\\/avatar\\\/3a8de04a2656d44082be478bd6c086daa447c4651605818287b9532d3d0bd435?s=96&d=mm&r=g\",\"url\":\"https:\\\/\\\/secure.gravatar.com\\\/avatar\\\/3a8de04a2656d44082be478bd6c086daa447c4651605818287b9532d3d0bd435?s=96&d=mm&r=g\",\"contentUrl\":\"https:\\\/\\\/secure.gravatar.com\\\/avatar\\\/3a8de04a2656d44082be478bd6c086daa447c4651605818287b9532d3d0bd435?s=96&d=mm&r=g\",\"caption\":\"Lo viste en Los Pol\u00edticos\"},\"url\":\"https:\\\/\\\/lospoliticosveracruz.com\\\/?author=2\"}]}<\/script>\n<!-- \/ Yoast SEO plugin. -->","yoast_head_json":{"title":"DEL R\u00cdO VIRGEN, SU CERCAN\u00cdA CON LA PRENSA - Los pol\u00edticos Veracruz","robots":{"index":"index","follow":"follow","max-snippet":"max-snippet:-1","max-image-preview":"max-image-preview:large","max-video-preview":"max-video-preview:-1"},"canonical":"https:\/\/lospoliticosveracruz.com\/?p=123471","og_locale":"es_ES","og_type":"article","og_title":"DEL R\u00cdO VIRGEN, SU CERCAN\u00cdA CON LA PRENSA - Los pol\u00edticos Veracruz","og_description":"Miguel ValeraContrase\u00f1as Le pregunto a Jos\u00e9 Manuel del R\u00edo Virgen si es importante que los candidatos a puestos de elecci\u00f3n popular debatan, confronten sus ideas, se presenten de cara a la ciudadan\u00eda, para esgrimir \u2014tal y como la Real Academia Espa\u00f1ola de la Lengua lo refiere\u2014, \u201cusar una cosa o un medio (la palabra, fundamentalmente) [&hellip;]","og_url":"https:\/\/lospoliticosveracruz.com\/?p=123471","og_site_name":"Los pol\u00edticos Veracruz","article_publisher":"https:\/\/www.facebook.com\/people\/Notimemes-de-los-Polticos\/61565672886568\/","article_published_time":"2024-05-03T14:06:34+00:00","article_modified_time":"2024-05-03T14:06:48+00:00","og_image":[{"width":1250,"height":667,"url":"https:\/\/lospoliticosveracruz.com\/wp-content\/uploads\/2024\/03\/Miguel-Valera.jpg","type":"image\/jpeg"}],"author":"Lo viste en Los Pol\u00edticos","twitter_card":"summary_large_image","twitter_creator":"@LosPoliticosVer","twitter_site":"@LosPoliticosVer","twitter_misc":{"Escrito por":"Lo viste en Los Pol\u00edticos","Tiempo de lectura":"4 minutos"},"schema":{"@context":"https:\/\/schema.org","@graph":[{"@type":"Article","@id":"https:\/\/lospoliticosveracruz.com\/?p=123471#article","isPartOf":{"@id":"https:\/\/lospoliticosveracruz.com\/?p=123471"},"author":{"name":"Lo viste en Los Pol\u00edticos","@id":"https:\/\/lospoliticosveracruz.com\/#\/schema\/person\/b8702bb0e538456e6efd07080bf2a4a2"},"headline":"DEL R\u00cdO VIRGEN, SU CERCAN\u00cdA CON LA PRENSA","datePublished":"2024-05-03T14:06:34+00:00","dateModified":"2024-05-03T14:06:48+00:00","mainEntityOfPage":{"@id":"https:\/\/lospoliticosveracruz.com\/?p=123471"},"wordCount":900,"publisher":{"@id":"https:\/\/lospoliticosveracruz.com\/#organization"},"image":{"@id":"https:\/\/lospoliticosveracruz.com\/?p=123471#primaryimage"},"thumbnailUrl":"https:\/\/lospoliticosveracruz.com\/wp-content\/uploads\/2024\/03\/Miguel-Valera.jpg","keywords":["Dante Delgado","Jos\u00e9 Manuel del R\u00edo Virgen"],"articleSection":["De Opini\u00f3n"],"inLanguage":"es"},{"@type":"WebPage","@id":"https:\/\/lospoliticosveracruz.com\/?p=123471","url":"https:\/\/lospoliticosveracruz.com\/?p=123471","name":"DEL R\u00cdO VIRGEN, SU CERCAN\u00cdA CON LA PRENSA - Los pol\u00edticos Veracruz","isPartOf":{"@id":"https:\/\/lospoliticosveracruz.com\/#website"},"primaryImageOfPage":{"@id":"https:\/\/lospoliticosveracruz.com\/?p=123471#primaryimage"},"image":{"@id":"https:\/\/lospoliticosveracruz.com\/?p=123471#primaryimage"},"thumbnailUrl":"https:\/\/lospoliticosveracruz.com\/wp-content\/uploads\/2024\/03\/Miguel-Valera.jpg","datePublished":"2024-05-03T14:06:34+00:00","dateModified":"2024-05-03T14:06:48+00:00","breadcrumb":{"@id":"https:\/\/lospoliticosveracruz.com\/?p=123471#breadcrumb"},"inLanguage":"es","potentialAction":[{"@type":"ReadAction","target":["https:\/\/lospoliticosveracruz.com\/?p=123471"]}]},{"@type":"ImageObject","inLanguage":"es","@id":"https:\/\/lospoliticosveracruz.com\/?p=123471#primaryimage","url":"https:\/\/lospoliticosveracruz.com\/wp-content\/uploads\/2024\/03\/Miguel-Valera.jpg","contentUrl":"https:\/\/lospoliticosveracruz.com\/wp-content\/uploads\/2024\/03\/Miguel-Valera.jpg","width":1250,"height":667},{"@type":"BreadcrumbList","@id":"https:\/\/lospoliticosveracruz.com\/?p=123471#breadcrumb","itemListElement":[{"@type":"ListItem","position":1,"name":"Portada","item":"https:\/\/lospoliticosveracruz.com\/"},{"@type":"ListItem","position":2,"name":"DEL R\u00cdO VIRGEN, SU CERCAN\u00cdA CON LA PRENSA"}]},{"@type":"WebSite","@id":"https:\/\/lospoliticosveracruz.com\/#website","url":"https:\/\/lospoliticosveracruz.com\/","name":"Los pol\u00edticos Veracruz","description":"","publisher":{"@id":"https:\/\/lospoliticosveracruz.com\/#organization"},"potentialAction":[{"@type":"SearchAction","target":{"@type":"EntryPoint","urlTemplate":"https:\/\/lospoliticosveracruz.com\/?s={search_term_string}"},"query-input":{"@type":"PropertyValueSpecification","valueRequired":true,"valueName":"search_term_string"}}],"inLanguage":"es"},{"@type":"Organization","@id":"https:\/\/lospoliticosveracruz.com\/#organization","name":"Los pol\u00edticos Veracruz","url":"https:\/\/lospoliticosveracruz.com\/","logo":{"@type":"ImageObject","inLanguage":"es","@id":"https:\/\/lospoliticosveracruz.com\/#\/schema\/logo\/image\/","url":"https:\/\/lospoliticosveracruz.com\/wp-content\/uploads\/2025\/12\/Logo-Nuevo-LOS-POLITICOS-1.jpg","contentUrl":"https:\/\/lospoliticosveracruz.com\/wp-content\/uploads\/2025\/12\/Logo-Nuevo-LOS-POLITICOS-1.jpg","width":260,"height":70,"caption":"Los pol\u00edticos Veracruz"},"image":{"@id":"https:\/\/lospoliticosveracruz.com\/#\/schema\/logo\/image\/"},"sameAs":["https:\/\/www.facebook.com\/people\/Notimemes-de-los-Polticos\/61565672886568\/","https:\/\/x.com\/LosPoliticosVer"]},{"@type":"Person","@id":"https:\/\/lospoliticosveracruz.com\/#\/schema\/person\/b8702bb0e538456e6efd07080bf2a4a2","name":"Lo viste en Los Pol\u00edticos","image":{"@type":"ImageObject","inLanguage":"es","@id":"https:\/\/secure.gravatar.com\/avatar\/3a8de04a2656d44082be478bd6c086daa447c4651605818287b9532d3d0bd435?s=96&d=mm&r=g","url":"https:\/\/secure.gravatar.com\/avatar\/3a8de04a2656d44082be478bd6c086daa447c4651605818287b9532d3d0bd435?s=96&d=mm&r=g","contentUrl":"https:\/\/secure.gravatar.com\/avatar\/3a8de04a2656d44082be478bd6c086daa447c4651605818287b9532d3d0bd435?s=96&d=mm&r=g","caption":"Lo viste en Los Pol\u00edticos"},"url":"https:\/\/lospoliticosveracruz.com\/?author=2"}]}},"_links":{"self":[{"href":"https:\/\/lospoliticosveracruz.com\/index.php?rest_route=\/wp\/v2\/posts\/123471","targetHints":{"allow":["GET"]}}],"collection":[{"href":"https:\/\/lospoliticosveracruz.com\/index.php?rest_route=\/wp\/v2\/posts"}],"about":[{"href":"https:\/\/lospoliticosveracruz.com\/index.php?rest_route=\/wp\/v2\/types\/post"}],"author":[{"embeddable":true,"href":"https:\/\/lospoliticosveracruz.com\/index.php?rest_route=\/wp\/v2\/users\/2"}],"replies":[{"embeddable":true,"href":"https:\/\/lospoliticosveracruz.com\/index.php?rest_route=%2Fwp%2Fv2%2Fcomments&post=123471"}],"version-history":[{"count":1,"href":"https:\/\/lospoliticosveracruz.com\/index.php?rest_route=\/wp\/v2\/posts\/123471\/revisions"}],"predecessor-version":[{"id":123472,"href":"https:\/\/lospoliticosveracruz.com\/index.php?rest_route=\/wp\/v2\/posts\/123471\/revisions\/123472"}],"wp:featuredmedia":[{"embeddable":true,"href":"https:\/\/lospoliticosveracruz.com\/index.php?rest_route=\/wp\/v2\/media\/119815"}],"wp:attachment":[{"href":"https:\/\/lospoliticosveracruz.com\/index.php?rest_route=%2Fwp%2Fv2%2Fmedia&parent=123471"}],"wp:term":[{"taxonomy":"category","embeddable":true,"href":"https:\/\/lospoliticosveracruz.com\/index.php?rest_route=%2Fwp%2Fv2%2Fcategories&post=123471"},{"taxonomy":"post_tag","embeddable":true,"href":"https:\/\/lospoliticosveracruz.com\/index.php?rest_route=%2Fwp%2Fv2%2Ftags&post=123471"}],"curies":[{"name":"wp","href":"https:\/\/api.w.org\/{rel}","templated":true}]}}