{"id":123473,"date":"2024-05-03T10:06:32","date_gmt":"2024-05-03T15:06:32","guid":{"rendered":"https:\/\/lospoliticosveracruz.com.mx\/?p=123473"},"modified":"2024-05-03T10:06:55","modified_gmt":"2024-05-03T15:06:55","slug":"si-va-en-serio","status":"publish","type":"post","link":"https:\/\/lospoliticosveracruz.com\/?p=123473","title":{"rendered":"S\u00cd VA EN SERIO"},"content":{"rendered":"\n<p><strong>Oved Contreras<\/strong><\/p>\n\n\n\n<p><em>Secas Mecas&nbsp;<\/em><\/p>\n\n\n\n<p>Aunque muchos se pitorrearon de la propuesta, la t\u00eda Ch\u00edo anunci\u00f3 ayer que s\u00ed va en serio su plan de las \u201ccamionetitas por la salud\u201d y que ser\u00e1 un programa que se habilitar\u00e1 para repartir puntualmente medicamentos a cl\u00ednicas, centros y hospitales del sector salud estatal para evitar el desabasto\u2026si esas camionetitas hubieran estado en los tiempos del \u201cDr Besuc\u00f3n\u201d Roberto Ramos Alor, no se hubieran echado a perder 800 mil piezas oncol\u00f3gicas en mayo de 2022 en bodegas de la Secretar\u00eda de Salud\u2026nunca se supo si hubo sanciones del gobierno estatal por esta grave omisi\u00f3n en la Secretar\u00eda de Salud.<\/p>\n\n\n<div class=\"wp-block-image\">\n<figure class=\"alignleft size-thumbnail\"><a href=\"https:\/\/lospoliticosveracruz.com.mx\/wp-content\/uploads\/2023\/02\/Vinissimo.jpg\"><img decoding=\"async\" src=\"https:\/\/lospoliticosveracruz.com.mx\/wp-content\/uploads\/2023\/02\/Vinissimo-150x150.jpg\" alt=\"\" class=\"wp-image-102752\"\/><\/a><\/figure>\n<\/div>\n\n\n<p>En gira por Cuichapa, la candidata morenista al gobierno estatal explic\u00f3 que este tema ha sido recurrente desde el inicio de la administraci\u00f3n de Andr\u00e9s Manuel L\u00f3pez Obrador quien desmantel\u00f3 la red de corrupci\u00f3n que exist\u00eda sobre el abasto de los medicamentos en todo el pa\u00eds, donde s\u00f3lo cinco pol\u00edticos de alto nivel controlaban la venta y entrega de medicamentos a un excesivo sobre precio que afectaba severamente el presupuesto federal y estatal.<\/p>\n\n\n\n<p>As\u00ed que plantea atender el reparto de medicamentos por todo el territorio veracruzano por medio de un programa que se llamar\u00e1 \u201cCamionetitas de la salud\u201d donde diariamente llevar\u00e1n los medicamentos a todas las cl\u00ednicas y hospitales de acuerdo a un sistema de inventarios que estar\u00e1 conectado por medio de una red inform\u00e1tica al almac\u00e9n central que se ubica en Xalapa.<\/p>\n\n\n\n<p>Se establecer\u00e1n en principio 26 rutas que ya se tienen detectadas y trazadas para la distribuci\u00f3n y abastecimiento de todos los medicamentos con el prop\u00f3sito de qu\u00e9 todas las personas que necesiten surtir su receta sean atendidas en forma inmediata.<\/p>\n\n\n\n<p>En tanto que la Secretaria de Salud de Cuitl\u00e1huac Garcia va de tumbo en tumbo. No hay quir\u00f3fanos en el Centro de Alta Especialidad Doctor Rafael Lucio! De Xalapa. Tanto presume el gobernador que \u00abahora s\u00ed tenemos servicios de calidad\u00bb, pero resulta que hay una emergencia m\u00e9dica y no hay atenci\u00f3n oportuna porque \u00a1oh por Dios! no hay quir\u00f3fanos disponibles. La&nbsp;<\/p>\n\n\n\n<p>compa\u00f1era, Perla Sandoval, est\u00e1 muy mal, requiere una cirug\u00eda urgente y est\u00e1 perdiendo mucha sangre, ya la transfundieron y prepararon para que ayer&nbsp;&nbsp;fuera operada y resulta que algo se pudri\u00f3 en Dinamarca y no hay servicio, hasta nuevo aviso.<\/p>\n\n\n\n<p><strong>GUERRA DE ENCUESTAS<\/strong>\u2026 primero el Pepeyu sac\u00f3 su encuesta de Massive Caller que coloca al perote\u00f1o a la cabeza en las preferencias con el 42.1 por ciento mientras que la t\u00eda Ch\u00edo de la coalici\u00f3n Juntos Haremos Historia, integrada por MORENA, PT y el Partido Verde, se ubicar\u00eda en segundo lugar con el 38.9% en la medici\u00f3n m\u00e1s reciente.<\/p>\n\n\n\n<p>Seg\u00fan la encuestadora, el declive en su popularidad de la morenista evidencia las complicaciones que enfrenta para mantener la confianza de un electorado que muestra resistencia a continuar con la administraci\u00f3n actual encabezada por Cuitl\u00e1huac Garc\u00eda.<\/p>\n\n\n\n<p>Los morenistas tambi\u00e9n sacaron su encuesta de Arias Consultores que, seg\u00fan el \u00faltimo monitoreo, colocar\u00eda a la t\u00eda Ch\u00edo con un 54.5 por ciento de las preferencias contra un 23.6 por ciento del pri\u00edsta Pepe Yunes y Polo Deschamps en tercero con 4.2 por ciento de preferencias.<\/p>\n\n\n\n<p><strong>NO LOS NECESITA<\/strong>&#8230;. Do\u00f1a Zacatl\u00e1n de las Manzanas ya mand\u00f3 a decirle a los votantes veracruzanos que no los necesita pa ganar&#8230;con uno de los voceros oficiosos de Xalapa&#8230;.les avis\u00f3 textualmente que ser\u00e1 gobernadora con el voto de los que no son jarochos aunque viven aqu\u00ed&#8230;.<\/p>\n\n\n\n<p>Textualmente la T\u00eda Ch\u00edo le advirti\u00f3 al Pep\u00e9Yu que se prepare porque miles y miles de no veracruzanos votar\u00e1n por ella&#8230;\u201dPor cierto, se sabe que se est\u00e1 configurando una cruzada por parte de todos los no nacidos en Veracruz para hacer ganar a Nahle Garc\u00eda y junto con sus familias no apoyar al nuevo chovinista de closet en la persona del sirioperote\u00f1o\u201d, eso dice el libelo que repartieron por grupos de whatsapp.<\/p>\n\n\n\n<p><strong>GACETA SIN DIRECCI\u00d3N<\/strong>\u2026 desde el pasado mi\u00e9rcoles, la Gaceta Oficial de Veracruz amaneci\u00f3 sin director luego de que fue despedida Joyce D\u00edaz Castro por el esc\u00e1ndalo de que cobraba dos plazas.\u00a0\u00a0El problema es que al no tener director podr\u00eda no haber validez legal, de acuerdo con la ley 249 de la Gaceta Oficial.<\/p>\n\n\n\n<p>La ley indica que ser\u00e1 el editor responsable quien editar\u00e1, imprimir\u00e1 y publicar\u00e1 la Gaceta Oficial y expedir\u00e1 certificaciones de la documentaci\u00f3n a su cargo. El secretario de Gobierno, Carlos Ju\u00e1rez Gil anda m\u00e1s distra\u00eddo con las campa\u00f1as que cumpliendo su deber y vigilando el trabajo de la directora Zoila Cruz del Valle.<\/p>\n\n\n\n<p>El que hizo la entrega-recepci\u00f3n de la ahora exdirectora de la Gaceta fue David Aleman Seraf\u00edn quien es Consultor Editorial y encargado de funciones de Enlace Administrativo, pero oficialmente no hay director, pero si por ejemplo, ma\u00f1ana alguien solicita una copia certificada de alguna gaceta o en materia de Jucio de Amparo indirecto donde la Gaceta Oficial tiene participaci\u00f3n por la publicaci\u00f3n de la Gaceta \u00bfQuien con personalidad jur\u00eddica va a contestar?<\/p>\n","protected":false},"excerpt":{"rendered":"<p>Oved Contreras Secas Mecas&nbsp; Aunque muchos se pitorrearon de la propuesta, la t\u00eda Ch\u00edo anunci\u00f3 ayer que s\u00ed va en serio su plan de las \u201ccamionetitas por la salud\u201d y que ser\u00e1 un programa que se habilitar\u00e1 para repartir puntualmente medicamentos a cl\u00ednicas, centros y hospitales del sector salud estatal para evitar el desabasto\u2026si esas [&hellip;]<\/p>\n","protected":false},"author":2,"featured_media":119816,"comment_status":"closed","ping_status":"closed","sticky":false,"template":"","format":"standard","meta":{"tdm_status":"","tdm_grid_status":"","footnotes":""},"categories":[70],"tags":[40858,1563,1026,3578,195],"class_list":{"0":"post-123473","1":"post","2":"type-post","3":"status-publish","4":"format-standard","5":"has-post-thumbnail","7":"category-de-opinion","8":"tag-camionetitas-por-la-salud","9":"tag-cuitlahuac-garcia-jimenez","10":"tag-morena","11":"tag-rocio-nahle","12":"tag-veracruz"},"yoast_head":"<!-- This site is optimized with the Yoast SEO plugin v27.4 - https:\/\/yoast.com\/product\/yoast-seo-wordpress\/ -->\n<title>S\u00cd VA EN SERIO - Los pol\u00edticos Veracruz<\/title>\n<meta name=\"robots\" content=\"index, follow, max-snippet:-1, max-image-preview:large, max-video-preview:-1\" \/>\n<link rel=\"canonical\" href=\"https:\/\/lospoliticosveracruz.com\/?p=123473\" \/>\n<meta property=\"og:locale\" content=\"es_ES\" \/>\n<meta property=\"og:type\" content=\"article\" \/>\n<meta property=\"og:title\" content=\"S\u00cd VA EN SERIO - Los pol\u00edticos Veracruz\" \/>\n<meta property=\"og:description\" content=\"Oved Contreras Secas Mecas&nbsp; Aunque muchos se pitorrearon de la propuesta, la t\u00eda Ch\u00edo anunci\u00f3 ayer que s\u00ed va en serio su plan de las \u201ccamionetitas por la salud\u201d y que ser\u00e1 un programa que se habilitar\u00e1 para repartir puntualmente medicamentos a cl\u00ednicas, centros y hospitales del sector salud estatal para evitar el desabasto\u2026si esas [&hellip;]\" \/>\n<meta property=\"og:url\" content=\"https:\/\/lospoliticosveracruz.com\/?p=123473\" \/>\n<meta property=\"og:site_name\" content=\"Los pol\u00edticos Veracruz\" \/>\n<meta property=\"article:publisher\" content=\"https:\/\/www.facebook.com\/people\/Notimemes-de-los-Polticos\/61565672886568\/\" \/>\n<meta property=\"article:published_time\" content=\"2024-05-03T15:06:32+00:00\" \/>\n<meta property=\"article:modified_time\" content=\"2024-05-03T15:06:55+00:00\" \/>\n<meta property=\"og:image\" content=\"https:\/\/lospoliticosveracruz.com\/wp-content\/uploads\/2024\/03\/Oved-Contreras.jpg\" \/>\n\t<meta property=\"og:image:width\" content=\"1250\" \/>\n\t<meta property=\"og:image:height\" content=\"667\" \/>\n\t<meta property=\"og:image:type\" content=\"image\/jpeg\" \/>\n<meta name=\"author\" content=\"Lo viste en Los Pol\u00edticos\" \/>\n<meta name=\"twitter:card\" content=\"summary_large_image\" \/>\n<meta name=\"twitter:creator\" content=\"@LosPoliticosVer\" \/>\n<meta name=\"twitter:site\" content=\"@LosPoliticosVer\" \/>\n<meta name=\"twitter:label1\" content=\"Escrito por\" \/>\n\t<meta name=\"twitter:data1\" content=\"Lo viste en Los Pol\u00edticos\" \/>\n\t<meta name=\"twitter:label2\" content=\"Tiempo de lectura\" \/>\n\t<meta name=\"twitter:data2\" content=\"4 minutos\" \/>\n<script type=\"application\/ld+json\" class=\"yoast-schema-graph\">{\"@context\":\"https:\\\/\\\/schema.org\",\"@graph\":[{\"@type\":\"Article\",\"@id\":\"https:\\\/\\\/lospoliticosveracruz.com\\\/?p=123473#article\",\"isPartOf\":{\"@id\":\"https:\\\/\\\/lospoliticosveracruz.com\\\/?p=123473\"},\"author\":{\"name\":\"Lo viste en Los Pol\u00edticos\",\"@id\":\"https:\\\/\\\/lospoliticosveracruz.com\\\/#\\\/schema\\\/person\\\/b8702bb0e538456e6efd07080bf2a4a2\"},\"headline\":\"S\u00cd VA EN SERIO\",\"datePublished\":\"2024-05-03T15:06:32+00:00\",\"dateModified\":\"2024-05-03T15:06:55+00:00\",\"mainEntityOfPage\":{\"@id\":\"https:\\\/\\\/lospoliticosveracruz.com\\\/?p=123473\"},\"wordCount\":893,\"publisher\":{\"@id\":\"https:\\\/\\\/lospoliticosveracruz.com\\\/#organization\"},\"image\":{\"@id\":\"https:\\\/\\\/lospoliticosveracruz.com\\\/?p=123473#primaryimage\"},\"thumbnailUrl\":\"https:\\\/\\\/lospoliticosveracruz.com\\\/wp-content\\\/uploads\\\/2024\\\/03\\\/Oved-Contreras.jpg\",\"keywords\":[\"camionetitas por la salud\",\"Cuitl\u00e1huac Garc\u00eda Jim\u00e9nez\",\"Morena\",\"Roc\u00edo Nahle\",\"Veracruz\"],\"articleSection\":[\"De Opini\u00f3n\"],\"inLanguage\":\"es\"},{\"@type\":\"WebPage\",\"@id\":\"https:\\\/\\\/lospoliticosveracruz.com\\\/?p=123473\",\"url\":\"https:\\\/\\\/lospoliticosveracruz.com\\\/?p=123473\",\"name\":\"S\u00cd VA EN SERIO - Los pol\u00edticos Veracruz\",\"isPartOf\":{\"@id\":\"https:\\\/\\\/lospoliticosveracruz.com\\\/#website\"},\"primaryImageOfPage\":{\"@id\":\"https:\\\/\\\/lospoliticosveracruz.com\\\/?p=123473#primaryimage\"},\"image\":{\"@id\":\"https:\\\/\\\/lospoliticosveracruz.com\\\/?p=123473#primaryimage\"},\"thumbnailUrl\":\"https:\\\/\\\/lospoliticosveracruz.com\\\/wp-content\\\/uploads\\\/2024\\\/03\\\/Oved-Contreras.jpg\",\"datePublished\":\"2024-05-03T15:06:32+00:00\",\"dateModified\":\"2024-05-03T15:06:55+00:00\",\"breadcrumb\":{\"@id\":\"https:\\\/\\\/lospoliticosveracruz.com\\\/?p=123473#breadcrumb\"},\"inLanguage\":\"es\",\"potentialAction\":[{\"@type\":\"ReadAction\",\"target\":[\"https:\\\/\\\/lospoliticosveracruz.com\\\/?p=123473\"]}]},{\"@type\":\"ImageObject\",\"inLanguage\":\"es\",\"@id\":\"https:\\\/\\\/lospoliticosveracruz.com\\\/?p=123473#primaryimage\",\"url\":\"https:\\\/\\\/lospoliticosveracruz.com\\\/wp-content\\\/uploads\\\/2024\\\/03\\\/Oved-Contreras.jpg\",\"contentUrl\":\"https:\\\/\\\/lospoliticosveracruz.com\\\/wp-content\\\/uploads\\\/2024\\\/03\\\/Oved-Contreras.jpg\",\"width\":1250,\"height\":667},{\"@type\":\"BreadcrumbList\",\"@id\":\"https:\\\/\\\/lospoliticosveracruz.com\\\/?p=123473#breadcrumb\",\"itemListElement\":[{\"@type\":\"ListItem\",\"position\":1,\"name\":\"Portada\",\"item\":\"https:\\\/\\\/lospoliticosveracruz.com\\\/\"},{\"@type\":\"ListItem\",\"position\":2,\"name\":\"S\u00cd VA EN SERIO\"}]},{\"@type\":\"WebSite\",\"@id\":\"https:\\\/\\\/lospoliticosveracruz.com\\\/#website\",\"url\":\"https:\\\/\\\/lospoliticosveracruz.com\\\/\",\"name\":\"Los pol\u00edticos Veracruz\",\"description\":\"\",\"publisher\":{\"@id\":\"https:\\\/\\\/lospoliticosveracruz.com\\\/#organization\"},\"potentialAction\":[{\"@type\":\"SearchAction\",\"target\":{\"@type\":\"EntryPoint\",\"urlTemplate\":\"https:\\\/\\\/lospoliticosveracruz.com\\\/?s={search_term_string}\"},\"query-input\":{\"@type\":\"PropertyValueSpecification\",\"valueRequired\":true,\"valueName\":\"search_term_string\"}}],\"inLanguage\":\"es\"},{\"@type\":\"Organization\",\"@id\":\"https:\\\/\\\/lospoliticosveracruz.com\\\/#organization\",\"name\":\"Los pol\u00edticos Veracruz\",\"url\":\"https:\\\/\\\/lospoliticosveracruz.com\\\/\",\"logo\":{\"@type\":\"ImageObject\",\"inLanguage\":\"es\",\"@id\":\"https:\\\/\\\/lospoliticosveracruz.com\\\/#\\\/schema\\\/logo\\\/image\\\/\",\"url\":\"https:\\\/\\\/lospoliticosveracruz.com\\\/wp-content\\\/uploads\\\/2025\\\/12\\\/Logo-Nuevo-LOS-POLITICOS-1.jpg\",\"contentUrl\":\"https:\\\/\\\/lospoliticosveracruz.com\\\/wp-content\\\/uploads\\\/2025\\\/12\\\/Logo-Nuevo-LOS-POLITICOS-1.jpg\",\"width\":260,\"height\":70,\"caption\":\"Los pol\u00edticos Veracruz\"},\"image\":{\"@id\":\"https:\\\/\\\/lospoliticosveracruz.com\\\/#\\\/schema\\\/logo\\\/image\\\/\"},\"sameAs\":[\"https:\\\/\\\/www.facebook.com\\\/people\\\/Notimemes-de-los-Polticos\\\/61565672886568\\\/\",\"https:\\\/\\\/x.com\\\/LosPoliticosVer\"]},{\"@type\":\"Person\",\"@id\":\"https:\\\/\\\/lospoliticosveracruz.com\\\/#\\\/schema\\\/person\\\/b8702bb0e538456e6efd07080bf2a4a2\",\"name\":\"Lo viste en Los Pol\u00edticos\",\"image\":{\"@type\":\"ImageObject\",\"inLanguage\":\"es\",\"@id\":\"https:\\\/\\\/secure.gravatar.com\\\/avatar\\\/3a8de04a2656d44082be478bd6c086daa447c4651605818287b9532d3d0bd435?s=96&d=mm&r=g\",\"url\":\"https:\\\/\\\/secure.gravatar.com\\\/avatar\\\/3a8de04a2656d44082be478bd6c086daa447c4651605818287b9532d3d0bd435?s=96&d=mm&r=g\",\"contentUrl\":\"https:\\\/\\\/secure.gravatar.com\\\/avatar\\\/3a8de04a2656d44082be478bd6c086daa447c4651605818287b9532d3d0bd435?s=96&d=mm&r=g\",\"caption\":\"Lo viste en Los Pol\u00edticos\"},\"url\":\"https:\\\/\\\/lospoliticosveracruz.com\\\/?author=2\"}]}<\/script>\n<!-- \/ Yoast SEO plugin. -->","yoast_head_json":{"title":"S\u00cd VA EN SERIO - Los pol\u00edticos Veracruz","robots":{"index":"index","follow":"follow","max-snippet":"max-snippet:-1","max-image-preview":"max-image-preview:large","max-video-preview":"max-video-preview:-1"},"canonical":"https:\/\/lospoliticosveracruz.com\/?p=123473","og_locale":"es_ES","og_type":"article","og_title":"S\u00cd VA EN SERIO - Los pol\u00edticos Veracruz","og_description":"Oved Contreras Secas Mecas&nbsp; Aunque muchos se pitorrearon de la propuesta, la t\u00eda Ch\u00edo anunci\u00f3 ayer que s\u00ed va en serio su plan de las \u201ccamionetitas por la salud\u201d y que ser\u00e1 un programa que se habilitar\u00e1 para repartir puntualmente medicamentos a cl\u00ednicas, centros y hospitales del sector salud estatal para evitar el desabasto\u2026si esas [&hellip;]","og_url":"https:\/\/lospoliticosveracruz.com\/?p=123473","og_site_name":"Los pol\u00edticos Veracruz","article_publisher":"https:\/\/www.facebook.com\/people\/Notimemes-de-los-Polticos\/61565672886568\/","article_published_time":"2024-05-03T15:06:32+00:00","article_modified_time":"2024-05-03T15:06:55+00:00","og_image":[{"width":1250,"height":667,"url":"https:\/\/lospoliticosveracruz.com\/wp-content\/uploads\/2024\/03\/Oved-Contreras.jpg","type":"image\/jpeg"}],"author":"Lo viste en Los Pol\u00edticos","twitter_card":"summary_large_image","twitter_creator":"@LosPoliticosVer","twitter_site":"@LosPoliticosVer","twitter_misc":{"Escrito por":"Lo viste en Los Pol\u00edticos","Tiempo de lectura":"4 minutos"},"schema":{"@context":"https:\/\/schema.org","@graph":[{"@type":"Article","@id":"https:\/\/lospoliticosveracruz.com\/?p=123473#article","isPartOf":{"@id":"https:\/\/lospoliticosveracruz.com\/?p=123473"},"author":{"name":"Lo viste en Los Pol\u00edticos","@id":"https:\/\/lospoliticosveracruz.com\/#\/schema\/person\/b8702bb0e538456e6efd07080bf2a4a2"},"headline":"S\u00cd VA EN SERIO","datePublished":"2024-05-03T15:06:32+00:00","dateModified":"2024-05-03T15:06:55+00:00","mainEntityOfPage":{"@id":"https:\/\/lospoliticosveracruz.com\/?p=123473"},"wordCount":893,"publisher":{"@id":"https:\/\/lospoliticosveracruz.com\/#organization"},"image":{"@id":"https:\/\/lospoliticosveracruz.com\/?p=123473#primaryimage"},"thumbnailUrl":"https:\/\/lospoliticosveracruz.com\/wp-content\/uploads\/2024\/03\/Oved-Contreras.jpg","keywords":["camionetitas por la salud","Cuitl\u00e1huac Garc\u00eda Jim\u00e9nez","Morena","Roc\u00edo Nahle","Veracruz"],"articleSection":["De Opini\u00f3n"],"inLanguage":"es"},{"@type":"WebPage","@id":"https:\/\/lospoliticosveracruz.com\/?p=123473","url":"https:\/\/lospoliticosveracruz.com\/?p=123473","name":"S\u00cd VA EN SERIO - Los pol\u00edticos Veracruz","isPartOf":{"@id":"https:\/\/lospoliticosveracruz.com\/#website"},"primaryImageOfPage":{"@id":"https:\/\/lospoliticosveracruz.com\/?p=123473#primaryimage"},"image":{"@id":"https:\/\/lospoliticosveracruz.com\/?p=123473#primaryimage"},"thumbnailUrl":"https:\/\/lospoliticosveracruz.com\/wp-content\/uploads\/2024\/03\/Oved-Contreras.jpg","datePublished":"2024-05-03T15:06:32+00:00","dateModified":"2024-05-03T15:06:55+00:00","breadcrumb":{"@id":"https:\/\/lospoliticosveracruz.com\/?p=123473#breadcrumb"},"inLanguage":"es","potentialAction":[{"@type":"ReadAction","target":["https:\/\/lospoliticosveracruz.com\/?p=123473"]}]},{"@type":"ImageObject","inLanguage":"es","@id":"https:\/\/lospoliticosveracruz.com\/?p=123473#primaryimage","url":"https:\/\/lospoliticosveracruz.com\/wp-content\/uploads\/2024\/03\/Oved-Contreras.jpg","contentUrl":"https:\/\/lospoliticosveracruz.com\/wp-content\/uploads\/2024\/03\/Oved-Contreras.jpg","width":1250,"height":667},{"@type":"BreadcrumbList","@id":"https:\/\/lospoliticosveracruz.com\/?p=123473#breadcrumb","itemListElement":[{"@type":"ListItem","position":1,"name":"Portada","item":"https:\/\/lospoliticosveracruz.com\/"},{"@type":"ListItem","position":2,"name":"S\u00cd VA EN SERIO"}]},{"@type":"WebSite","@id":"https:\/\/lospoliticosveracruz.com\/#website","url":"https:\/\/lospoliticosveracruz.com\/","name":"Los pol\u00edticos Veracruz","description":"","publisher":{"@id":"https:\/\/lospoliticosveracruz.com\/#organization"},"potentialAction":[{"@type":"SearchAction","target":{"@type":"EntryPoint","urlTemplate":"https:\/\/lospoliticosveracruz.com\/?s={search_term_string}"},"query-input":{"@type":"PropertyValueSpecification","valueRequired":true,"valueName":"search_term_string"}}],"inLanguage":"es"},{"@type":"Organization","@id":"https:\/\/lospoliticosveracruz.com\/#organization","name":"Los pol\u00edticos Veracruz","url":"https:\/\/lospoliticosveracruz.com\/","logo":{"@type":"ImageObject","inLanguage":"es","@id":"https:\/\/lospoliticosveracruz.com\/#\/schema\/logo\/image\/","url":"https:\/\/lospoliticosveracruz.com\/wp-content\/uploads\/2025\/12\/Logo-Nuevo-LOS-POLITICOS-1.jpg","contentUrl":"https:\/\/lospoliticosveracruz.com\/wp-content\/uploads\/2025\/12\/Logo-Nuevo-LOS-POLITICOS-1.jpg","width":260,"height":70,"caption":"Los pol\u00edticos Veracruz"},"image":{"@id":"https:\/\/lospoliticosveracruz.com\/#\/schema\/logo\/image\/"},"sameAs":["https:\/\/www.facebook.com\/people\/Notimemes-de-los-Polticos\/61565672886568\/","https:\/\/x.com\/LosPoliticosVer"]},{"@type":"Person","@id":"https:\/\/lospoliticosveracruz.com\/#\/schema\/person\/b8702bb0e538456e6efd07080bf2a4a2","name":"Lo viste en Los Pol\u00edticos","image":{"@type":"ImageObject","inLanguage":"es","@id":"https:\/\/secure.gravatar.com\/avatar\/3a8de04a2656d44082be478bd6c086daa447c4651605818287b9532d3d0bd435?s=96&d=mm&r=g","url":"https:\/\/secure.gravatar.com\/avatar\/3a8de04a2656d44082be478bd6c086daa447c4651605818287b9532d3d0bd435?s=96&d=mm&r=g","contentUrl":"https:\/\/secure.gravatar.com\/avatar\/3a8de04a2656d44082be478bd6c086daa447c4651605818287b9532d3d0bd435?s=96&d=mm&r=g","caption":"Lo viste en Los Pol\u00edticos"},"url":"https:\/\/lospoliticosveracruz.com\/?author=2"}]}},"_links":{"self":[{"href":"https:\/\/lospoliticosveracruz.com\/index.php?rest_route=\/wp\/v2\/posts\/123473","targetHints":{"allow":["GET"]}}],"collection":[{"href":"https:\/\/lospoliticosveracruz.com\/index.php?rest_route=\/wp\/v2\/posts"}],"about":[{"href":"https:\/\/lospoliticosveracruz.com\/index.php?rest_route=\/wp\/v2\/types\/post"}],"author":[{"embeddable":true,"href":"https:\/\/lospoliticosveracruz.com\/index.php?rest_route=\/wp\/v2\/users\/2"}],"replies":[{"embeddable":true,"href":"https:\/\/lospoliticosveracruz.com\/index.php?rest_route=%2Fwp%2Fv2%2Fcomments&post=123473"}],"version-history":[{"count":2,"href":"https:\/\/lospoliticosveracruz.com\/index.php?rest_route=\/wp\/v2\/posts\/123473\/revisions"}],"predecessor-version":[{"id":123475,"href":"https:\/\/lospoliticosveracruz.com\/index.php?rest_route=\/wp\/v2\/posts\/123473\/revisions\/123475"}],"wp:featuredmedia":[{"embeddable":true,"href":"https:\/\/lospoliticosveracruz.com\/index.php?rest_route=\/wp\/v2\/media\/119816"}],"wp:attachment":[{"href":"https:\/\/lospoliticosveracruz.com\/index.php?rest_route=%2Fwp%2Fv2%2Fmedia&parent=123473"}],"wp:term":[{"taxonomy":"category","embeddable":true,"href":"https:\/\/lospoliticosveracruz.com\/index.php?rest_route=%2Fwp%2Fv2%2Fcategories&post=123473"},{"taxonomy":"post_tag","embeddable":true,"href":"https:\/\/lospoliticosveracruz.com\/index.php?rest_route=%2Fwp%2Fv2%2Ftags&post=123473"}],"curies":[{"name":"wp","href":"https:\/\/api.w.org\/{rel}","templated":true}]}}