{"id":123486,"date":"2024-05-03T11:55:39","date_gmt":"2024-05-03T16:55:39","guid":{"rendered":"https:\/\/lospoliticosveracruz.com.mx\/?p=123486"},"modified":"2024-05-03T11:55:56","modified_gmt":"2024-05-03T16:55:56","slug":"pepe-yunes-el-caballero-de-la-politica","status":"publish","type":"post","link":"https:\/\/lospoliticosveracruz.com\/?p=123486","title":{"rendered":"PEPE YUNES, EL CABALLERO DE LA POL\u00cdTICA"},"content":{"rendered":"\n<p><strong>Maribel Ramirez Topete<\/strong><\/p>\n\n\n\n<p>Un incidente ha captado la atenci\u00f3n de todos los veracruzanos antes del inicio del debate por la gubernatura en Veracruz: el desaire de Roc\u00edo Nahle hacia Pepe Yunes durante este encuentro pol\u00edtico, el pasado 28 de abril. M\u00e1s que un simple desaire, este acto reflej\u00f3 una falta de respeto e intolerancia hacia la diversidad de opiniones en la pol\u00edtica estatal.<\/p>\n\n\n<div class=\"wp-block-image\">\n<figure class=\"alignleft size-medium\"><a href=\"https:\/\/lospoliticosveracruz.com.mx\/wp-content\/uploads\/2021\/10\/WhatsApp-Image-2021-10-02-at-15.20.25.jpeg\"><img loading=\"lazy\" decoding=\"async\" width=\"212\" height=\"300\" src=\"https:\/\/lospoliticosveracruz.com.mx\/wp-content\/uploads\/2021\/10\/WhatsApp-Image-2021-10-02-at-15.20.25-212x300.jpeg\" alt=\"\" class=\"wp-image-80177\" srcset=\"https:\/\/lospoliticosveracruz.com\/wp-content\/uploads\/2021\/10\/WhatsApp-Image-2021-10-02-at-15.20.25-212x300.jpeg 212w, https:\/\/lospoliticosveracruz.com\/wp-content\/uploads\/2021\/10\/WhatsApp-Image-2021-10-02-at-15.20.25-724x1024.jpeg 724w, https:\/\/lospoliticosveracruz.com\/wp-content\/uploads\/2021\/10\/WhatsApp-Image-2021-10-02-at-15.20.25-768x1086.jpeg 768w, https:\/\/lospoliticosveracruz.com\/wp-content\/uploads\/2021\/10\/WhatsApp-Image-2021-10-02-at-15.20.25.jpeg 905w\" sizes=\"auto, (max-width: 212px) 100vw, 212px\" \/><\/a><\/figure>\n<\/div>\n\n\n<p>En un momento en el que la unidad y el di\u00e1logo son m\u00e1s necesarios que nunca, es fundamental que los l\u00edderes pol\u00edticos demuestren un verdadero compromiso con la inclusi\u00f3n y el respeto mutuo. Este incidente no solo es anecd\u00f3tico, sino que resalta rasgos de la personalidad de cada uno de los candidatos que actualmente disputan la gubernatura en Veracruz. Pepe Yunes, conocido como el Caballero de la pol\u00edtica, se distingue por su seriedad, puntualidad, honradez, agudeza en sus argumentos con elegancia y gran gentileza, y su respeto por las diversas formas de pensamiento. Adem\u00e1s, muestra un compromiso genuino con su pa\u00eds y su estado. En pol\u00edtica, la forma es fondo, y Yunes personifica este principio. Por otro lado, la candidata del partido oficialista y su equipo de asesores han utilizado el feminismo para pretender obtener ventaja pol\u00edtica. La controversia de Roc\u00edo Nahle con el distinguido colectivo de mujeres \u00abBrujas del Mar\u00bb revela la necesidad de transparencia y autenticidad en la pol\u00edtica. Aunque el OPLE ha desestimado las acusaciones de violencia pol\u00edtica contra la candidata oficialista, es esencial reconocer cualquier malentendido y trabajar hacia una convivencia pol\u00edtica m\u00e1s constructiva y respetuosa. Recordemos que el Colectivo de mujeres Brujas del Mar denunci\u00f3 el uso indebido de su nombre durante una manifestaci\u00f3n a favor de la candidata del partido oficialista Nahle en Xalapa, desvincul\u00e1ndose del evento y anunciando acciones legales por usurpaci\u00f3n. La protesta, supuestamente en apoyo a Nahle, fue criticada por su falta de autenticidad y acusaciones de ser un \u00abacarreo\u00bb. Esto subraya el uso oportunista del feminismo en la pol\u00edtica. Es necesario que tanto el equipo de campa\u00f1a de la candidata como ella misma ofrezcan disculpas p\u00fablicas por la instrumentalizaci\u00f3n del feminismo como propaganda electoral. Tambi\u00e9n se hace un llamado a quienes convocaron la marcha a disculparse con el colectivo de mujeres Brujas del Mar, reconociendo el da\u00f1o causado y la persistencia del patriarcado en la campa\u00f1a pol\u00edtica de la candidata del partido oficialista. En Veracruz, las mujeres son quienes m\u00e1s padecen la violencia, en un estado que ocupa el segundo lugar en feminicidios, violencia familiar, violencia pol\u00edtica en raz\u00f3n de g\u00e9nero, con tres alertas de g\u00e9nero activas. Y no se debe utilizar la violencia como mero discurso pol\u00edtico para fines electorales. En este momento de polarizaci\u00f3n y divisi\u00f3n, es crucial que los l\u00edderes pol\u00edticos den ejemplo de responsabilidad y humildad, mostrando su compromiso con el di\u00e1logo y la inclusi\u00f3n. Pepe Yunes personifica los valores de honestidad, empat\u00eda y servicio p\u00fablico, representando una oportunidad \u00fanica para renovar la pol\u00edtica veracruzana, alej\u00e1ndola de las confrontaciones y los intereses partidistas para centrarse en las necesidades reales de la gente y construir un gobierno que mejore la calidad de vida de todos los veracruzanos. Es hora de respaldar a un l\u00edder que tiene la capacidad de unir a Veracruz y llevarlo hacia un futuro de prosperidad y equidad para todos. En este momento crucial para el estado, la elecci\u00f3n es clara: Pepe Yunes es la renovaci\u00f3n que Veracruz necesita. Es momento de dejar atr\u00e1s las divisiones del pasado y avanzar hacia un futuro de esperanza y progreso para todos los veracruzanos. Tal cual como lo ha dicho Pepe reiteradamente con el vas a vivir seguro, sano, tendr\u00e1s trabajo y sobre todo vas a vivir feliz. Atr\u00e9vete a vivir feliz con Pepe Yunes.<\/p>\n","protected":false},"excerpt":{"rendered":"<p>Maribel Ramirez Topete Un incidente ha captado la atenci\u00f3n de todos los veracruzanos antes del inicio del debate por la gubernatura en Veracruz: el desaire de Roc\u00edo Nahle hacia Pepe Yunes durante este encuentro pol\u00edtico, el pasado 28 de abril. M\u00e1s que un simple desaire, este acto reflej\u00f3 una falta de respeto e intolerancia hacia [&hellip;]<\/p>\n","protected":false},"author":2,"featured_media":120031,"comment_status":"closed","ping_status":"closed","sticky":false,"template":"","format":"standard","meta":{"tdm_status":"","tdm_grid_status":"","footnotes":""},"categories":[70],"tags":[39647,1026,570,3578,195],"class_list":{"0":"post-123486","1":"post","2":"type-post","3":"status-publish","4":"format-standard","5":"has-post-thumbnail","7":"category-de-opinion","8":"tag-maribel-ramirez-topete-2","9":"tag-morena","10":"tag-pepe-yunes","11":"tag-rocio-nahle","12":"tag-veracruz"},"yoast_head":"<!-- This site is optimized with the Yoast SEO plugin v27.4 - https:\/\/yoast.com\/product\/yoast-seo-wordpress\/ -->\n<title>PEPE YUNES, EL CABALLERO DE LA POL\u00cdTICA - Los pol\u00edticos Veracruz<\/title>\n<meta name=\"robots\" content=\"index, follow, max-snippet:-1, max-image-preview:large, max-video-preview:-1\" \/>\n<link rel=\"canonical\" href=\"https:\/\/lospoliticosveracruz.com\/?p=123486\" \/>\n<meta property=\"og:locale\" content=\"es_ES\" \/>\n<meta property=\"og:type\" content=\"article\" \/>\n<meta property=\"og:title\" content=\"PEPE YUNES, EL CABALLERO DE LA POL\u00cdTICA - Los pol\u00edticos Veracruz\" \/>\n<meta property=\"og:description\" content=\"Maribel Ramirez Topete Un incidente ha captado la atenci\u00f3n de todos los veracruzanos antes del inicio del debate por la gubernatura en Veracruz: el desaire de Roc\u00edo Nahle hacia Pepe Yunes durante este encuentro pol\u00edtico, el pasado 28 de abril. M\u00e1s que un simple desaire, este acto reflej\u00f3 una falta de respeto e intolerancia hacia [&hellip;]\" \/>\n<meta property=\"og:url\" content=\"https:\/\/lospoliticosveracruz.com\/?p=123486\" \/>\n<meta property=\"og:site_name\" content=\"Los pol\u00edticos Veracruz\" \/>\n<meta property=\"article:publisher\" content=\"https:\/\/www.facebook.com\/people\/Notimemes-de-los-Polticos\/61565672886568\/\" \/>\n<meta property=\"article:published_time\" content=\"2024-05-03T16:55:39+00:00\" \/>\n<meta property=\"article:modified_time\" content=\"2024-05-03T16:55:56+00:00\" \/>\n<meta property=\"og:image\" content=\"https:\/\/lospoliticosveracruz.com\/wp-content\/uploads\/2024\/03\/Maribel-Ramirez-Topete.jpg\" \/>\n\t<meta property=\"og:image:width\" content=\"1250\" \/>\n\t<meta property=\"og:image:height\" content=\"667\" \/>\n\t<meta property=\"og:image:type\" content=\"image\/jpeg\" \/>\n<meta name=\"author\" content=\"Lo viste en Los Pol\u00edticos\" \/>\n<meta name=\"twitter:card\" content=\"summary_large_image\" \/>\n<meta name=\"twitter:creator\" content=\"@LosPoliticosVer\" \/>\n<meta name=\"twitter:site\" content=\"@LosPoliticosVer\" \/>\n<meta name=\"twitter:label1\" content=\"Escrito por\" \/>\n\t<meta name=\"twitter:data1\" content=\"Lo viste en Los Pol\u00edticos\" \/>\n\t<meta name=\"twitter:label2\" content=\"Tiempo de lectura\" \/>\n\t<meta name=\"twitter:data2\" content=\"3 minutos\" \/>\n<script type=\"application\/ld+json\" class=\"yoast-schema-graph\">{\"@context\":\"https:\\\/\\\/schema.org\",\"@graph\":[{\"@type\":\"Article\",\"@id\":\"https:\\\/\\\/lospoliticosveracruz.com\\\/?p=123486#article\",\"isPartOf\":{\"@id\":\"https:\\\/\\\/lospoliticosveracruz.com\\\/?p=123486\"},\"author\":{\"name\":\"Lo viste en Los Pol\u00edticos\",\"@id\":\"https:\\\/\\\/lospoliticosveracruz.com\\\/#\\\/schema\\\/person\\\/b8702bb0e538456e6efd07080bf2a4a2\"},\"headline\":\"PEPE YUNES, EL CABALLERO DE LA POL\u00cdTICA\",\"datePublished\":\"2024-05-03T16:55:39+00:00\",\"dateModified\":\"2024-05-03T16:55:56+00:00\",\"mainEntityOfPage\":{\"@id\":\"https:\\\/\\\/lospoliticosveracruz.com\\\/?p=123486\"},\"wordCount\":672,\"publisher\":{\"@id\":\"https:\\\/\\\/lospoliticosveracruz.com\\\/#organization\"},\"image\":{\"@id\":\"https:\\\/\\\/lospoliticosveracruz.com\\\/?p=123486#primaryimage\"},\"thumbnailUrl\":\"https:\\\/\\\/lospoliticosveracruz.com\\\/wp-content\\\/uploads\\\/2024\\\/03\\\/Maribel-Ramirez-Topete.jpg\",\"keywords\":[\"Maribel Ramirez Topete\",\"Morena\",\"Pepe Yunes\",\"Roc\u00edo Nahle\",\"Veracruz\"],\"articleSection\":[\"De Opini\u00f3n\"],\"inLanguage\":\"es\"},{\"@type\":\"WebPage\",\"@id\":\"https:\\\/\\\/lospoliticosveracruz.com\\\/?p=123486\",\"url\":\"https:\\\/\\\/lospoliticosveracruz.com\\\/?p=123486\",\"name\":\"PEPE YUNES, EL CABALLERO DE LA POL\u00cdTICA - Los pol\u00edticos Veracruz\",\"isPartOf\":{\"@id\":\"https:\\\/\\\/lospoliticosveracruz.com\\\/#website\"},\"primaryImageOfPage\":{\"@id\":\"https:\\\/\\\/lospoliticosveracruz.com\\\/?p=123486#primaryimage\"},\"image\":{\"@id\":\"https:\\\/\\\/lospoliticosveracruz.com\\\/?p=123486#primaryimage\"},\"thumbnailUrl\":\"https:\\\/\\\/lospoliticosveracruz.com\\\/wp-content\\\/uploads\\\/2024\\\/03\\\/Maribel-Ramirez-Topete.jpg\",\"datePublished\":\"2024-05-03T16:55:39+00:00\",\"dateModified\":\"2024-05-03T16:55:56+00:00\",\"breadcrumb\":{\"@id\":\"https:\\\/\\\/lospoliticosveracruz.com\\\/?p=123486#breadcrumb\"},\"inLanguage\":\"es\",\"potentialAction\":[{\"@type\":\"ReadAction\",\"target\":[\"https:\\\/\\\/lospoliticosveracruz.com\\\/?p=123486\"]}]},{\"@type\":\"ImageObject\",\"inLanguage\":\"es\",\"@id\":\"https:\\\/\\\/lospoliticosveracruz.com\\\/?p=123486#primaryimage\",\"url\":\"https:\\\/\\\/lospoliticosveracruz.com\\\/wp-content\\\/uploads\\\/2024\\\/03\\\/Maribel-Ramirez-Topete.jpg\",\"contentUrl\":\"https:\\\/\\\/lospoliticosveracruz.com\\\/wp-content\\\/uploads\\\/2024\\\/03\\\/Maribel-Ramirez-Topete.jpg\",\"width\":1250,\"height\":667},{\"@type\":\"BreadcrumbList\",\"@id\":\"https:\\\/\\\/lospoliticosveracruz.com\\\/?p=123486#breadcrumb\",\"itemListElement\":[{\"@type\":\"ListItem\",\"position\":1,\"name\":\"Portada\",\"item\":\"https:\\\/\\\/lospoliticosveracruz.com\\\/\"},{\"@type\":\"ListItem\",\"position\":2,\"name\":\"PEPE YUNES, EL CABALLERO DE LA POL\u00cdTICA\"}]},{\"@type\":\"WebSite\",\"@id\":\"https:\\\/\\\/lospoliticosveracruz.com\\\/#website\",\"url\":\"https:\\\/\\\/lospoliticosveracruz.com\\\/\",\"name\":\"Los pol\u00edticos Veracruz\",\"description\":\"\",\"publisher\":{\"@id\":\"https:\\\/\\\/lospoliticosveracruz.com\\\/#organization\"},\"potentialAction\":[{\"@type\":\"SearchAction\",\"target\":{\"@type\":\"EntryPoint\",\"urlTemplate\":\"https:\\\/\\\/lospoliticosveracruz.com\\\/?s={search_term_string}\"},\"query-input\":{\"@type\":\"PropertyValueSpecification\",\"valueRequired\":true,\"valueName\":\"search_term_string\"}}],\"inLanguage\":\"es\"},{\"@type\":\"Organization\",\"@id\":\"https:\\\/\\\/lospoliticosveracruz.com\\\/#organization\",\"name\":\"Los pol\u00edticos Veracruz\",\"url\":\"https:\\\/\\\/lospoliticosveracruz.com\\\/\",\"logo\":{\"@type\":\"ImageObject\",\"inLanguage\":\"es\",\"@id\":\"https:\\\/\\\/lospoliticosveracruz.com\\\/#\\\/schema\\\/logo\\\/image\\\/\",\"url\":\"https:\\\/\\\/lospoliticosveracruz.com\\\/wp-content\\\/uploads\\\/2025\\\/12\\\/Logo-Nuevo-LOS-POLITICOS-1.jpg\",\"contentUrl\":\"https:\\\/\\\/lospoliticosveracruz.com\\\/wp-content\\\/uploads\\\/2025\\\/12\\\/Logo-Nuevo-LOS-POLITICOS-1.jpg\",\"width\":260,\"height\":70,\"caption\":\"Los pol\u00edticos Veracruz\"},\"image\":{\"@id\":\"https:\\\/\\\/lospoliticosveracruz.com\\\/#\\\/schema\\\/logo\\\/image\\\/\"},\"sameAs\":[\"https:\\\/\\\/www.facebook.com\\\/people\\\/Notimemes-de-los-Polticos\\\/61565672886568\\\/\",\"https:\\\/\\\/x.com\\\/LosPoliticosVer\"]},{\"@type\":\"Person\",\"@id\":\"https:\\\/\\\/lospoliticosveracruz.com\\\/#\\\/schema\\\/person\\\/b8702bb0e538456e6efd07080bf2a4a2\",\"name\":\"Lo viste en Los Pol\u00edticos\",\"image\":{\"@type\":\"ImageObject\",\"inLanguage\":\"es\",\"@id\":\"https:\\\/\\\/secure.gravatar.com\\\/avatar\\\/3a8de04a2656d44082be478bd6c086daa447c4651605818287b9532d3d0bd435?s=96&d=mm&r=g\",\"url\":\"https:\\\/\\\/secure.gravatar.com\\\/avatar\\\/3a8de04a2656d44082be478bd6c086daa447c4651605818287b9532d3d0bd435?s=96&d=mm&r=g\",\"contentUrl\":\"https:\\\/\\\/secure.gravatar.com\\\/avatar\\\/3a8de04a2656d44082be478bd6c086daa447c4651605818287b9532d3d0bd435?s=96&d=mm&r=g\",\"caption\":\"Lo viste en Los Pol\u00edticos\"},\"url\":\"https:\\\/\\\/lospoliticosveracruz.com\\\/?author=2\"}]}<\/script>\n<!-- \/ Yoast SEO plugin. -->","yoast_head_json":{"title":"PEPE YUNES, EL CABALLERO DE LA POL\u00cdTICA - Los pol\u00edticos Veracruz","robots":{"index":"index","follow":"follow","max-snippet":"max-snippet:-1","max-image-preview":"max-image-preview:large","max-video-preview":"max-video-preview:-1"},"canonical":"https:\/\/lospoliticosveracruz.com\/?p=123486","og_locale":"es_ES","og_type":"article","og_title":"PEPE YUNES, EL CABALLERO DE LA POL\u00cdTICA - Los pol\u00edticos Veracruz","og_description":"Maribel Ramirez Topete Un incidente ha captado la atenci\u00f3n de todos los veracruzanos antes del inicio del debate por la gubernatura en Veracruz: el desaire de Roc\u00edo Nahle hacia Pepe Yunes durante este encuentro pol\u00edtico, el pasado 28 de abril. M\u00e1s que un simple desaire, este acto reflej\u00f3 una falta de respeto e intolerancia hacia [&hellip;]","og_url":"https:\/\/lospoliticosveracruz.com\/?p=123486","og_site_name":"Los pol\u00edticos Veracruz","article_publisher":"https:\/\/www.facebook.com\/people\/Notimemes-de-los-Polticos\/61565672886568\/","article_published_time":"2024-05-03T16:55:39+00:00","article_modified_time":"2024-05-03T16:55:56+00:00","og_image":[{"width":1250,"height":667,"url":"https:\/\/lospoliticosveracruz.com\/wp-content\/uploads\/2024\/03\/Maribel-Ramirez-Topete.jpg","type":"image\/jpeg"}],"author":"Lo viste en Los Pol\u00edticos","twitter_card":"summary_large_image","twitter_creator":"@LosPoliticosVer","twitter_site":"@LosPoliticosVer","twitter_misc":{"Escrito por":"Lo viste en Los Pol\u00edticos","Tiempo de lectura":"3 minutos"},"schema":{"@context":"https:\/\/schema.org","@graph":[{"@type":"Article","@id":"https:\/\/lospoliticosveracruz.com\/?p=123486#article","isPartOf":{"@id":"https:\/\/lospoliticosveracruz.com\/?p=123486"},"author":{"name":"Lo viste en Los Pol\u00edticos","@id":"https:\/\/lospoliticosveracruz.com\/#\/schema\/person\/b8702bb0e538456e6efd07080bf2a4a2"},"headline":"PEPE YUNES, EL CABALLERO DE LA POL\u00cdTICA","datePublished":"2024-05-03T16:55:39+00:00","dateModified":"2024-05-03T16:55:56+00:00","mainEntityOfPage":{"@id":"https:\/\/lospoliticosveracruz.com\/?p=123486"},"wordCount":672,"publisher":{"@id":"https:\/\/lospoliticosveracruz.com\/#organization"},"image":{"@id":"https:\/\/lospoliticosveracruz.com\/?p=123486#primaryimage"},"thumbnailUrl":"https:\/\/lospoliticosveracruz.com\/wp-content\/uploads\/2024\/03\/Maribel-Ramirez-Topete.jpg","keywords":["Maribel Ramirez Topete","Morena","Pepe Yunes","Roc\u00edo Nahle","Veracruz"],"articleSection":["De Opini\u00f3n"],"inLanguage":"es"},{"@type":"WebPage","@id":"https:\/\/lospoliticosveracruz.com\/?p=123486","url":"https:\/\/lospoliticosveracruz.com\/?p=123486","name":"PEPE YUNES, EL CABALLERO DE LA POL\u00cdTICA - Los pol\u00edticos Veracruz","isPartOf":{"@id":"https:\/\/lospoliticosveracruz.com\/#website"},"primaryImageOfPage":{"@id":"https:\/\/lospoliticosveracruz.com\/?p=123486#primaryimage"},"image":{"@id":"https:\/\/lospoliticosveracruz.com\/?p=123486#primaryimage"},"thumbnailUrl":"https:\/\/lospoliticosveracruz.com\/wp-content\/uploads\/2024\/03\/Maribel-Ramirez-Topete.jpg","datePublished":"2024-05-03T16:55:39+00:00","dateModified":"2024-05-03T16:55:56+00:00","breadcrumb":{"@id":"https:\/\/lospoliticosveracruz.com\/?p=123486#breadcrumb"},"inLanguage":"es","potentialAction":[{"@type":"ReadAction","target":["https:\/\/lospoliticosveracruz.com\/?p=123486"]}]},{"@type":"ImageObject","inLanguage":"es","@id":"https:\/\/lospoliticosveracruz.com\/?p=123486#primaryimage","url":"https:\/\/lospoliticosveracruz.com\/wp-content\/uploads\/2024\/03\/Maribel-Ramirez-Topete.jpg","contentUrl":"https:\/\/lospoliticosveracruz.com\/wp-content\/uploads\/2024\/03\/Maribel-Ramirez-Topete.jpg","width":1250,"height":667},{"@type":"BreadcrumbList","@id":"https:\/\/lospoliticosveracruz.com\/?p=123486#breadcrumb","itemListElement":[{"@type":"ListItem","position":1,"name":"Portada","item":"https:\/\/lospoliticosveracruz.com\/"},{"@type":"ListItem","position":2,"name":"PEPE YUNES, EL CABALLERO DE LA POL\u00cdTICA"}]},{"@type":"WebSite","@id":"https:\/\/lospoliticosveracruz.com\/#website","url":"https:\/\/lospoliticosveracruz.com\/","name":"Los pol\u00edticos Veracruz","description":"","publisher":{"@id":"https:\/\/lospoliticosveracruz.com\/#organization"},"potentialAction":[{"@type":"SearchAction","target":{"@type":"EntryPoint","urlTemplate":"https:\/\/lospoliticosveracruz.com\/?s={search_term_string}"},"query-input":{"@type":"PropertyValueSpecification","valueRequired":true,"valueName":"search_term_string"}}],"inLanguage":"es"},{"@type":"Organization","@id":"https:\/\/lospoliticosveracruz.com\/#organization","name":"Los pol\u00edticos Veracruz","url":"https:\/\/lospoliticosveracruz.com\/","logo":{"@type":"ImageObject","inLanguage":"es","@id":"https:\/\/lospoliticosveracruz.com\/#\/schema\/logo\/image\/","url":"https:\/\/lospoliticosveracruz.com\/wp-content\/uploads\/2025\/12\/Logo-Nuevo-LOS-POLITICOS-1.jpg","contentUrl":"https:\/\/lospoliticosveracruz.com\/wp-content\/uploads\/2025\/12\/Logo-Nuevo-LOS-POLITICOS-1.jpg","width":260,"height":70,"caption":"Los pol\u00edticos Veracruz"},"image":{"@id":"https:\/\/lospoliticosveracruz.com\/#\/schema\/logo\/image\/"},"sameAs":["https:\/\/www.facebook.com\/people\/Notimemes-de-los-Polticos\/61565672886568\/","https:\/\/x.com\/LosPoliticosVer"]},{"@type":"Person","@id":"https:\/\/lospoliticosveracruz.com\/#\/schema\/person\/b8702bb0e538456e6efd07080bf2a4a2","name":"Lo viste en Los Pol\u00edticos","image":{"@type":"ImageObject","inLanguage":"es","@id":"https:\/\/secure.gravatar.com\/avatar\/3a8de04a2656d44082be478bd6c086daa447c4651605818287b9532d3d0bd435?s=96&d=mm&r=g","url":"https:\/\/secure.gravatar.com\/avatar\/3a8de04a2656d44082be478bd6c086daa447c4651605818287b9532d3d0bd435?s=96&d=mm&r=g","contentUrl":"https:\/\/secure.gravatar.com\/avatar\/3a8de04a2656d44082be478bd6c086daa447c4651605818287b9532d3d0bd435?s=96&d=mm&r=g","caption":"Lo viste en Los Pol\u00edticos"},"url":"https:\/\/lospoliticosveracruz.com\/?author=2"}]}},"_links":{"self":[{"href":"https:\/\/lospoliticosveracruz.com\/index.php?rest_route=\/wp\/v2\/posts\/123486","targetHints":{"allow":["GET"]}}],"collection":[{"href":"https:\/\/lospoliticosveracruz.com\/index.php?rest_route=\/wp\/v2\/posts"}],"about":[{"href":"https:\/\/lospoliticosveracruz.com\/index.php?rest_route=\/wp\/v2\/types\/post"}],"author":[{"embeddable":true,"href":"https:\/\/lospoliticosveracruz.com\/index.php?rest_route=\/wp\/v2\/users\/2"}],"replies":[{"embeddable":true,"href":"https:\/\/lospoliticosveracruz.com\/index.php?rest_route=%2Fwp%2Fv2%2Fcomments&post=123486"}],"version-history":[{"count":1,"href":"https:\/\/lospoliticosveracruz.com\/index.php?rest_route=\/wp\/v2\/posts\/123486\/revisions"}],"predecessor-version":[{"id":123487,"href":"https:\/\/lospoliticosveracruz.com\/index.php?rest_route=\/wp\/v2\/posts\/123486\/revisions\/123487"}],"wp:featuredmedia":[{"embeddable":true,"href":"https:\/\/lospoliticosveracruz.com\/index.php?rest_route=\/wp\/v2\/media\/120031"}],"wp:attachment":[{"href":"https:\/\/lospoliticosveracruz.com\/index.php?rest_route=%2Fwp%2Fv2%2Fmedia&parent=123486"}],"wp:term":[{"taxonomy":"category","embeddable":true,"href":"https:\/\/lospoliticosveracruz.com\/index.php?rest_route=%2Fwp%2Fv2%2Fcategories&post=123486"},{"taxonomy":"post_tag","embeddable":true,"href":"https:\/\/lospoliticosveracruz.com\/index.php?rest_route=%2Fwp%2Fv2%2Ftags&post=123486"}],"curies":[{"name":"wp","href":"https:\/\/api.w.org\/{rel}","templated":true}]}}