{"id":123524,"date":"2024-05-03T15:59:10","date_gmt":"2024-05-03T20:59:10","guid":{"rendered":"https:\/\/lospoliticosveracruz.com.mx\/?p=123524"},"modified":"2024-05-03T15:59:23","modified_gmt":"2024-05-03T20:59:23","slug":"tiempo-de-soluciones-y-de-regeneracion-politica","status":"publish","type":"post","link":"https:\/\/lospoliticosveracruz.com\/?p=123524","title":{"rendered":"TIEMPO DE SOLUCIONES Y DE REGENERACI\u00d3N POL\u00cdTICA"},"content":{"rendered":"\n<p><strong>Ana Miriam Ferr\u00e1ez Centeno *<\/strong><\/p>\n\n\n\n<p>La agenda pol\u00edtica y social, dentro de la visi\u00f3n humanista de la Cuarta Transformaci\u00f3n, puesta en marcha por el presidente Andr\u00e9s Manuel L\u00f3pez Obrador ha situado como centro y eje rector el bienestar de la ciudadan\u00eda con mayores carencias y a los m\u00e1s desprotegidos.<\/p>\n\n\n\n<p>Durante muchos a\u00f1os, los gobiernos neoliberales se encargaron de desvincular tanto de la toma de decisiones, como de los beneficios reales de las pol\u00edticas p\u00fablicas, a la mayor parte de la poblaci\u00f3n mexicana, veracruzana y xalape\u00f1a, centrando sus acciones en el beneficio de unos cuantos que ocuparon las c\u00fapulas pol\u00edticas y que hoy intentan regresar al poder.<\/p>\n\n\n\n<p>Estamos en una \u00e9poca de definiciones, pero tambi\u00e9n nos hemos incrustado en el tiempo de soluciones reales, de la regeneraci\u00f3n de la vida pol\u00edtica y de la transformaci\u00f3n de la ciudadan\u00eda para la ciudadan\u00eda. Es tiempo del Segundo Piso del movimiento transformador, el cual se caracteriza por ser incluyente, sensible y emp\u00e1tico, que ha logrado acortar las brechas de desigualdad y discriminaci\u00f3n del pueblo.<\/p>\n\n\n\n<p>Como futuros legisladores federales, quienes integramos el bloque progresista de la Coalici\u00f3n Sigamos Haciendo Historia, estamos obligados a hacer valer los derechos fundamentales del pueblo, de exigir que se le provea de programas y herramientas que mejoren su calidad de vida, pues todas y todos somos parte fundamental de este movimiento transformador.<\/p>\n\n\n\n<p>Como parte de un inter\u00e9s genuino y humanista que nos es inherente, el cual hemos demostrado a trav\u00e9s de la cercan\u00eda con la poblaci\u00f3n xalape\u00f1a, es nuestra convicci\u00f3n luchar por el desarrollo y bienestar equitativo y sin discriminaci\u00f3n de ning\u00fan sector poblacional a trav\u00e9s de una agenda democr\u00e1tica, justa y responsable, lo cual he demostrado en mi paso por el congreso local.<\/p>\n\n\n\n<p>Somos el movimiento que escucha y toma las decisiones a trav\u00e9s de la cercan\u00eda y del consenso con el pueblo, muestra de ello son las reformas sustanciales en materia econ\u00f3mica, pol\u00edtica, social y de asistencia que se lograron en este sexenio, y que nunca antes hab\u00edan sido concebidas en nuestro pa\u00eds, y que, con la pr\u00f3xima presidenta de M\u00e9xico, la Dra. Claudia Sheinbaum, habr\u00e1n de mantenerse y mejorar, tomando como eje el desarrollo de la poblaci\u00f3n.<\/p>\n\n\n\n<p>Por estas razones es que no podemos retroceder ni avanzar en un sentido distinto, pues ser\u00eda fallarle a la sociedad y traicionar a quien ha puesto su confianza en nuestras manos, y que estamos seguros nuevamente refrendar\u00e1 esa simpat\u00eda el pr\u00f3ximo 2 de junio, pues la nueva pol\u00edtica nacional y estatal, la cual ser\u00e1 encabezada en Veracruz por la Ing. Roc\u00edo Nahle Garc\u00eda,&nbsp;&nbsp;corresponde a esa visi\u00f3n de sociedad donde quienes m\u00e1s necesitaron ahora ven resultados y soluciones reales, no discursos ni demagogia.<\/p>\n\n\n\n<p>Nuestra ciudad merece fortalecer su grandeza, necesita de esa regeneraci\u00f3n y transformaci\u00f3n de la mano ciudadana y todo el pueblo xalape\u00f1o, por lo que uno de nuestros principales objetivos de gesti\u00f3n desde la c\u00e1mara federal ser\u00e1 generar una estrecha colaboraci\u00f3n entre los tres niveles de gobierno, con el sector privado, para la planeaci\u00f3n y ejecuci\u00f3n de proyectos sostenibles y sustentables que mejoren la calidad de vida de la ciudad.<\/p>\n\n\n\n<p>Mantenemos firme nuestro compromiso con la obra de transformaci\u00f3n y evitaremos retrocesos que afecten a nuestro pueblo.<\/p>\n\n\n\n<p>Hoy la Cuarta Transformaci\u00f3n est\u00e1 m\u00e1s fuerte que nunca y el respaldo ciudadano al proyecto 2024 contin\u00faa consolid\u00e1ndose. Nuestro compromiso principal ser\u00e1 defender al pueblo, pues tenemos un futuro promisorio por el que estamos dispuestos a luchar, ya que lo alcanzado hasta ahora, en beneficio del inter\u00e9s p\u00fablico y de la naci\u00f3n, es el resultado del clamor popular tras d\u00e9cadas de gobiernos traidores al pueblo que ahora quieren regresar.<\/p>\n\n\n\n<p>* Candidata a Diputada Federal por el Distrito 10 de Xalapa de la Coalici\u00f3n Sigamos Haciendo Historia.<\/p>\n","protected":false},"excerpt":{"rendered":"<p>Ana Miriam Ferr\u00e1ez Centeno * La agenda pol\u00edtica y social, dentro de la visi\u00f3n humanista de la Cuarta Transformaci\u00f3n, puesta en marcha por el presidente Andr\u00e9s Manuel L\u00f3pez Obrador ha situado como centro y eje rector el bienestar de la ciudadan\u00eda con mayores carencias y a los m\u00e1s desprotegidos. Durante muchos a\u00f1os, los gobiernos neoliberales [&hellip;]<\/p>\n","protected":false},"author":2,"featured_media":0,"comment_status":"closed","ping_status":"closed","sticky":false,"template":"","format":"standard","meta":{"tdm_status":"","tdm_grid_status":"","footnotes":""},"categories":[70],"tags":[618,12744,1026,195],"class_list":{"0":"post-123524","1":"post","2":"type-post","3":"status-publish","4":"format-standard","6":"category-de-opinion","7":"tag-andres-manuel-lopez-obrador","8":"tag-cuarta-transformacion","9":"tag-morena","10":"tag-veracruz"},"yoast_head":"<!-- This site is optimized with the Yoast SEO plugin v27.4 - https:\/\/yoast.com\/product\/yoast-seo-wordpress\/ -->\n<title>TIEMPO DE SOLUCIONES Y DE REGENERACI\u00d3N POL\u00cdTICA - Los pol\u00edticos Veracruz<\/title>\n<meta name=\"robots\" content=\"index, follow, max-snippet:-1, max-image-preview:large, max-video-preview:-1\" \/>\n<link rel=\"canonical\" href=\"https:\/\/lospoliticosveracruz.com\/?p=123524\" \/>\n<meta property=\"og:locale\" content=\"es_ES\" \/>\n<meta property=\"og:type\" content=\"article\" \/>\n<meta property=\"og:title\" content=\"TIEMPO DE SOLUCIONES Y DE REGENERACI\u00d3N POL\u00cdTICA - Los pol\u00edticos Veracruz\" \/>\n<meta property=\"og:description\" content=\"Ana Miriam Ferr\u00e1ez Centeno * La agenda pol\u00edtica y social, dentro de la visi\u00f3n humanista de la Cuarta Transformaci\u00f3n, puesta en marcha por el presidente Andr\u00e9s Manuel L\u00f3pez Obrador ha situado como centro y eje rector el bienestar de la ciudadan\u00eda con mayores carencias y a los m\u00e1s desprotegidos. Durante muchos a\u00f1os, los gobiernos neoliberales [&hellip;]\" \/>\n<meta property=\"og:url\" content=\"https:\/\/lospoliticosveracruz.com\/?p=123524\" \/>\n<meta property=\"og:site_name\" content=\"Los pol\u00edticos Veracruz\" \/>\n<meta property=\"article:publisher\" content=\"https:\/\/www.facebook.com\/people\/Notimemes-de-los-Polticos\/61565672886568\/\" \/>\n<meta property=\"article:published_time\" content=\"2024-05-03T20:59:10+00:00\" \/>\n<meta property=\"article:modified_time\" content=\"2024-05-03T20:59:23+00:00\" \/>\n<meta property=\"og:image\" content=\"https:\/\/lospoliticosveracruz.com\/wp-content\/uploads\/2016\/07\/Logo-Dor.jpg\" \/>\n\t<meta property=\"og:image:width\" content=\"200\" \/>\n\t<meta property=\"og:image:height\" content=\"200\" \/>\n\t<meta property=\"og:image:type\" content=\"image\/jpeg\" \/>\n<meta name=\"author\" content=\"Lo viste en Los Pol\u00edticos\" \/>\n<meta name=\"twitter:card\" content=\"summary_large_image\" \/>\n<meta name=\"twitter:creator\" content=\"@LosPoliticosVer\" \/>\n<meta name=\"twitter:site\" content=\"@LosPoliticosVer\" \/>\n<meta name=\"twitter:label1\" content=\"Escrito por\" \/>\n\t<meta name=\"twitter:data1\" content=\"Lo viste en Los Pol\u00edticos\" \/>\n\t<meta name=\"twitter:label2\" content=\"Tiempo de lectura\" \/>\n\t<meta name=\"twitter:data2\" content=\"3 minutos\" \/>\n<script type=\"application\/ld+json\" class=\"yoast-schema-graph\">{\"@context\":\"https:\\\/\\\/schema.org\",\"@graph\":[{\"@type\":\"Article\",\"@id\":\"https:\\\/\\\/lospoliticosveracruz.com\\\/?p=123524#article\",\"isPartOf\":{\"@id\":\"https:\\\/\\\/lospoliticosveracruz.com\\\/?p=123524\"},\"author\":{\"name\":\"Lo viste en Los Pol\u00edticos\",\"@id\":\"https:\\\/\\\/lospoliticosveracruz.com\\\/#\\\/schema\\\/person\\\/b8702bb0e538456e6efd07080bf2a4a2\"},\"headline\":\"TIEMPO DE SOLUCIONES Y DE REGENERACI\u00d3N POL\u00cdTICA\",\"datePublished\":\"2024-05-03T20:59:10+00:00\",\"dateModified\":\"2024-05-03T20:59:23+00:00\",\"mainEntityOfPage\":{\"@id\":\"https:\\\/\\\/lospoliticosveracruz.com\\\/?p=123524\"},\"wordCount\":691,\"publisher\":{\"@id\":\"https:\\\/\\\/lospoliticosveracruz.com\\\/#organization\"},\"keywords\":[\"Andr\u00e9s Manuel L\u00f3pez Obrador\",\"Cuarta Transformaci\u00f3n\",\"Morena\",\"Veracruz\"],\"articleSection\":[\"De Opini\u00f3n\"],\"inLanguage\":\"es\"},{\"@type\":\"WebPage\",\"@id\":\"https:\\\/\\\/lospoliticosveracruz.com\\\/?p=123524\",\"url\":\"https:\\\/\\\/lospoliticosveracruz.com\\\/?p=123524\",\"name\":\"TIEMPO DE SOLUCIONES Y DE REGENERACI\u00d3N POL\u00cdTICA - Los pol\u00edticos Veracruz\",\"isPartOf\":{\"@id\":\"https:\\\/\\\/lospoliticosveracruz.com\\\/#website\"},\"datePublished\":\"2024-05-03T20:59:10+00:00\",\"dateModified\":\"2024-05-03T20:59:23+00:00\",\"breadcrumb\":{\"@id\":\"https:\\\/\\\/lospoliticosveracruz.com\\\/?p=123524#breadcrumb\"},\"inLanguage\":\"es\",\"potentialAction\":[{\"@type\":\"ReadAction\",\"target\":[\"https:\\\/\\\/lospoliticosveracruz.com\\\/?p=123524\"]}]},{\"@type\":\"BreadcrumbList\",\"@id\":\"https:\\\/\\\/lospoliticosveracruz.com\\\/?p=123524#breadcrumb\",\"itemListElement\":[{\"@type\":\"ListItem\",\"position\":1,\"name\":\"Portada\",\"item\":\"https:\\\/\\\/lospoliticosveracruz.com\\\/\"},{\"@type\":\"ListItem\",\"position\":2,\"name\":\"TIEMPO DE SOLUCIONES Y DE REGENERACI\u00d3N POL\u00cdTICA\"}]},{\"@type\":\"WebSite\",\"@id\":\"https:\\\/\\\/lospoliticosveracruz.com\\\/#website\",\"url\":\"https:\\\/\\\/lospoliticosveracruz.com\\\/\",\"name\":\"Los pol\u00edticos Veracruz\",\"description\":\"\",\"publisher\":{\"@id\":\"https:\\\/\\\/lospoliticosveracruz.com\\\/#organization\"},\"potentialAction\":[{\"@type\":\"SearchAction\",\"target\":{\"@type\":\"EntryPoint\",\"urlTemplate\":\"https:\\\/\\\/lospoliticosveracruz.com\\\/?s={search_term_string}\"},\"query-input\":{\"@type\":\"PropertyValueSpecification\",\"valueRequired\":true,\"valueName\":\"search_term_string\"}}],\"inLanguage\":\"es\"},{\"@type\":\"Organization\",\"@id\":\"https:\\\/\\\/lospoliticosveracruz.com\\\/#organization\",\"name\":\"Los pol\u00edticos Veracruz\",\"url\":\"https:\\\/\\\/lospoliticosveracruz.com\\\/\",\"logo\":{\"@type\":\"ImageObject\",\"inLanguage\":\"es\",\"@id\":\"https:\\\/\\\/lospoliticosveracruz.com\\\/#\\\/schema\\\/logo\\\/image\\\/\",\"url\":\"https:\\\/\\\/lospoliticosveracruz.com\\\/wp-content\\\/uploads\\\/2025\\\/12\\\/Logo-Nuevo-LOS-POLITICOS-1.jpg\",\"contentUrl\":\"https:\\\/\\\/lospoliticosveracruz.com\\\/wp-content\\\/uploads\\\/2025\\\/12\\\/Logo-Nuevo-LOS-POLITICOS-1.jpg\",\"width\":260,\"height\":70,\"caption\":\"Los pol\u00edticos Veracruz\"},\"image\":{\"@id\":\"https:\\\/\\\/lospoliticosveracruz.com\\\/#\\\/schema\\\/logo\\\/image\\\/\"},\"sameAs\":[\"https:\\\/\\\/www.facebook.com\\\/people\\\/Notimemes-de-los-Polticos\\\/61565672886568\\\/\",\"https:\\\/\\\/x.com\\\/LosPoliticosVer\"]},{\"@type\":\"Person\",\"@id\":\"https:\\\/\\\/lospoliticosveracruz.com\\\/#\\\/schema\\\/person\\\/b8702bb0e538456e6efd07080bf2a4a2\",\"name\":\"Lo viste en Los Pol\u00edticos\",\"image\":{\"@type\":\"ImageObject\",\"inLanguage\":\"es\",\"@id\":\"https:\\\/\\\/secure.gravatar.com\\\/avatar\\\/3a8de04a2656d44082be478bd6c086daa447c4651605818287b9532d3d0bd435?s=96&d=mm&r=g\",\"url\":\"https:\\\/\\\/secure.gravatar.com\\\/avatar\\\/3a8de04a2656d44082be478bd6c086daa447c4651605818287b9532d3d0bd435?s=96&d=mm&r=g\",\"contentUrl\":\"https:\\\/\\\/secure.gravatar.com\\\/avatar\\\/3a8de04a2656d44082be478bd6c086daa447c4651605818287b9532d3d0bd435?s=96&d=mm&r=g\",\"caption\":\"Lo viste en Los Pol\u00edticos\"},\"url\":\"https:\\\/\\\/lospoliticosveracruz.com\\\/?author=2\"}]}<\/script>\n<!-- \/ Yoast SEO plugin. -->","yoast_head_json":{"title":"TIEMPO DE SOLUCIONES Y DE REGENERACI\u00d3N POL\u00cdTICA - Los pol\u00edticos Veracruz","robots":{"index":"index","follow":"follow","max-snippet":"max-snippet:-1","max-image-preview":"max-image-preview:large","max-video-preview":"max-video-preview:-1"},"canonical":"https:\/\/lospoliticosveracruz.com\/?p=123524","og_locale":"es_ES","og_type":"article","og_title":"TIEMPO DE SOLUCIONES Y DE REGENERACI\u00d3N POL\u00cdTICA - Los pol\u00edticos Veracruz","og_description":"Ana Miriam Ferr\u00e1ez Centeno * La agenda pol\u00edtica y social, dentro de la visi\u00f3n humanista de la Cuarta Transformaci\u00f3n, puesta en marcha por el presidente Andr\u00e9s Manuel L\u00f3pez Obrador ha situado como centro y eje rector el bienestar de la ciudadan\u00eda con mayores carencias y a los m\u00e1s desprotegidos. Durante muchos a\u00f1os, los gobiernos neoliberales [&hellip;]","og_url":"https:\/\/lospoliticosveracruz.com\/?p=123524","og_site_name":"Los pol\u00edticos Veracruz","article_publisher":"https:\/\/www.facebook.com\/people\/Notimemes-de-los-Polticos\/61565672886568\/","article_published_time":"2024-05-03T20:59:10+00:00","article_modified_time":"2024-05-03T20:59:23+00:00","og_image":[{"width":200,"height":200,"url":"https:\/\/lospoliticosveracruz.com\/wp-content\/uploads\/2016\/07\/Logo-Dor.jpg","type":"image\/jpeg"}],"author":"Lo viste en Los Pol\u00edticos","twitter_card":"summary_large_image","twitter_creator":"@LosPoliticosVer","twitter_site":"@LosPoliticosVer","twitter_misc":{"Escrito por":"Lo viste en Los Pol\u00edticos","Tiempo de lectura":"3 minutos"},"schema":{"@context":"https:\/\/schema.org","@graph":[{"@type":"Article","@id":"https:\/\/lospoliticosveracruz.com\/?p=123524#article","isPartOf":{"@id":"https:\/\/lospoliticosveracruz.com\/?p=123524"},"author":{"name":"Lo viste en Los Pol\u00edticos","@id":"https:\/\/lospoliticosveracruz.com\/#\/schema\/person\/b8702bb0e538456e6efd07080bf2a4a2"},"headline":"TIEMPO DE SOLUCIONES Y DE REGENERACI\u00d3N POL\u00cdTICA","datePublished":"2024-05-03T20:59:10+00:00","dateModified":"2024-05-03T20:59:23+00:00","mainEntityOfPage":{"@id":"https:\/\/lospoliticosveracruz.com\/?p=123524"},"wordCount":691,"publisher":{"@id":"https:\/\/lospoliticosveracruz.com\/#organization"},"keywords":["Andr\u00e9s Manuel L\u00f3pez Obrador","Cuarta Transformaci\u00f3n","Morena","Veracruz"],"articleSection":["De Opini\u00f3n"],"inLanguage":"es"},{"@type":"WebPage","@id":"https:\/\/lospoliticosveracruz.com\/?p=123524","url":"https:\/\/lospoliticosveracruz.com\/?p=123524","name":"TIEMPO DE SOLUCIONES Y DE REGENERACI\u00d3N POL\u00cdTICA - Los pol\u00edticos Veracruz","isPartOf":{"@id":"https:\/\/lospoliticosveracruz.com\/#website"},"datePublished":"2024-05-03T20:59:10+00:00","dateModified":"2024-05-03T20:59:23+00:00","breadcrumb":{"@id":"https:\/\/lospoliticosveracruz.com\/?p=123524#breadcrumb"},"inLanguage":"es","potentialAction":[{"@type":"ReadAction","target":["https:\/\/lospoliticosveracruz.com\/?p=123524"]}]},{"@type":"BreadcrumbList","@id":"https:\/\/lospoliticosveracruz.com\/?p=123524#breadcrumb","itemListElement":[{"@type":"ListItem","position":1,"name":"Portada","item":"https:\/\/lospoliticosveracruz.com\/"},{"@type":"ListItem","position":2,"name":"TIEMPO DE SOLUCIONES Y DE REGENERACI\u00d3N POL\u00cdTICA"}]},{"@type":"WebSite","@id":"https:\/\/lospoliticosveracruz.com\/#website","url":"https:\/\/lospoliticosveracruz.com\/","name":"Los pol\u00edticos Veracruz","description":"","publisher":{"@id":"https:\/\/lospoliticosveracruz.com\/#organization"},"potentialAction":[{"@type":"SearchAction","target":{"@type":"EntryPoint","urlTemplate":"https:\/\/lospoliticosveracruz.com\/?s={search_term_string}"},"query-input":{"@type":"PropertyValueSpecification","valueRequired":true,"valueName":"search_term_string"}}],"inLanguage":"es"},{"@type":"Organization","@id":"https:\/\/lospoliticosveracruz.com\/#organization","name":"Los pol\u00edticos Veracruz","url":"https:\/\/lospoliticosveracruz.com\/","logo":{"@type":"ImageObject","inLanguage":"es","@id":"https:\/\/lospoliticosveracruz.com\/#\/schema\/logo\/image\/","url":"https:\/\/lospoliticosveracruz.com\/wp-content\/uploads\/2025\/12\/Logo-Nuevo-LOS-POLITICOS-1.jpg","contentUrl":"https:\/\/lospoliticosveracruz.com\/wp-content\/uploads\/2025\/12\/Logo-Nuevo-LOS-POLITICOS-1.jpg","width":260,"height":70,"caption":"Los pol\u00edticos Veracruz"},"image":{"@id":"https:\/\/lospoliticosveracruz.com\/#\/schema\/logo\/image\/"},"sameAs":["https:\/\/www.facebook.com\/people\/Notimemes-de-los-Polticos\/61565672886568\/","https:\/\/x.com\/LosPoliticosVer"]},{"@type":"Person","@id":"https:\/\/lospoliticosveracruz.com\/#\/schema\/person\/b8702bb0e538456e6efd07080bf2a4a2","name":"Lo viste en Los Pol\u00edticos","image":{"@type":"ImageObject","inLanguage":"es","@id":"https:\/\/secure.gravatar.com\/avatar\/3a8de04a2656d44082be478bd6c086daa447c4651605818287b9532d3d0bd435?s=96&d=mm&r=g","url":"https:\/\/secure.gravatar.com\/avatar\/3a8de04a2656d44082be478bd6c086daa447c4651605818287b9532d3d0bd435?s=96&d=mm&r=g","contentUrl":"https:\/\/secure.gravatar.com\/avatar\/3a8de04a2656d44082be478bd6c086daa447c4651605818287b9532d3d0bd435?s=96&d=mm&r=g","caption":"Lo viste en Los Pol\u00edticos"},"url":"https:\/\/lospoliticosveracruz.com\/?author=2"}]}},"_links":{"self":[{"href":"https:\/\/lospoliticosveracruz.com\/index.php?rest_route=\/wp\/v2\/posts\/123524","targetHints":{"allow":["GET"]}}],"collection":[{"href":"https:\/\/lospoliticosveracruz.com\/index.php?rest_route=\/wp\/v2\/posts"}],"about":[{"href":"https:\/\/lospoliticosveracruz.com\/index.php?rest_route=\/wp\/v2\/types\/post"}],"author":[{"embeddable":true,"href":"https:\/\/lospoliticosveracruz.com\/index.php?rest_route=\/wp\/v2\/users\/2"}],"replies":[{"embeddable":true,"href":"https:\/\/lospoliticosveracruz.com\/index.php?rest_route=%2Fwp%2Fv2%2Fcomments&post=123524"}],"version-history":[{"count":1,"href":"https:\/\/lospoliticosveracruz.com\/index.php?rest_route=\/wp\/v2\/posts\/123524\/revisions"}],"predecessor-version":[{"id":123526,"href":"https:\/\/lospoliticosveracruz.com\/index.php?rest_route=\/wp\/v2\/posts\/123524\/revisions\/123526"}],"wp:attachment":[{"href":"https:\/\/lospoliticosveracruz.com\/index.php?rest_route=%2Fwp%2Fv2%2Fmedia&parent=123524"}],"wp:term":[{"taxonomy":"category","embeddable":true,"href":"https:\/\/lospoliticosveracruz.com\/index.php?rest_route=%2Fwp%2Fv2%2Fcategories&post=123524"},{"taxonomy":"post_tag","embeddable":true,"href":"https:\/\/lospoliticosveracruz.com\/index.php?rest_route=%2Fwp%2Fv2%2Ftags&post=123524"}],"curies":[{"name":"wp","href":"https:\/\/api.w.org\/{rel}","templated":true}]}}