{"id":123667,"date":"2024-05-06T10:37:01","date_gmt":"2024-05-06T15:37:01","guid":{"rendered":"https:\/\/lospoliticosveracruz.com.mx\/?p=123667"},"modified":"2024-05-06T10:37:12","modified_gmt":"2024-05-06T15:37:12","slug":"el-dilema-de-meterse-o-no-a-la-eleccion","status":"publish","type":"post","link":"https:\/\/lospoliticosveracruz.com\/?p=123667","title":{"rendered":"EL DILEMA DE METERSE O NO A LA ELECCI\u00d3N\u00a0"},"content":{"rendered":"\n<p><strong>Manolo Victorio<\/strong><\/p>\n\n\n\n<p><em>Carpe Diem<\/em><\/p>\n\n\n\n<p>Al calendario le resta una veintena de d\u00edas para el cierre de las campa\u00f1as proselitistas.<\/p>\n\n\n\n<p>El calor meteorol\u00f3gico obliga a los aspirantes a un puesto de elecci\u00f3n popular a buscar la sombra de los salones climatizados, las redes sociales que difundan el mensaje pol\u00edtico.<\/p>\n\n\n<div class=\"wp-block-image\">\n<figure class=\"alignleft size-medium\"><a href=\"https:\/\/lospoliticosveracruz.com.mx\/wp-content\/uploads\/2021\/10\/Zacauilt.jpg\"><img decoding=\"async\" src=\"https:\/\/lospoliticosveracruz.com.mx\/wp-content\/uploads\/2021\/10\/Zacauilt-150x300.jpg\" alt=\"\" class=\"wp-image-80558\"\/><\/a><\/figure>\n<\/div>\n\n\n<p>Aumenta el calor de la pasi\u00f3n partidista.<\/p>\n\n\n\n<p>La agenda aprieta, mete en el callej\u00f3n de las definiciones a los personajes que detentan y buscan el poder p\u00fablico.<\/p>\n\n\n\n<p>Cuitl\u00e1huac Garc\u00eda Jim\u00e9nez dijo hace un par de semanas a tirios y troyanos, generales y degenerados, gobernantes y gobernados, morenistas y adversarios pol\u00edticos, que no se meter\u00e1 en el proceso electoral donde se elegir\u00e1n 51 puestos de elecci\u00f3n popular.<\/p>\n\n\n\n<p>Decisi\u00f3n dif\u00edcil para el jefe de facto de los morenistas del estado veracruzano, el l\u00edder en la estructura guinda desde P\u00e1nuco a Las Choapas.<\/p>\n\n\n\n<p>En su papel de gobernador de veracruzanos y veracruzanas, el maestro universitario e inventor dice que respetar\u00e1 la ley electoral hasta el mi\u00e9rcoles 29 de mayo, fecha en que el Organismo P\u00fablico Local Electoral gritar\u00e1 \u00a1stop a las campa\u00f1as! en los 30 distritos electorales donde 500 aspirantes compiten a brazo partido por ocupar las 50 butacas del teatro legislativo que se montar\u00e1 en noviembre pr\u00f3ximo y las tres candidaturas a suceder a Cuitl\u00e1huac Garc\u00eda Jim\u00e9nez deban frenar recorridos, m\u00edtines y movilizaciones.<\/p>\n\n\n\n<p>A contrapelo de la incesante actividad de su jefe Andr\u00e9s Manuel L\u00f3pez Obrador, quien est\u00e1 24\/7 metido en la sucesi\u00f3n presidencial con el mantenimiento sistem\u00e1tico, cotidiano, constante, machac\u00f3n de la ideolog\u00eda de la cuatrote, el gobernador veracruzano quiere pasar como un dem\u00f3crata que guard\u00f3 un silencio imparcial en el proceso veracruzano en previsi\u00f3n que la elecci\u00f3n no llegue a las mesas de los tribunales.<\/p>\n\n\n\n<p>Las circunstancias pol\u00edticas, son cambiantes. Los dichos y los hechos pueden marcar el rumbo y cambiar la agenda p\u00fablica.<\/p>\n\n\n\n<p>Este fin de semana, Miguel \u00c1ngel Yunes M\u00e1rquez, candidato de la primera f\u00f3rmula de la coalici\u00f3n Fuerza y Coraz\u00f3n por Veracruz al Senado de la Rep\u00fablica, lanz\u00f3 una acusaci\u00f3n aderezada de un reto p\u00fablico en el marco de la visita a Veracruz del dirigente nacional del PAN, Marko Cort\u00e9s.<\/p>\n\n\n\n<p>Acus\u00f3 Yunes M\u00e1rquez que la Fiscal\u00eda General del Estado a cargo de la abogada Ver\u00f3nica Hern\u00e1ndez Giad\u00e1ns, prepara sendas \u00f3rdenes de aprehensi\u00f3n contra ocho candidatos del PAN a un puesto de elecci\u00f3n popular, incluido el mismo Miguel \u00c1ngel Yunes M\u00e1rquez.<\/p>\n\n\n\n<p>\u201cNos defenderemos con todo, aqu\u00ed te esperamos\u201d lanz\u00f3 en plaza p\u00fablica el abanderado azul al senado, con acuse de recibo al gobernador Cuitl\u00e1huac Garc\u00eda Jim\u00e9nez.<\/p>\n\n\n\n<p>Seguramente, al calor del fin de semana, el inquilino de Palacio de Gobierno redact\u00f3 una respuesta contundente que lanzar\u00e1 en el transcurso de esta semana en cualesquiera de las conferencias de prensa que encabeza en la sala de banderas.<\/p>\n\n\n\n<p>Una acusaci\u00f3n directa, debiera tener una respuesta concisa, precisa y maciza, como dicta el manual.<\/p>\n\n\n\n<p>Habr\u00e1 que citar que las escaramuzas verbales forman parte del entramado de esta el\u00e1stica democracia que viven, disfrutan o padecen los potenciales electores en el estado clave para la elecci\u00f3n presidencial.<\/p>\n\n\n\n<p>Habr\u00e1 que esperar.<\/p>\n\n\n\n<p>El show tiene que continuar, dice la canci\u00f3n de la banda inglesa Queen.<\/p>\n\n\n\n<p>\u2026 de otro costal.<\/p>\n\n\n\n<p>Veracruz es un manicomio con vista al mar, dec\u00edan los porte\u00f1os en las noches frescas, sentados con amigos invitados de otras geograf\u00edas en la barra m\u00e1s larga del mundo, el bulevar costero.<\/p>\n\n\n\n<p>Desde hace a\u00f1os se prohibi\u00f3 beber alcohol en ese espacio p\u00fablico. El jarocho se contrajo, se disgust\u00f3 y se fue a beber a las barriadas populares.<\/p>\n\n\n\n<p>La frase se qued\u00f3 como una realidad cotidiana, aplicada con rigor infernal en esta temporada de calor donde la sensaci\u00f3n t\u00e9rmica roza los 50 grados en los mediod\u00edas porte\u00f1os.<\/p>\n\n\n\n<p>Marco Antonio Moncayo Parra, presidente del Movimiento Renovador Democr\u00e1tico contabiliz\u00f3 el a\u00f1o pasado 725 apagones en la zona conurbada Veracruz-Boca del Rio.<\/p>\n\n\n\n<p>Hasta abril, lleva un registro de 350 apagones en una ciudad donde dormir sin ventilador o aire acondicionado, es un suicidio.<\/p>\n\n\n\n<p>Dice el luchador social que se requieren por lo menos 500 transformadores nuevos para evitar que Veracruz se parezca cada d\u00eda m\u00e1s a La Habana, Cuba, que transcurre los d\u00edas y las noches sin energ\u00eda el\u00e9ctrica.<\/p>\n\n\n\n<p>En vez de trabajar en el mantenimiento de la red el\u00e9ctrica, los empleados de la CFE dedican la jornada laboral a cortar el suministro a las familias en las colonias del Puerto, ajust\u00e1ndoles hasta 15 a\u00f1os atr\u00e1s el consumo actualizado con tarifas vigentes, lo que es ilegal e inhumano.<\/p>\n\n\n\n<p>No hay dinero para inversi\u00f3n en infraestructura, pero s\u00ed pr\u00e1cticas de terrorismo por parte de la paraestatal.<\/p>\n\n\n\n<p>Con \u00f3rdenes de aprehensi\u00f3n a cuestas, Moncayo Parra a quien la FGE quiso detener \u201ccon cien polic\u00edas, como si fuera El Chapo\u201d, dice que no lo doblegar\u00e1n las amenazas ni las denuncias penales en la lucha contra los abusos de la CFE y del Grupo MAS, \u201cque nos cobra el agua m\u00e1s cara del mundo\u201d<\/p>\n\n\n\n<p>columnacarpediem@gmail.com<\/p>\n","protected":false},"excerpt":{"rendered":"<p>Manolo Victorio Carpe Diem Al calendario le resta una veintena de d\u00edas para el cierre de las campa\u00f1as proselitistas. El calor meteorol\u00f3gico obliga a los aspirantes a un puesto de elecci\u00f3n popular a buscar la sombra de los salones climatizados, las redes sociales que difundan el mensaje pol\u00edtico. Aumenta el calor de la pasi\u00f3n partidista. [&hellip;]<\/p>\n","protected":false},"author":2,"featured_media":119925,"comment_status":"closed","ping_status":"closed","sticky":false,"template":"","format":"standard","meta":{"tdm_status":"","tdm_grid_status":"","footnotes":""},"categories":[70],"tags":[1563,28396,1026,3578,195],"class_list":{"0":"post-123667","1":"post","2":"type-post","3":"status-publish","4":"format-standard","5":"has-post-thumbnail","7":"category-de-opinion","8":"tag-cuitlahuac-garcia-jimenez","9":"tag-manolo-victorio","10":"tag-morena","11":"tag-rocio-nahle","12":"tag-veracruz"},"yoast_head":"<!-- This site is optimized with the Yoast SEO plugin v27.4 - https:\/\/yoast.com\/product\/yoast-seo-wordpress\/ -->\n<title>EL DILEMA DE METERSE O NO A LA ELECCI\u00d3N\u00a0 - Los pol\u00edticos Veracruz<\/title>\n<meta name=\"robots\" content=\"index, follow, max-snippet:-1, max-image-preview:large, max-video-preview:-1\" \/>\n<link rel=\"canonical\" href=\"https:\/\/lospoliticosveracruz.com\/?p=123667\" \/>\n<meta property=\"og:locale\" content=\"es_ES\" \/>\n<meta property=\"og:type\" content=\"article\" \/>\n<meta property=\"og:title\" content=\"EL DILEMA DE METERSE O NO A LA ELECCI\u00d3N\u00a0 - Los pol\u00edticos Veracruz\" \/>\n<meta property=\"og:description\" content=\"Manolo Victorio Carpe Diem Al calendario le resta una veintena de d\u00edas para el cierre de las campa\u00f1as proselitistas. El calor meteorol\u00f3gico obliga a los aspirantes a un puesto de elecci\u00f3n popular a buscar la sombra de los salones climatizados, las redes sociales que difundan el mensaje pol\u00edtico. Aumenta el calor de la pasi\u00f3n partidista. [&hellip;]\" \/>\n<meta property=\"og:url\" content=\"https:\/\/lospoliticosveracruz.com\/?p=123667\" \/>\n<meta property=\"og:site_name\" content=\"Los pol\u00edticos Veracruz\" \/>\n<meta property=\"article:publisher\" content=\"https:\/\/www.facebook.com\/people\/Notimemes-de-los-Polticos\/61565672886568\/\" \/>\n<meta property=\"article:published_time\" content=\"2024-05-06T15:37:01+00:00\" \/>\n<meta property=\"article:modified_time\" content=\"2024-05-06T15:37:12+00:00\" \/>\n<meta property=\"og:image\" content=\"https:\/\/lospoliticosveracruz.com\/wp-content\/uploads\/2024\/03\/Manolo-Victorio.jpg\" \/>\n\t<meta property=\"og:image:width\" content=\"1250\" \/>\n\t<meta property=\"og:image:height\" content=\"667\" \/>\n\t<meta property=\"og:image:type\" content=\"image\/jpeg\" \/>\n<meta name=\"author\" content=\"Lo viste en Los Pol\u00edticos\" \/>\n<meta name=\"twitter:card\" content=\"summary_large_image\" \/>\n<meta name=\"twitter:creator\" content=\"@LosPoliticosVer\" \/>\n<meta name=\"twitter:site\" content=\"@LosPoliticosVer\" \/>\n<meta name=\"twitter:label1\" content=\"Escrito por\" \/>\n\t<meta name=\"twitter:data1\" content=\"Lo viste en Los Pol\u00edticos\" \/>\n\t<meta name=\"twitter:label2\" content=\"Tiempo de lectura\" \/>\n\t<meta name=\"twitter:data2\" content=\"4 minutos\" \/>\n<script type=\"application\/ld+json\" class=\"yoast-schema-graph\">{\"@context\":\"https:\\\/\\\/schema.org\",\"@graph\":[{\"@type\":\"Article\",\"@id\":\"https:\\\/\\\/lospoliticosveracruz.com\\\/?p=123667#article\",\"isPartOf\":{\"@id\":\"https:\\\/\\\/lospoliticosveracruz.com\\\/?p=123667\"},\"author\":{\"name\":\"Lo viste en Los Pol\u00edticos\",\"@id\":\"https:\\\/\\\/lospoliticosveracruz.com\\\/#\\\/schema\\\/person\\\/b8702bb0e538456e6efd07080bf2a4a2\"},\"headline\":\"EL DILEMA DE METERSE O NO A LA ELECCI\u00d3N\u00a0\",\"datePublished\":\"2024-05-06T15:37:01+00:00\",\"dateModified\":\"2024-05-06T15:37:12+00:00\",\"mainEntityOfPage\":{\"@id\":\"https:\\\/\\\/lospoliticosveracruz.com\\\/?p=123667\"},\"wordCount\":897,\"publisher\":{\"@id\":\"https:\\\/\\\/lospoliticosveracruz.com\\\/#organization\"},\"image\":{\"@id\":\"https:\\\/\\\/lospoliticosveracruz.com\\\/?p=123667#primaryimage\"},\"thumbnailUrl\":\"https:\\\/\\\/lospoliticosveracruz.com\\\/wp-content\\\/uploads\\\/2024\\\/03\\\/Manolo-Victorio.jpg\",\"keywords\":[\"Cuitl\u00e1huac Garc\u00eda Jim\u00e9nez\",\"Manolo Victorio\",\"Morena\",\"Roc\u00edo Nahle\",\"Veracruz\"],\"articleSection\":[\"De Opini\u00f3n\"],\"inLanguage\":\"es\"},{\"@type\":\"WebPage\",\"@id\":\"https:\\\/\\\/lospoliticosveracruz.com\\\/?p=123667\",\"url\":\"https:\\\/\\\/lospoliticosveracruz.com\\\/?p=123667\",\"name\":\"EL DILEMA DE METERSE O NO A LA ELECCI\u00d3N\u00a0 - Los pol\u00edticos Veracruz\",\"isPartOf\":{\"@id\":\"https:\\\/\\\/lospoliticosveracruz.com\\\/#website\"},\"primaryImageOfPage\":{\"@id\":\"https:\\\/\\\/lospoliticosveracruz.com\\\/?p=123667#primaryimage\"},\"image\":{\"@id\":\"https:\\\/\\\/lospoliticosveracruz.com\\\/?p=123667#primaryimage\"},\"thumbnailUrl\":\"https:\\\/\\\/lospoliticosveracruz.com\\\/wp-content\\\/uploads\\\/2024\\\/03\\\/Manolo-Victorio.jpg\",\"datePublished\":\"2024-05-06T15:37:01+00:00\",\"dateModified\":\"2024-05-06T15:37:12+00:00\",\"breadcrumb\":{\"@id\":\"https:\\\/\\\/lospoliticosveracruz.com\\\/?p=123667#breadcrumb\"},\"inLanguage\":\"es\",\"potentialAction\":[{\"@type\":\"ReadAction\",\"target\":[\"https:\\\/\\\/lospoliticosveracruz.com\\\/?p=123667\"]}]},{\"@type\":\"ImageObject\",\"inLanguage\":\"es\",\"@id\":\"https:\\\/\\\/lospoliticosveracruz.com\\\/?p=123667#primaryimage\",\"url\":\"https:\\\/\\\/lospoliticosveracruz.com\\\/wp-content\\\/uploads\\\/2024\\\/03\\\/Manolo-Victorio.jpg\",\"contentUrl\":\"https:\\\/\\\/lospoliticosveracruz.com\\\/wp-content\\\/uploads\\\/2024\\\/03\\\/Manolo-Victorio.jpg\",\"width\":1250,\"height\":667},{\"@type\":\"BreadcrumbList\",\"@id\":\"https:\\\/\\\/lospoliticosveracruz.com\\\/?p=123667#breadcrumb\",\"itemListElement\":[{\"@type\":\"ListItem\",\"position\":1,\"name\":\"Portada\",\"item\":\"https:\\\/\\\/lospoliticosveracruz.com\\\/\"},{\"@type\":\"ListItem\",\"position\":2,\"name\":\"EL DILEMA DE METERSE O NO A LA ELECCI\u00d3N\u00a0\"}]},{\"@type\":\"WebSite\",\"@id\":\"https:\\\/\\\/lospoliticosveracruz.com\\\/#website\",\"url\":\"https:\\\/\\\/lospoliticosveracruz.com\\\/\",\"name\":\"Los pol\u00edticos Veracruz\",\"description\":\"\",\"publisher\":{\"@id\":\"https:\\\/\\\/lospoliticosveracruz.com\\\/#organization\"},\"potentialAction\":[{\"@type\":\"SearchAction\",\"target\":{\"@type\":\"EntryPoint\",\"urlTemplate\":\"https:\\\/\\\/lospoliticosveracruz.com\\\/?s={search_term_string}\"},\"query-input\":{\"@type\":\"PropertyValueSpecification\",\"valueRequired\":true,\"valueName\":\"search_term_string\"}}],\"inLanguage\":\"es\"},{\"@type\":\"Organization\",\"@id\":\"https:\\\/\\\/lospoliticosveracruz.com\\\/#organization\",\"name\":\"Los pol\u00edticos Veracruz\",\"url\":\"https:\\\/\\\/lospoliticosveracruz.com\\\/\",\"logo\":{\"@type\":\"ImageObject\",\"inLanguage\":\"es\",\"@id\":\"https:\\\/\\\/lospoliticosveracruz.com\\\/#\\\/schema\\\/logo\\\/image\\\/\",\"url\":\"https:\\\/\\\/lospoliticosveracruz.com\\\/wp-content\\\/uploads\\\/2025\\\/12\\\/Logo-Nuevo-LOS-POLITICOS-1.jpg\",\"contentUrl\":\"https:\\\/\\\/lospoliticosveracruz.com\\\/wp-content\\\/uploads\\\/2025\\\/12\\\/Logo-Nuevo-LOS-POLITICOS-1.jpg\",\"width\":260,\"height\":70,\"caption\":\"Los pol\u00edticos Veracruz\"},\"image\":{\"@id\":\"https:\\\/\\\/lospoliticosveracruz.com\\\/#\\\/schema\\\/logo\\\/image\\\/\"},\"sameAs\":[\"https:\\\/\\\/www.facebook.com\\\/people\\\/Notimemes-de-los-Polticos\\\/61565672886568\\\/\",\"https:\\\/\\\/x.com\\\/LosPoliticosVer\"]},{\"@type\":\"Person\",\"@id\":\"https:\\\/\\\/lospoliticosveracruz.com\\\/#\\\/schema\\\/person\\\/b8702bb0e538456e6efd07080bf2a4a2\",\"name\":\"Lo viste en Los Pol\u00edticos\",\"image\":{\"@type\":\"ImageObject\",\"inLanguage\":\"es\",\"@id\":\"https:\\\/\\\/secure.gravatar.com\\\/avatar\\\/3a8de04a2656d44082be478bd6c086daa447c4651605818287b9532d3d0bd435?s=96&d=mm&r=g\",\"url\":\"https:\\\/\\\/secure.gravatar.com\\\/avatar\\\/3a8de04a2656d44082be478bd6c086daa447c4651605818287b9532d3d0bd435?s=96&d=mm&r=g\",\"contentUrl\":\"https:\\\/\\\/secure.gravatar.com\\\/avatar\\\/3a8de04a2656d44082be478bd6c086daa447c4651605818287b9532d3d0bd435?s=96&d=mm&r=g\",\"caption\":\"Lo viste en Los Pol\u00edticos\"},\"url\":\"https:\\\/\\\/lospoliticosveracruz.com\\\/?author=2\"}]}<\/script>\n<!-- \/ Yoast SEO plugin. -->","yoast_head_json":{"title":"EL DILEMA DE METERSE O NO A LA ELECCI\u00d3N\u00a0 - Los pol\u00edticos Veracruz","robots":{"index":"index","follow":"follow","max-snippet":"max-snippet:-1","max-image-preview":"max-image-preview:large","max-video-preview":"max-video-preview:-1"},"canonical":"https:\/\/lospoliticosveracruz.com\/?p=123667","og_locale":"es_ES","og_type":"article","og_title":"EL DILEMA DE METERSE O NO A LA ELECCI\u00d3N\u00a0 - Los pol\u00edticos Veracruz","og_description":"Manolo Victorio Carpe Diem Al calendario le resta una veintena de d\u00edas para el cierre de las campa\u00f1as proselitistas. El calor meteorol\u00f3gico obliga a los aspirantes a un puesto de elecci\u00f3n popular a buscar la sombra de los salones climatizados, las redes sociales que difundan el mensaje pol\u00edtico. Aumenta el calor de la pasi\u00f3n partidista. [&hellip;]","og_url":"https:\/\/lospoliticosveracruz.com\/?p=123667","og_site_name":"Los pol\u00edticos Veracruz","article_publisher":"https:\/\/www.facebook.com\/people\/Notimemes-de-los-Polticos\/61565672886568\/","article_published_time":"2024-05-06T15:37:01+00:00","article_modified_time":"2024-05-06T15:37:12+00:00","og_image":[{"width":1250,"height":667,"url":"https:\/\/lospoliticosveracruz.com\/wp-content\/uploads\/2024\/03\/Manolo-Victorio.jpg","type":"image\/jpeg"}],"author":"Lo viste en Los Pol\u00edticos","twitter_card":"summary_large_image","twitter_creator":"@LosPoliticosVer","twitter_site":"@LosPoliticosVer","twitter_misc":{"Escrito por":"Lo viste en Los Pol\u00edticos","Tiempo de lectura":"4 minutos"},"schema":{"@context":"https:\/\/schema.org","@graph":[{"@type":"Article","@id":"https:\/\/lospoliticosveracruz.com\/?p=123667#article","isPartOf":{"@id":"https:\/\/lospoliticosveracruz.com\/?p=123667"},"author":{"name":"Lo viste en Los Pol\u00edticos","@id":"https:\/\/lospoliticosveracruz.com\/#\/schema\/person\/b8702bb0e538456e6efd07080bf2a4a2"},"headline":"EL DILEMA DE METERSE O NO A LA ELECCI\u00d3N\u00a0","datePublished":"2024-05-06T15:37:01+00:00","dateModified":"2024-05-06T15:37:12+00:00","mainEntityOfPage":{"@id":"https:\/\/lospoliticosveracruz.com\/?p=123667"},"wordCount":897,"publisher":{"@id":"https:\/\/lospoliticosveracruz.com\/#organization"},"image":{"@id":"https:\/\/lospoliticosveracruz.com\/?p=123667#primaryimage"},"thumbnailUrl":"https:\/\/lospoliticosveracruz.com\/wp-content\/uploads\/2024\/03\/Manolo-Victorio.jpg","keywords":["Cuitl\u00e1huac Garc\u00eda Jim\u00e9nez","Manolo Victorio","Morena","Roc\u00edo Nahle","Veracruz"],"articleSection":["De Opini\u00f3n"],"inLanguage":"es"},{"@type":"WebPage","@id":"https:\/\/lospoliticosveracruz.com\/?p=123667","url":"https:\/\/lospoliticosveracruz.com\/?p=123667","name":"EL DILEMA DE METERSE O NO A LA ELECCI\u00d3N\u00a0 - Los pol\u00edticos Veracruz","isPartOf":{"@id":"https:\/\/lospoliticosveracruz.com\/#website"},"primaryImageOfPage":{"@id":"https:\/\/lospoliticosveracruz.com\/?p=123667#primaryimage"},"image":{"@id":"https:\/\/lospoliticosveracruz.com\/?p=123667#primaryimage"},"thumbnailUrl":"https:\/\/lospoliticosveracruz.com\/wp-content\/uploads\/2024\/03\/Manolo-Victorio.jpg","datePublished":"2024-05-06T15:37:01+00:00","dateModified":"2024-05-06T15:37:12+00:00","breadcrumb":{"@id":"https:\/\/lospoliticosveracruz.com\/?p=123667#breadcrumb"},"inLanguage":"es","potentialAction":[{"@type":"ReadAction","target":["https:\/\/lospoliticosveracruz.com\/?p=123667"]}]},{"@type":"ImageObject","inLanguage":"es","@id":"https:\/\/lospoliticosveracruz.com\/?p=123667#primaryimage","url":"https:\/\/lospoliticosveracruz.com\/wp-content\/uploads\/2024\/03\/Manolo-Victorio.jpg","contentUrl":"https:\/\/lospoliticosveracruz.com\/wp-content\/uploads\/2024\/03\/Manolo-Victorio.jpg","width":1250,"height":667},{"@type":"BreadcrumbList","@id":"https:\/\/lospoliticosveracruz.com\/?p=123667#breadcrumb","itemListElement":[{"@type":"ListItem","position":1,"name":"Portada","item":"https:\/\/lospoliticosveracruz.com\/"},{"@type":"ListItem","position":2,"name":"EL DILEMA DE METERSE O NO A LA ELECCI\u00d3N\u00a0"}]},{"@type":"WebSite","@id":"https:\/\/lospoliticosveracruz.com\/#website","url":"https:\/\/lospoliticosveracruz.com\/","name":"Los pol\u00edticos Veracruz","description":"","publisher":{"@id":"https:\/\/lospoliticosveracruz.com\/#organization"},"potentialAction":[{"@type":"SearchAction","target":{"@type":"EntryPoint","urlTemplate":"https:\/\/lospoliticosveracruz.com\/?s={search_term_string}"},"query-input":{"@type":"PropertyValueSpecification","valueRequired":true,"valueName":"search_term_string"}}],"inLanguage":"es"},{"@type":"Organization","@id":"https:\/\/lospoliticosveracruz.com\/#organization","name":"Los pol\u00edticos Veracruz","url":"https:\/\/lospoliticosveracruz.com\/","logo":{"@type":"ImageObject","inLanguage":"es","@id":"https:\/\/lospoliticosveracruz.com\/#\/schema\/logo\/image\/","url":"https:\/\/lospoliticosveracruz.com\/wp-content\/uploads\/2025\/12\/Logo-Nuevo-LOS-POLITICOS-1.jpg","contentUrl":"https:\/\/lospoliticosveracruz.com\/wp-content\/uploads\/2025\/12\/Logo-Nuevo-LOS-POLITICOS-1.jpg","width":260,"height":70,"caption":"Los pol\u00edticos Veracruz"},"image":{"@id":"https:\/\/lospoliticosveracruz.com\/#\/schema\/logo\/image\/"},"sameAs":["https:\/\/www.facebook.com\/people\/Notimemes-de-los-Polticos\/61565672886568\/","https:\/\/x.com\/LosPoliticosVer"]},{"@type":"Person","@id":"https:\/\/lospoliticosveracruz.com\/#\/schema\/person\/b8702bb0e538456e6efd07080bf2a4a2","name":"Lo viste en Los Pol\u00edticos","image":{"@type":"ImageObject","inLanguage":"es","@id":"https:\/\/secure.gravatar.com\/avatar\/3a8de04a2656d44082be478bd6c086daa447c4651605818287b9532d3d0bd435?s=96&d=mm&r=g","url":"https:\/\/secure.gravatar.com\/avatar\/3a8de04a2656d44082be478bd6c086daa447c4651605818287b9532d3d0bd435?s=96&d=mm&r=g","contentUrl":"https:\/\/secure.gravatar.com\/avatar\/3a8de04a2656d44082be478bd6c086daa447c4651605818287b9532d3d0bd435?s=96&d=mm&r=g","caption":"Lo viste en Los Pol\u00edticos"},"url":"https:\/\/lospoliticosveracruz.com\/?author=2"}]}},"_links":{"self":[{"href":"https:\/\/lospoliticosveracruz.com\/index.php?rest_route=\/wp\/v2\/posts\/123667","targetHints":{"allow":["GET"]}}],"collection":[{"href":"https:\/\/lospoliticosveracruz.com\/index.php?rest_route=\/wp\/v2\/posts"}],"about":[{"href":"https:\/\/lospoliticosveracruz.com\/index.php?rest_route=\/wp\/v2\/types\/post"}],"author":[{"embeddable":true,"href":"https:\/\/lospoliticosveracruz.com\/index.php?rest_route=\/wp\/v2\/users\/2"}],"replies":[{"embeddable":true,"href":"https:\/\/lospoliticosveracruz.com\/index.php?rest_route=%2Fwp%2Fv2%2Fcomments&post=123667"}],"version-history":[{"count":1,"href":"https:\/\/lospoliticosveracruz.com\/index.php?rest_route=\/wp\/v2\/posts\/123667\/revisions"}],"predecessor-version":[{"id":123668,"href":"https:\/\/lospoliticosveracruz.com\/index.php?rest_route=\/wp\/v2\/posts\/123667\/revisions\/123668"}],"wp:featuredmedia":[{"embeddable":true,"href":"https:\/\/lospoliticosveracruz.com\/index.php?rest_route=\/wp\/v2\/media\/119925"}],"wp:attachment":[{"href":"https:\/\/lospoliticosveracruz.com\/index.php?rest_route=%2Fwp%2Fv2%2Fmedia&parent=123667"}],"wp:term":[{"taxonomy":"category","embeddable":true,"href":"https:\/\/lospoliticosveracruz.com\/index.php?rest_route=%2Fwp%2Fv2%2Fcategories&post=123667"},{"taxonomy":"post_tag","embeddable":true,"href":"https:\/\/lospoliticosveracruz.com\/index.php?rest_route=%2Fwp%2Fv2%2Ftags&post=123667"}],"curies":[{"name":"wp","href":"https:\/\/api.w.org\/{rel}","templated":true}]}}