{"id":123729,"date":"2024-05-06T19:54:38","date_gmt":"2024-05-07T00:54:38","guid":{"rendered":"https:\/\/lospoliticosveracruz.com.mx\/?p=123729"},"modified":"2024-05-06T19:54:55","modified_gmt":"2024-05-07T00:54:55","slug":"el-meme-del-cuitlahuista","status":"publish","type":"post","link":"https:\/\/lospoliticosveracruz.com\/?p=123729","title":{"rendered":"EL MEME DEL CUITLAHUISTA"},"content":{"rendered":"\n<p><strong>Salvador Mu\u00f1oz<\/strong><\/p>\n\n\n\n<p><em>Los Pol\u00edticos<\/em><\/p>\n\n\n\n<p>La buena: \u00a1Iv\u00e1n Luna es candidato!<\/p>\n\n\n\n<p>La mala: De Hueytamalco, Puebla.<\/p>\n\n\n\n<p>\u00c9se es el meme que circul\u00f3 el pasado fin de semana. Se trata de un hom\u00f3nimo del coordinador de Comunicaci\u00f3n Social, el cual compite para la presidencia municipal de ese lugar. Parece broma, pero es en serio. Dicho meme refleja dos realidades de lo que es el Gobierno de Cuitl\u00e1huac no s\u00f3lo para la sociedad, sino hasta para la candidata a la Gubernatura, Roc\u00edo Nahle\u2026<\/p>\n\n\n<div class=\"wp-block-image\">\n<figure class=\"alignleft size-medium\"><a href=\"https:\/\/lospoliticosveracruz.com.mx\/wp-content\/uploads\/2024\/05\/Ivan-Luna.jpg\"><img decoding=\"async\" src=\"https:\/\/lospoliticosveracruz.com.mx\/wp-content\/uploads\/2024\/05\/Ivan-Luna-231x300.jpg\" alt=\"\" class=\"wp-image-123730\"\/><\/a><\/figure>\n<\/div>\n\n\n<p>Lo explico:<\/p>\n\n\n\n<p>Iv\u00e1n Luna, el coordinador de Comunicaci\u00f3n Social, fue impulsado a m\u00e1s no poder por el Gobernador, para ubicarlo como candidato a Diputado. Cada rueda de prensa en Palacio de Gobierno, si ten\u00eda oportunidad, le mataba un pollo.<\/p>\n\n\n\n<p>Luego, el mismo Iv\u00e1n Luna sac\u00f3 unos cuadernos para colorear y promoverse entre los ciudadanos. Se dice \u201cpara promoverse\u201d porque hicieron una caricatura de \u00e9l\u2026<\/p>\n\n\n\n<p>El asunto es que Iv\u00e1n Luna no era el \u00fanico del Gabinete que so\u00f1aba con perpetuarse en el poder, ahora por la v\u00eda de los votos\u2026<\/p>\n\n\n\n<p>En Sedesol, Siop, Sedema, la secretar\u00eda de Gobierno, Sefiplan, etc\u00e9tera, ya ten\u00edan un pie puesto para buscar ser candidatos, y de un chorro que quer\u00eda, nom\u00e1s se le colaron a Nahle dos: Dorheny Garc\u00eda Cayetano (Secretar\u00eda del Trabajo) y Zenyazen Escobar (SEV).<\/p>\n\n\n\n<p>Algo han de tener estos dos candidatos a diputados (local y federal, respectivamente) para que incluso, hayan cortado desde mucho tiempo antes, el cord\u00f3n umbilical que los un\u00eda a Cuitl\u00e1huac\u2026<\/p>\n\n\n\n<p>El reflejo de esto es el poder que tiene Cuitl\u00e1huac en la transici\u00f3n que espera Morena se d\u00e9 en este nuevo sexenio que viene\u2026 nulo!<\/p>\n\n\n\n<p>Simplemente parece que no fue tomado en cuenta, ni sus propuestas, ni sus amigos, ni sus cuates\u2026<\/p>\n\n\n\n<p>En descargo del Gobernador, aqu\u00ed s\u00ed hay que tomar en cuenta algo: Muerto el Rey, viva la Reina. En cuanto se semi-oficializ\u00f3 la candidatura de Nahle, el Gobernador empez\u00f3 a vivir el natural declive del \u00faltimo a\u00f1o de Gobierno.<\/p>\n\n\n\n<p>Quiz\u00e1s eso pudiera entender por qu\u00e9 no lo pelaron ni a \u00e9l ni a sus achichincles en las candidaturas que hubo en juego.<\/p>\n\n\n\n<p>Otro reflejo es quiz\u00e1s un avistamiento de lo que parece se quiere eliminar, de manera forzada, si gana Nahle; de manera natural, si gana Pepe o Polo: la perpetuidad de \u201cismos\u201d.<\/p>\n\n\n\n<p>Al final del gobierno de Chirinos, todos los funcionarios junto con sus empleados de confianza renunciaron. Con el alemanismo, se perpetuaron algunos vivos al grado que hasta hoy siguen vigentes algunos o si no, sus hijos\u2026 igual ocurri\u00f3 con el fidelismo y duartismo\u2026 y todo indica que no habr\u00e1 cuitlahuismo\u2026&nbsp;<\/p>\n\n\n\n<p>Pocos funcionarios en el Gabinete que brillen\u2026 y si hay alguno o alguna con tres dedos de frente, poco le ayudar\u00e1 el traer el fierro de un sexenio deprimente\u2026<\/p>\n\n\n\n<p>Por eso, es m\u00e1s f\u00e1cil ver en un meme como candidato a alg\u00fan cuitlahuista, que en la realidad\u2026<\/p>\n","protected":false},"excerpt":{"rendered":"<p>Salvador Mu\u00f1oz Los Pol\u00edticos La buena: \u00a1Iv\u00e1n Luna es candidato! La mala: De Hueytamalco, Puebla. \u00c9se es el meme que circul\u00f3 el pasado fin de semana. Se trata de un hom\u00f3nimo del coordinador de Comunicaci\u00f3n Social, el cual compite para la presidencia municipal de ese lugar. Parece broma, pero es en serio. Dicho meme refleja [&hellip;]<\/p>\n","protected":false},"author":2,"featured_media":119941,"comment_status":"closed","ping_status":"closed","sticky":false,"template":"","format":"standard","meta":{"tdm_status":"","tdm_grid_status":"","footnotes":""},"categories":[70],"tags":[40894,12282,3132],"class_list":{"0":"post-123729","1":"post","2":"type-post","3":"status-publish","4":"format-standard","5":"has-post-thumbnail","7":"category-de-opinion","8":"tag-hueytamalco","9":"tag-ivan-luna","10":"tag-puebla"},"yoast_head":"<!-- This site is optimized with the Yoast SEO plugin v27.4 - https:\/\/yoast.com\/product\/yoast-seo-wordpress\/ -->\n<title>EL MEME DEL CUITLAHUISTA - Los pol\u00edticos Veracruz<\/title>\n<meta name=\"robots\" content=\"index, follow, max-snippet:-1, max-image-preview:large, max-video-preview:-1\" \/>\n<link rel=\"canonical\" href=\"https:\/\/lospoliticosveracruz.com\/?p=123729\" \/>\n<meta property=\"og:locale\" content=\"es_ES\" \/>\n<meta property=\"og:type\" content=\"article\" \/>\n<meta property=\"og:title\" content=\"EL MEME DEL CUITLAHUISTA - Los pol\u00edticos Veracruz\" \/>\n<meta property=\"og:description\" content=\"Salvador Mu\u00f1oz Los Pol\u00edticos La buena: \u00a1Iv\u00e1n Luna es candidato! La mala: De Hueytamalco, Puebla. \u00c9se es el meme que circul\u00f3 el pasado fin de semana. Se trata de un hom\u00f3nimo del coordinador de Comunicaci\u00f3n Social, el cual compite para la presidencia municipal de ese lugar. Parece broma, pero es en serio. Dicho meme refleja [&hellip;]\" \/>\n<meta property=\"og:url\" content=\"https:\/\/lospoliticosveracruz.com\/?p=123729\" \/>\n<meta property=\"og:site_name\" content=\"Los pol\u00edticos Veracruz\" \/>\n<meta property=\"article:publisher\" content=\"https:\/\/www.facebook.com\/people\/Notimemes-de-los-Polticos\/61565672886568\/\" \/>\n<meta property=\"article:published_time\" content=\"2024-05-07T00:54:38+00:00\" \/>\n<meta property=\"article:modified_time\" content=\"2024-05-07T00:54:55+00:00\" \/>\n<meta property=\"og:image\" content=\"https:\/\/lospoliticosveracruz.com\/wp-content\/uploads\/2024\/03\/Salvador-Munoz.jpg\" \/>\n\t<meta property=\"og:image:width\" content=\"1250\" \/>\n\t<meta property=\"og:image:height\" content=\"667\" \/>\n\t<meta property=\"og:image:type\" content=\"image\/jpeg\" \/>\n<meta name=\"author\" content=\"Lo viste en Los Pol\u00edticos\" \/>\n<meta name=\"twitter:card\" content=\"summary_large_image\" \/>\n<meta name=\"twitter:creator\" content=\"@LosPoliticosVer\" \/>\n<meta name=\"twitter:site\" content=\"@LosPoliticosVer\" \/>\n<meta name=\"twitter:label1\" content=\"Escrito por\" \/>\n\t<meta name=\"twitter:data1\" content=\"Lo viste en Los Pol\u00edticos\" \/>\n\t<meta name=\"twitter:label2\" content=\"Tiempo de lectura\" \/>\n\t<meta name=\"twitter:data2\" content=\"3 minutos\" \/>\n<script type=\"application\/ld+json\" class=\"yoast-schema-graph\">{\"@context\":\"https:\\\/\\\/schema.org\",\"@graph\":[{\"@type\":\"Article\",\"@id\":\"https:\\\/\\\/lospoliticosveracruz.com\\\/?p=123729#article\",\"isPartOf\":{\"@id\":\"https:\\\/\\\/lospoliticosveracruz.com\\\/?p=123729\"},\"author\":{\"name\":\"Lo viste en Los Pol\u00edticos\",\"@id\":\"https:\\\/\\\/lospoliticosveracruz.com\\\/#\\\/schema\\\/person\\\/b8702bb0e538456e6efd07080bf2a4a2\"},\"headline\":\"EL MEME DEL CUITLAHUISTA\",\"datePublished\":\"2024-05-07T00:54:38+00:00\",\"dateModified\":\"2024-05-07T00:54:55+00:00\",\"mainEntityOfPage\":{\"@id\":\"https:\\\/\\\/lospoliticosveracruz.com\\\/?p=123729\"},\"wordCount\":513,\"publisher\":{\"@id\":\"https:\\\/\\\/lospoliticosveracruz.com\\\/#organization\"},\"image\":{\"@id\":\"https:\\\/\\\/lospoliticosveracruz.com\\\/?p=123729#primaryimage\"},\"thumbnailUrl\":\"https:\\\/\\\/lospoliticosveracruz.com\\\/wp-content\\\/uploads\\\/2024\\\/03\\\/Salvador-Munoz.jpg\",\"keywords\":[\"Hueytamalco\",\"Iv\u00e1n Luna\",\"Puebla\"],\"articleSection\":[\"De Opini\u00f3n\"],\"inLanguage\":\"es\"},{\"@type\":\"WebPage\",\"@id\":\"https:\\\/\\\/lospoliticosveracruz.com\\\/?p=123729\",\"url\":\"https:\\\/\\\/lospoliticosveracruz.com\\\/?p=123729\",\"name\":\"EL MEME DEL CUITLAHUISTA - Los pol\u00edticos Veracruz\",\"isPartOf\":{\"@id\":\"https:\\\/\\\/lospoliticosveracruz.com\\\/#website\"},\"primaryImageOfPage\":{\"@id\":\"https:\\\/\\\/lospoliticosveracruz.com\\\/?p=123729#primaryimage\"},\"image\":{\"@id\":\"https:\\\/\\\/lospoliticosveracruz.com\\\/?p=123729#primaryimage\"},\"thumbnailUrl\":\"https:\\\/\\\/lospoliticosveracruz.com\\\/wp-content\\\/uploads\\\/2024\\\/03\\\/Salvador-Munoz.jpg\",\"datePublished\":\"2024-05-07T00:54:38+00:00\",\"dateModified\":\"2024-05-07T00:54:55+00:00\",\"breadcrumb\":{\"@id\":\"https:\\\/\\\/lospoliticosveracruz.com\\\/?p=123729#breadcrumb\"},\"inLanguage\":\"es\",\"potentialAction\":[{\"@type\":\"ReadAction\",\"target\":[\"https:\\\/\\\/lospoliticosveracruz.com\\\/?p=123729\"]}]},{\"@type\":\"ImageObject\",\"inLanguage\":\"es\",\"@id\":\"https:\\\/\\\/lospoliticosveracruz.com\\\/?p=123729#primaryimage\",\"url\":\"https:\\\/\\\/lospoliticosveracruz.com\\\/wp-content\\\/uploads\\\/2024\\\/03\\\/Salvador-Munoz.jpg\",\"contentUrl\":\"https:\\\/\\\/lospoliticosveracruz.com\\\/wp-content\\\/uploads\\\/2024\\\/03\\\/Salvador-Munoz.jpg\",\"width\":1250,\"height\":667},{\"@type\":\"BreadcrumbList\",\"@id\":\"https:\\\/\\\/lospoliticosveracruz.com\\\/?p=123729#breadcrumb\",\"itemListElement\":[{\"@type\":\"ListItem\",\"position\":1,\"name\":\"Portada\",\"item\":\"https:\\\/\\\/lospoliticosveracruz.com\\\/\"},{\"@type\":\"ListItem\",\"position\":2,\"name\":\"EL MEME DEL CUITLAHUISTA\"}]},{\"@type\":\"WebSite\",\"@id\":\"https:\\\/\\\/lospoliticosveracruz.com\\\/#website\",\"url\":\"https:\\\/\\\/lospoliticosveracruz.com\\\/\",\"name\":\"Los pol\u00edticos Veracruz\",\"description\":\"\",\"publisher\":{\"@id\":\"https:\\\/\\\/lospoliticosveracruz.com\\\/#organization\"},\"potentialAction\":[{\"@type\":\"SearchAction\",\"target\":{\"@type\":\"EntryPoint\",\"urlTemplate\":\"https:\\\/\\\/lospoliticosveracruz.com\\\/?s={search_term_string}\"},\"query-input\":{\"@type\":\"PropertyValueSpecification\",\"valueRequired\":true,\"valueName\":\"search_term_string\"}}],\"inLanguage\":\"es\"},{\"@type\":\"Organization\",\"@id\":\"https:\\\/\\\/lospoliticosveracruz.com\\\/#organization\",\"name\":\"Los pol\u00edticos Veracruz\",\"url\":\"https:\\\/\\\/lospoliticosveracruz.com\\\/\",\"logo\":{\"@type\":\"ImageObject\",\"inLanguage\":\"es\",\"@id\":\"https:\\\/\\\/lospoliticosveracruz.com\\\/#\\\/schema\\\/logo\\\/image\\\/\",\"url\":\"https:\\\/\\\/lospoliticosveracruz.com\\\/wp-content\\\/uploads\\\/2025\\\/12\\\/Logo-Nuevo-LOS-POLITICOS-1.jpg\",\"contentUrl\":\"https:\\\/\\\/lospoliticosveracruz.com\\\/wp-content\\\/uploads\\\/2025\\\/12\\\/Logo-Nuevo-LOS-POLITICOS-1.jpg\",\"width\":260,\"height\":70,\"caption\":\"Los pol\u00edticos Veracruz\"},\"image\":{\"@id\":\"https:\\\/\\\/lospoliticosveracruz.com\\\/#\\\/schema\\\/logo\\\/image\\\/\"},\"sameAs\":[\"https:\\\/\\\/www.facebook.com\\\/people\\\/Notimemes-de-los-Polticos\\\/61565672886568\\\/\",\"https:\\\/\\\/x.com\\\/LosPoliticosVer\"]},{\"@type\":\"Person\",\"@id\":\"https:\\\/\\\/lospoliticosveracruz.com\\\/#\\\/schema\\\/person\\\/b8702bb0e538456e6efd07080bf2a4a2\",\"name\":\"Lo viste en Los Pol\u00edticos\",\"image\":{\"@type\":\"ImageObject\",\"inLanguage\":\"es\",\"@id\":\"https:\\\/\\\/secure.gravatar.com\\\/avatar\\\/3a8de04a2656d44082be478bd6c086daa447c4651605818287b9532d3d0bd435?s=96&d=mm&r=g\",\"url\":\"https:\\\/\\\/secure.gravatar.com\\\/avatar\\\/3a8de04a2656d44082be478bd6c086daa447c4651605818287b9532d3d0bd435?s=96&d=mm&r=g\",\"contentUrl\":\"https:\\\/\\\/secure.gravatar.com\\\/avatar\\\/3a8de04a2656d44082be478bd6c086daa447c4651605818287b9532d3d0bd435?s=96&d=mm&r=g\",\"caption\":\"Lo viste en Los Pol\u00edticos\"},\"url\":\"https:\\\/\\\/lospoliticosveracruz.com\\\/?author=2\"}]}<\/script>\n<!-- \/ Yoast SEO plugin. -->","yoast_head_json":{"title":"EL MEME DEL CUITLAHUISTA - Los pol\u00edticos Veracruz","robots":{"index":"index","follow":"follow","max-snippet":"max-snippet:-1","max-image-preview":"max-image-preview:large","max-video-preview":"max-video-preview:-1"},"canonical":"https:\/\/lospoliticosveracruz.com\/?p=123729","og_locale":"es_ES","og_type":"article","og_title":"EL MEME DEL CUITLAHUISTA - Los pol\u00edticos Veracruz","og_description":"Salvador Mu\u00f1oz Los Pol\u00edticos La buena: \u00a1Iv\u00e1n Luna es candidato! La mala: De Hueytamalco, Puebla. \u00c9se es el meme que circul\u00f3 el pasado fin de semana. Se trata de un hom\u00f3nimo del coordinador de Comunicaci\u00f3n Social, el cual compite para la presidencia municipal de ese lugar. Parece broma, pero es en serio. Dicho meme refleja [&hellip;]","og_url":"https:\/\/lospoliticosveracruz.com\/?p=123729","og_site_name":"Los pol\u00edticos Veracruz","article_publisher":"https:\/\/www.facebook.com\/people\/Notimemes-de-los-Polticos\/61565672886568\/","article_published_time":"2024-05-07T00:54:38+00:00","article_modified_time":"2024-05-07T00:54:55+00:00","og_image":[{"width":1250,"height":667,"url":"https:\/\/lospoliticosveracruz.com\/wp-content\/uploads\/2024\/03\/Salvador-Munoz.jpg","type":"image\/jpeg"}],"author":"Lo viste en Los Pol\u00edticos","twitter_card":"summary_large_image","twitter_creator":"@LosPoliticosVer","twitter_site":"@LosPoliticosVer","twitter_misc":{"Escrito por":"Lo viste en Los Pol\u00edticos","Tiempo de lectura":"3 minutos"},"schema":{"@context":"https:\/\/schema.org","@graph":[{"@type":"Article","@id":"https:\/\/lospoliticosveracruz.com\/?p=123729#article","isPartOf":{"@id":"https:\/\/lospoliticosveracruz.com\/?p=123729"},"author":{"name":"Lo viste en Los Pol\u00edticos","@id":"https:\/\/lospoliticosveracruz.com\/#\/schema\/person\/b8702bb0e538456e6efd07080bf2a4a2"},"headline":"EL MEME DEL CUITLAHUISTA","datePublished":"2024-05-07T00:54:38+00:00","dateModified":"2024-05-07T00:54:55+00:00","mainEntityOfPage":{"@id":"https:\/\/lospoliticosveracruz.com\/?p=123729"},"wordCount":513,"publisher":{"@id":"https:\/\/lospoliticosveracruz.com\/#organization"},"image":{"@id":"https:\/\/lospoliticosveracruz.com\/?p=123729#primaryimage"},"thumbnailUrl":"https:\/\/lospoliticosveracruz.com\/wp-content\/uploads\/2024\/03\/Salvador-Munoz.jpg","keywords":["Hueytamalco","Iv\u00e1n Luna","Puebla"],"articleSection":["De Opini\u00f3n"],"inLanguage":"es"},{"@type":"WebPage","@id":"https:\/\/lospoliticosveracruz.com\/?p=123729","url":"https:\/\/lospoliticosveracruz.com\/?p=123729","name":"EL MEME DEL CUITLAHUISTA - Los pol\u00edticos Veracruz","isPartOf":{"@id":"https:\/\/lospoliticosveracruz.com\/#website"},"primaryImageOfPage":{"@id":"https:\/\/lospoliticosveracruz.com\/?p=123729#primaryimage"},"image":{"@id":"https:\/\/lospoliticosveracruz.com\/?p=123729#primaryimage"},"thumbnailUrl":"https:\/\/lospoliticosveracruz.com\/wp-content\/uploads\/2024\/03\/Salvador-Munoz.jpg","datePublished":"2024-05-07T00:54:38+00:00","dateModified":"2024-05-07T00:54:55+00:00","breadcrumb":{"@id":"https:\/\/lospoliticosveracruz.com\/?p=123729#breadcrumb"},"inLanguage":"es","potentialAction":[{"@type":"ReadAction","target":["https:\/\/lospoliticosveracruz.com\/?p=123729"]}]},{"@type":"ImageObject","inLanguage":"es","@id":"https:\/\/lospoliticosveracruz.com\/?p=123729#primaryimage","url":"https:\/\/lospoliticosveracruz.com\/wp-content\/uploads\/2024\/03\/Salvador-Munoz.jpg","contentUrl":"https:\/\/lospoliticosveracruz.com\/wp-content\/uploads\/2024\/03\/Salvador-Munoz.jpg","width":1250,"height":667},{"@type":"BreadcrumbList","@id":"https:\/\/lospoliticosveracruz.com\/?p=123729#breadcrumb","itemListElement":[{"@type":"ListItem","position":1,"name":"Portada","item":"https:\/\/lospoliticosveracruz.com\/"},{"@type":"ListItem","position":2,"name":"EL MEME DEL CUITLAHUISTA"}]},{"@type":"WebSite","@id":"https:\/\/lospoliticosveracruz.com\/#website","url":"https:\/\/lospoliticosveracruz.com\/","name":"Los pol\u00edticos Veracruz","description":"","publisher":{"@id":"https:\/\/lospoliticosveracruz.com\/#organization"},"potentialAction":[{"@type":"SearchAction","target":{"@type":"EntryPoint","urlTemplate":"https:\/\/lospoliticosveracruz.com\/?s={search_term_string}"},"query-input":{"@type":"PropertyValueSpecification","valueRequired":true,"valueName":"search_term_string"}}],"inLanguage":"es"},{"@type":"Organization","@id":"https:\/\/lospoliticosveracruz.com\/#organization","name":"Los pol\u00edticos Veracruz","url":"https:\/\/lospoliticosveracruz.com\/","logo":{"@type":"ImageObject","inLanguage":"es","@id":"https:\/\/lospoliticosveracruz.com\/#\/schema\/logo\/image\/","url":"https:\/\/lospoliticosveracruz.com\/wp-content\/uploads\/2025\/12\/Logo-Nuevo-LOS-POLITICOS-1.jpg","contentUrl":"https:\/\/lospoliticosveracruz.com\/wp-content\/uploads\/2025\/12\/Logo-Nuevo-LOS-POLITICOS-1.jpg","width":260,"height":70,"caption":"Los pol\u00edticos Veracruz"},"image":{"@id":"https:\/\/lospoliticosveracruz.com\/#\/schema\/logo\/image\/"},"sameAs":["https:\/\/www.facebook.com\/people\/Notimemes-de-los-Polticos\/61565672886568\/","https:\/\/x.com\/LosPoliticosVer"]},{"@type":"Person","@id":"https:\/\/lospoliticosveracruz.com\/#\/schema\/person\/b8702bb0e538456e6efd07080bf2a4a2","name":"Lo viste en Los Pol\u00edticos","image":{"@type":"ImageObject","inLanguage":"es","@id":"https:\/\/secure.gravatar.com\/avatar\/3a8de04a2656d44082be478bd6c086daa447c4651605818287b9532d3d0bd435?s=96&d=mm&r=g","url":"https:\/\/secure.gravatar.com\/avatar\/3a8de04a2656d44082be478bd6c086daa447c4651605818287b9532d3d0bd435?s=96&d=mm&r=g","contentUrl":"https:\/\/secure.gravatar.com\/avatar\/3a8de04a2656d44082be478bd6c086daa447c4651605818287b9532d3d0bd435?s=96&d=mm&r=g","caption":"Lo viste en Los Pol\u00edticos"},"url":"https:\/\/lospoliticosveracruz.com\/?author=2"}]}},"_links":{"self":[{"href":"https:\/\/lospoliticosveracruz.com\/index.php?rest_route=\/wp\/v2\/posts\/123729","targetHints":{"allow":["GET"]}}],"collection":[{"href":"https:\/\/lospoliticosveracruz.com\/index.php?rest_route=\/wp\/v2\/posts"}],"about":[{"href":"https:\/\/lospoliticosveracruz.com\/index.php?rest_route=\/wp\/v2\/types\/post"}],"author":[{"embeddable":true,"href":"https:\/\/lospoliticosveracruz.com\/index.php?rest_route=\/wp\/v2\/users\/2"}],"replies":[{"embeddable":true,"href":"https:\/\/lospoliticosveracruz.com\/index.php?rest_route=%2Fwp%2Fv2%2Fcomments&post=123729"}],"version-history":[{"count":1,"href":"https:\/\/lospoliticosveracruz.com\/index.php?rest_route=\/wp\/v2\/posts\/123729\/revisions"}],"predecessor-version":[{"id":123731,"href":"https:\/\/lospoliticosveracruz.com\/index.php?rest_route=\/wp\/v2\/posts\/123729\/revisions\/123731"}],"wp:featuredmedia":[{"embeddable":true,"href":"https:\/\/lospoliticosveracruz.com\/index.php?rest_route=\/wp\/v2\/media\/119941"}],"wp:attachment":[{"href":"https:\/\/lospoliticosveracruz.com\/index.php?rest_route=%2Fwp%2Fv2%2Fmedia&parent=123729"}],"wp:term":[{"taxonomy":"category","embeddable":true,"href":"https:\/\/lospoliticosveracruz.com\/index.php?rest_route=%2Fwp%2Fv2%2Fcategories&post=123729"},{"taxonomy":"post_tag","embeddable":true,"href":"https:\/\/lospoliticosveracruz.com\/index.php?rest_route=%2Fwp%2Fv2%2Ftags&post=123729"}],"curies":[{"name":"wp","href":"https:\/\/api.w.org\/{rel}","templated":true}]}}