{"id":123810,"date":"2024-05-07T21:06:21","date_gmt":"2024-05-08T02:06:21","guid":{"rendered":"https:\/\/lospoliticosveracruz.com.mx\/?p=123810"},"modified":"2024-05-07T21:06:32","modified_gmt":"2024-05-08T02:06:32","slug":"ceguera","status":"publish","type":"post","link":"https:\/\/lospoliticosveracruz.com\/?p=123810","title":{"rendered":"CEGUERA"},"content":{"rendered":"\n<p><strong>Guadalupe H. Mar<br><\/strong><em>Mira Pol\u00edtica<\/em><\/p>\n\n\n\n<p><strong>NI LOS VEN, NI LOS OYEN \u2026<\/strong> Nadie de esa entelequia llamada gobierno del estado de Veracruz escucha y mucho menos atiende los se\u00f1alamientos en contra de funcionarios de diversas secretar\u00edas de despacho, que abiertamente est\u00e1n obligando, forzando y abusando de sus subalternos para que se sumen a las campa\u00f1as por los candidatos del partido Movimiento de Regeneraci\u00f3n Nacional (Morena).<\/p>\n\n\n\n<figure class=\"wp-block-image size-large\"><a href=\"https:\/\/lospoliticosveracruz.com.mx\/wp-content\/uploads\/2016\/07\/Seguro-Julio-Cerecedo-2.jpg\"><img decoding=\"async\" src=\"https:\/\/lospoliticosveracruz.com.mx\/wp-content\/uploads\/2016\/07\/Seguro-Julio-Cerecedo-2-1024x381.jpg\" alt=\"\" class=\"wp-image-105879\"\/><\/a><\/figure>\n\n\n\n<p><br>Son reiteradas las denuncias de empleados al servicio del gobierno estatal en contra de sus superiores que les ordenan participar en un mitin de alguna candidata o candidato de Morena en horas de trabajo y peor a\u00fan, a viajar a otras ciudades para \u201cacuerpar\u201d a las abanderadas o abanderados morenistas, pero pagando el traslado con recursos propios.<br>Uno de los funcionarios m\u00e1s se\u00f1alados por estas acciones es el maestrante Jorge Eduardo Sisniega Fern\u00e1ndez, alto funcionario de la Secretar\u00eda de Salud, quien sin pudor alguno obliga, al menos amablemente, a sus subordinados, para que se sumen a las campa\u00f1as de las candidatas y candidatos morenistas.<br>Sisniega Fern\u00e1ndez, para que lo ubiquen, fue denunciado el a\u00f1o pasado por la asignaci\u00f3n de contratos millonarios que el sector salud estatal entreg\u00f3 a empresas de dudosa reputaci\u00f3n o peor a\u00fan, de reciente creaci\u00f3n y ya ni se diga de algunas inhabilitadas por obras mal hechas.<br>Ante la indiferencia del propio gobernador del estado de Veracruz, el ingeniero mec\u00e1nico electricista Cuitl\u00e1huac Garc\u00eda Jim\u00e9nez para atender estos se\u00f1alamientos, los empleados estatales se arman de valor y denuncian estas irregularidades a los medios de comunicaci\u00f3n, donde se visibilizan y se dan a conocer a la opini\u00f3n p\u00fablica.<br>Sin embargo, todo parece indicar que en esa entelequia llamada gobierno del estado de Veracruz, adem\u00e1s de sordera padecen ceguera cr\u00f3nica.<br><strong>PURO ROLLO \u2026<\/strong> Recuerdan ustedes amables lectoras y lectores que hace unos d\u00edas comentamos aqu\u00ed de la Megafarmacia del Bienestar o Centro Federal de Almacenamiento y Distribuci\u00f3n de Insumos para la Salud (Cefedis), inaugurada en diciembre pasado por el presidente de la rep\u00fablica Andr\u00e9s Manuel L\u00f3pez Obrador,<br>con el prop\u00f3sito \u201cde que a ning\u00fan mexicano le falten las medicinas\u201d, pues bien, ayer este tema volvi\u00f3 a ser noticia porque con base en una solicitud de informaci\u00f3n hecha a trav\u00e9s del portal de transparencia, al pasado 29 de abril solo se hab\u00edan surtido 341 recetas completas.<br>La solicitud de informaci\u00f3n se la hicieron a la empresa BIRMEX, Laboratorios de Biol\u00f3gicos y Reactivos de M\u00e9xico, S.A. de C.V. de propiedad mayoritaria gubernamental que opera la Megafarmacia del Bienestar.<br>Si Pit\u00e1goras no miente, las 341 recetas surtidas del 29 de diciembre del 2023 al 29 de abril de 2024, equivalen a solo 2.7 recetas surtidas diariamente en promedio.<br>Con base en la respuesta a la solicitud de informaci\u00f3n a trav\u00e9s del portal de Transparencia, la Megafarmacia del Bienestar o Centro Federal de almacenamiento y Distribuci\u00f3n de Insumos para la Salud (Cefedis), de las 341 recetas surtidas en cuatro meses, solo dos de ellas han sido a derechohabientes del IMSS; 210 a la derechohabiencia del ISSSTE y 129 a personas sin ning\u00fan tipo de seguridad social.<br>Pues bien, amables lectoras y lectores, similar proyecto tiene para Veracruz la zacatecana de nacimiento Norma Roc\u00edo Nahle Garc\u00eda, solo que ella le agregar\u00eda camionetitas a la distribuci\u00f3n que visto est\u00e1 no es el problema, sino el abasto, o sea la compra de medicamentos.<br><strong>ORGULLO VERACRUZANO \u2026<\/strong> Nos congratula felicitar al fotoperiodista veracruzano F\u00e9lix M\u00e1rquez, quien gan\u00f3 un premio Pulitzer en fotograf\u00eda por su cobertura de la crisis migratoria en la frontera entre Estados Unidos y M\u00e9xico.<br>El premio Pulitzer amables lectoras y lectores es el reconocimiento entregado cada a\u00f1o, en Estados Unidos, por logros en el periodismo, adem\u00e1s de la literatura.<br>El lunes pasado, la Universidad de Columbia anunci\u00f3 a las ganadoras y ganadores de los Premios Pulitzer por su destacado trabajo publicado en 2023.<br>Entre los premiados destac\u00f3 el veracruzano F\u00e9lix M\u00e1rquez, fot\u00f3grafo mexicano y colaborador externo de The Associated Press. Bien.<br>D\u00cdGALO SIN MIEDO \u2026 Al correo electr\u00f3nico guadalupehmar@gmail.com<\/p>\n","protected":false},"excerpt":{"rendered":"<p>Guadalupe H. MarMira Pol\u00edtica NI LOS VEN, NI LOS OYEN \u2026 Nadie de esa entelequia llamada gobierno del estado de Veracruz escucha y mucho menos atiende los se\u00f1alamientos en contra de funcionarios de diversas secretar\u00edas de despacho, que abiertamente est\u00e1n obligando, forzando y abusando de sus subalternos para que se sumen a las campa\u00f1as por [&hellip;]<\/p>\n","protected":false},"author":2,"featured_media":119929,"comment_status":"closed","ping_status":"closed","sticky":false,"template":"","format":"standard","meta":{"tdm_status":"","tdm_grid_status":"","footnotes":""},"categories":[70],"tags":[40905,1563,33010,1606,23485,1026,40906,195],"class_list":{"0":"post-123810","1":"post","2":"type-post","3":"status-publish","4":"format-standard","5":"has-post-thumbnail","7":"category-de-opinion","8":"tag-cefedis","9":"tag-cuitlahuac-garcia-jimenez","10":"tag-felix-marquez","11":"tag-guadalupe-h-mar","12":"tag-jorge-eduardo-sisniega-fernandez","13":"tag-morena","14":"tag-premio-pulitzer","15":"tag-veracruz"},"yoast_head":"<!-- This site is optimized with the Yoast SEO plugin v27.4 - https:\/\/yoast.com\/product\/yoast-seo-wordpress\/ -->\n<title>CEGUERA - Los pol\u00edticos Veracruz<\/title>\n<meta name=\"robots\" content=\"index, follow, max-snippet:-1, max-image-preview:large, max-video-preview:-1\" \/>\n<link rel=\"canonical\" href=\"https:\/\/lospoliticosveracruz.com\/?p=123810\" \/>\n<meta property=\"og:locale\" content=\"es_ES\" \/>\n<meta property=\"og:type\" content=\"article\" \/>\n<meta property=\"og:title\" content=\"CEGUERA - Los pol\u00edticos Veracruz\" \/>\n<meta property=\"og:description\" content=\"Guadalupe H. MarMira Pol\u00edtica NI LOS VEN, NI LOS OYEN \u2026 Nadie de esa entelequia llamada gobierno del estado de Veracruz escucha y mucho menos atiende los se\u00f1alamientos en contra de funcionarios de diversas secretar\u00edas de despacho, que abiertamente est\u00e1n obligando, forzando y abusando de sus subalternos para que se sumen a las campa\u00f1as por [&hellip;]\" \/>\n<meta property=\"og:url\" content=\"https:\/\/lospoliticosveracruz.com\/?p=123810\" \/>\n<meta property=\"og:site_name\" content=\"Los pol\u00edticos Veracruz\" \/>\n<meta property=\"article:publisher\" content=\"https:\/\/www.facebook.com\/people\/Notimemes-de-los-Polticos\/61565672886568\/\" \/>\n<meta property=\"article:published_time\" content=\"2024-05-08T02:06:21+00:00\" \/>\n<meta property=\"article:modified_time\" content=\"2024-05-08T02:06:32+00:00\" \/>\n<meta property=\"og:image\" content=\"https:\/\/lospoliticosveracruz.com\/wp-content\/uploads\/2024\/03\/Lupita-Mar.jpg\" \/>\n\t<meta property=\"og:image:width\" content=\"1250\" \/>\n\t<meta property=\"og:image:height\" content=\"667\" \/>\n\t<meta property=\"og:image:type\" content=\"image\/jpeg\" \/>\n<meta name=\"author\" content=\"Lo viste en Los Pol\u00edticos\" \/>\n<meta name=\"twitter:card\" content=\"summary_large_image\" \/>\n<meta name=\"twitter:creator\" content=\"@LosPoliticosVer\" \/>\n<meta name=\"twitter:site\" content=\"@LosPoliticosVer\" \/>\n<meta name=\"twitter:label1\" content=\"Escrito por\" \/>\n\t<meta name=\"twitter:data1\" content=\"Lo viste en Los Pol\u00edticos\" \/>\n\t<meta name=\"twitter:label2\" content=\"Tiempo de lectura\" \/>\n\t<meta name=\"twitter:data2\" content=\"4 minutos\" \/>\n<script type=\"application\/ld+json\" class=\"yoast-schema-graph\">{\"@context\":\"https:\\\/\\\/schema.org\",\"@graph\":[{\"@type\":\"Article\",\"@id\":\"https:\\\/\\\/lospoliticosveracruz.com\\\/?p=123810#article\",\"isPartOf\":{\"@id\":\"https:\\\/\\\/lospoliticosveracruz.com\\\/?p=123810\"},\"author\":{\"name\":\"Lo viste en Los Pol\u00edticos\",\"@id\":\"https:\\\/\\\/lospoliticosveracruz.com\\\/#\\\/schema\\\/person\\\/b8702bb0e538456e6efd07080bf2a4a2\"},\"headline\":\"CEGUERA\",\"datePublished\":\"2024-05-08T02:06:21+00:00\",\"dateModified\":\"2024-05-08T02:06:32+00:00\",\"mainEntityOfPage\":{\"@id\":\"https:\\\/\\\/lospoliticosveracruz.com\\\/?p=123810\"},\"wordCount\":709,\"publisher\":{\"@id\":\"https:\\\/\\\/lospoliticosveracruz.com\\\/#organization\"},\"image\":{\"@id\":\"https:\\\/\\\/lospoliticosveracruz.com\\\/?p=123810#primaryimage\"},\"thumbnailUrl\":\"https:\\\/\\\/lospoliticosveracruz.com\\\/wp-content\\\/uploads\\\/2024\\\/03\\\/Lupita-Mar.jpg\",\"keywords\":[\"Cefedis\",\"Cuitl\u00e1huac Garc\u00eda Jim\u00e9nez\",\"F\u00e9lix M\u00e1rquez\",\"Guadalupe H. Mar\",\"Jorge Eduardo Sisniega Fern\u00e1ndez\",\"Morena\",\"premio Pulitzer\",\"Veracruz\"],\"articleSection\":[\"De Opini\u00f3n\"],\"inLanguage\":\"es\"},{\"@type\":\"WebPage\",\"@id\":\"https:\\\/\\\/lospoliticosveracruz.com\\\/?p=123810\",\"url\":\"https:\\\/\\\/lospoliticosveracruz.com\\\/?p=123810\",\"name\":\"CEGUERA - Los pol\u00edticos Veracruz\",\"isPartOf\":{\"@id\":\"https:\\\/\\\/lospoliticosveracruz.com\\\/#website\"},\"primaryImageOfPage\":{\"@id\":\"https:\\\/\\\/lospoliticosveracruz.com\\\/?p=123810#primaryimage\"},\"image\":{\"@id\":\"https:\\\/\\\/lospoliticosveracruz.com\\\/?p=123810#primaryimage\"},\"thumbnailUrl\":\"https:\\\/\\\/lospoliticosveracruz.com\\\/wp-content\\\/uploads\\\/2024\\\/03\\\/Lupita-Mar.jpg\",\"datePublished\":\"2024-05-08T02:06:21+00:00\",\"dateModified\":\"2024-05-08T02:06:32+00:00\",\"breadcrumb\":{\"@id\":\"https:\\\/\\\/lospoliticosveracruz.com\\\/?p=123810#breadcrumb\"},\"inLanguage\":\"es\",\"potentialAction\":[{\"@type\":\"ReadAction\",\"target\":[\"https:\\\/\\\/lospoliticosveracruz.com\\\/?p=123810\"]}]},{\"@type\":\"ImageObject\",\"inLanguage\":\"es\",\"@id\":\"https:\\\/\\\/lospoliticosveracruz.com\\\/?p=123810#primaryimage\",\"url\":\"https:\\\/\\\/lospoliticosveracruz.com\\\/wp-content\\\/uploads\\\/2024\\\/03\\\/Lupita-Mar.jpg\",\"contentUrl\":\"https:\\\/\\\/lospoliticosveracruz.com\\\/wp-content\\\/uploads\\\/2024\\\/03\\\/Lupita-Mar.jpg\",\"width\":1250,\"height\":667},{\"@type\":\"BreadcrumbList\",\"@id\":\"https:\\\/\\\/lospoliticosveracruz.com\\\/?p=123810#breadcrumb\",\"itemListElement\":[{\"@type\":\"ListItem\",\"position\":1,\"name\":\"Portada\",\"item\":\"https:\\\/\\\/lospoliticosveracruz.com\\\/\"},{\"@type\":\"ListItem\",\"position\":2,\"name\":\"CEGUERA\"}]},{\"@type\":\"WebSite\",\"@id\":\"https:\\\/\\\/lospoliticosveracruz.com\\\/#website\",\"url\":\"https:\\\/\\\/lospoliticosveracruz.com\\\/\",\"name\":\"Los pol\u00edticos Veracruz\",\"description\":\"\",\"publisher\":{\"@id\":\"https:\\\/\\\/lospoliticosveracruz.com\\\/#organization\"},\"potentialAction\":[{\"@type\":\"SearchAction\",\"target\":{\"@type\":\"EntryPoint\",\"urlTemplate\":\"https:\\\/\\\/lospoliticosveracruz.com\\\/?s={search_term_string}\"},\"query-input\":{\"@type\":\"PropertyValueSpecification\",\"valueRequired\":true,\"valueName\":\"search_term_string\"}}],\"inLanguage\":\"es\"},{\"@type\":\"Organization\",\"@id\":\"https:\\\/\\\/lospoliticosveracruz.com\\\/#organization\",\"name\":\"Los pol\u00edticos Veracruz\",\"url\":\"https:\\\/\\\/lospoliticosveracruz.com\\\/\",\"logo\":{\"@type\":\"ImageObject\",\"inLanguage\":\"es\",\"@id\":\"https:\\\/\\\/lospoliticosveracruz.com\\\/#\\\/schema\\\/logo\\\/image\\\/\",\"url\":\"https:\\\/\\\/lospoliticosveracruz.com\\\/wp-content\\\/uploads\\\/2025\\\/12\\\/Logo-Nuevo-LOS-POLITICOS-1.jpg\",\"contentUrl\":\"https:\\\/\\\/lospoliticosveracruz.com\\\/wp-content\\\/uploads\\\/2025\\\/12\\\/Logo-Nuevo-LOS-POLITICOS-1.jpg\",\"width\":260,\"height\":70,\"caption\":\"Los pol\u00edticos Veracruz\"},\"image\":{\"@id\":\"https:\\\/\\\/lospoliticosveracruz.com\\\/#\\\/schema\\\/logo\\\/image\\\/\"},\"sameAs\":[\"https:\\\/\\\/www.facebook.com\\\/people\\\/Notimemes-de-los-Polticos\\\/61565672886568\\\/\",\"https:\\\/\\\/x.com\\\/LosPoliticosVer\"]},{\"@type\":\"Person\",\"@id\":\"https:\\\/\\\/lospoliticosveracruz.com\\\/#\\\/schema\\\/person\\\/b8702bb0e538456e6efd07080bf2a4a2\",\"name\":\"Lo viste en Los Pol\u00edticos\",\"image\":{\"@type\":\"ImageObject\",\"inLanguage\":\"es\",\"@id\":\"https:\\\/\\\/secure.gravatar.com\\\/avatar\\\/3a8de04a2656d44082be478bd6c086daa447c4651605818287b9532d3d0bd435?s=96&d=mm&r=g\",\"url\":\"https:\\\/\\\/secure.gravatar.com\\\/avatar\\\/3a8de04a2656d44082be478bd6c086daa447c4651605818287b9532d3d0bd435?s=96&d=mm&r=g\",\"contentUrl\":\"https:\\\/\\\/secure.gravatar.com\\\/avatar\\\/3a8de04a2656d44082be478bd6c086daa447c4651605818287b9532d3d0bd435?s=96&d=mm&r=g\",\"caption\":\"Lo viste en Los Pol\u00edticos\"},\"url\":\"https:\\\/\\\/lospoliticosveracruz.com\\\/?author=2\"}]}<\/script>\n<!-- \/ Yoast SEO plugin. -->","yoast_head_json":{"title":"CEGUERA - Los pol\u00edticos Veracruz","robots":{"index":"index","follow":"follow","max-snippet":"max-snippet:-1","max-image-preview":"max-image-preview:large","max-video-preview":"max-video-preview:-1"},"canonical":"https:\/\/lospoliticosveracruz.com\/?p=123810","og_locale":"es_ES","og_type":"article","og_title":"CEGUERA - Los pol\u00edticos Veracruz","og_description":"Guadalupe H. MarMira Pol\u00edtica NI LOS VEN, NI LOS OYEN \u2026 Nadie de esa entelequia llamada gobierno del estado de Veracruz escucha y mucho menos atiende los se\u00f1alamientos en contra de funcionarios de diversas secretar\u00edas de despacho, que abiertamente est\u00e1n obligando, forzando y abusando de sus subalternos para que se sumen a las campa\u00f1as por [&hellip;]","og_url":"https:\/\/lospoliticosveracruz.com\/?p=123810","og_site_name":"Los pol\u00edticos Veracruz","article_publisher":"https:\/\/www.facebook.com\/people\/Notimemes-de-los-Polticos\/61565672886568\/","article_published_time":"2024-05-08T02:06:21+00:00","article_modified_time":"2024-05-08T02:06:32+00:00","og_image":[{"width":1250,"height":667,"url":"https:\/\/lospoliticosveracruz.com\/wp-content\/uploads\/2024\/03\/Lupita-Mar.jpg","type":"image\/jpeg"}],"author":"Lo viste en Los Pol\u00edticos","twitter_card":"summary_large_image","twitter_creator":"@LosPoliticosVer","twitter_site":"@LosPoliticosVer","twitter_misc":{"Escrito por":"Lo viste en Los Pol\u00edticos","Tiempo de lectura":"4 minutos"},"schema":{"@context":"https:\/\/schema.org","@graph":[{"@type":"Article","@id":"https:\/\/lospoliticosveracruz.com\/?p=123810#article","isPartOf":{"@id":"https:\/\/lospoliticosveracruz.com\/?p=123810"},"author":{"name":"Lo viste en Los Pol\u00edticos","@id":"https:\/\/lospoliticosveracruz.com\/#\/schema\/person\/b8702bb0e538456e6efd07080bf2a4a2"},"headline":"CEGUERA","datePublished":"2024-05-08T02:06:21+00:00","dateModified":"2024-05-08T02:06:32+00:00","mainEntityOfPage":{"@id":"https:\/\/lospoliticosveracruz.com\/?p=123810"},"wordCount":709,"publisher":{"@id":"https:\/\/lospoliticosveracruz.com\/#organization"},"image":{"@id":"https:\/\/lospoliticosveracruz.com\/?p=123810#primaryimage"},"thumbnailUrl":"https:\/\/lospoliticosveracruz.com\/wp-content\/uploads\/2024\/03\/Lupita-Mar.jpg","keywords":["Cefedis","Cuitl\u00e1huac Garc\u00eda Jim\u00e9nez","F\u00e9lix M\u00e1rquez","Guadalupe H. Mar","Jorge Eduardo Sisniega Fern\u00e1ndez","Morena","premio Pulitzer","Veracruz"],"articleSection":["De Opini\u00f3n"],"inLanguage":"es"},{"@type":"WebPage","@id":"https:\/\/lospoliticosveracruz.com\/?p=123810","url":"https:\/\/lospoliticosveracruz.com\/?p=123810","name":"CEGUERA - Los pol\u00edticos Veracruz","isPartOf":{"@id":"https:\/\/lospoliticosveracruz.com\/#website"},"primaryImageOfPage":{"@id":"https:\/\/lospoliticosveracruz.com\/?p=123810#primaryimage"},"image":{"@id":"https:\/\/lospoliticosveracruz.com\/?p=123810#primaryimage"},"thumbnailUrl":"https:\/\/lospoliticosveracruz.com\/wp-content\/uploads\/2024\/03\/Lupita-Mar.jpg","datePublished":"2024-05-08T02:06:21+00:00","dateModified":"2024-05-08T02:06:32+00:00","breadcrumb":{"@id":"https:\/\/lospoliticosveracruz.com\/?p=123810#breadcrumb"},"inLanguage":"es","potentialAction":[{"@type":"ReadAction","target":["https:\/\/lospoliticosveracruz.com\/?p=123810"]}]},{"@type":"ImageObject","inLanguage":"es","@id":"https:\/\/lospoliticosveracruz.com\/?p=123810#primaryimage","url":"https:\/\/lospoliticosveracruz.com\/wp-content\/uploads\/2024\/03\/Lupita-Mar.jpg","contentUrl":"https:\/\/lospoliticosveracruz.com\/wp-content\/uploads\/2024\/03\/Lupita-Mar.jpg","width":1250,"height":667},{"@type":"BreadcrumbList","@id":"https:\/\/lospoliticosveracruz.com\/?p=123810#breadcrumb","itemListElement":[{"@type":"ListItem","position":1,"name":"Portada","item":"https:\/\/lospoliticosveracruz.com\/"},{"@type":"ListItem","position":2,"name":"CEGUERA"}]},{"@type":"WebSite","@id":"https:\/\/lospoliticosveracruz.com\/#website","url":"https:\/\/lospoliticosveracruz.com\/","name":"Los pol\u00edticos Veracruz","description":"","publisher":{"@id":"https:\/\/lospoliticosveracruz.com\/#organization"},"potentialAction":[{"@type":"SearchAction","target":{"@type":"EntryPoint","urlTemplate":"https:\/\/lospoliticosveracruz.com\/?s={search_term_string}"},"query-input":{"@type":"PropertyValueSpecification","valueRequired":true,"valueName":"search_term_string"}}],"inLanguage":"es"},{"@type":"Organization","@id":"https:\/\/lospoliticosveracruz.com\/#organization","name":"Los pol\u00edticos Veracruz","url":"https:\/\/lospoliticosveracruz.com\/","logo":{"@type":"ImageObject","inLanguage":"es","@id":"https:\/\/lospoliticosveracruz.com\/#\/schema\/logo\/image\/","url":"https:\/\/lospoliticosveracruz.com\/wp-content\/uploads\/2025\/12\/Logo-Nuevo-LOS-POLITICOS-1.jpg","contentUrl":"https:\/\/lospoliticosveracruz.com\/wp-content\/uploads\/2025\/12\/Logo-Nuevo-LOS-POLITICOS-1.jpg","width":260,"height":70,"caption":"Los pol\u00edticos Veracruz"},"image":{"@id":"https:\/\/lospoliticosveracruz.com\/#\/schema\/logo\/image\/"},"sameAs":["https:\/\/www.facebook.com\/people\/Notimemes-de-los-Polticos\/61565672886568\/","https:\/\/x.com\/LosPoliticosVer"]},{"@type":"Person","@id":"https:\/\/lospoliticosveracruz.com\/#\/schema\/person\/b8702bb0e538456e6efd07080bf2a4a2","name":"Lo viste en Los Pol\u00edticos","image":{"@type":"ImageObject","inLanguage":"es","@id":"https:\/\/secure.gravatar.com\/avatar\/3a8de04a2656d44082be478bd6c086daa447c4651605818287b9532d3d0bd435?s=96&d=mm&r=g","url":"https:\/\/secure.gravatar.com\/avatar\/3a8de04a2656d44082be478bd6c086daa447c4651605818287b9532d3d0bd435?s=96&d=mm&r=g","contentUrl":"https:\/\/secure.gravatar.com\/avatar\/3a8de04a2656d44082be478bd6c086daa447c4651605818287b9532d3d0bd435?s=96&d=mm&r=g","caption":"Lo viste en Los Pol\u00edticos"},"url":"https:\/\/lospoliticosveracruz.com\/?author=2"}]}},"_links":{"self":[{"href":"https:\/\/lospoliticosveracruz.com\/index.php?rest_route=\/wp\/v2\/posts\/123810","targetHints":{"allow":["GET"]}}],"collection":[{"href":"https:\/\/lospoliticosveracruz.com\/index.php?rest_route=\/wp\/v2\/posts"}],"about":[{"href":"https:\/\/lospoliticosveracruz.com\/index.php?rest_route=\/wp\/v2\/types\/post"}],"author":[{"embeddable":true,"href":"https:\/\/lospoliticosveracruz.com\/index.php?rest_route=\/wp\/v2\/users\/2"}],"replies":[{"embeddable":true,"href":"https:\/\/lospoliticosveracruz.com\/index.php?rest_route=%2Fwp%2Fv2%2Fcomments&post=123810"}],"version-history":[{"count":1,"href":"https:\/\/lospoliticosveracruz.com\/index.php?rest_route=\/wp\/v2\/posts\/123810\/revisions"}],"predecessor-version":[{"id":123811,"href":"https:\/\/lospoliticosveracruz.com\/index.php?rest_route=\/wp\/v2\/posts\/123810\/revisions\/123811"}],"wp:featuredmedia":[{"embeddable":true,"href":"https:\/\/lospoliticosveracruz.com\/index.php?rest_route=\/wp\/v2\/media\/119929"}],"wp:attachment":[{"href":"https:\/\/lospoliticosveracruz.com\/index.php?rest_route=%2Fwp%2Fv2%2Fmedia&parent=123810"}],"wp:term":[{"taxonomy":"category","embeddable":true,"href":"https:\/\/lospoliticosveracruz.com\/index.php?rest_route=%2Fwp%2Fv2%2Fcategories&post=123810"},{"taxonomy":"post_tag","embeddable":true,"href":"https:\/\/lospoliticosveracruz.com\/index.php?rest_route=%2Fwp%2Fv2%2Ftags&post=123810"}],"curies":[{"name":"wp","href":"https:\/\/api.w.org\/{rel}","templated":true}]}}