{"id":123814,"date":"2024-05-08T02:56:40","date_gmt":"2024-05-08T07:56:40","guid":{"rendered":"https:\/\/lospoliticosveracruz.com.mx\/?p=123814"},"modified":"2024-05-08T02:56:52","modified_gmt":"2024-05-08T07:56:52","slug":"el-mensaje-entre-yunes-y-cuitlahuac","status":"publish","type":"post","link":"https:\/\/lospoliticosveracruz.com\/?p=123814","title":{"rendered":"EL MENSAJE ENTRE YUNES Y CUITL\u00c1HUAC"},"content":{"rendered":"\n<p><strong>Ricardo Chua<\/strong><\/p>\n\n\n\n<p><em>Sale y Vale<\/em><\/p>\n\n\n\n<p>El \u00abGarganta Profunda\u00bb, uno de los m\u00e1s expertos en escenarios pol\u00edticos en Veracruz, se\u00f1ala que tiene la idea muy clara que la INTERVENCI\u00d3N directa del ex gobernador, Miguel \u00c1ngel Yunes Linares al proceso electoral local y federal en la entidad.. Es porque la oposici\u00f3n va a \u00abechar toda la carne al asador\u00bb y \u00e9l mismo tratar\u00e1 de alcanzar y rebasar con su operaci\u00f3n pol\u00edtica-medi\u00e1tica a Roc\u00edo Nahle y Claudia Tello.. Para que gane Pepe y Miguel Yunes.. ESE ES EL FIN..<\/p>\n\n\n\n<p>Pero por eso Yunes Linares har\u00e1 a un lado ya, la operaci\u00f3n medi\u00e1tica del empresario, Arturo Castagne.. Que se \u00abestanc\u00f3\u00bb con el tema de las propiedades de Roc\u00edo Nahle.. \u00abPapaYunes\u00bb ya se dio cuenta que necesitan para ganarle a MORENA en Veracruz a \u00abun monstruo, no a un h\u00e9roe\u00bb.. Y \u00e9l representar\u00e1 bien ese papel.. \u00abGarganta Profunda\u00bb se\u00f1ala que el ex gobernador \u00abno peca de inocente\u00bb y que los opositores que rodean la campa\u00f1a de Pepe y Miguelito est\u00e1n a a\u00f1os luz de su propia inteligencia, entonces, no tiene tiempo que perder.. Y \u00e9l entra al quite..<\/p>\n\n\n\n<p>Sobre todo confi\u00f3 \u00abGarganta Profunda\u00bb, que todo esto pudo darse.. Cuando la oposici\u00f3n se enter\u00f3 que en MORENA y Palacio de Gobierno en Xalapa.. No hicieron \u00abeco\u00bb a la denuncia p\u00fablica hecha el pasado domingo por el candidato a senador, Miguel \u00c1ngel Yunes M\u00e1rquez.. Ya que nadie del gobierno de Cuitl\u00e1huac Garc\u00eda respondieron a la acusaci\u00f3n, de que 8 candidatos opositores eran amenazados en Veracruz.. Los \u00abMorenos\u00bb lo tomaron como un se\u00f1alamiento DIVAGANTE y nada serio..<\/p>\n\n\n\n<p>Tanto as\u00ed, observa \u00abGarganta Profunda\u00bb, que incluso el propio gobernador del Estado, sali\u00f3 con un \u00abse\u00f1alamiento\u00bb medi\u00e1tico totalmente, diciendo de que \u00abhab\u00eda muchos delincuentes en la oposici\u00f3n\u00bb.. Por lo cual, las acusaciones hasta fueron tomadas como \u00abchuscas\u00bb cuando estas mismas, en otro momento y circunstancias, pudieron tomarse como algo serio.. Fue un duelo donde no se da\u00f1aron.. Por lo cual, no pas\u00f3 a mayores como deseaban los Yunes y los opositores.. TODO QUED\u00d3 \u00abFR\u00cdO\u00bb..<\/p>\n\n\n\n<p>\u00abGarganta Profunda\u00bb pregunt\u00f3: \u00bf Y qu\u00e9 sigui\u00f3?\u2026 Que tuvo que intervenir el propio Yunes Linares el pasado lunes y componer el mensaje a todos (Morenos y opositores).. Y el ex gobernador, lo centr\u00f3 a donde ten\u00eda que centrar y entrel\u00edneas, les dijo lo siguiente: \u00abVoy por ustedes (Morenos) y de pas\u00f3 les digo a los del PAN, PRI y PRD o cualquiera que se quieran a -brincar- a MORENA, que si ganamos, tambi\u00e9n vamos por ustedes, sin tregua, sin perd\u00f3n y sin olvido\u00bb..<\/p>\n\n\n\n<p>Con esta declaraci\u00f3n en abierto y con un enfrentamiento directo con Cuitl\u00e1huac y Nahle, seg\u00fan \u00abGarganta Profunda\u00bb, Yunes Linares tomar\u00e1 las riendas de todas las campa\u00f1as opositoras en Veracruz y se ir\u00e1 de gira por todo el estado (ayer estuvo en el norte de Veracruz) para seguir denostando medi\u00e1ticamente al gobierno de la 4T en la entidad.. Para evitar que la marca (MORENA) apuntale a sus candidatos.. Van por todas las \u00abcanicas\u00bb.. Y buscar\u00e1 levantar un movimiento social en los \u00faltimos d\u00edas de campa\u00f1a para que la sociedad salga a votar..<\/p>\n\n\n\n<p>Adem\u00e1s con esta acci\u00f3n, Yunes Linares.. Deja libre a Pepe Yunes para que se ocupe de su campa\u00f1a al estilo que el priista sabe.. Que Miguel junior siga tambi\u00e9n caminando por el estado con su propio estilo.. Hace a un lado al propio Castagne para que contin\u00fae con la denuncia sobre Nahle, pero ya no en la campa\u00f1a.. Y sobre todo MANDA EL MENSAJE a Cuitl\u00e1huac Garc\u00eda y MORENA, de que \u00e9l \u00abpone el pecho\u00bb y que el \u00abtiro\u00bb es con \u00e9l, no con Pepe, no con Miguel.. Viene m\u00e1s \u00ablodo\u00bb.. EL QUE ENTENDI\u00d3, ENTENDI\u00d3..<\/p>\n\n\n\n<p>REFLEXI\u00d3N.. Cu\u00e1l fue la respuesta de Cuitl\u00e1huac Garc\u00eda, despu\u00e9s de la aparici\u00f3n p\u00fablica de Miguel \u00c1ngel Yunes Linares en Veracruz.. Fue algo sencillo.. Que el gobernador fuera a la CDMX a pedirle el \u00abparo\u00bb a su \u00abpadrino\u00bb, Andr\u00e9s Manuel L\u00f3pez Obrador.. JA JA JA.. Todo para convertir este asunto en \u00abalgo personal\u00bb donde estuviera involucrado el Presidente.. Ya que si AMLO se llega a \u00abenga\u00f1ar\u00bb por la astucia de Cuitl\u00e1huac.. Puede que logre hacer que el tabasque\u00f1o realice una \u00aboperaci\u00f3n\u00bb en la entidad, el d\u00eda de la elecci\u00f3n..<\/p>\n\n\n\n<p>Ya que en Palacio de Gobierno se han dado cuenta, que el tema se les puede salir de las manos.. Buscan la manera que L\u00f3pez Obrador, se meta m\u00e1s en Veracruz, para salvar la elecci\u00f3n.. Y que desde CDMX se opere con tal fuerza, que ni Yunes Linares con todos sus argumentos pol\u00edticos y medi\u00e1ticos pueda contenerlo.. Una operaci\u00f3n pol\u00edtica-electoral que ser\u00eda un d\u00eda antes.. Se ver\u00e1 eso y ser\u00e1 para IMPACTAR a los indecisos.. Obvio de darse, esto lo har\u00eda, un operador cercano a AMLO, su nombre: C\u00e9sar Y\u00e1\u00f1ez.. DIOS LOS BENDIGA.. AMEN<\/p>\n","protected":false},"excerpt":{"rendered":"<p>Ricardo Chua Sale y Vale El \u00abGarganta Profunda\u00bb, uno de los m\u00e1s expertos en escenarios pol\u00edticos en Veracruz, se\u00f1ala que tiene la idea muy clara que la INTERVENCI\u00d3N directa del ex gobernador, Miguel \u00c1ngel Yunes Linares al proceso electoral local y federal en la entidad.. Es porque la oposici\u00f3n va a \u00abechar toda la carne [&hellip;]<\/p>\n","protected":false},"author":2,"featured_media":119817,"comment_status":"closed","ping_status":"closed","sticky":false,"template":"","format":"standard","meta":{"tdm_status":"","tdm_grid_status":"","footnotes":""},"categories":[70],"tags":[618,1563,26718,536,1026,570,3578,195],"class_list":{"0":"post-123814","1":"post","2":"type-post","3":"status-publish","4":"format-standard","5":"has-post-thumbnail","7":"category-de-opinion","8":"tag-andres-manuel-lopez-obrador","9":"tag-cuitlahuac-garcia-jimenez","10":"tag-miguel-angel-yunes-linares-2","11":"tag-miguel-angel-yunes-marquez","12":"tag-morena","13":"tag-pepe-yunes","14":"tag-rocio-nahle","15":"tag-veracruz"},"yoast_head":"<!-- This site is optimized with the Yoast SEO plugin v27.4 - https:\/\/yoast.com\/product\/yoast-seo-wordpress\/ -->\n<title>EL MENSAJE ENTRE YUNES Y CUITL\u00c1HUAC - Los pol\u00edticos Veracruz<\/title>\n<meta name=\"robots\" content=\"index, follow, max-snippet:-1, max-image-preview:large, max-video-preview:-1\" \/>\n<link rel=\"canonical\" href=\"https:\/\/lospoliticosveracruz.com\/?p=123814\" \/>\n<meta property=\"og:locale\" content=\"es_ES\" \/>\n<meta property=\"og:type\" content=\"article\" \/>\n<meta property=\"og:title\" content=\"EL MENSAJE ENTRE YUNES Y CUITL\u00c1HUAC - Los pol\u00edticos Veracruz\" \/>\n<meta property=\"og:description\" content=\"Ricardo Chua Sale y Vale El \u00abGarganta Profunda\u00bb, uno de los m\u00e1s expertos en escenarios pol\u00edticos en Veracruz, se\u00f1ala que tiene la idea muy clara que la INTERVENCI\u00d3N directa del ex gobernador, Miguel \u00c1ngel Yunes Linares al proceso electoral local y federal en la entidad.. Es porque la oposici\u00f3n va a \u00abechar toda la carne [&hellip;]\" \/>\n<meta property=\"og:url\" content=\"https:\/\/lospoliticosveracruz.com\/?p=123814\" \/>\n<meta property=\"og:site_name\" content=\"Los pol\u00edticos Veracruz\" \/>\n<meta property=\"article:publisher\" content=\"https:\/\/www.facebook.com\/people\/Notimemes-de-los-Polticos\/61565672886568\/\" \/>\n<meta property=\"article:published_time\" content=\"2024-05-08T07:56:40+00:00\" \/>\n<meta property=\"article:modified_time\" content=\"2024-05-08T07:56:52+00:00\" \/>\n<meta property=\"og:image\" content=\"https:\/\/lospoliticosveracruz.com\/wp-content\/uploads\/2024\/03\/Ricardo-Chua.jpg\" \/>\n\t<meta property=\"og:image:width\" content=\"1250\" \/>\n\t<meta property=\"og:image:height\" content=\"667\" \/>\n\t<meta property=\"og:image:type\" content=\"image\/jpeg\" \/>\n<meta name=\"author\" content=\"Lo viste en Los Pol\u00edticos\" \/>\n<meta name=\"twitter:card\" content=\"summary_large_image\" \/>\n<meta name=\"twitter:creator\" content=\"@LosPoliticosVer\" \/>\n<meta name=\"twitter:site\" content=\"@LosPoliticosVer\" \/>\n<meta name=\"twitter:label1\" content=\"Escrito por\" \/>\n\t<meta name=\"twitter:data1\" content=\"Lo viste en Los Pol\u00edticos\" \/>\n\t<meta name=\"twitter:label2\" content=\"Tiempo de lectura\" \/>\n\t<meta name=\"twitter:data2\" content=\"4 minutos\" \/>\n<script type=\"application\/ld+json\" class=\"yoast-schema-graph\">{\"@context\":\"https:\\\/\\\/schema.org\",\"@graph\":[{\"@type\":\"Article\",\"@id\":\"https:\\\/\\\/lospoliticosveracruz.com\\\/?p=123814#article\",\"isPartOf\":{\"@id\":\"https:\\\/\\\/lospoliticosveracruz.com\\\/?p=123814\"},\"author\":{\"name\":\"Lo viste en Los Pol\u00edticos\",\"@id\":\"https:\\\/\\\/lospoliticosveracruz.com\\\/#\\\/schema\\\/person\\\/b8702bb0e538456e6efd07080bf2a4a2\"},\"headline\":\"EL MENSAJE ENTRE YUNES Y CUITL\u00c1HUAC\",\"datePublished\":\"2024-05-08T07:56:40+00:00\",\"dateModified\":\"2024-05-08T07:56:52+00:00\",\"mainEntityOfPage\":{\"@id\":\"https:\\\/\\\/lospoliticosveracruz.com\\\/?p=123814\"},\"wordCount\":866,\"publisher\":{\"@id\":\"https:\\\/\\\/lospoliticosveracruz.com\\\/#organization\"},\"image\":{\"@id\":\"https:\\\/\\\/lospoliticosveracruz.com\\\/?p=123814#primaryimage\"},\"thumbnailUrl\":\"https:\\\/\\\/lospoliticosveracruz.com\\\/wp-content\\\/uploads\\\/2024\\\/03\\\/Ricardo-Chua.jpg\",\"keywords\":[\"Andr\u00e9s Manuel L\u00f3pez Obrador\",\"Cuitl\u00e1huac Garc\u00eda Jim\u00e9nez\",\"Miguel \u00c1ngel Yunes Linares\",\"Miguel \u00c1ngel Yunes M\u00e1rquez\",\"Morena\",\"Pepe Yunes\",\"Roc\u00edo Nahle\",\"Veracruz\"],\"articleSection\":[\"De Opini\u00f3n\"],\"inLanguage\":\"es\"},{\"@type\":\"WebPage\",\"@id\":\"https:\\\/\\\/lospoliticosveracruz.com\\\/?p=123814\",\"url\":\"https:\\\/\\\/lospoliticosveracruz.com\\\/?p=123814\",\"name\":\"EL MENSAJE ENTRE YUNES Y CUITL\u00c1HUAC - Los pol\u00edticos Veracruz\",\"isPartOf\":{\"@id\":\"https:\\\/\\\/lospoliticosveracruz.com\\\/#website\"},\"primaryImageOfPage\":{\"@id\":\"https:\\\/\\\/lospoliticosveracruz.com\\\/?p=123814#primaryimage\"},\"image\":{\"@id\":\"https:\\\/\\\/lospoliticosveracruz.com\\\/?p=123814#primaryimage\"},\"thumbnailUrl\":\"https:\\\/\\\/lospoliticosveracruz.com\\\/wp-content\\\/uploads\\\/2024\\\/03\\\/Ricardo-Chua.jpg\",\"datePublished\":\"2024-05-08T07:56:40+00:00\",\"dateModified\":\"2024-05-08T07:56:52+00:00\",\"breadcrumb\":{\"@id\":\"https:\\\/\\\/lospoliticosveracruz.com\\\/?p=123814#breadcrumb\"},\"inLanguage\":\"es\",\"potentialAction\":[{\"@type\":\"ReadAction\",\"target\":[\"https:\\\/\\\/lospoliticosveracruz.com\\\/?p=123814\"]}]},{\"@type\":\"ImageObject\",\"inLanguage\":\"es\",\"@id\":\"https:\\\/\\\/lospoliticosveracruz.com\\\/?p=123814#primaryimage\",\"url\":\"https:\\\/\\\/lospoliticosveracruz.com\\\/wp-content\\\/uploads\\\/2024\\\/03\\\/Ricardo-Chua.jpg\",\"contentUrl\":\"https:\\\/\\\/lospoliticosveracruz.com\\\/wp-content\\\/uploads\\\/2024\\\/03\\\/Ricardo-Chua.jpg\",\"width\":1250,\"height\":667},{\"@type\":\"BreadcrumbList\",\"@id\":\"https:\\\/\\\/lospoliticosveracruz.com\\\/?p=123814#breadcrumb\",\"itemListElement\":[{\"@type\":\"ListItem\",\"position\":1,\"name\":\"Portada\",\"item\":\"https:\\\/\\\/lospoliticosveracruz.com\\\/\"},{\"@type\":\"ListItem\",\"position\":2,\"name\":\"EL MENSAJE ENTRE YUNES Y CUITL\u00c1HUAC\"}]},{\"@type\":\"WebSite\",\"@id\":\"https:\\\/\\\/lospoliticosveracruz.com\\\/#website\",\"url\":\"https:\\\/\\\/lospoliticosveracruz.com\\\/\",\"name\":\"Los pol\u00edticos Veracruz\",\"description\":\"\",\"publisher\":{\"@id\":\"https:\\\/\\\/lospoliticosveracruz.com\\\/#organization\"},\"potentialAction\":[{\"@type\":\"SearchAction\",\"target\":{\"@type\":\"EntryPoint\",\"urlTemplate\":\"https:\\\/\\\/lospoliticosveracruz.com\\\/?s={search_term_string}\"},\"query-input\":{\"@type\":\"PropertyValueSpecification\",\"valueRequired\":true,\"valueName\":\"search_term_string\"}}],\"inLanguage\":\"es\"},{\"@type\":\"Organization\",\"@id\":\"https:\\\/\\\/lospoliticosveracruz.com\\\/#organization\",\"name\":\"Los pol\u00edticos Veracruz\",\"url\":\"https:\\\/\\\/lospoliticosveracruz.com\\\/\",\"logo\":{\"@type\":\"ImageObject\",\"inLanguage\":\"es\",\"@id\":\"https:\\\/\\\/lospoliticosveracruz.com\\\/#\\\/schema\\\/logo\\\/image\\\/\",\"url\":\"https:\\\/\\\/lospoliticosveracruz.com\\\/wp-content\\\/uploads\\\/2025\\\/12\\\/Logo-Nuevo-LOS-POLITICOS-1.jpg\",\"contentUrl\":\"https:\\\/\\\/lospoliticosveracruz.com\\\/wp-content\\\/uploads\\\/2025\\\/12\\\/Logo-Nuevo-LOS-POLITICOS-1.jpg\",\"width\":260,\"height\":70,\"caption\":\"Los pol\u00edticos Veracruz\"},\"image\":{\"@id\":\"https:\\\/\\\/lospoliticosveracruz.com\\\/#\\\/schema\\\/logo\\\/image\\\/\"},\"sameAs\":[\"https:\\\/\\\/www.facebook.com\\\/people\\\/Notimemes-de-los-Polticos\\\/61565672886568\\\/\",\"https:\\\/\\\/x.com\\\/LosPoliticosVer\"]},{\"@type\":\"Person\",\"@id\":\"https:\\\/\\\/lospoliticosveracruz.com\\\/#\\\/schema\\\/person\\\/b8702bb0e538456e6efd07080bf2a4a2\",\"name\":\"Lo viste en Los Pol\u00edticos\",\"image\":{\"@type\":\"ImageObject\",\"inLanguage\":\"es\",\"@id\":\"https:\\\/\\\/secure.gravatar.com\\\/avatar\\\/3a8de04a2656d44082be478bd6c086daa447c4651605818287b9532d3d0bd435?s=96&d=mm&r=g\",\"url\":\"https:\\\/\\\/secure.gravatar.com\\\/avatar\\\/3a8de04a2656d44082be478bd6c086daa447c4651605818287b9532d3d0bd435?s=96&d=mm&r=g\",\"contentUrl\":\"https:\\\/\\\/secure.gravatar.com\\\/avatar\\\/3a8de04a2656d44082be478bd6c086daa447c4651605818287b9532d3d0bd435?s=96&d=mm&r=g\",\"caption\":\"Lo viste en Los Pol\u00edticos\"},\"url\":\"https:\\\/\\\/lospoliticosveracruz.com\\\/?author=2\"}]}<\/script>\n<!-- \/ Yoast SEO plugin. -->","yoast_head_json":{"title":"EL MENSAJE ENTRE YUNES Y CUITL\u00c1HUAC - Los pol\u00edticos Veracruz","robots":{"index":"index","follow":"follow","max-snippet":"max-snippet:-1","max-image-preview":"max-image-preview:large","max-video-preview":"max-video-preview:-1"},"canonical":"https:\/\/lospoliticosveracruz.com\/?p=123814","og_locale":"es_ES","og_type":"article","og_title":"EL MENSAJE ENTRE YUNES Y CUITL\u00c1HUAC - Los pol\u00edticos Veracruz","og_description":"Ricardo Chua Sale y Vale El \u00abGarganta Profunda\u00bb, uno de los m\u00e1s expertos en escenarios pol\u00edticos en Veracruz, se\u00f1ala que tiene la idea muy clara que la INTERVENCI\u00d3N directa del ex gobernador, Miguel \u00c1ngel Yunes Linares al proceso electoral local y federal en la entidad.. Es porque la oposici\u00f3n va a \u00abechar toda la carne [&hellip;]","og_url":"https:\/\/lospoliticosveracruz.com\/?p=123814","og_site_name":"Los pol\u00edticos Veracruz","article_publisher":"https:\/\/www.facebook.com\/people\/Notimemes-de-los-Polticos\/61565672886568\/","article_published_time":"2024-05-08T07:56:40+00:00","article_modified_time":"2024-05-08T07:56:52+00:00","og_image":[{"width":1250,"height":667,"url":"https:\/\/lospoliticosveracruz.com\/wp-content\/uploads\/2024\/03\/Ricardo-Chua.jpg","type":"image\/jpeg"}],"author":"Lo viste en Los Pol\u00edticos","twitter_card":"summary_large_image","twitter_creator":"@LosPoliticosVer","twitter_site":"@LosPoliticosVer","twitter_misc":{"Escrito por":"Lo viste en Los Pol\u00edticos","Tiempo de lectura":"4 minutos"},"schema":{"@context":"https:\/\/schema.org","@graph":[{"@type":"Article","@id":"https:\/\/lospoliticosveracruz.com\/?p=123814#article","isPartOf":{"@id":"https:\/\/lospoliticosveracruz.com\/?p=123814"},"author":{"name":"Lo viste en Los Pol\u00edticos","@id":"https:\/\/lospoliticosveracruz.com\/#\/schema\/person\/b8702bb0e538456e6efd07080bf2a4a2"},"headline":"EL MENSAJE ENTRE YUNES Y CUITL\u00c1HUAC","datePublished":"2024-05-08T07:56:40+00:00","dateModified":"2024-05-08T07:56:52+00:00","mainEntityOfPage":{"@id":"https:\/\/lospoliticosveracruz.com\/?p=123814"},"wordCount":866,"publisher":{"@id":"https:\/\/lospoliticosveracruz.com\/#organization"},"image":{"@id":"https:\/\/lospoliticosveracruz.com\/?p=123814#primaryimage"},"thumbnailUrl":"https:\/\/lospoliticosveracruz.com\/wp-content\/uploads\/2024\/03\/Ricardo-Chua.jpg","keywords":["Andr\u00e9s Manuel L\u00f3pez Obrador","Cuitl\u00e1huac Garc\u00eda Jim\u00e9nez","Miguel \u00c1ngel Yunes Linares","Miguel \u00c1ngel Yunes M\u00e1rquez","Morena","Pepe Yunes","Roc\u00edo Nahle","Veracruz"],"articleSection":["De Opini\u00f3n"],"inLanguage":"es"},{"@type":"WebPage","@id":"https:\/\/lospoliticosveracruz.com\/?p=123814","url":"https:\/\/lospoliticosveracruz.com\/?p=123814","name":"EL MENSAJE ENTRE YUNES Y CUITL\u00c1HUAC - Los pol\u00edticos Veracruz","isPartOf":{"@id":"https:\/\/lospoliticosveracruz.com\/#website"},"primaryImageOfPage":{"@id":"https:\/\/lospoliticosveracruz.com\/?p=123814#primaryimage"},"image":{"@id":"https:\/\/lospoliticosveracruz.com\/?p=123814#primaryimage"},"thumbnailUrl":"https:\/\/lospoliticosveracruz.com\/wp-content\/uploads\/2024\/03\/Ricardo-Chua.jpg","datePublished":"2024-05-08T07:56:40+00:00","dateModified":"2024-05-08T07:56:52+00:00","breadcrumb":{"@id":"https:\/\/lospoliticosveracruz.com\/?p=123814#breadcrumb"},"inLanguage":"es","potentialAction":[{"@type":"ReadAction","target":["https:\/\/lospoliticosveracruz.com\/?p=123814"]}]},{"@type":"ImageObject","inLanguage":"es","@id":"https:\/\/lospoliticosveracruz.com\/?p=123814#primaryimage","url":"https:\/\/lospoliticosveracruz.com\/wp-content\/uploads\/2024\/03\/Ricardo-Chua.jpg","contentUrl":"https:\/\/lospoliticosveracruz.com\/wp-content\/uploads\/2024\/03\/Ricardo-Chua.jpg","width":1250,"height":667},{"@type":"BreadcrumbList","@id":"https:\/\/lospoliticosveracruz.com\/?p=123814#breadcrumb","itemListElement":[{"@type":"ListItem","position":1,"name":"Portada","item":"https:\/\/lospoliticosveracruz.com\/"},{"@type":"ListItem","position":2,"name":"EL MENSAJE ENTRE YUNES Y CUITL\u00c1HUAC"}]},{"@type":"WebSite","@id":"https:\/\/lospoliticosveracruz.com\/#website","url":"https:\/\/lospoliticosveracruz.com\/","name":"Los pol\u00edticos Veracruz","description":"","publisher":{"@id":"https:\/\/lospoliticosveracruz.com\/#organization"},"potentialAction":[{"@type":"SearchAction","target":{"@type":"EntryPoint","urlTemplate":"https:\/\/lospoliticosveracruz.com\/?s={search_term_string}"},"query-input":{"@type":"PropertyValueSpecification","valueRequired":true,"valueName":"search_term_string"}}],"inLanguage":"es"},{"@type":"Organization","@id":"https:\/\/lospoliticosveracruz.com\/#organization","name":"Los pol\u00edticos Veracruz","url":"https:\/\/lospoliticosveracruz.com\/","logo":{"@type":"ImageObject","inLanguage":"es","@id":"https:\/\/lospoliticosveracruz.com\/#\/schema\/logo\/image\/","url":"https:\/\/lospoliticosveracruz.com\/wp-content\/uploads\/2025\/12\/Logo-Nuevo-LOS-POLITICOS-1.jpg","contentUrl":"https:\/\/lospoliticosveracruz.com\/wp-content\/uploads\/2025\/12\/Logo-Nuevo-LOS-POLITICOS-1.jpg","width":260,"height":70,"caption":"Los pol\u00edticos Veracruz"},"image":{"@id":"https:\/\/lospoliticosveracruz.com\/#\/schema\/logo\/image\/"},"sameAs":["https:\/\/www.facebook.com\/people\/Notimemes-de-los-Polticos\/61565672886568\/","https:\/\/x.com\/LosPoliticosVer"]},{"@type":"Person","@id":"https:\/\/lospoliticosveracruz.com\/#\/schema\/person\/b8702bb0e538456e6efd07080bf2a4a2","name":"Lo viste en Los Pol\u00edticos","image":{"@type":"ImageObject","inLanguage":"es","@id":"https:\/\/secure.gravatar.com\/avatar\/3a8de04a2656d44082be478bd6c086daa447c4651605818287b9532d3d0bd435?s=96&d=mm&r=g","url":"https:\/\/secure.gravatar.com\/avatar\/3a8de04a2656d44082be478bd6c086daa447c4651605818287b9532d3d0bd435?s=96&d=mm&r=g","contentUrl":"https:\/\/secure.gravatar.com\/avatar\/3a8de04a2656d44082be478bd6c086daa447c4651605818287b9532d3d0bd435?s=96&d=mm&r=g","caption":"Lo viste en Los Pol\u00edticos"},"url":"https:\/\/lospoliticosveracruz.com\/?author=2"}]}},"_links":{"self":[{"href":"https:\/\/lospoliticosveracruz.com\/index.php?rest_route=\/wp\/v2\/posts\/123814","targetHints":{"allow":["GET"]}}],"collection":[{"href":"https:\/\/lospoliticosveracruz.com\/index.php?rest_route=\/wp\/v2\/posts"}],"about":[{"href":"https:\/\/lospoliticosveracruz.com\/index.php?rest_route=\/wp\/v2\/types\/post"}],"author":[{"embeddable":true,"href":"https:\/\/lospoliticosveracruz.com\/index.php?rest_route=\/wp\/v2\/users\/2"}],"replies":[{"embeddable":true,"href":"https:\/\/lospoliticosveracruz.com\/index.php?rest_route=%2Fwp%2Fv2%2Fcomments&post=123814"}],"version-history":[{"count":1,"href":"https:\/\/lospoliticosveracruz.com\/index.php?rest_route=\/wp\/v2\/posts\/123814\/revisions"}],"predecessor-version":[{"id":123815,"href":"https:\/\/lospoliticosveracruz.com\/index.php?rest_route=\/wp\/v2\/posts\/123814\/revisions\/123815"}],"wp:featuredmedia":[{"embeddable":true,"href":"https:\/\/lospoliticosveracruz.com\/index.php?rest_route=\/wp\/v2\/media\/119817"}],"wp:attachment":[{"href":"https:\/\/lospoliticosveracruz.com\/index.php?rest_route=%2Fwp%2Fv2%2Fmedia&parent=123814"}],"wp:term":[{"taxonomy":"category","embeddable":true,"href":"https:\/\/lospoliticosveracruz.com\/index.php?rest_route=%2Fwp%2Fv2%2Fcategories&post=123814"},{"taxonomy":"post_tag","embeddable":true,"href":"https:\/\/lospoliticosveracruz.com\/index.php?rest_route=%2Fwp%2Fv2%2Ftags&post=123814"}],"curies":[{"name":"wp","href":"https:\/\/api.w.org\/{rel}","templated":true}]}}