{"id":123841,"date":"2024-05-08T10:42:18","date_gmt":"2024-05-08T15:42:18","guid":{"rendered":"https:\/\/lospoliticosveracruz.com.mx\/?p=123841"},"modified":"2024-05-08T10:42:28","modified_gmt":"2024-05-08T15:42:28","slug":"dante-y-la-contienda-por-el-senado","status":"publish","type":"post","link":"https:\/\/lospoliticosveracruz.com\/?p=123841","title":{"rendered":"DANTE Y LA CONTIENDA POR EL SENADO"},"content":{"rendered":"\n<p><\/p>\n\n\n\n<p><strong>Luis Alberto Romero<br><\/strong><em>Hora cero<br><\/em>La contienda por el Senado ya cumpli\u00f3 9 semanas; a la campa\u00f1a le faltan 22 d\u00edas; es el tiempo que tienen los candidatos para continuar su labor proselitista.<\/p>\n\n\n\n<p>En Veracruz, los seis aspirantes afinan los detalles de sus respectivos cierres: en ese proceso se encuentran Claudia Tello y Manuel Huerta, de Morena-PT-PVEM; Miguel \u00c1ngel Yunes y Sara Ladr\u00f3n de Guevara, de PAN-PRD-PRI; y Dante Delgado y Ang\u00e9lica S\u00e1nchez de Movimiento Ciudadano.<\/p>\n\n\n<div class=\"wp-block-image\">\n<figure class=\"alignleft size-medium\"><a href=\"https:\/\/lospoliticosveracruz.com.mx\/wp-content\/uploads\/2021\/10\/Zacauilt.jpg\"><img decoding=\"async\" src=\"https:\/\/lospoliticosveracruz.com.mx\/wp-content\/uploads\/2021\/10\/Zacauilt-150x300.jpg\" alt=\"\" class=\"wp-image-80558\"\/><\/a><\/figure>\n<\/div>\n\n\n<p>Es una carrera totalmente diferente a la de la gubernatura.<\/p>\n\n\n\n<p>Dante Delgado Morales, hijo del ex gobernador Delgado Rannauro, ha centrado su estrategia en la falta de resultados de \u201cPRIAN y Morena\u201d para resolver los grandes problemas que enfrenta Veracruz.<\/p>\n\n\n\n<p>Apunta que en la entidad, el nivel que registra la pobreza es insultante y recuerda que m\u00e1s de la mitad de la poblaci\u00f3n, cerca de 5 millones de personas, enfrentan dificultades para llevar alimentos a su mesa.<\/p>\n\n\n\n<p>El candidato de MC en la primera f\u00f3rmula al Senado ha recorrido dos veces la entidad en la presente campa\u00f1a; dice que es complicado estar en los 212 municipios, pero ha estado en las 30 cabeceras distritales locales y en las 19 federales; y \u201ctodav\u00eda tendremos tiempo para dar una o dos vueltas m\u00e1s\u201d.<\/p>\n\n\n\n<p>Con relaci\u00f3n al tema de la pobreza, el aspirante al Senado sostiene que \u201cla verdadera pandemia es la de los pobres; en cada recorrido por Veracruz me entristece observar los niveles tan dram\u00e1ticos de carencias\u201d.<\/p>\n\n\n\n<p>Agrega que el combate a la pobreza debe ser una prioridad en Veracruz; se registra, dijo, sobre todo en los cinturones de miseria en las ciudades, en las regiones rurales m\u00e1s apartadas, donde la gente no tiene ni siquiera \u201cpara llevar comida al plato\u201d.<\/p>\n\n\n\n<p>Ese tema, el de la pobreza, ocupa una parte importante en el discurso de Dante Delgado en este proceso; aunque afirma que existen otros problemas de atenci\u00f3n urgente, como el del agua: \u201cVeracruz tiene r\u00edos, lagunas y manantiales y la gente no tiene agua; en el caso espec\u00edfico de Xalapa, la obra m\u00e1s importante de Dante Delgado (el actual senador, su padre) cuando fue gobernador, fue el abastecimiento de agua\u2026 se hizo una construcci\u00f3n impresionante, se instalaron viveros y se sembraron much\u00edsimas hect\u00e1reas para asegurar el suministro en los pr\u00f3ximos 30 a\u00f1os; \u00bfy qu\u00e9 pas\u00f3?, pasaron los 30 a\u00f1os y nadie hizo nada; hoy hay consecuencias\u201d.<\/p>\n\n\n\n<p>El tema del agua, indica, \u201cno se resuelve comprando tubos y bombas; sino haciendo pol\u00edticas de infraestructura, de revisi\u00f3n de mantos acu\u00edferos, de creaci\u00f3n de bosques y reforestaci\u00f3n, que llevan muchos a\u00f1os\u201d.<\/p>\n\n\n\n<p>En esa l\u00f3gica, Delgado Morales sostiene que se deben destinar m\u00e1s recursos para asegurar un mejor futuro; \u201cse debe invertir en la infancia, en la educaci\u00f3n, en la ciencia y en la tecnolog\u00eda\u201d.<\/p>\n\n\n\n<p>Ante la pregunta sobre el rumbo de la contienda por el Senado en Veracruz, el candidato resume: \u201ces la vieja pol\u00edtica contra lo nuevo, lo fresco, lo que da resultados; y Dante Delgado est\u00e1 a favor de los veracruzanos y en especial de los 5 millones de veracruzanos que est\u00e1n en la pobreza\u201d.<\/p>\n\n\n\n<p>En menos de 4 semanas veremos c\u00f3mo le fue en esta contienda; y c\u00f3mo le pinta el escenario de cara a 2030.<\/p>\n\n\n\n<p>@luisromero85<\/p>\n","protected":false},"excerpt":{"rendered":"<p>Luis Alberto RomeroHora ceroLa contienda por el Senado ya cumpli\u00f3 9 semanas; a la campa\u00f1a le faltan 22 d\u00edas; es el tiempo que tienen los candidatos para continuar su labor proselitista. En Veracruz, los seis aspirantes afinan los detalles de sus respectivos cierres: en ese proceso se encuentran Claudia Tello y Manuel Huerta, de Morena-PT-PVEM; [&hellip;]<\/p>\n","protected":false},"author":2,"featured_media":119912,"comment_status":"closed","ping_status":"closed","sticky":false,"template":"","format":"standard","meta":{"tdm_status":"","tdm_grid_status":"","footnotes":""},"categories":[70],"tags":[2669,1510,755],"class_list":{"0":"post-123841","1":"post","2":"type-post","3":"status-publish","4":"format-standard","5":"has-post-thumbnail","7":"category-de-opinion","8":"tag-luis-alberto-romero","9":"tag-miguel-angel-yunes","10":"tag-sara-ladron-de-guevara"},"yoast_head":"<!-- This site is optimized with the Yoast SEO plugin v27.4 - https:\/\/yoast.com\/product\/yoast-seo-wordpress\/ -->\n<title>DANTE Y LA CONTIENDA POR EL SENADO - Los pol\u00edticos Veracruz<\/title>\n<meta name=\"robots\" content=\"index, follow, max-snippet:-1, max-image-preview:large, max-video-preview:-1\" \/>\n<link rel=\"canonical\" href=\"https:\/\/lospoliticosveracruz.com\/?p=123841\" \/>\n<meta property=\"og:locale\" content=\"es_ES\" \/>\n<meta property=\"og:type\" content=\"article\" \/>\n<meta property=\"og:title\" content=\"DANTE Y LA CONTIENDA POR EL SENADO - Los pol\u00edticos Veracruz\" \/>\n<meta property=\"og:description\" content=\"Luis Alberto RomeroHora ceroLa contienda por el Senado ya cumpli\u00f3 9 semanas; a la campa\u00f1a le faltan 22 d\u00edas; es el tiempo que tienen los candidatos para continuar su labor proselitista. En Veracruz, los seis aspirantes afinan los detalles de sus respectivos cierres: en ese proceso se encuentran Claudia Tello y Manuel Huerta, de Morena-PT-PVEM; [&hellip;]\" \/>\n<meta property=\"og:url\" content=\"https:\/\/lospoliticosveracruz.com\/?p=123841\" \/>\n<meta property=\"og:site_name\" content=\"Los pol\u00edticos Veracruz\" \/>\n<meta property=\"article:publisher\" content=\"https:\/\/www.facebook.com\/people\/Notimemes-de-los-Polticos\/61565672886568\/\" \/>\n<meta property=\"article:published_time\" content=\"2024-05-08T15:42:18+00:00\" \/>\n<meta property=\"article:modified_time\" content=\"2024-05-08T15:42:28+00:00\" \/>\n<meta property=\"og:image\" content=\"https:\/\/lospoliticosveracruz.com\/wp-content\/uploads\/2024\/03\/Luis-Romero.jpg\" \/>\n\t<meta property=\"og:image:width\" content=\"1250\" \/>\n\t<meta property=\"og:image:height\" content=\"667\" \/>\n\t<meta property=\"og:image:type\" content=\"image\/jpeg\" \/>\n<meta name=\"author\" content=\"Lo viste en Los Pol\u00edticos\" \/>\n<meta name=\"twitter:card\" content=\"summary_large_image\" \/>\n<meta name=\"twitter:creator\" content=\"@LosPoliticosVer\" \/>\n<meta name=\"twitter:site\" content=\"@LosPoliticosVer\" \/>\n<meta name=\"twitter:label1\" content=\"Escrito por\" \/>\n\t<meta name=\"twitter:data1\" content=\"Lo viste en Los Pol\u00edticos\" \/>\n\t<meta name=\"twitter:label2\" content=\"Tiempo de lectura\" \/>\n\t<meta name=\"twitter:data2\" content=\"3 minutos\" \/>\n<script type=\"application\/ld+json\" class=\"yoast-schema-graph\">{\"@context\":\"https:\\\/\\\/schema.org\",\"@graph\":[{\"@type\":\"Article\",\"@id\":\"https:\\\/\\\/lospoliticosveracruz.com\\\/?p=123841#article\",\"isPartOf\":{\"@id\":\"https:\\\/\\\/lospoliticosveracruz.com\\\/?p=123841\"},\"author\":{\"name\":\"Lo viste en Los Pol\u00edticos\",\"@id\":\"https:\\\/\\\/lospoliticosveracruz.com\\\/#\\\/schema\\\/person\\\/b8702bb0e538456e6efd07080bf2a4a2\"},\"headline\":\"DANTE Y LA CONTIENDA POR EL SENADO\",\"datePublished\":\"2024-05-08T15:42:18+00:00\",\"dateModified\":\"2024-05-08T15:42:28+00:00\",\"mainEntityOfPage\":{\"@id\":\"https:\\\/\\\/lospoliticosveracruz.com\\\/?p=123841\"},\"wordCount\":567,\"publisher\":{\"@id\":\"https:\\\/\\\/lospoliticosveracruz.com\\\/#organization\"},\"image\":{\"@id\":\"https:\\\/\\\/lospoliticosveracruz.com\\\/?p=123841#primaryimage\"},\"thumbnailUrl\":\"https:\\\/\\\/lospoliticosveracruz.com\\\/wp-content\\\/uploads\\\/2024\\\/03\\\/Luis-Romero.jpg\",\"keywords\":[\"Luis Alberto Romero\",\"Miguel \u00c1ngel Yunes\",\"Sara Ladr\u00f3n de Guevara\"],\"articleSection\":[\"De Opini\u00f3n\"],\"inLanguage\":\"es\"},{\"@type\":\"WebPage\",\"@id\":\"https:\\\/\\\/lospoliticosveracruz.com\\\/?p=123841\",\"url\":\"https:\\\/\\\/lospoliticosveracruz.com\\\/?p=123841\",\"name\":\"DANTE Y LA CONTIENDA POR EL SENADO - Los pol\u00edticos Veracruz\",\"isPartOf\":{\"@id\":\"https:\\\/\\\/lospoliticosveracruz.com\\\/#website\"},\"primaryImageOfPage\":{\"@id\":\"https:\\\/\\\/lospoliticosveracruz.com\\\/?p=123841#primaryimage\"},\"image\":{\"@id\":\"https:\\\/\\\/lospoliticosveracruz.com\\\/?p=123841#primaryimage\"},\"thumbnailUrl\":\"https:\\\/\\\/lospoliticosveracruz.com\\\/wp-content\\\/uploads\\\/2024\\\/03\\\/Luis-Romero.jpg\",\"datePublished\":\"2024-05-08T15:42:18+00:00\",\"dateModified\":\"2024-05-08T15:42:28+00:00\",\"breadcrumb\":{\"@id\":\"https:\\\/\\\/lospoliticosveracruz.com\\\/?p=123841#breadcrumb\"},\"inLanguage\":\"es\",\"potentialAction\":[{\"@type\":\"ReadAction\",\"target\":[\"https:\\\/\\\/lospoliticosveracruz.com\\\/?p=123841\"]}]},{\"@type\":\"ImageObject\",\"inLanguage\":\"es\",\"@id\":\"https:\\\/\\\/lospoliticosveracruz.com\\\/?p=123841#primaryimage\",\"url\":\"https:\\\/\\\/lospoliticosveracruz.com\\\/wp-content\\\/uploads\\\/2024\\\/03\\\/Luis-Romero.jpg\",\"contentUrl\":\"https:\\\/\\\/lospoliticosveracruz.com\\\/wp-content\\\/uploads\\\/2024\\\/03\\\/Luis-Romero.jpg\",\"width\":1250,\"height\":667},{\"@type\":\"BreadcrumbList\",\"@id\":\"https:\\\/\\\/lospoliticosveracruz.com\\\/?p=123841#breadcrumb\",\"itemListElement\":[{\"@type\":\"ListItem\",\"position\":1,\"name\":\"Portada\",\"item\":\"https:\\\/\\\/lospoliticosveracruz.com\\\/\"},{\"@type\":\"ListItem\",\"position\":2,\"name\":\"DANTE Y LA CONTIENDA POR EL SENADO\"}]},{\"@type\":\"WebSite\",\"@id\":\"https:\\\/\\\/lospoliticosveracruz.com\\\/#website\",\"url\":\"https:\\\/\\\/lospoliticosveracruz.com\\\/\",\"name\":\"Los pol\u00edticos Veracruz\",\"description\":\"\",\"publisher\":{\"@id\":\"https:\\\/\\\/lospoliticosveracruz.com\\\/#organization\"},\"potentialAction\":[{\"@type\":\"SearchAction\",\"target\":{\"@type\":\"EntryPoint\",\"urlTemplate\":\"https:\\\/\\\/lospoliticosveracruz.com\\\/?s={search_term_string}\"},\"query-input\":{\"@type\":\"PropertyValueSpecification\",\"valueRequired\":true,\"valueName\":\"search_term_string\"}}],\"inLanguage\":\"es\"},{\"@type\":\"Organization\",\"@id\":\"https:\\\/\\\/lospoliticosveracruz.com\\\/#organization\",\"name\":\"Los pol\u00edticos Veracruz\",\"url\":\"https:\\\/\\\/lospoliticosveracruz.com\\\/\",\"logo\":{\"@type\":\"ImageObject\",\"inLanguage\":\"es\",\"@id\":\"https:\\\/\\\/lospoliticosveracruz.com\\\/#\\\/schema\\\/logo\\\/image\\\/\",\"url\":\"https:\\\/\\\/lospoliticosveracruz.com\\\/wp-content\\\/uploads\\\/2025\\\/12\\\/Logo-Nuevo-LOS-POLITICOS-1.jpg\",\"contentUrl\":\"https:\\\/\\\/lospoliticosveracruz.com\\\/wp-content\\\/uploads\\\/2025\\\/12\\\/Logo-Nuevo-LOS-POLITICOS-1.jpg\",\"width\":260,\"height\":70,\"caption\":\"Los pol\u00edticos Veracruz\"},\"image\":{\"@id\":\"https:\\\/\\\/lospoliticosveracruz.com\\\/#\\\/schema\\\/logo\\\/image\\\/\"},\"sameAs\":[\"https:\\\/\\\/www.facebook.com\\\/people\\\/Notimemes-de-los-Polticos\\\/61565672886568\\\/\",\"https:\\\/\\\/x.com\\\/LosPoliticosVer\"]},{\"@type\":\"Person\",\"@id\":\"https:\\\/\\\/lospoliticosveracruz.com\\\/#\\\/schema\\\/person\\\/b8702bb0e538456e6efd07080bf2a4a2\",\"name\":\"Lo viste en Los Pol\u00edticos\",\"image\":{\"@type\":\"ImageObject\",\"inLanguage\":\"es\",\"@id\":\"https:\\\/\\\/secure.gravatar.com\\\/avatar\\\/3a8de04a2656d44082be478bd6c086daa447c4651605818287b9532d3d0bd435?s=96&d=mm&r=g\",\"url\":\"https:\\\/\\\/secure.gravatar.com\\\/avatar\\\/3a8de04a2656d44082be478bd6c086daa447c4651605818287b9532d3d0bd435?s=96&d=mm&r=g\",\"contentUrl\":\"https:\\\/\\\/secure.gravatar.com\\\/avatar\\\/3a8de04a2656d44082be478bd6c086daa447c4651605818287b9532d3d0bd435?s=96&d=mm&r=g\",\"caption\":\"Lo viste en Los Pol\u00edticos\"},\"url\":\"https:\\\/\\\/lospoliticosveracruz.com\\\/?author=2\"}]}<\/script>\n<!-- \/ Yoast SEO plugin. -->","yoast_head_json":{"title":"DANTE Y LA CONTIENDA POR EL SENADO - Los pol\u00edticos Veracruz","robots":{"index":"index","follow":"follow","max-snippet":"max-snippet:-1","max-image-preview":"max-image-preview:large","max-video-preview":"max-video-preview:-1"},"canonical":"https:\/\/lospoliticosveracruz.com\/?p=123841","og_locale":"es_ES","og_type":"article","og_title":"DANTE Y LA CONTIENDA POR EL SENADO - Los pol\u00edticos Veracruz","og_description":"Luis Alberto RomeroHora ceroLa contienda por el Senado ya cumpli\u00f3 9 semanas; a la campa\u00f1a le faltan 22 d\u00edas; es el tiempo que tienen los candidatos para continuar su labor proselitista. En Veracruz, los seis aspirantes afinan los detalles de sus respectivos cierres: en ese proceso se encuentran Claudia Tello y Manuel Huerta, de Morena-PT-PVEM; [&hellip;]","og_url":"https:\/\/lospoliticosveracruz.com\/?p=123841","og_site_name":"Los pol\u00edticos Veracruz","article_publisher":"https:\/\/www.facebook.com\/people\/Notimemes-de-los-Polticos\/61565672886568\/","article_published_time":"2024-05-08T15:42:18+00:00","article_modified_time":"2024-05-08T15:42:28+00:00","og_image":[{"width":1250,"height":667,"url":"https:\/\/lospoliticosveracruz.com\/wp-content\/uploads\/2024\/03\/Luis-Romero.jpg","type":"image\/jpeg"}],"author":"Lo viste en Los Pol\u00edticos","twitter_card":"summary_large_image","twitter_creator":"@LosPoliticosVer","twitter_site":"@LosPoliticosVer","twitter_misc":{"Escrito por":"Lo viste en Los Pol\u00edticos","Tiempo de lectura":"3 minutos"},"schema":{"@context":"https:\/\/schema.org","@graph":[{"@type":"Article","@id":"https:\/\/lospoliticosveracruz.com\/?p=123841#article","isPartOf":{"@id":"https:\/\/lospoliticosveracruz.com\/?p=123841"},"author":{"name":"Lo viste en Los Pol\u00edticos","@id":"https:\/\/lospoliticosveracruz.com\/#\/schema\/person\/b8702bb0e538456e6efd07080bf2a4a2"},"headline":"DANTE Y LA CONTIENDA POR EL SENADO","datePublished":"2024-05-08T15:42:18+00:00","dateModified":"2024-05-08T15:42:28+00:00","mainEntityOfPage":{"@id":"https:\/\/lospoliticosveracruz.com\/?p=123841"},"wordCount":567,"publisher":{"@id":"https:\/\/lospoliticosveracruz.com\/#organization"},"image":{"@id":"https:\/\/lospoliticosveracruz.com\/?p=123841#primaryimage"},"thumbnailUrl":"https:\/\/lospoliticosveracruz.com\/wp-content\/uploads\/2024\/03\/Luis-Romero.jpg","keywords":["Luis Alberto Romero","Miguel \u00c1ngel Yunes","Sara Ladr\u00f3n de Guevara"],"articleSection":["De Opini\u00f3n"],"inLanguage":"es"},{"@type":"WebPage","@id":"https:\/\/lospoliticosveracruz.com\/?p=123841","url":"https:\/\/lospoliticosveracruz.com\/?p=123841","name":"DANTE Y LA CONTIENDA POR EL SENADO - Los pol\u00edticos Veracruz","isPartOf":{"@id":"https:\/\/lospoliticosveracruz.com\/#website"},"primaryImageOfPage":{"@id":"https:\/\/lospoliticosveracruz.com\/?p=123841#primaryimage"},"image":{"@id":"https:\/\/lospoliticosveracruz.com\/?p=123841#primaryimage"},"thumbnailUrl":"https:\/\/lospoliticosveracruz.com\/wp-content\/uploads\/2024\/03\/Luis-Romero.jpg","datePublished":"2024-05-08T15:42:18+00:00","dateModified":"2024-05-08T15:42:28+00:00","breadcrumb":{"@id":"https:\/\/lospoliticosveracruz.com\/?p=123841#breadcrumb"},"inLanguage":"es","potentialAction":[{"@type":"ReadAction","target":["https:\/\/lospoliticosveracruz.com\/?p=123841"]}]},{"@type":"ImageObject","inLanguage":"es","@id":"https:\/\/lospoliticosveracruz.com\/?p=123841#primaryimage","url":"https:\/\/lospoliticosveracruz.com\/wp-content\/uploads\/2024\/03\/Luis-Romero.jpg","contentUrl":"https:\/\/lospoliticosveracruz.com\/wp-content\/uploads\/2024\/03\/Luis-Romero.jpg","width":1250,"height":667},{"@type":"BreadcrumbList","@id":"https:\/\/lospoliticosveracruz.com\/?p=123841#breadcrumb","itemListElement":[{"@type":"ListItem","position":1,"name":"Portada","item":"https:\/\/lospoliticosveracruz.com\/"},{"@type":"ListItem","position":2,"name":"DANTE Y LA CONTIENDA POR EL SENADO"}]},{"@type":"WebSite","@id":"https:\/\/lospoliticosveracruz.com\/#website","url":"https:\/\/lospoliticosveracruz.com\/","name":"Los pol\u00edticos Veracruz","description":"","publisher":{"@id":"https:\/\/lospoliticosveracruz.com\/#organization"},"potentialAction":[{"@type":"SearchAction","target":{"@type":"EntryPoint","urlTemplate":"https:\/\/lospoliticosveracruz.com\/?s={search_term_string}"},"query-input":{"@type":"PropertyValueSpecification","valueRequired":true,"valueName":"search_term_string"}}],"inLanguage":"es"},{"@type":"Organization","@id":"https:\/\/lospoliticosveracruz.com\/#organization","name":"Los pol\u00edticos Veracruz","url":"https:\/\/lospoliticosveracruz.com\/","logo":{"@type":"ImageObject","inLanguage":"es","@id":"https:\/\/lospoliticosveracruz.com\/#\/schema\/logo\/image\/","url":"https:\/\/lospoliticosveracruz.com\/wp-content\/uploads\/2025\/12\/Logo-Nuevo-LOS-POLITICOS-1.jpg","contentUrl":"https:\/\/lospoliticosveracruz.com\/wp-content\/uploads\/2025\/12\/Logo-Nuevo-LOS-POLITICOS-1.jpg","width":260,"height":70,"caption":"Los pol\u00edticos Veracruz"},"image":{"@id":"https:\/\/lospoliticosveracruz.com\/#\/schema\/logo\/image\/"},"sameAs":["https:\/\/www.facebook.com\/people\/Notimemes-de-los-Polticos\/61565672886568\/","https:\/\/x.com\/LosPoliticosVer"]},{"@type":"Person","@id":"https:\/\/lospoliticosveracruz.com\/#\/schema\/person\/b8702bb0e538456e6efd07080bf2a4a2","name":"Lo viste en Los Pol\u00edticos","image":{"@type":"ImageObject","inLanguage":"es","@id":"https:\/\/secure.gravatar.com\/avatar\/3a8de04a2656d44082be478bd6c086daa447c4651605818287b9532d3d0bd435?s=96&d=mm&r=g","url":"https:\/\/secure.gravatar.com\/avatar\/3a8de04a2656d44082be478bd6c086daa447c4651605818287b9532d3d0bd435?s=96&d=mm&r=g","contentUrl":"https:\/\/secure.gravatar.com\/avatar\/3a8de04a2656d44082be478bd6c086daa447c4651605818287b9532d3d0bd435?s=96&d=mm&r=g","caption":"Lo viste en Los Pol\u00edticos"},"url":"https:\/\/lospoliticosveracruz.com\/?author=2"}]}},"_links":{"self":[{"href":"https:\/\/lospoliticosveracruz.com\/index.php?rest_route=\/wp\/v2\/posts\/123841","targetHints":{"allow":["GET"]}}],"collection":[{"href":"https:\/\/lospoliticosveracruz.com\/index.php?rest_route=\/wp\/v2\/posts"}],"about":[{"href":"https:\/\/lospoliticosveracruz.com\/index.php?rest_route=\/wp\/v2\/types\/post"}],"author":[{"embeddable":true,"href":"https:\/\/lospoliticosveracruz.com\/index.php?rest_route=\/wp\/v2\/users\/2"}],"replies":[{"embeddable":true,"href":"https:\/\/lospoliticosveracruz.com\/index.php?rest_route=%2Fwp%2Fv2%2Fcomments&post=123841"}],"version-history":[{"count":1,"href":"https:\/\/lospoliticosveracruz.com\/index.php?rest_route=\/wp\/v2\/posts\/123841\/revisions"}],"predecessor-version":[{"id":123842,"href":"https:\/\/lospoliticosveracruz.com\/index.php?rest_route=\/wp\/v2\/posts\/123841\/revisions\/123842"}],"wp:featuredmedia":[{"embeddable":true,"href":"https:\/\/lospoliticosveracruz.com\/index.php?rest_route=\/wp\/v2\/media\/119912"}],"wp:attachment":[{"href":"https:\/\/lospoliticosveracruz.com\/index.php?rest_route=%2Fwp%2Fv2%2Fmedia&parent=123841"}],"wp:term":[{"taxonomy":"category","embeddable":true,"href":"https:\/\/lospoliticosveracruz.com\/index.php?rest_route=%2Fwp%2Fv2%2Fcategories&post=123841"},{"taxonomy":"post_tag","embeddable":true,"href":"https:\/\/lospoliticosveracruz.com\/index.php?rest_route=%2Fwp%2Fv2%2Ftags&post=123841"}],"curies":[{"name":"wp","href":"https:\/\/api.w.org\/{rel}","templated":true}]}}