{"id":123931,"date":"2024-05-09T06:36:11","date_gmt":"2024-05-09T11:36:11","guid":{"rendered":"https:\/\/lospoliticosveracruz.com.mx\/?p=123931"},"modified":"2024-05-09T06:36:23","modified_gmt":"2024-05-09T11:36:23","slug":"la-frustracion","status":"publish","type":"post","link":"https:\/\/lospoliticosveracruz.com\/?p=123931","title":{"rendered":"LA FRUSTRACI\u00d3N"},"content":{"rendered":"\n<p><strong>Miguel \u00c1ngel G\u00f3mez Ruiz<\/strong><br><em>Contrapunto<\/em><\/p>\n\n\n\n<p>Hoy que se habla tanto de encuestas \u2013muchas de ellas realizadas con resultados favorables a quienes las pagan- no puede dejar de sorprendernos que hay gente que no aprendi\u00f3 o bien, no pudo hacer nada ante el fracaso de la administraci\u00f3n del presidente L\u00f3pez.<\/p>\n\n\n\n<p>Y no es que se me ocurra decir que fue un fracaso s\u00f3lo porque se me antoje hablar mal del presidente. La realidad es que no ha habido grandes resultados.<\/p>\n\n\n\n<p>Y no es a prop\u00f3sito hablar de esos fracasos o enumerarlos, pero es cierto que no todo ha sido exitoso. No s\u00f3lo lo creo yo, sino muchos, inclusive, un buen n\u00famero de obradoristas han expresado que no todo fue como el presidente lo describi\u00f3, inclusive exfuncionarios que estuvieron a su lado y que hoy d\u00eda, parecieran arrepentidos de haberlo estado.<\/p>\n\n\n\n<p>Porque una de las cosas que hay que destacar m\u00e1s y de lo que no se habla mucho es el terrible endeudamiento al que ha recurrido el gobierno en esta administraci\u00f3n. Es decir, jam\u00e1s hubo los ahorros por 500 mil millones de pesos. La entrega de becas y los pr\u00e9stamos \u2013 a fondo perdido- fueron tan elevados que no les alcanz\u00f3 y mire que el presidente desapareci\u00f3 fideicomisos y se apropi\u00f3 del dinero. Sus gobiernos recurrieron a subejercicios para apoyarle y ni as\u00ed alcanz\u00f3.<\/p>\n\n\n\n<p>Han hecho todo lo inimaginable y mire que ahora se apropiaron, por tiempo indefinido, de las Afores de muchos mexicanos, que quiz\u00e1 \u2013un tanto- no tocan ese dinero a fin de no quedarse sin nada. Inclusive, muchos simpatizantes del presidente L\u00f3pez no imaginan siquiera que ese dinero ser\u00e1 utilizado en una licuadora a la que agregar\u00e1n recursos de otras partes y hasta les prometieron utilidades. No dude que las habr\u00e1 una, dos o tres veces, pero luego el recurso escasear\u00e1. En serio.<\/p>\n\n\n\n<p>Tampoco se logr\u00f3 vencer al huachicol que se sigue vendiendo como si fuera bebida de horchata en estos tiempos de calor. Nunca hubo un triunfo y los robaductos hacen de las suyas, tan seguros que desde presidencia no se les har\u00e1 nada.<\/p>\n\n\n\n<p>El gas del Bienestar no tuvo \u00e9xito. Fue un fracaso rotundo, como lo ha sido hasta ahora la refiner\u00eda \u201cDos Bocas\u201d que no refinar\u00e1 en mucho tiempo. Es decir, no faltan semanas, sino meses o quiz\u00e1 un a\u00f1o o dos y eso est\u00e1 en veremos.<\/p>\n\n\n\n<p>El aeropuerto \u201cFelipe \u00c1ngeles\u201d, con fachada de Bodega Aurrer\u00e1 y que es recorrido por un grueso grupo de personal de ventas que no tiene a qui\u00e9n venderle, tambi\u00e9n ha sido un fracaso. Un joven empresario veracruzano, omitir\u00e9 el nombre, tuvo la mala fortuna de caer all\u00ed. Viaj\u00f3 con otros cinco pasajeros en un avi\u00f3n militar de Mexicana \u2013otro fracaso- y esper\u00f3 casi hora y media para trasladarse a la Ciudad de M\u00e9xico. Cuando por fin encontr\u00f3 una unidad, tuvo que pagar 1700 pesos para llegar a su destino.<\/p>\n\n\n\n<p>El criticado Tren Maya, cuya construcci\u00f3n ha causado severos destrozos tambi\u00e9n ha sido un fracaso, pues sus fallas ocurren a diario y la destrucci\u00f3n que provoca sigue aumentando. Se talaron cientos de miles de \u00e1rboles pese a que, en su ignorancia, el presidente dijo que ning\u00fan \u00e1rbol ser\u00eda talado. Hoy, el tren sigue siendo un fracaso y uno no deja de imaginar lo que les espera a mexicanos que podr\u00e1n utilizar trenes en el pa\u00eds, pese a que en carreteras podr\u00edan llegar cinco veces m\u00e1s r\u00e1pido.<\/p>\n\n\n\n<p>El tema m\u00e9dico es dram\u00e1tico. La atenci\u00f3n ha seguido siendo deficiente y la falta de medicinas a\u00fan m\u00e1s, pese a la gran farmacia que, en tiempos electorales, el presidente decidi\u00f3 crear, tras cinco a\u00f1os y medio en las que no se hizo nada. Su candidata, Claudia Sheinbaum, con el mismo discurso, promete una vez m\u00e1s, un servicio como el de Dinamarca, un pa\u00eds demasiado peque\u00f1o y cuya poblaci\u00f3n decide atenderse en Francia, Austria o Pa\u00edses Bajos.<\/p>\n\n\n\n<p>Y as\u00ed, la gasolina m\u00e1s cara y sin costar 10 pesos como lo prometi\u00f3 \u2013y s\u00ed lo prometi\u00f3- el presidente.<\/p>\n\n\n\n<p>Peor a\u00fan ha sido ver a un gobierno al que no le conduelen los pobres que hay en el pa\u00eds \u2013m\u00e1s pobres que al inicio de su gobierno-y que no tienen nada qu\u00e9 llevarse a la boca y que seguramente se enteraron que se dio asilo a la familia de Pedro Castillo, de Per\u00fa o que se enviaron recursos econ\u00f3micos a Cuba o bien, di\u00e9sel, o que se protegi\u00f3 en la Embajada de M\u00e9xico en Ecuador a un exfuncionario declarado culpable por las autoridades de ese pa\u00eds y al que le dar\u00edan asilo. El caso de Evo Morales. Y as\u00ed.<\/p>\n\n\n\n<p>Y hay muchas m\u00e1s cosas, el caso de Segalmex, las casas de sus funcionarios m\u00e1s cercanos, sus hijos (todos), la inseguridad y la corrupci\u00f3n que, \u00e9l mismo lo dijo, no desapareci\u00f3 nunca.<\/p>\n\n\n\n<p>Si hay gente que quiere que eso se repita, necesita ayuda psiqui\u00e1trica urgente. En serio.<\/p>\n\n\n\n<p>PD Un gusto enorme que haya sido reinstalado el magistrado Marco Antonio Lezama Moo, quien hab\u00eda sido despojado de su cargo por la entonces presidente, Sof\u00eda Mart\u00ednez Huerta, ya fallecida. Gan\u00f3 su caso en la Suprema Corte y ni la entonces presidente Isabel Romero Cruz ni los diputados locales le hicieron caso. Si se hubiese mantenido esa tonta decisi\u00f3n de no obedecer una resoluci\u00f3n de la Suprema Corte, la presidente Lisbeth Aurelia Jim\u00e9nez podr\u00eda haber sido multada, encarcelada e inhabilitada, pero tuvo un momento de cordura y eso se agradece. Felicidades al magistrado Lezama Moo.<\/p>\n","protected":false},"excerpt":{"rendered":"<p>Miguel \u00c1ngel G\u00f3mez RuizContrapunto Hoy que se habla tanto de encuestas \u2013muchas de ellas realizadas con resultados favorables a quienes las pagan- no puede dejar de sorprendernos que hay gente que no aprendi\u00f3 o bien, no pudo hacer nada ante el fracaso de la administraci\u00f3n del presidente L\u00f3pez. Y no es que se me ocurra [&hellip;]<\/p>\n","protected":false},"author":2,"featured_media":0,"comment_status":"closed","ping_status":"closed","sticky":false,"template":"","format":"standard","meta":{"tdm_status":"","tdm_grid_status":"","footnotes":""},"categories":[70],"tags":[618,1026,195],"class_list":{"0":"post-123931","1":"post","2":"type-post","3":"status-publish","4":"format-standard","6":"category-de-opinion","7":"tag-andres-manuel-lopez-obrador","8":"tag-morena","9":"tag-veracruz"},"yoast_head":"<!-- This site is optimized with the Yoast SEO plugin v27.4 - https:\/\/yoast.com\/product\/yoast-seo-wordpress\/ -->\n<title>LA FRUSTRACI\u00d3N - Los pol\u00edticos Veracruz<\/title>\n<meta name=\"robots\" content=\"index, follow, max-snippet:-1, max-image-preview:large, max-video-preview:-1\" \/>\n<link rel=\"canonical\" href=\"https:\/\/lospoliticosveracruz.com\/?p=123931\" \/>\n<meta property=\"og:locale\" content=\"es_ES\" \/>\n<meta property=\"og:type\" content=\"article\" \/>\n<meta property=\"og:title\" content=\"LA FRUSTRACI\u00d3N - Los pol\u00edticos Veracruz\" \/>\n<meta property=\"og:description\" content=\"Miguel \u00c1ngel G\u00f3mez RuizContrapunto Hoy que se habla tanto de encuestas \u2013muchas de ellas realizadas con resultados favorables a quienes las pagan- no puede dejar de sorprendernos que hay gente que no aprendi\u00f3 o bien, no pudo hacer nada ante el fracaso de la administraci\u00f3n del presidente L\u00f3pez. Y no es que se me ocurra [&hellip;]\" \/>\n<meta property=\"og:url\" content=\"https:\/\/lospoliticosveracruz.com\/?p=123931\" \/>\n<meta property=\"og:site_name\" content=\"Los pol\u00edticos Veracruz\" \/>\n<meta property=\"article:publisher\" content=\"https:\/\/www.facebook.com\/people\/Notimemes-de-los-Polticos\/61565672886568\/\" \/>\n<meta property=\"article:published_time\" content=\"2024-05-09T11:36:11+00:00\" \/>\n<meta property=\"article:modified_time\" content=\"2024-05-09T11:36:23+00:00\" \/>\n<meta property=\"og:image\" content=\"https:\/\/lospoliticosveracruz.com\/wp-content\/uploads\/2016\/07\/Logo-Dor.jpg\" \/>\n\t<meta property=\"og:image:width\" content=\"200\" \/>\n\t<meta property=\"og:image:height\" content=\"200\" \/>\n\t<meta property=\"og:image:type\" content=\"image\/jpeg\" \/>\n<meta name=\"author\" content=\"Lo viste en Los Pol\u00edticos\" \/>\n<meta name=\"twitter:card\" content=\"summary_large_image\" \/>\n<meta name=\"twitter:creator\" content=\"@LosPoliticosVer\" \/>\n<meta name=\"twitter:site\" content=\"@LosPoliticosVer\" \/>\n<meta name=\"twitter:label1\" content=\"Escrito por\" \/>\n\t<meta name=\"twitter:data1\" content=\"Lo viste en Los Pol\u00edticos\" \/>\n\t<meta name=\"twitter:label2\" content=\"Tiempo de lectura\" \/>\n\t<meta name=\"twitter:data2\" content=\"5 minutos\" \/>\n<script type=\"application\/ld+json\" class=\"yoast-schema-graph\">{\"@context\":\"https:\\\/\\\/schema.org\",\"@graph\":[{\"@type\":\"Article\",\"@id\":\"https:\\\/\\\/lospoliticosveracruz.com\\\/?p=123931#article\",\"isPartOf\":{\"@id\":\"https:\\\/\\\/lospoliticosveracruz.com\\\/?p=123931\"},\"author\":{\"name\":\"Lo viste en Los Pol\u00edticos\",\"@id\":\"https:\\\/\\\/lospoliticosveracruz.com\\\/#\\\/schema\\\/person\\\/b8702bb0e538456e6efd07080bf2a4a2\"},\"headline\":\"LA FRUSTRACI\u00d3N\",\"datePublished\":\"2024-05-09T11:36:11+00:00\",\"dateModified\":\"2024-05-09T11:36:23+00:00\",\"mainEntityOfPage\":{\"@id\":\"https:\\\/\\\/lospoliticosveracruz.com\\\/?p=123931\"},\"wordCount\":965,\"publisher\":{\"@id\":\"https:\\\/\\\/lospoliticosveracruz.com\\\/#organization\"},\"keywords\":[\"Andr\u00e9s Manuel L\u00f3pez Obrador\",\"Morena\",\"Veracruz\"],\"articleSection\":[\"De Opini\u00f3n\"],\"inLanguage\":\"es\"},{\"@type\":\"WebPage\",\"@id\":\"https:\\\/\\\/lospoliticosveracruz.com\\\/?p=123931\",\"url\":\"https:\\\/\\\/lospoliticosveracruz.com\\\/?p=123931\",\"name\":\"LA FRUSTRACI\u00d3N - Los pol\u00edticos Veracruz\",\"isPartOf\":{\"@id\":\"https:\\\/\\\/lospoliticosveracruz.com\\\/#website\"},\"datePublished\":\"2024-05-09T11:36:11+00:00\",\"dateModified\":\"2024-05-09T11:36:23+00:00\",\"breadcrumb\":{\"@id\":\"https:\\\/\\\/lospoliticosveracruz.com\\\/?p=123931#breadcrumb\"},\"inLanguage\":\"es\",\"potentialAction\":[{\"@type\":\"ReadAction\",\"target\":[\"https:\\\/\\\/lospoliticosveracruz.com\\\/?p=123931\"]}]},{\"@type\":\"BreadcrumbList\",\"@id\":\"https:\\\/\\\/lospoliticosveracruz.com\\\/?p=123931#breadcrumb\",\"itemListElement\":[{\"@type\":\"ListItem\",\"position\":1,\"name\":\"Portada\",\"item\":\"https:\\\/\\\/lospoliticosveracruz.com\\\/\"},{\"@type\":\"ListItem\",\"position\":2,\"name\":\"LA FRUSTRACI\u00d3N\"}]},{\"@type\":\"WebSite\",\"@id\":\"https:\\\/\\\/lospoliticosveracruz.com\\\/#website\",\"url\":\"https:\\\/\\\/lospoliticosveracruz.com\\\/\",\"name\":\"Los pol\u00edticos Veracruz\",\"description\":\"\",\"publisher\":{\"@id\":\"https:\\\/\\\/lospoliticosveracruz.com\\\/#organization\"},\"potentialAction\":[{\"@type\":\"SearchAction\",\"target\":{\"@type\":\"EntryPoint\",\"urlTemplate\":\"https:\\\/\\\/lospoliticosveracruz.com\\\/?s={search_term_string}\"},\"query-input\":{\"@type\":\"PropertyValueSpecification\",\"valueRequired\":true,\"valueName\":\"search_term_string\"}}],\"inLanguage\":\"es\"},{\"@type\":\"Organization\",\"@id\":\"https:\\\/\\\/lospoliticosveracruz.com\\\/#organization\",\"name\":\"Los pol\u00edticos Veracruz\",\"url\":\"https:\\\/\\\/lospoliticosveracruz.com\\\/\",\"logo\":{\"@type\":\"ImageObject\",\"inLanguage\":\"es\",\"@id\":\"https:\\\/\\\/lospoliticosveracruz.com\\\/#\\\/schema\\\/logo\\\/image\\\/\",\"url\":\"https:\\\/\\\/lospoliticosveracruz.com\\\/wp-content\\\/uploads\\\/2025\\\/12\\\/Logo-Nuevo-LOS-POLITICOS-1.jpg\",\"contentUrl\":\"https:\\\/\\\/lospoliticosveracruz.com\\\/wp-content\\\/uploads\\\/2025\\\/12\\\/Logo-Nuevo-LOS-POLITICOS-1.jpg\",\"width\":260,\"height\":70,\"caption\":\"Los pol\u00edticos Veracruz\"},\"image\":{\"@id\":\"https:\\\/\\\/lospoliticosveracruz.com\\\/#\\\/schema\\\/logo\\\/image\\\/\"},\"sameAs\":[\"https:\\\/\\\/www.facebook.com\\\/people\\\/Notimemes-de-los-Polticos\\\/61565672886568\\\/\",\"https:\\\/\\\/x.com\\\/LosPoliticosVer\"]},{\"@type\":\"Person\",\"@id\":\"https:\\\/\\\/lospoliticosveracruz.com\\\/#\\\/schema\\\/person\\\/b8702bb0e538456e6efd07080bf2a4a2\",\"name\":\"Lo viste en Los Pol\u00edticos\",\"image\":{\"@type\":\"ImageObject\",\"inLanguage\":\"es\",\"@id\":\"https:\\\/\\\/secure.gravatar.com\\\/avatar\\\/3a8de04a2656d44082be478bd6c086daa447c4651605818287b9532d3d0bd435?s=96&d=mm&r=g\",\"url\":\"https:\\\/\\\/secure.gravatar.com\\\/avatar\\\/3a8de04a2656d44082be478bd6c086daa447c4651605818287b9532d3d0bd435?s=96&d=mm&r=g\",\"contentUrl\":\"https:\\\/\\\/secure.gravatar.com\\\/avatar\\\/3a8de04a2656d44082be478bd6c086daa447c4651605818287b9532d3d0bd435?s=96&d=mm&r=g\",\"caption\":\"Lo viste en Los Pol\u00edticos\"},\"url\":\"https:\\\/\\\/lospoliticosveracruz.com\\\/?author=2\"}]}<\/script>\n<!-- \/ Yoast SEO plugin. -->","yoast_head_json":{"title":"LA FRUSTRACI\u00d3N - Los pol\u00edticos Veracruz","robots":{"index":"index","follow":"follow","max-snippet":"max-snippet:-1","max-image-preview":"max-image-preview:large","max-video-preview":"max-video-preview:-1"},"canonical":"https:\/\/lospoliticosveracruz.com\/?p=123931","og_locale":"es_ES","og_type":"article","og_title":"LA FRUSTRACI\u00d3N - Los pol\u00edticos Veracruz","og_description":"Miguel \u00c1ngel G\u00f3mez RuizContrapunto Hoy que se habla tanto de encuestas \u2013muchas de ellas realizadas con resultados favorables a quienes las pagan- no puede dejar de sorprendernos que hay gente que no aprendi\u00f3 o bien, no pudo hacer nada ante el fracaso de la administraci\u00f3n del presidente L\u00f3pez. Y no es que se me ocurra [&hellip;]","og_url":"https:\/\/lospoliticosveracruz.com\/?p=123931","og_site_name":"Los pol\u00edticos Veracruz","article_publisher":"https:\/\/www.facebook.com\/people\/Notimemes-de-los-Polticos\/61565672886568\/","article_published_time":"2024-05-09T11:36:11+00:00","article_modified_time":"2024-05-09T11:36:23+00:00","og_image":[{"width":200,"height":200,"url":"https:\/\/lospoliticosveracruz.com\/wp-content\/uploads\/2016\/07\/Logo-Dor.jpg","type":"image\/jpeg"}],"author":"Lo viste en Los Pol\u00edticos","twitter_card":"summary_large_image","twitter_creator":"@LosPoliticosVer","twitter_site":"@LosPoliticosVer","twitter_misc":{"Escrito por":"Lo viste en Los Pol\u00edticos","Tiempo de lectura":"5 minutos"},"schema":{"@context":"https:\/\/schema.org","@graph":[{"@type":"Article","@id":"https:\/\/lospoliticosveracruz.com\/?p=123931#article","isPartOf":{"@id":"https:\/\/lospoliticosveracruz.com\/?p=123931"},"author":{"name":"Lo viste en Los Pol\u00edticos","@id":"https:\/\/lospoliticosveracruz.com\/#\/schema\/person\/b8702bb0e538456e6efd07080bf2a4a2"},"headline":"LA FRUSTRACI\u00d3N","datePublished":"2024-05-09T11:36:11+00:00","dateModified":"2024-05-09T11:36:23+00:00","mainEntityOfPage":{"@id":"https:\/\/lospoliticosveracruz.com\/?p=123931"},"wordCount":965,"publisher":{"@id":"https:\/\/lospoliticosveracruz.com\/#organization"},"keywords":["Andr\u00e9s Manuel L\u00f3pez Obrador","Morena","Veracruz"],"articleSection":["De Opini\u00f3n"],"inLanguage":"es"},{"@type":"WebPage","@id":"https:\/\/lospoliticosveracruz.com\/?p=123931","url":"https:\/\/lospoliticosveracruz.com\/?p=123931","name":"LA FRUSTRACI\u00d3N - Los pol\u00edticos Veracruz","isPartOf":{"@id":"https:\/\/lospoliticosveracruz.com\/#website"},"datePublished":"2024-05-09T11:36:11+00:00","dateModified":"2024-05-09T11:36:23+00:00","breadcrumb":{"@id":"https:\/\/lospoliticosveracruz.com\/?p=123931#breadcrumb"},"inLanguage":"es","potentialAction":[{"@type":"ReadAction","target":["https:\/\/lospoliticosveracruz.com\/?p=123931"]}]},{"@type":"BreadcrumbList","@id":"https:\/\/lospoliticosveracruz.com\/?p=123931#breadcrumb","itemListElement":[{"@type":"ListItem","position":1,"name":"Portada","item":"https:\/\/lospoliticosveracruz.com\/"},{"@type":"ListItem","position":2,"name":"LA FRUSTRACI\u00d3N"}]},{"@type":"WebSite","@id":"https:\/\/lospoliticosveracruz.com\/#website","url":"https:\/\/lospoliticosveracruz.com\/","name":"Los pol\u00edticos Veracruz","description":"","publisher":{"@id":"https:\/\/lospoliticosveracruz.com\/#organization"},"potentialAction":[{"@type":"SearchAction","target":{"@type":"EntryPoint","urlTemplate":"https:\/\/lospoliticosveracruz.com\/?s={search_term_string}"},"query-input":{"@type":"PropertyValueSpecification","valueRequired":true,"valueName":"search_term_string"}}],"inLanguage":"es"},{"@type":"Organization","@id":"https:\/\/lospoliticosveracruz.com\/#organization","name":"Los pol\u00edticos Veracruz","url":"https:\/\/lospoliticosveracruz.com\/","logo":{"@type":"ImageObject","inLanguage":"es","@id":"https:\/\/lospoliticosveracruz.com\/#\/schema\/logo\/image\/","url":"https:\/\/lospoliticosveracruz.com\/wp-content\/uploads\/2025\/12\/Logo-Nuevo-LOS-POLITICOS-1.jpg","contentUrl":"https:\/\/lospoliticosveracruz.com\/wp-content\/uploads\/2025\/12\/Logo-Nuevo-LOS-POLITICOS-1.jpg","width":260,"height":70,"caption":"Los pol\u00edticos Veracruz"},"image":{"@id":"https:\/\/lospoliticosveracruz.com\/#\/schema\/logo\/image\/"},"sameAs":["https:\/\/www.facebook.com\/people\/Notimemes-de-los-Polticos\/61565672886568\/","https:\/\/x.com\/LosPoliticosVer"]},{"@type":"Person","@id":"https:\/\/lospoliticosveracruz.com\/#\/schema\/person\/b8702bb0e538456e6efd07080bf2a4a2","name":"Lo viste en Los Pol\u00edticos","image":{"@type":"ImageObject","inLanguage":"es","@id":"https:\/\/secure.gravatar.com\/avatar\/3a8de04a2656d44082be478bd6c086daa447c4651605818287b9532d3d0bd435?s=96&d=mm&r=g","url":"https:\/\/secure.gravatar.com\/avatar\/3a8de04a2656d44082be478bd6c086daa447c4651605818287b9532d3d0bd435?s=96&d=mm&r=g","contentUrl":"https:\/\/secure.gravatar.com\/avatar\/3a8de04a2656d44082be478bd6c086daa447c4651605818287b9532d3d0bd435?s=96&d=mm&r=g","caption":"Lo viste en Los Pol\u00edticos"},"url":"https:\/\/lospoliticosveracruz.com\/?author=2"}]}},"_links":{"self":[{"href":"https:\/\/lospoliticosveracruz.com\/index.php?rest_route=\/wp\/v2\/posts\/123931","targetHints":{"allow":["GET"]}}],"collection":[{"href":"https:\/\/lospoliticosveracruz.com\/index.php?rest_route=\/wp\/v2\/posts"}],"about":[{"href":"https:\/\/lospoliticosveracruz.com\/index.php?rest_route=\/wp\/v2\/types\/post"}],"author":[{"embeddable":true,"href":"https:\/\/lospoliticosveracruz.com\/index.php?rest_route=\/wp\/v2\/users\/2"}],"replies":[{"embeddable":true,"href":"https:\/\/lospoliticosveracruz.com\/index.php?rest_route=%2Fwp%2Fv2%2Fcomments&post=123931"}],"version-history":[{"count":1,"href":"https:\/\/lospoliticosveracruz.com\/index.php?rest_route=\/wp\/v2\/posts\/123931\/revisions"}],"predecessor-version":[{"id":123932,"href":"https:\/\/lospoliticosveracruz.com\/index.php?rest_route=\/wp\/v2\/posts\/123931\/revisions\/123932"}],"wp:attachment":[{"href":"https:\/\/lospoliticosveracruz.com\/index.php?rest_route=%2Fwp%2Fv2%2Fmedia&parent=123931"}],"wp:term":[{"taxonomy":"category","embeddable":true,"href":"https:\/\/lospoliticosveracruz.com\/index.php?rest_route=%2Fwp%2Fv2%2Fcategories&post=123931"},{"taxonomy":"post_tag","embeddable":true,"href":"https:\/\/lospoliticosveracruz.com\/index.php?rest_route=%2Fwp%2Fv2%2Ftags&post=123931"}],"curies":[{"name":"wp","href":"https:\/\/api.w.org\/{rel}","templated":true}]}}