{"id":123939,"date":"2024-05-09T08:59:34","date_gmt":"2024-05-09T13:59:34","guid":{"rendered":"https:\/\/lospoliticosveracruz.com.mx\/?p=123939"},"modified":"2024-05-09T08:59:42","modified_gmt":"2024-05-09T13:59:42","slug":"cordoba-huele-a-cambio","status":"publish","type":"post","link":"https:\/\/lospoliticosveracruz.com\/?p=123939","title":{"rendered":"C\u00d3RDOBA HUELE A CAMBIO!"},"content":{"rendered":"\n<p><\/p>\n\n\n\n<p><\/p>\n\n\n\n<p><strong>C\u00f3rdoba<\/strong><br>Durante su recorrido de campa\u00f1a por C\u00f3rdoba, Miguel \u00c1ngel Yunes M\u00e1rquez, candidato al Senado de la Rep\u00fablica por la coalici\u00f3n \u00abFuerza y Coraz\u00f3n por Veracruz\u00bb, sostuvo que en todo el estado de Veracruz se respira el \u00e1nimo de cambio y el sentimiento de esperanza de que las cosas van a cambiar.<\/p>\n\n\n<div class=\"wp-block-image\">\n<figure class=\"alignleft size-thumbnail\"><a href=\"https:\/\/lospoliticosveracruz.com.mx\/wp-content\/uploads\/2023\/08\/Alex.jpg\"><img decoding=\"async\" src=\"https:\/\/lospoliticosveracruz.com.mx\/wp-content\/uploads\/2023\/08\/Alex-150x150.jpg\" alt=\"\" class=\"wp-image-110522\"\/><\/a><\/figure>\n<\/div>\n\n\n<p>Durante la ma\u00f1ana, Yunes M\u00e1rquez asisti\u00f3 como invitado al desayuno con mujeres, organizado por la candidata a diputada local Mariana R\u00edos \u00c1lvarez, en el restaurante Los Portales. En este evento, estuvo acompa\u00f1ado por su compa\u00f1era de f\u00f3rmula al Senado, la doctora Sara Ladr\u00f3n de Guevara, y el candidato a diputado federal, Adri\u00e1n P\u00e9rez Croda.<\/p>\n\n\n\n<p>Por la tarde, el candidato al Senado particip\u00f3 en un evento en la Finca Herrera, junto con el candidato a Gobernador de Veracruz, Pepe Yunes, de quien dijo es un veracruzano de verdad y est\u00e1 seguro que la gente lo llevar\u00e1 a la gubernatura del Estado.<\/p>\n\n\n\n<p>Durante su discurso, Yunes M\u00e1rquez destac\u00f3 el c\u00e1lido recibimiento de la gente y el palpable deseo de cambio para Veracruz. \u201cSe nota en todos lados el \u00e1nimo y la esperanza de un verdadero cambio\u201d, dijo.<\/p>\n\n\n\n<p>\u201cLa gente est\u00e1 harta del gobierno de MORENA y de tener un gobernador in\u00fatil que a lo \u00fanico que se ha dedicado es a echarle la culpa al pasado, pero no se da cuenta Cuitl\u00e1huac qu\u00e9 \u00e9l ya es pasado, que ya tuvo la oportunidad de gobernar Veracruz por casi 6 a\u00f1os, que MORENA ya gobern\u00f3 el pa\u00eds por casi seis a\u00f1os y la realidad es que no han hecho nada\u201d, subray\u00f3.<\/p>\n\n\n\n<p>Yunes M\u00e1rquez se\u00f1al\u00f3 la falta de una transformaci\u00f3n real en materia de seguridad, salud, educaci\u00f3n y desarrollo rural. Expres\u00f3 su compromiso con el verdadero cambio, basado en el trabajo conjunto de los buenos gobiernos del PAN y el PRI, y llam\u00f3 a los veracruzanos a unirse en esta causa.<\/p>\n\n\n\n<p>\u201cCuando en MORENA hablan de transformaci\u00f3n, me pregunto cual transformaci\u00f3n, cuando se habla de transformaci\u00f3n se habla de algo positivo, y yo lo \u00fanico que veo es que Veracruz va cada vez de mal en peor\u201d, afirm\u00f3.<\/p>\n\n\n\n<p>Afirm\u00f3 que la gente tiembla cuando le llega el recibo de la luz, pues se\u00f1al\u00f3 que siendo Roc\u00edo Nahle secretaria de energ\u00eda le baj\u00f3 las tarifas de luz a Guerrero y a Tabasco, pero no lo hizo en Veracruz. \u201cVeracruz tiene las tarifas m\u00e1s altas de este pa\u00eds. Esa es la realidad que nos est\u00e1 dejando MORENA\u201d, afirm\u00f3.<\/p>\n\n\n\n<p>Yunes M\u00e1rquez pidi\u00f3 a todos los presentes comprometerse con este gran cambio y llevar su mensaje de esperanza a cada comunidad. \u201cQueremos que aqu\u00ed se quede un ej\u00e9rcito de hombres y de mujeres que se dedique a trabajar y a convencer de aqu\u00ed al d\u00eda de la elecci\u00f3n para lograr una victoria contundente en las elecciones del pr\u00f3ximo 2 de junio\u201d, concluy\u00f3.<\/p>\n","protected":false},"excerpt":{"rendered":"<p>C\u00f3rdobaDurante su recorrido de campa\u00f1a por C\u00f3rdoba, Miguel \u00c1ngel Yunes M\u00e1rquez, candidato al Senado de la Rep\u00fablica por la coalici\u00f3n \u00abFuerza y Coraz\u00f3n por Veracruz\u00bb, sostuvo que en todo el estado de Veracruz se respira el \u00e1nimo de cambio y el sentimiento de esperanza de que las cosas van a cambiar. Durante la ma\u00f1ana, Yunes [&hellip;]<\/p>\n","protected":false},"author":2,"featured_media":0,"comment_status":"closed","ping_status":"closed","sticky":false,"template":"","format":"standard","meta":{"tdm_status":"","tdm_grid_status":"","footnotes":""},"categories":[73],"tags":[751,39752,536],"class_list":{"0":"post-123939","1":"post","2":"type-post","3":"status-publish","4":"format-standard","6":"category-de-boleto","7":"tag-cordoba","8":"tag-fuerza-y-corazon-por-veracruz","9":"tag-miguel-angel-yunes-marquez"},"yoast_head":"<!-- This site is optimized with the Yoast SEO plugin v27.4 - https:\/\/yoast.com\/product\/yoast-seo-wordpress\/ -->\n<title>C\u00d3RDOBA HUELE A CAMBIO! - Los pol\u00edticos Veracruz<\/title>\n<meta name=\"robots\" content=\"index, follow, max-snippet:-1, max-image-preview:large, max-video-preview:-1\" \/>\n<link rel=\"canonical\" href=\"https:\/\/lospoliticosveracruz.com\/?p=123939\" \/>\n<meta property=\"og:locale\" content=\"es_ES\" \/>\n<meta property=\"og:type\" content=\"article\" \/>\n<meta property=\"og:title\" content=\"C\u00d3RDOBA HUELE A CAMBIO! - Los pol\u00edticos Veracruz\" \/>\n<meta property=\"og:description\" content=\"C\u00f3rdobaDurante su recorrido de campa\u00f1a por C\u00f3rdoba, Miguel \u00c1ngel Yunes M\u00e1rquez, candidato al Senado de la Rep\u00fablica por la coalici\u00f3n \u00abFuerza y Coraz\u00f3n por Veracruz\u00bb, sostuvo que en todo el estado de Veracruz se respira el \u00e1nimo de cambio y el sentimiento de esperanza de que las cosas van a cambiar. Durante la ma\u00f1ana, Yunes [&hellip;]\" \/>\n<meta property=\"og:url\" content=\"https:\/\/lospoliticosveracruz.com\/?p=123939\" \/>\n<meta property=\"og:site_name\" content=\"Los pol\u00edticos Veracruz\" \/>\n<meta property=\"article:publisher\" content=\"https:\/\/www.facebook.com\/people\/Notimemes-de-los-Polticos\/61565672886568\/\" \/>\n<meta property=\"article:published_time\" content=\"2024-05-09T13:59:34+00:00\" \/>\n<meta property=\"article:modified_time\" content=\"2024-05-09T13:59:42+00:00\" \/>\n<meta property=\"og:image\" content=\"https:\/\/lospoliticosveracruz.com.mx\/wp-content\/uploads\/2023\/08\/Alex-150x150.jpg\" \/>\n<meta name=\"author\" content=\"Lo viste en Los Pol\u00edticos\" \/>\n<meta name=\"twitter:card\" content=\"summary_large_image\" \/>\n<meta name=\"twitter:creator\" content=\"@LosPoliticosVer\" \/>\n<meta name=\"twitter:site\" content=\"@LosPoliticosVer\" \/>\n<meta name=\"twitter:label1\" content=\"Escrito por\" \/>\n\t<meta name=\"twitter:data1\" content=\"Lo viste en Los Pol\u00edticos\" \/>\n\t<meta name=\"twitter:label2\" content=\"Tiempo de lectura\" \/>\n\t<meta name=\"twitter:data2\" content=\"3 minutos\" \/>\n<script type=\"application\/ld+json\" class=\"yoast-schema-graph\">{\"@context\":\"https:\\\/\\\/schema.org\",\"@graph\":[{\"@type\":\"Article\",\"@id\":\"https:\\\/\\\/lospoliticosveracruz.com\\\/?p=123939#article\",\"isPartOf\":{\"@id\":\"https:\\\/\\\/lospoliticosveracruz.com\\\/?p=123939\"},\"author\":{\"name\":\"Lo viste en Los Pol\u00edticos\",\"@id\":\"https:\\\/\\\/lospoliticosveracruz.com\\\/#\\\/schema\\\/person\\\/b8702bb0e538456e6efd07080bf2a4a2\"},\"headline\":\"C\u00d3RDOBA HUELE A CAMBIO!\",\"datePublished\":\"2024-05-09T13:59:34+00:00\",\"dateModified\":\"2024-05-09T13:59:42+00:00\",\"mainEntityOfPage\":{\"@id\":\"https:\\\/\\\/lospoliticosveracruz.com\\\/?p=123939\"},\"wordCount\":508,\"publisher\":{\"@id\":\"https:\\\/\\\/lospoliticosveracruz.com\\\/#organization\"},\"image\":{\"@id\":\"https:\\\/\\\/lospoliticosveracruz.com\\\/?p=123939#primaryimage\"},\"thumbnailUrl\":\"https:\\\/\\\/lospoliticosveracruz.com.mx\\\/wp-content\\\/uploads\\\/2023\\\/08\\\/Alex-150x150.jpg\",\"keywords\":[\"C\u00f3rdoba\",\"Fuerza y Coraz\u00f3n por Veracruz\",\"Miguel \u00c1ngel Yunes M\u00e1rquez\"],\"articleSection\":[\"De Boleto\"],\"inLanguage\":\"es\"},{\"@type\":\"WebPage\",\"@id\":\"https:\\\/\\\/lospoliticosveracruz.com\\\/?p=123939\",\"url\":\"https:\\\/\\\/lospoliticosveracruz.com\\\/?p=123939\",\"name\":\"C\u00d3RDOBA HUELE A CAMBIO! - Los pol\u00edticos Veracruz\",\"isPartOf\":{\"@id\":\"https:\\\/\\\/lospoliticosveracruz.com\\\/#website\"},\"primaryImageOfPage\":{\"@id\":\"https:\\\/\\\/lospoliticosveracruz.com\\\/?p=123939#primaryimage\"},\"image\":{\"@id\":\"https:\\\/\\\/lospoliticosveracruz.com\\\/?p=123939#primaryimage\"},\"thumbnailUrl\":\"https:\\\/\\\/lospoliticosveracruz.com.mx\\\/wp-content\\\/uploads\\\/2023\\\/08\\\/Alex-150x150.jpg\",\"datePublished\":\"2024-05-09T13:59:34+00:00\",\"dateModified\":\"2024-05-09T13:59:42+00:00\",\"breadcrumb\":{\"@id\":\"https:\\\/\\\/lospoliticosveracruz.com\\\/?p=123939#breadcrumb\"},\"inLanguage\":\"es\",\"potentialAction\":[{\"@type\":\"ReadAction\",\"target\":[\"https:\\\/\\\/lospoliticosveracruz.com\\\/?p=123939\"]}]},{\"@type\":\"ImageObject\",\"inLanguage\":\"es\",\"@id\":\"https:\\\/\\\/lospoliticosveracruz.com\\\/?p=123939#primaryimage\",\"url\":\"https:\\\/\\\/lospoliticosveracruz.com.mx\\\/wp-content\\\/uploads\\\/2023\\\/08\\\/Alex-150x150.jpg\",\"contentUrl\":\"https:\\\/\\\/lospoliticosveracruz.com.mx\\\/wp-content\\\/uploads\\\/2023\\\/08\\\/Alex-150x150.jpg\"},{\"@type\":\"BreadcrumbList\",\"@id\":\"https:\\\/\\\/lospoliticosveracruz.com\\\/?p=123939#breadcrumb\",\"itemListElement\":[{\"@type\":\"ListItem\",\"position\":1,\"name\":\"Portada\",\"item\":\"https:\\\/\\\/lospoliticosveracruz.com\\\/\"},{\"@type\":\"ListItem\",\"position\":2,\"name\":\"C\u00d3RDOBA HUELE A CAMBIO!\"}]},{\"@type\":\"WebSite\",\"@id\":\"https:\\\/\\\/lospoliticosveracruz.com\\\/#website\",\"url\":\"https:\\\/\\\/lospoliticosveracruz.com\\\/\",\"name\":\"Los pol\u00edticos Veracruz\",\"description\":\"\",\"publisher\":{\"@id\":\"https:\\\/\\\/lospoliticosveracruz.com\\\/#organization\"},\"potentialAction\":[{\"@type\":\"SearchAction\",\"target\":{\"@type\":\"EntryPoint\",\"urlTemplate\":\"https:\\\/\\\/lospoliticosveracruz.com\\\/?s={search_term_string}\"},\"query-input\":{\"@type\":\"PropertyValueSpecification\",\"valueRequired\":true,\"valueName\":\"search_term_string\"}}],\"inLanguage\":\"es\"},{\"@type\":\"Organization\",\"@id\":\"https:\\\/\\\/lospoliticosveracruz.com\\\/#organization\",\"name\":\"Los pol\u00edticos Veracruz\",\"url\":\"https:\\\/\\\/lospoliticosveracruz.com\\\/\",\"logo\":{\"@type\":\"ImageObject\",\"inLanguage\":\"es\",\"@id\":\"https:\\\/\\\/lospoliticosveracruz.com\\\/#\\\/schema\\\/logo\\\/image\\\/\",\"url\":\"https:\\\/\\\/lospoliticosveracruz.com\\\/wp-content\\\/uploads\\\/2025\\\/12\\\/Logo-Nuevo-LOS-POLITICOS-1.jpg\",\"contentUrl\":\"https:\\\/\\\/lospoliticosveracruz.com\\\/wp-content\\\/uploads\\\/2025\\\/12\\\/Logo-Nuevo-LOS-POLITICOS-1.jpg\",\"width\":260,\"height\":70,\"caption\":\"Los pol\u00edticos Veracruz\"},\"image\":{\"@id\":\"https:\\\/\\\/lospoliticosveracruz.com\\\/#\\\/schema\\\/logo\\\/image\\\/\"},\"sameAs\":[\"https:\\\/\\\/www.facebook.com\\\/people\\\/Notimemes-de-los-Polticos\\\/61565672886568\\\/\",\"https:\\\/\\\/x.com\\\/LosPoliticosVer\"]},{\"@type\":\"Person\",\"@id\":\"https:\\\/\\\/lospoliticosveracruz.com\\\/#\\\/schema\\\/person\\\/b8702bb0e538456e6efd07080bf2a4a2\",\"name\":\"Lo viste en Los Pol\u00edticos\",\"image\":{\"@type\":\"ImageObject\",\"inLanguage\":\"es\",\"@id\":\"https:\\\/\\\/secure.gravatar.com\\\/avatar\\\/3a8de04a2656d44082be478bd6c086daa447c4651605818287b9532d3d0bd435?s=96&d=mm&r=g\",\"url\":\"https:\\\/\\\/secure.gravatar.com\\\/avatar\\\/3a8de04a2656d44082be478bd6c086daa447c4651605818287b9532d3d0bd435?s=96&d=mm&r=g\",\"contentUrl\":\"https:\\\/\\\/secure.gravatar.com\\\/avatar\\\/3a8de04a2656d44082be478bd6c086daa447c4651605818287b9532d3d0bd435?s=96&d=mm&r=g\",\"caption\":\"Lo viste en Los Pol\u00edticos\"},\"url\":\"https:\\\/\\\/lospoliticosveracruz.com\\\/?author=2\"}]}<\/script>\n<!-- \/ Yoast SEO plugin. -->","yoast_head_json":{"title":"C\u00d3RDOBA HUELE A CAMBIO! - Los pol\u00edticos Veracruz","robots":{"index":"index","follow":"follow","max-snippet":"max-snippet:-1","max-image-preview":"max-image-preview:large","max-video-preview":"max-video-preview:-1"},"canonical":"https:\/\/lospoliticosveracruz.com\/?p=123939","og_locale":"es_ES","og_type":"article","og_title":"C\u00d3RDOBA HUELE A CAMBIO! - Los pol\u00edticos Veracruz","og_description":"C\u00f3rdobaDurante su recorrido de campa\u00f1a por C\u00f3rdoba, Miguel \u00c1ngel Yunes M\u00e1rquez, candidato al Senado de la Rep\u00fablica por la coalici\u00f3n \u00abFuerza y Coraz\u00f3n por Veracruz\u00bb, sostuvo que en todo el estado de Veracruz se respira el \u00e1nimo de cambio y el sentimiento de esperanza de que las cosas van a cambiar. Durante la ma\u00f1ana, Yunes [&hellip;]","og_url":"https:\/\/lospoliticosveracruz.com\/?p=123939","og_site_name":"Los pol\u00edticos Veracruz","article_publisher":"https:\/\/www.facebook.com\/people\/Notimemes-de-los-Polticos\/61565672886568\/","article_published_time":"2024-05-09T13:59:34+00:00","article_modified_time":"2024-05-09T13:59:42+00:00","og_image":[{"url":"https:\/\/lospoliticosveracruz.com.mx\/wp-content\/uploads\/2023\/08\/Alex-150x150.jpg","type":"","width":"","height":""}],"author":"Lo viste en Los Pol\u00edticos","twitter_card":"summary_large_image","twitter_creator":"@LosPoliticosVer","twitter_site":"@LosPoliticosVer","twitter_misc":{"Escrito por":"Lo viste en Los Pol\u00edticos","Tiempo de lectura":"3 minutos"},"schema":{"@context":"https:\/\/schema.org","@graph":[{"@type":"Article","@id":"https:\/\/lospoliticosveracruz.com\/?p=123939#article","isPartOf":{"@id":"https:\/\/lospoliticosveracruz.com\/?p=123939"},"author":{"name":"Lo viste en Los Pol\u00edticos","@id":"https:\/\/lospoliticosveracruz.com\/#\/schema\/person\/b8702bb0e538456e6efd07080bf2a4a2"},"headline":"C\u00d3RDOBA HUELE A CAMBIO!","datePublished":"2024-05-09T13:59:34+00:00","dateModified":"2024-05-09T13:59:42+00:00","mainEntityOfPage":{"@id":"https:\/\/lospoliticosveracruz.com\/?p=123939"},"wordCount":508,"publisher":{"@id":"https:\/\/lospoliticosveracruz.com\/#organization"},"image":{"@id":"https:\/\/lospoliticosveracruz.com\/?p=123939#primaryimage"},"thumbnailUrl":"https:\/\/lospoliticosveracruz.com.mx\/wp-content\/uploads\/2023\/08\/Alex-150x150.jpg","keywords":["C\u00f3rdoba","Fuerza y Coraz\u00f3n por Veracruz","Miguel \u00c1ngel Yunes M\u00e1rquez"],"articleSection":["De Boleto"],"inLanguage":"es"},{"@type":"WebPage","@id":"https:\/\/lospoliticosveracruz.com\/?p=123939","url":"https:\/\/lospoliticosveracruz.com\/?p=123939","name":"C\u00d3RDOBA HUELE A CAMBIO! - Los pol\u00edticos Veracruz","isPartOf":{"@id":"https:\/\/lospoliticosveracruz.com\/#website"},"primaryImageOfPage":{"@id":"https:\/\/lospoliticosveracruz.com\/?p=123939#primaryimage"},"image":{"@id":"https:\/\/lospoliticosveracruz.com\/?p=123939#primaryimage"},"thumbnailUrl":"https:\/\/lospoliticosveracruz.com.mx\/wp-content\/uploads\/2023\/08\/Alex-150x150.jpg","datePublished":"2024-05-09T13:59:34+00:00","dateModified":"2024-05-09T13:59:42+00:00","breadcrumb":{"@id":"https:\/\/lospoliticosveracruz.com\/?p=123939#breadcrumb"},"inLanguage":"es","potentialAction":[{"@type":"ReadAction","target":["https:\/\/lospoliticosveracruz.com\/?p=123939"]}]},{"@type":"ImageObject","inLanguage":"es","@id":"https:\/\/lospoliticosveracruz.com\/?p=123939#primaryimage","url":"https:\/\/lospoliticosveracruz.com.mx\/wp-content\/uploads\/2023\/08\/Alex-150x150.jpg","contentUrl":"https:\/\/lospoliticosveracruz.com.mx\/wp-content\/uploads\/2023\/08\/Alex-150x150.jpg"},{"@type":"BreadcrumbList","@id":"https:\/\/lospoliticosveracruz.com\/?p=123939#breadcrumb","itemListElement":[{"@type":"ListItem","position":1,"name":"Portada","item":"https:\/\/lospoliticosveracruz.com\/"},{"@type":"ListItem","position":2,"name":"C\u00d3RDOBA HUELE A CAMBIO!"}]},{"@type":"WebSite","@id":"https:\/\/lospoliticosveracruz.com\/#website","url":"https:\/\/lospoliticosveracruz.com\/","name":"Los pol\u00edticos Veracruz","description":"","publisher":{"@id":"https:\/\/lospoliticosveracruz.com\/#organization"},"potentialAction":[{"@type":"SearchAction","target":{"@type":"EntryPoint","urlTemplate":"https:\/\/lospoliticosveracruz.com\/?s={search_term_string}"},"query-input":{"@type":"PropertyValueSpecification","valueRequired":true,"valueName":"search_term_string"}}],"inLanguage":"es"},{"@type":"Organization","@id":"https:\/\/lospoliticosveracruz.com\/#organization","name":"Los pol\u00edticos Veracruz","url":"https:\/\/lospoliticosveracruz.com\/","logo":{"@type":"ImageObject","inLanguage":"es","@id":"https:\/\/lospoliticosveracruz.com\/#\/schema\/logo\/image\/","url":"https:\/\/lospoliticosveracruz.com\/wp-content\/uploads\/2025\/12\/Logo-Nuevo-LOS-POLITICOS-1.jpg","contentUrl":"https:\/\/lospoliticosveracruz.com\/wp-content\/uploads\/2025\/12\/Logo-Nuevo-LOS-POLITICOS-1.jpg","width":260,"height":70,"caption":"Los pol\u00edticos Veracruz"},"image":{"@id":"https:\/\/lospoliticosveracruz.com\/#\/schema\/logo\/image\/"},"sameAs":["https:\/\/www.facebook.com\/people\/Notimemes-de-los-Polticos\/61565672886568\/","https:\/\/x.com\/LosPoliticosVer"]},{"@type":"Person","@id":"https:\/\/lospoliticosveracruz.com\/#\/schema\/person\/b8702bb0e538456e6efd07080bf2a4a2","name":"Lo viste en Los Pol\u00edticos","image":{"@type":"ImageObject","inLanguage":"es","@id":"https:\/\/secure.gravatar.com\/avatar\/3a8de04a2656d44082be478bd6c086daa447c4651605818287b9532d3d0bd435?s=96&d=mm&r=g","url":"https:\/\/secure.gravatar.com\/avatar\/3a8de04a2656d44082be478bd6c086daa447c4651605818287b9532d3d0bd435?s=96&d=mm&r=g","contentUrl":"https:\/\/secure.gravatar.com\/avatar\/3a8de04a2656d44082be478bd6c086daa447c4651605818287b9532d3d0bd435?s=96&d=mm&r=g","caption":"Lo viste en Los Pol\u00edticos"},"url":"https:\/\/lospoliticosveracruz.com\/?author=2"}]}},"_links":{"self":[{"href":"https:\/\/lospoliticosveracruz.com\/index.php?rest_route=\/wp\/v2\/posts\/123939","targetHints":{"allow":["GET"]}}],"collection":[{"href":"https:\/\/lospoliticosveracruz.com\/index.php?rest_route=\/wp\/v2\/posts"}],"about":[{"href":"https:\/\/lospoliticosveracruz.com\/index.php?rest_route=\/wp\/v2\/types\/post"}],"author":[{"embeddable":true,"href":"https:\/\/lospoliticosveracruz.com\/index.php?rest_route=\/wp\/v2\/users\/2"}],"replies":[{"embeddable":true,"href":"https:\/\/lospoliticosveracruz.com\/index.php?rest_route=%2Fwp%2Fv2%2Fcomments&post=123939"}],"version-history":[{"count":1,"href":"https:\/\/lospoliticosveracruz.com\/index.php?rest_route=\/wp\/v2\/posts\/123939\/revisions"}],"predecessor-version":[{"id":123940,"href":"https:\/\/lospoliticosveracruz.com\/index.php?rest_route=\/wp\/v2\/posts\/123939\/revisions\/123940"}],"wp:attachment":[{"href":"https:\/\/lospoliticosveracruz.com\/index.php?rest_route=%2Fwp%2Fv2%2Fmedia&parent=123939"}],"wp:term":[{"taxonomy":"category","embeddable":true,"href":"https:\/\/lospoliticosveracruz.com\/index.php?rest_route=%2Fwp%2Fv2%2Fcategories&post=123939"},{"taxonomy":"post_tag","embeddable":true,"href":"https:\/\/lospoliticosveracruz.com\/index.php?rest_route=%2Fwp%2Fv2%2Ftags&post=123939"}],"curies":[{"name":"wp","href":"https:\/\/api.w.org\/{rel}","templated":true}]}}