{"id":123943,"date":"2024-05-09T10:43:15","date_gmt":"2024-05-09T15:43:15","guid":{"rendered":"https:\/\/lospoliticosveracruz.com.mx\/?p=123943"},"modified":"2024-05-09T10:43:26","modified_gmt":"2024-05-09T15:43:26","slug":"necesitan-jefas-de-familia-un-gobierno-que-vea-por-ellas","status":"publish","type":"post","link":"https:\/\/lospoliticosveracruz.com\/?p=123943","title":{"rendered":"NECESITAN JEFAS DE FAMILIA UN GOBIERNO QUE VEA POR ELLAS"},"content":{"rendered":"\n<p><\/p>\n\n\n\n<p><strong>Xalapa<\/strong><br>\u00abDurante el gobierno Morenista se han ejecutado recortes presupuestales a programas dirigidos a las mujeres, mientras que otros desaparecieron a pesar de que eran estrat\u00e9gicos para el Sistema Nacional de Cuidados, como el de Guarder\u00edas y Escuelas de Tiempo Completo, y estas acciones han sido respaldadas por todos sus aliados\u00bb, as\u00ed lo expres\u00f3 Adriana Rojano Pazzi.<\/p>\n\n\n<div class=\"wp-block-image\">\n<figure class=\"alignleft size-thumbnail\"><a href=\"https:\/\/lospoliticosveracruz.com.mx\/wp-content\/uploads\/2023\/08\/Alex.jpg\"><img decoding=\"async\" src=\"https:\/\/lospoliticosveracruz.com.mx\/wp-content\/uploads\/2023\/08\/Alex-150x150.jpg\" alt=\"\" class=\"wp-image-110522\"\/><\/a><\/figure>\n<\/div>\n\n\n<p>La candidata a la Diputaci\u00f3n Local por Xalapa 11, lament\u00f3 que las mujeres tengan que hacer doble esfuerzo sin ser respaldadas o apoyadas, padeciendo a\u00fan m\u00e1s los problemas que aquejan a Xalapa.<\/p>\n\n\n\n<p>Por lo anterior, resalt\u00f3 que de tener la oportunidad de llegar al Congreso del Estado, se encargar\u00e1 de gestionar, regresar, impulsar y fomentar programas sociales que fortalezcan a las mujeres en situaci\u00f3n de vulnerabilidad y no dejarlas solas en ning\u00fan momento.<\/p>\n\n\n\n<p>\u00abLas mujeres emprendedoras necesitan ser respaldadas despu\u00e9s de tanto esfuerzo que hacen para sacar adelante a sus familias, y aqu\u00ed estoy para asumir este compromiso\u00bb, reiter\u00f3 durante la reuni\u00f3n que mantuvo con mam\u00e1s amas de casa de la colonia 21 de Marzo.<\/p>\n\n\n\n<p>En su encuentro, reconoci\u00f3 la lucha que realizan d\u00eda a d\u00eda en busca de aprender para despu\u00e9s emprender y con ello sostener econ\u00f3micamente a sus familias.<\/p>\n\n\n\n<p>Adriana Rojano destac\u00f3 que poco a poco las mujeres han ido ganando espacios, por lo que seguir\u00e1 en esa lucha hasta brindar mejores oportunidades.<\/p>\n\n\n\n<p>\u201cQuiero pedirles que nos mantengamos unidas, las exhorto a hacer valer su voto este 2 de junio para lograr el verdadero cambio que necesitamos, merecen un Gobierno que vea por ustedes\u00bb.<\/p>\n\n\n\n<p>Como parte de su agenda, Adriana Rojano se sum\u00f3 junto a los candidatos de la alianza \u00abFuerza y Coraz\u00f3n por Veracruz\u00bb, Am\u00e9rico Z\u00fa\u00f1iga Mart\u00ednez y Sergio Hern\u00e1ndez Hern\u00e1ndez, a una caravana donde recorrieron diversas calles de la ciudad.<\/p>\n\n\n\n<p>Cabe mencionar que decenas de autom\u00f3viles y motociclistas, entre militantes y simpatizantes, participaron en el recorrido para mostrar el apoyo a los candidatos a diputados locales y federal de la coalici\u00f3n, as\u00ed como a Jos\u00e9 Yunes Zorrilla rumbo a la gubernatura de Veracruz.<\/p>\n","protected":false},"excerpt":{"rendered":"<p>Xalapa\u00abDurante el gobierno Morenista se han ejecutado recortes presupuestales a programas dirigidos a las mujeres, mientras que otros desaparecieron a pesar de que eran estrat\u00e9gicos para el Sistema Nacional de Cuidados, como el de Guarder\u00edas y Escuelas de Tiempo Completo, y estas acciones han sido respaldadas por todos sus aliados\u00bb, as\u00ed lo expres\u00f3 Adriana Rojano [&hellip;]<\/p>\n","protected":false},"author":2,"featured_media":0,"comment_status":"closed","ping_status":"closed","sticky":false,"template":"","format":"standard","meta":{"tdm_status":"","tdm_grid_status":"","footnotes":""},"categories":[73],"tags":[40928],"class_list":{"0":"post-123943","1":"post","2":"type-post","3":"status-publish","4":"format-standard","6":"category-de-boleto","7":"tag-local-por-xalapa-11"},"yoast_head":"<!-- This site is optimized with the Yoast SEO plugin v27.4 - https:\/\/yoast.com\/product\/yoast-seo-wordpress\/ -->\n<title>NECESITAN JEFAS DE FAMILIA UN GOBIERNO QUE VEA POR ELLAS - Los pol\u00edticos Veracruz<\/title>\n<meta name=\"robots\" content=\"index, follow, max-snippet:-1, max-image-preview:large, max-video-preview:-1\" \/>\n<link rel=\"canonical\" href=\"https:\/\/lospoliticosveracruz.com\/?p=123943\" \/>\n<meta property=\"og:locale\" content=\"es_ES\" \/>\n<meta property=\"og:type\" content=\"article\" \/>\n<meta property=\"og:title\" content=\"NECESITAN JEFAS DE FAMILIA UN GOBIERNO QUE VEA POR ELLAS - Los pol\u00edticos Veracruz\" \/>\n<meta property=\"og:description\" content=\"Xalapa\u00abDurante el gobierno Morenista se han ejecutado recortes presupuestales a programas dirigidos a las mujeres, mientras que otros desaparecieron a pesar de que eran estrat\u00e9gicos para el Sistema Nacional de Cuidados, como el de Guarder\u00edas y Escuelas de Tiempo Completo, y estas acciones han sido respaldadas por todos sus aliados\u00bb, as\u00ed lo expres\u00f3 Adriana Rojano [&hellip;]\" \/>\n<meta property=\"og:url\" content=\"https:\/\/lospoliticosveracruz.com\/?p=123943\" \/>\n<meta property=\"og:site_name\" content=\"Los pol\u00edticos Veracruz\" \/>\n<meta property=\"article:publisher\" content=\"https:\/\/www.facebook.com\/people\/Notimemes-de-los-Polticos\/61565672886568\/\" \/>\n<meta property=\"article:published_time\" content=\"2024-05-09T15:43:15+00:00\" \/>\n<meta property=\"article:modified_time\" content=\"2024-05-09T15:43:26+00:00\" \/>\n<meta property=\"og:image\" content=\"https:\/\/lospoliticosveracruz.com.mx\/wp-content\/uploads\/2023\/08\/Alex-150x150.jpg\" \/>\n<meta name=\"author\" content=\"Lo viste en Los Pol\u00edticos\" \/>\n<meta name=\"twitter:card\" content=\"summary_large_image\" \/>\n<meta name=\"twitter:creator\" content=\"@LosPoliticosVer\" \/>\n<meta name=\"twitter:site\" content=\"@LosPoliticosVer\" \/>\n<meta name=\"twitter:label1\" content=\"Escrito por\" \/>\n\t<meta name=\"twitter:data1\" content=\"Lo viste en Los Pol\u00edticos\" \/>\n\t<meta name=\"twitter:label2\" content=\"Tiempo de lectura\" \/>\n\t<meta name=\"twitter:data2\" content=\"2 minutos\" \/>\n<script type=\"application\/ld+json\" class=\"yoast-schema-graph\">{\"@context\":\"https:\\\/\\\/schema.org\",\"@graph\":[{\"@type\":\"Article\",\"@id\":\"https:\\\/\\\/lospoliticosveracruz.com\\\/?p=123943#article\",\"isPartOf\":{\"@id\":\"https:\\\/\\\/lospoliticosveracruz.com\\\/?p=123943\"},\"author\":{\"name\":\"Lo viste en Los Pol\u00edticos\",\"@id\":\"https:\\\/\\\/lospoliticosveracruz.com\\\/#\\\/schema\\\/person\\\/b8702bb0e538456e6efd07080bf2a4a2\"},\"headline\":\"NECESITAN JEFAS DE FAMILIA UN GOBIERNO QUE VEA POR ELLAS\",\"datePublished\":\"2024-05-09T15:43:15+00:00\",\"dateModified\":\"2024-05-09T15:43:26+00:00\",\"mainEntityOfPage\":{\"@id\":\"https:\\\/\\\/lospoliticosveracruz.com\\\/?p=123943\"},\"wordCount\":363,\"publisher\":{\"@id\":\"https:\\\/\\\/lospoliticosveracruz.com\\\/#organization\"},\"image\":{\"@id\":\"https:\\\/\\\/lospoliticosveracruz.com\\\/?p=123943#primaryimage\"},\"thumbnailUrl\":\"https:\\\/\\\/lospoliticosveracruz.com.mx\\\/wp-content\\\/uploads\\\/2023\\\/08\\\/Alex-150x150.jpg\",\"keywords\":[\"Local por Xalapa 11\"],\"articleSection\":[\"De Boleto\"],\"inLanguage\":\"es\"},{\"@type\":\"WebPage\",\"@id\":\"https:\\\/\\\/lospoliticosveracruz.com\\\/?p=123943\",\"url\":\"https:\\\/\\\/lospoliticosveracruz.com\\\/?p=123943\",\"name\":\"NECESITAN JEFAS DE FAMILIA UN GOBIERNO QUE VEA POR ELLAS - Los pol\u00edticos Veracruz\",\"isPartOf\":{\"@id\":\"https:\\\/\\\/lospoliticosveracruz.com\\\/#website\"},\"primaryImageOfPage\":{\"@id\":\"https:\\\/\\\/lospoliticosveracruz.com\\\/?p=123943#primaryimage\"},\"image\":{\"@id\":\"https:\\\/\\\/lospoliticosveracruz.com\\\/?p=123943#primaryimage\"},\"thumbnailUrl\":\"https:\\\/\\\/lospoliticosveracruz.com.mx\\\/wp-content\\\/uploads\\\/2023\\\/08\\\/Alex-150x150.jpg\",\"datePublished\":\"2024-05-09T15:43:15+00:00\",\"dateModified\":\"2024-05-09T15:43:26+00:00\",\"breadcrumb\":{\"@id\":\"https:\\\/\\\/lospoliticosveracruz.com\\\/?p=123943#breadcrumb\"},\"inLanguage\":\"es\",\"potentialAction\":[{\"@type\":\"ReadAction\",\"target\":[\"https:\\\/\\\/lospoliticosveracruz.com\\\/?p=123943\"]}]},{\"@type\":\"ImageObject\",\"inLanguage\":\"es\",\"@id\":\"https:\\\/\\\/lospoliticosveracruz.com\\\/?p=123943#primaryimage\",\"url\":\"https:\\\/\\\/lospoliticosveracruz.com.mx\\\/wp-content\\\/uploads\\\/2023\\\/08\\\/Alex-150x150.jpg\",\"contentUrl\":\"https:\\\/\\\/lospoliticosveracruz.com.mx\\\/wp-content\\\/uploads\\\/2023\\\/08\\\/Alex-150x150.jpg\"},{\"@type\":\"BreadcrumbList\",\"@id\":\"https:\\\/\\\/lospoliticosveracruz.com\\\/?p=123943#breadcrumb\",\"itemListElement\":[{\"@type\":\"ListItem\",\"position\":1,\"name\":\"Portada\",\"item\":\"https:\\\/\\\/lospoliticosveracruz.com\\\/\"},{\"@type\":\"ListItem\",\"position\":2,\"name\":\"NECESITAN JEFAS DE FAMILIA UN GOBIERNO QUE VEA POR ELLAS\"}]},{\"@type\":\"WebSite\",\"@id\":\"https:\\\/\\\/lospoliticosveracruz.com\\\/#website\",\"url\":\"https:\\\/\\\/lospoliticosveracruz.com\\\/\",\"name\":\"Los pol\u00edticos Veracruz\",\"description\":\"\",\"publisher\":{\"@id\":\"https:\\\/\\\/lospoliticosveracruz.com\\\/#organization\"},\"potentialAction\":[{\"@type\":\"SearchAction\",\"target\":{\"@type\":\"EntryPoint\",\"urlTemplate\":\"https:\\\/\\\/lospoliticosveracruz.com\\\/?s={search_term_string}\"},\"query-input\":{\"@type\":\"PropertyValueSpecification\",\"valueRequired\":true,\"valueName\":\"search_term_string\"}}],\"inLanguage\":\"es\"},{\"@type\":\"Organization\",\"@id\":\"https:\\\/\\\/lospoliticosveracruz.com\\\/#organization\",\"name\":\"Los pol\u00edticos Veracruz\",\"url\":\"https:\\\/\\\/lospoliticosveracruz.com\\\/\",\"logo\":{\"@type\":\"ImageObject\",\"inLanguage\":\"es\",\"@id\":\"https:\\\/\\\/lospoliticosveracruz.com\\\/#\\\/schema\\\/logo\\\/image\\\/\",\"url\":\"https:\\\/\\\/lospoliticosveracruz.com\\\/wp-content\\\/uploads\\\/2025\\\/12\\\/Logo-Nuevo-LOS-POLITICOS-1.jpg\",\"contentUrl\":\"https:\\\/\\\/lospoliticosveracruz.com\\\/wp-content\\\/uploads\\\/2025\\\/12\\\/Logo-Nuevo-LOS-POLITICOS-1.jpg\",\"width\":260,\"height\":70,\"caption\":\"Los pol\u00edticos Veracruz\"},\"image\":{\"@id\":\"https:\\\/\\\/lospoliticosveracruz.com\\\/#\\\/schema\\\/logo\\\/image\\\/\"},\"sameAs\":[\"https:\\\/\\\/www.facebook.com\\\/people\\\/Notimemes-de-los-Polticos\\\/61565672886568\\\/\",\"https:\\\/\\\/x.com\\\/LosPoliticosVer\"]},{\"@type\":\"Person\",\"@id\":\"https:\\\/\\\/lospoliticosveracruz.com\\\/#\\\/schema\\\/person\\\/b8702bb0e538456e6efd07080bf2a4a2\",\"name\":\"Lo viste en Los Pol\u00edticos\",\"image\":{\"@type\":\"ImageObject\",\"inLanguage\":\"es\",\"@id\":\"https:\\\/\\\/secure.gravatar.com\\\/avatar\\\/3a8de04a2656d44082be478bd6c086daa447c4651605818287b9532d3d0bd435?s=96&d=mm&r=g\",\"url\":\"https:\\\/\\\/secure.gravatar.com\\\/avatar\\\/3a8de04a2656d44082be478bd6c086daa447c4651605818287b9532d3d0bd435?s=96&d=mm&r=g\",\"contentUrl\":\"https:\\\/\\\/secure.gravatar.com\\\/avatar\\\/3a8de04a2656d44082be478bd6c086daa447c4651605818287b9532d3d0bd435?s=96&d=mm&r=g\",\"caption\":\"Lo viste en Los Pol\u00edticos\"},\"url\":\"https:\\\/\\\/lospoliticosveracruz.com\\\/?author=2\"}]}<\/script>\n<!-- \/ Yoast SEO plugin. -->","yoast_head_json":{"title":"NECESITAN JEFAS DE FAMILIA UN GOBIERNO QUE VEA POR ELLAS - Los pol\u00edticos Veracruz","robots":{"index":"index","follow":"follow","max-snippet":"max-snippet:-1","max-image-preview":"max-image-preview:large","max-video-preview":"max-video-preview:-1"},"canonical":"https:\/\/lospoliticosveracruz.com\/?p=123943","og_locale":"es_ES","og_type":"article","og_title":"NECESITAN JEFAS DE FAMILIA UN GOBIERNO QUE VEA POR ELLAS - Los pol\u00edticos Veracruz","og_description":"Xalapa\u00abDurante el gobierno Morenista se han ejecutado recortes presupuestales a programas dirigidos a las mujeres, mientras que otros desaparecieron a pesar de que eran estrat\u00e9gicos para el Sistema Nacional de Cuidados, como el de Guarder\u00edas y Escuelas de Tiempo Completo, y estas acciones han sido respaldadas por todos sus aliados\u00bb, as\u00ed lo expres\u00f3 Adriana Rojano [&hellip;]","og_url":"https:\/\/lospoliticosveracruz.com\/?p=123943","og_site_name":"Los pol\u00edticos Veracruz","article_publisher":"https:\/\/www.facebook.com\/people\/Notimemes-de-los-Polticos\/61565672886568\/","article_published_time":"2024-05-09T15:43:15+00:00","article_modified_time":"2024-05-09T15:43:26+00:00","og_image":[{"url":"https:\/\/lospoliticosveracruz.com.mx\/wp-content\/uploads\/2023\/08\/Alex-150x150.jpg","type":"","width":"","height":""}],"author":"Lo viste en Los Pol\u00edticos","twitter_card":"summary_large_image","twitter_creator":"@LosPoliticosVer","twitter_site":"@LosPoliticosVer","twitter_misc":{"Escrito por":"Lo viste en Los Pol\u00edticos","Tiempo de lectura":"2 minutos"},"schema":{"@context":"https:\/\/schema.org","@graph":[{"@type":"Article","@id":"https:\/\/lospoliticosveracruz.com\/?p=123943#article","isPartOf":{"@id":"https:\/\/lospoliticosveracruz.com\/?p=123943"},"author":{"name":"Lo viste en Los Pol\u00edticos","@id":"https:\/\/lospoliticosveracruz.com\/#\/schema\/person\/b8702bb0e538456e6efd07080bf2a4a2"},"headline":"NECESITAN JEFAS DE FAMILIA UN GOBIERNO QUE VEA POR ELLAS","datePublished":"2024-05-09T15:43:15+00:00","dateModified":"2024-05-09T15:43:26+00:00","mainEntityOfPage":{"@id":"https:\/\/lospoliticosveracruz.com\/?p=123943"},"wordCount":363,"publisher":{"@id":"https:\/\/lospoliticosveracruz.com\/#organization"},"image":{"@id":"https:\/\/lospoliticosveracruz.com\/?p=123943#primaryimage"},"thumbnailUrl":"https:\/\/lospoliticosveracruz.com.mx\/wp-content\/uploads\/2023\/08\/Alex-150x150.jpg","keywords":["Local por Xalapa 11"],"articleSection":["De Boleto"],"inLanguage":"es"},{"@type":"WebPage","@id":"https:\/\/lospoliticosveracruz.com\/?p=123943","url":"https:\/\/lospoliticosveracruz.com\/?p=123943","name":"NECESITAN JEFAS DE FAMILIA UN GOBIERNO QUE VEA POR ELLAS - Los pol\u00edticos Veracruz","isPartOf":{"@id":"https:\/\/lospoliticosveracruz.com\/#website"},"primaryImageOfPage":{"@id":"https:\/\/lospoliticosveracruz.com\/?p=123943#primaryimage"},"image":{"@id":"https:\/\/lospoliticosveracruz.com\/?p=123943#primaryimage"},"thumbnailUrl":"https:\/\/lospoliticosveracruz.com.mx\/wp-content\/uploads\/2023\/08\/Alex-150x150.jpg","datePublished":"2024-05-09T15:43:15+00:00","dateModified":"2024-05-09T15:43:26+00:00","breadcrumb":{"@id":"https:\/\/lospoliticosveracruz.com\/?p=123943#breadcrumb"},"inLanguage":"es","potentialAction":[{"@type":"ReadAction","target":["https:\/\/lospoliticosveracruz.com\/?p=123943"]}]},{"@type":"ImageObject","inLanguage":"es","@id":"https:\/\/lospoliticosveracruz.com\/?p=123943#primaryimage","url":"https:\/\/lospoliticosveracruz.com.mx\/wp-content\/uploads\/2023\/08\/Alex-150x150.jpg","contentUrl":"https:\/\/lospoliticosveracruz.com.mx\/wp-content\/uploads\/2023\/08\/Alex-150x150.jpg"},{"@type":"BreadcrumbList","@id":"https:\/\/lospoliticosveracruz.com\/?p=123943#breadcrumb","itemListElement":[{"@type":"ListItem","position":1,"name":"Portada","item":"https:\/\/lospoliticosveracruz.com\/"},{"@type":"ListItem","position":2,"name":"NECESITAN JEFAS DE FAMILIA UN GOBIERNO QUE VEA POR ELLAS"}]},{"@type":"WebSite","@id":"https:\/\/lospoliticosveracruz.com\/#website","url":"https:\/\/lospoliticosveracruz.com\/","name":"Los pol\u00edticos Veracruz","description":"","publisher":{"@id":"https:\/\/lospoliticosveracruz.com\/#organization"},"potentialAction":[{"@type":"SearchAction","target":{"@type":"EntryPoint","urlTemplate":"https:\/\/lospoliticosveracruz.com\/?s={search_term_string}"},"query-input":{"@type":"PropertyValueSpecification","valueRequired":true,"valueName":"search_term_string"}}],"inLanguage":"es"},{"@type":"Organization","@id":"https:\/\/lospoliticosveracruz.com\/#organization","name":"Los pol\u00edticos Veracruz","url":"https:\/\/lospoliticosveracruz.com\/","logo":{"@type":"ImageObject","inLanguage":"es","@id":"https:\/\/lospoliticosveracruz.com\/#\/schema\/logo\/image\/","url":"https:\/\/lospoliticosveracruz.com\/wp-content\/uploads\/2025\/12\/Logo-Nuevo-LOS-POLITICOS-1.jpg","contentUrl":"https:\/\/lospoliticosveracruz.com\/wp-content\/uploads\/2025\/12\/Logo-Nuevo-LOS-POLITICOS-1.jpg","width":260,"height":70,"caption":"Los pol\u00edticos Veracruz"},"image":{"@id":"https:\/\/lospoliticosveracruz.com\/#\/schema\/logo\/image\/"},"sameAs":["https:\/\/www.facebook.com\/people\/Notimemes-de-los-Polticos\/61565672886568\/","https:\/\/x.com\/LosPoliticosVer"]},{"@type":"Person","@id":"https:\/\/lospoliticosveracruz.com\/#\/schema\/person\/b8702bb0e538456e6efd07080bf2a4a2","name":"Lo viste en Los Pol\u00edticos","image":{"@type":"ImageObject","inLanguage":"es","@id":"https:\/\/secure.gravatar.com\/avatar\/3a8de04a2656d44082be478bd6c086daa447c4651605818287b9532d3d0bd435?s=96&d=mm&r=g","url":"https:\/\/secure.gravatar.com\/avatar\/3a8de04a2656d44082be478bd6c086daa447c4651605818287b9532d3d0bd435?s=96&d=mm&r=g","contentUrl":"https:\/\/secure.gravatar.com\/avatar\/3a8de04a2656d44082be478bd6c086daa447c4651605818287b9532d3d0bd435?s=96&d=mm&r=g","caption":"Lo viste en Los Pol\u00edticos"},"url":"https:\/\/lospoliticosveracruz.com\/?author=2"}]}},"_links":{"self":[{"href":"https:\/\/lospoliticosveracruz.com\/index.php?rest_route=\/wp\/v2\/posts\/123943","targetHints":{"allow":["GET"]}}],"collection":[{"href":"https:\/\/lospoliticosveracruz.com\/index.php?rest_route=\/wp\/v2\/posts"}],"about":[{"href":"https:\/\/lospoliticosveracruz.com\/index.php?rest_route=\/wp\/v2\/types\/post"}],"author":[{"embeddable":true,"href":"https:\/\/lospoliticosveracruz.com\/index.php?rest_route=\/wp\/v2\/users\/2"}],"replies":[{"embeddable":true,"href":"https:\/\/lospoliticosveracruz.com\/index.php?rest_route=%2Fwp%2Fv2%2Fcomments&post=123943"}],"version-history":[{"count":1,"href":"https:\/\/lospoliticosveracruz.com\/index.php?rest_route=\/wp\/v2\/posts\/123943\/revisions"}],"predecessor-version":[{"id":123945,"href":"https:\/\/lospoliticosveracruz.com\/index.php?rest_route=\/wp\/v2\/posts\/123943\/revisions\/123945"}],"wp:attachment":[{"href":"https:\/\/lospoliticosveracruz.com\/index.php?rest_route=%2Fwp%2Fv2%2Fmedia&parent=123943"}],"wp:term":[{"taxonomy":"category","embeddable":true,"href":"https:\/\/lospoliticosveracruz.com\/index.php?rest_route=%2Fwp%2Fv2%2Fcategories&post=123943"},{"taxonomy":"post_tag","embeddable":true,"href":"https:\/\/lospoliticosveracruz.com\/index.php?rest_route=%2Fwp%2Fv2%2Ftags&post=123943"}],"curies":[{"name":"wp","href":"https:\/\/api.w.org\/{rel}","templated":true}]}}