{"id":124003,"date":"2024-05-10T07:04:09","date_gmt":"2024-05-10T12:04:09","guid":{"rendered":"https:\/\/lospoliticosveracruz.com.mx\/?p=124003"},"modified":"2024-05-10T07:06:53","modified_gmt":"2024-05-10T12:06:53","slug":"el-franco-desprecio-por-los-gobernados","status":"publish","type":"post","link":"https:\/\/lospoliticosveracruz.com\/?p=124003","title":{"rendered":"EL FRANCO DESPRECIO POR LOS GOBERNADOS"},"content":{"rendered":"\n<p><strong>Felipe de Jes\u00fas Fern\u00e1ndez Basilio<\/strong><br><em>Desde a Janela<\/em><\/p>\n\n\n\n<p><em>\u201cYa solo restan c<\/em><em>uatr<\/em><em>o meses y&nbsp;<\/em><em>veinti\u00fan<\/em><em>&nbsp;d\u00edas para que se vaya a &#8230; su rancho\u201d<\/em><\/p>\n\n\n\n<p>\u201cFalta el tr\u00e1mite del 2 de junio\u201d dijo con su risita burlona la candidata Sheinbaum Pardo&nbsp;y al decirlo&nbsp;no hizo m\u00e1s que reflejar lo que realmente piensa y siente.<\/p>\n\n\n\n<p>A esta candidata ya varias veces su subconsciente la ha traicionado y esto es as\u00ed, porque no puede ocultar su verdadera personalidad cargada de soberbia y desprecio hacia los dem\u00e1s.<\/p>\n\n\n\n<p>Tambi\u00e9n, su actitud soberbia es un fiel reflejo de la secta pol\u00edtica en el poder y que se autodenominan \u201cla transformaci\u00f3n\u201d, aunque en realidad son la transformaci\u00f3n que no fue.<\/p>\n\n\n\n<p>As\u00ed es, este gobierno saliente,&nbsp;y que busca repetir,se ha caracterizado por ver como inferiores&nbsp;a sus gobernados; \u00bfA caso no recuerdan cuando L\u00f3pez Obrador compar\u00f3 a los m\u00e1s necesitados con animalitos o mascotas a los que se les tiene que dar su alimento?<\/p>\n\n\n\n<p>Pues precisamente de ese \u201calimento\u201d, que son los llamados programas sociales y su repartici\u00f3n, es de donde su disc\u00edpula Sheinbaum basa su suposici\u00f3n, bastante err\u00f3nea, de que gracias a&nbsp;esos&nbsp;\u201calimentados\u201d&nbsp;el dos de junio ser\u00e1 un tr\u00e1mite para ella y para sus partidos y que no importa lo que digan los dem\u00e1s.<\/p>\n\n\n\n<p>Esto que estamos comentando no son un par de frases desafortunadas del mentor y de la alumna, sino que es toda&nbsp;una forma de ver a&nbsp;los&nbsp;gobernados y muestra de ello,&nbsp;es que tambi\u00e9n Sheinbaum dijo que es falso que se necesite trabajar para vivir bien, ya que el Estadotiene que generar un sistema de bienestar.<\/p>\n\n\n\n<p>Es decir, el Estado debe dar \u201cde comer\u201d a todos sus gobernados para que sean iguales a las mascotas.<\/p>\n\n\n\n<p>Por supuesto que la \u201cdoctora\u201d, como buena marxista trasnochada que es, pasa por alto que, si en una naci\u00f3n no se genera riqueza por parte de los gobernados, resulta imposible que se pueda generar un Estado de bienestar, porque si no hay productividad (trabajo), no hay riqueza y si no hay riqueza, no hay impuestos y si no hay impuestos, no hay servicios sociales y ni si quiera Estado.<\/p>\n\n\n\n<p>As\u00ed es, nos han vendido el cuento del bienestar a cargo del Estado sin tener que generar riqueza, utilizando el enga\u00f1o de que vamos a vivir como se vive en Dinamarca; nada m\u00e1s habr\u00eda que preguntar a los daneses cu\u00e1nto tienen que trabajar y cu\u00e1nto tienen que pagar de impuestos, para poder tener el Estado de bienestar que tienen.<\/p>\n\n\n\n<p>Aqu\u00ed en cambio, salvo la repartici\u00f3n de modestas cantidades de dinero, el estado de bienestar es inexistente debido a que han dejado sin dinero a pr\u00e1cticamente todas las ramas de la administraci\u00f3n p\u00fablica y eso se nota en que no se pueden surtir las recetas m\u00e9dicas por parte del sector salud, ni tampoco existen ya las escuelas de tiempo completo, as\u00ed mismo, el pa\u00eds carece de agua porque no se ha invertido en la infraestructura necesaria para su almacenaje y distribuci\u00f3n y, lo que ya es el colmo; ahora tambi\u00e9n la energ\u00eda el\u00e9ctrica comienza a escasear, porque a los soberbios se les ocurri\u00f3 que solo el Estado deb\u00eda de producirla&nbsp;y cancelaron los contratos para comprar excedentes a los particulares que generan su propia electricidad.<\/p>\n\n\n\n<p>A parte de lo anterior, se han eliminado los est\u00edmulos al cine, al arte, a los deportes, a los estudiantes de alto rendimiento y a todo lo que pueda ser desarrollo; ya que, si este se produce, ya no habr\u00e1 \u201ca quien dar alimento\u201d y muchos votantes dejar\u00e1n de ser incondicionales.<\/p>\n\n\n\n<p>Esa forma de dizque gobernar basada en el mito del bienestar y en la repartici\u00f3n de peque\u00f1as d\u00e1divas para&nbsp;hacer creer que en verdad existe, no es m\u00e1s que una forma de obtener el poder no para servir sino para servirse de \u00e9l; el gobierno de la transformaci\u00f3n que no fue es el que m\u00e1s funcionarios y amigos de funcionarios millonarios ha creado, de eso historias hay por montones.<\/p>\n\n\n\n<p>Y esa corrupci\u00f3n comparada con las muy modestas d\u00e1divas que se reparten a quienes \u201calimentan\u201d junto con la escasez de servicios p\u00fablicos, es la muestra m\u00e1s fehaciente que hay de que en el gobierno de la transformaci\u00f3n que no fue, el desprecio por los gobernados es absoluto, ya que solo son vistos como \u201canimalitos a los que hay que dar de comer\u201d y con ello se perpetuar\u00e1n en el poder para seguir haciendo sus muy jugosos negocios.<\/p>\n\n\n\n<p>Por eso es que la Sheinbaum est\u00e1 convencida de que el 2 de junio solo es un tr\u00e1mite.<\/p>\n\n\n\n<p>Bueno, eso piensa ella.<\/p>\n\n\n\n<p>\u00bfUstedes piensan lo mismo?<\/p>\n\n\n\n<p>Yo, no y estoy seguro de<a><\/a>&nbsp;que el tr\u00e1mite, como buen tr\u00e1mite, se le va a complicar tanto que no lo va a poder concluir.<\/p>\n\n\n\n<p><a href=\"mailto:felfebas@gmail.com\">felfebas@gmail.com<\/a><\/p>\n\n\n\n<p>Twitter: @FelipeFBasilio<\/p>\n","protected":false},"excerpt":{"rendered":"<p>Felipe de Jes\u00fas Fern\u00e1ndez BasilioDesde a Janela \u201cYa solo restan cuatro meses y&nbsp;veinti\u00fan&nbsp;d\u00edas para que se vaya a &#8230; su rancho\u201d \u201cFalta el tr\u00e1mite del 2 de junio\u201d dijo con su risita burlona la candidata Sheinbaum Pardo&nbsp;y al decirlo&nbsp;no hizo m\u00e1s que reflejar lo que realmente piensa y siente. A esta candidata ya varias veces [&hellip;]<\/p>\n","protected":false},"author":2,"featured_media":119963,"comment_status":"closed","ping_status":"closed","sticky":false,"template":"","format":"standard","meta":{"tdm_status":"","tdm_grid_status":"","footnotes":""},"categories":[70],"tags":[618,9627,1026],"class_list":{"0":"post-124003","1":"post","2":"type-post","3":"status-publish","4":"format-standard","5":"has-post-thumbnail","7":"category-de-opinion","8":"tag-andres-manuel-lopez-obrador","9":"tag-claudia-sheinbaum","10":"tag-morena"},"yoast_head":"<!-- This site is optimized with the Yoast SEO plugin v27.4 - https:\/\/yoast.com\/product\/yoast-seo-wordpress\/ -->\n<title>EL FRANCO DESPRECIO POR LOS GOBERNADOS - Los pol\u00edticos Veracruz<\/title>\n<meta name=\"robots\" content=\"index, follow, max-snippet:-1, max-image-preview:large, max-video-preview:-1\" \/>\n<link rel=\"canonical\" href=\"https:\/\/lospoliticosveracruz.com\/?p=124003\" \/>\n<meta property=\"og:locale\" content=\"es_ES\" \/>\n<meta property=\"og:type\" content=\"article\" \/>\n<meta property=\"og:title\" content=\"EL FRANCO DESPRECIO POR LOS GOBERNADOS - Los pol\u00edticos Veracruz\" \/>\n<meta property=\"og:description\" content=\"Felipe de Jes\u00fas Fern\u00e1ndez BasilioDesde a Janela \u201cYa solo restan cuatro meses y&nbsp;veinti\u00fan&nbsp;d\u00edas para que se vaya a &#8230; su rancho\u201d \u201cFalta el tr\u00e1mite del 2 de junio\u201d dijo con su risita burlona la candidata Sheinbaum Pardo&nbsp;y al decirlo&nbsp;no hizo m\u00e1s que reflejar lo que realmente piensa y siente. A esta candidata ya varias veces [&hellip;]\" \/>\n<meta property=\"og:url\" content=\"https:\/\/lospoliticosveracruz.com\/?p=124003\" \/>\n<meta property=\"og:site_name\" content=\"Los pol\u00edticos Veracruz\" \/>\n<meta property=\"article:publisher\" content=\"https:\/\/www.facebook.com\/people\/Notimemes-de-los-Polticos\/61565672886568\/\" \/>\n<meta property=\"article:published_time\" content=\"2024-05-10T12:04:09+00:00\" \/>\n<meta property=\"article:modified_time\" content=\"2024-05-10T12:06:53+00:00\" \/>\n<meta property=\"og:image\" content=\"https:\/\/lospoliticosveracruz.com\/wp-content\/uploads\/2024\/03\/Felipe-Fernandez-Basilio.jpg\" \/>\n\t<meta property=\"og:image:width\" content=\"1250\" \/>\n\t<meta property=\"og:image:height\" content=\"667\" \/>\n\t<meta property=\"og:image:type\" content=\"image\/jpeg\" \/>\n<meta name=\"author\" content=\"Lo viste en Los Pol\u00edticos\" \/>\n<meta name=\"twitter:card\" content=\"summary_large_image\" \/>\n<meta name=\"twitter:creator\" content=\"@LosPoliticosVer\" \/>\n<meta name=\"twitter:site\" content=\"@LosPoliticosVer\" \/>\n<meta name=\"twitter:label1\" content=\"Escrito por\" \/>\n\t<meta name=\"twitter:data1\" content=\"Lo viste en Los Pol\u00edticos\" \/>\n\t<meta name=\"twitter:label2\" content=\"Tiempo de lectura\" \/>\n\t<meta name=\"twitter:data2\" content=\"4 minutos\" \/>\n<script type=\"application\/ld+json\" class=\"yoast-schema-graph\">{\"@context\":\"https:\\\/\\\/schema.org\",\"@graph\":[{\"@type\":\"Article\",\"@id\":\"https:\\\/\\\/lospoliticosveracruz.com\\\/?p=124003#article\",\"isPartOf\":{\"@id\":\"https:\\\/\\\/lospoliticosveracruz.com\\\/?p=124003\"},\"author\":{\"name\":\"Lo viste en Los Pol\u00edticos\",\"@id\":\"https:\\\/\\\/lospoliticosveracruz.com\\\/#\\\/schema\\\/person\\\/b8702bb0e538456e6efd07080bf2a4a2\"},\"headline\":\"EL FRANCO DESPRECIO POR LOS GOBERNADOS\",\"datePublished\":\"2024-05-10T12:04:09+00:00\",\"dateModified\":\"2024-05-10T12:06:53+00:00\",\"mainEntityOfPage\":{\"@id\":\"https:\\\/\\\/lospoliticosveracruz.com\\\/?p=124003\"},\"wordCount\":869,\"publisher\":{\"@id\":\"https:\\\/\\\/lospoliticosveracruz.com\\\/#organization\"},\"image\":{\"@id\":\"https:\\\/\\\/lospoliticosveracruz.com\\\/?p=124003#primaryimage\"},\"thumbnailUrl\":\"https:\\\/\\\/lospoliticosveracruz.com\\\/wp-content\\\/uploads\\\/2024\\\/03\\\/Felipe-Fernandez-Basilio.jpg\",\"keywords\":[\"Andr\u00e9s Manuel L\u00f3pez Obrador\",\"Claudia Sheinbaum\",\"Morena\"],\"articleSection\":[\"De Opini\u00f3n\"],\"inLanguage\":\"es\"},{\"@type\":\"WebPage\",\"@id\":\"https:\\\/\\\/lospoliticosveracruz.com\\\/?p=124003\",\"url\":\"https:\\\/\\\/lospoliticosveracruz.com\\\/?p=124003\",\"name\":\"EL FRANCO DESPRECIO POR LOS GOBERNADOS - Los pol\u00edticos Veracruz\",\"isPartOf\":{\"@id\":\"https:\\\/\\\/lospoliticosveracruz.com\\\/#website\"},\"primaryImageOfPage\":{\"@id\":\"https:\\\/\\\/lospoliticosveracruz.com\\\/?p=124003#primaryimage\"},\"image\":{\"@id\":\"https:\\\/\\\/lospoliticosveracruz.com\\\/?p=124003#primaryimage\"},\"thumbnailUrl\":\"https:\\\/\\\/lospoliticosveracruz.com\\\/wp-content\\\/uploads\\\/2024\\\/03\\\/Felipe-Fernandez-Basilio.jpg\",\"datePublished\":\"2024-05-10T12:04:09+00:00\",\"dateModified\":\"2024-05-10T12:06:53+00:00\",\"breadcrumb\":{\"@id\":\"https:\\\/\\\/lospoliticosveracruz.com\\\/?p=124003#breadcrumb\"},\"inLanguage\":\"es\",\"potentialAction\":[{\"@type\":\"ReadAction\",\"target\":[\"https:\\\/\\\/lospoliticosveracruz.com\\\/?p=124003\"]}]},{\"@type\":\"ImageObject\",\"inLanguage\":\"es\",\"@id\":\"https:\\\/\\\/lospoliticosveracruz.com\\\/?p=124003#primaryimage\",\"url\":\"https:\\\/\\\/lospoliticosveracruz.com\\\/wp-content\\\/uploads\\\/2024\\\/03\\\/Felipe-Fernandez-Basilio.jpg\",\"contentUrl\":\"https:\\\/\\\/lospoliticosveracruz.com\\\/wp-content\\\/uploads\\\/2024\\\/03\\\/Felipe-Fernandez-Basilio.jpg\",\"width\":1250,\"height\":667},{\"@type\":\"BreadcrumbList\",\"@id\":\"https:\\\/\\\/lospoliticosveracruz.com\\\/?p=124003#breadcrumb\",\"itemListElement\":[{\"@type\":\"ListItem\",\"position\":1,\"name\":\"Portada\",\"item\":\"https:\\\/\\\/lospoliticosveracruz.com\\\/\"},{\"@type\":\"ListItem\",\"position\":2,\"name\":\"EL FRANCO DESPRECIO POR LOS GOBERNADOS\"}]},{\"@type\":\"WebSite\",\"@id\":\"https:\\\/\\\/lospoliticosveracruz.com\\\/#website\",\"url\":\"https:\\\/\\\/lospoliticosveracruz.com\\\/\",\"name\":\"Los pol\u00edticos Veracruz\",\"description\":\"\",\"publisher\":{\"@id\":\"https:\\\/\\\/lospoliticosveracruz.com\\\/#organization\"},\"potentialAction\":[{\"@type\":\"SearchAction\",\"target\":{\"@type\":\"EntryPoint\",\"urlTemplate\":\"https:\\\/\\\/lospoliticosveracruz.com\\\/?s={search_term_string}\"},\"query-input\":{\"@type\":\"PropertyValueSpecification\",\"valueRequired\":true,\"valueName\":\"search_term_string\"}}],\"inLanguage\":\"es\"},{\"@type\":\"Organization\",\"@id\":\"https:\\\/\\\/lospoliticosveracruz.com\\\/#organization\",\"name\":\"Los pol\u00edticos Veracruz\",\"url\":\"https:\\\/\\\/lospoliticosveracruz.com\\\/\",\"logo\":{\"@type\":\"ImageObject\",\"inLanguage\":\"es\",\"@id\":\"https:\\\/\\\/lospoliticosveracruz.com\\\/#\\\/schema\\\/logo\\\/image\\\/\",\"url\":\"https:\\\/\\\/lospoliticosveracruz.com\\\/wp-content\\\/uploads\\\/2025\\\/12\\\/Logo-Nuevo-LOS-POLITICOS-1.jpg\",\"contentUrl\":\"https:\\\/\\\/lospoliticosveracruz.com\\\/wp-content\\\/uploads\\\/2025\\\/12\\\/Logo-Nuevo-LOS-POLITICOS-1.jpg\",\"width\":260,\"height\":70,\"caption\":\"Los pol\u00edticos Veracruz\"},\"image\":{\"@id\":\"https:\\\/\\\/lospoliticosveracruz.com\\\/#\\\/schema\\\/logo\\\/image\\\/\"},\"sameAs\":[\"https:\\\/\\\/www.facebook.com\\\/people\\\/Notimemes-de-los-Polticos\\\/61565672886568\\\/\",\"https:\\\/\\\/x.com\\\/LosPoliticosVer\"]},{\"@type\":\"Person\",\"@id\":\"https:\\\/\\\/lospoliticosveracruz.com\\\/#\\\/schema\\\/person\\\/b8702bb0e538456e6efd07080bf2a4a2\",\"name\":\"Lo viste en Los Pol\u00edticos\",\"image\":{\"@type\":\"ImageObject\",\"inLanguage\":\"es\",\"@id\":\"https:\\\/\\\/secure.gravatar.com\\\/avatar\\\/3a8de04a2656d44082be478bd6c086daa447c4651605818287b9532d3d0bd435?s=96&d=mm&r=g\",\"url\":\"https:\\\/\\\/secure.gravatar.com\\\/avatar\\\/3a8de04a2656d44082be478bd6c086daa447c4651605818287b9532d3d0bd435?s=96&d=mm&r=g\",\"contentUrl\":\"https:\\\/\\\/secure.gravatar.com\\\/avatar\\\/3a8de04a2656d44082be478bd6c086daa447c4651605818287b9532d3d0bd435?s=96&d=mm&r=g\",\"caption\":\"Lo viste en Los Pol\u00edticos\"},\"url\":\"https:\\\/\\\/lospoliticosveracruz.com\\\/?author=2\"}]}<\/script>\n<!-- \/ Yoast SEO plugin. -->","yoast_head_json":{"title":"EL FRANCO DESPRECIO POR LOS GOBERNADOS - Los pol\u00edticos Veracruz","robots":{"index":"index","follow":"follow","max-snippet":"max-snippet:-1","max-image-preview":"max-image-preview:large","max-video-preview":"max-video-preview:-1"},"canonical":"https:\/\/lospoliticosveracruz.com\/?p=124003","og_locale":"es_ES","og_type":"article","og_title":"EL FRANCO DESPRECIO POR LOS GOBERNADOS - Los pol\u00edticos Veracruz","og_description":"Felipe de Jes\u00fas Fern\u00e1ndez BasilioDesde a Janela \u201cYa solo restan cuatro meses y&nbsp;veinti\u00fan&nbsp;d\u00edas para que se vaya a &#8230; su rancho\u201d \u201cFalta el tr\u00e1mite del 2 de junio\u201d dijo con su risita burlona la candidata Sheinbaum Pardo&nbsp;y al decirlo&nbsp;no hizo m\u00e1s que reflejar lo que realmente piensa y siente. A esta candidata ya varias veces [&hellip;]","og_url":"https:\/\/lospoliticosveracruz.com\/?p=124003","og_site_name":"Los pol\u00edticos Veracruz","article_publisher":"https:\/\/www.facebook.com\/people\/Notimemes-de-los-Polticos\/61565672886568\/","article_published_time":"2024-05-10T12:04:09+00:00","article_modified_time":"2024-05-10T12:06:53+00:00","og_image":[{"width":1250,"height":667,"url":"https:\/\/lospoliticosveracruz.com\/wp-content\/uploads\/2024\/03\/Felipe-Fernandez-Basilio.jpg","type":"image\/jpeg"}],"author":"Lo viste en Los Pol\u00edticos","twitter_card":"summary_large_image","twitter_creator":"@LosPoliticosVer","twitter_site":"@LosPoliticosVer","twitter_misc":{"Escrito por":"Lo viste en Los Pol\u00edticos","Tiempo de lectura":"4 minutos"},"schema":{"@context":"https:\/\/schema.org","@graph":[{"@type":"Article","@id":"https:\/\/lospoliticosveracruz.com\/?p=124003#article","isPartOf":{"@id":"https:\/\/lospoliticosveracruz.com\/?p=124003"},"author":{"name":"Lo viste en Los Pol\u00edticos","@id":"https:\/\/lospoliticosveracruz.com\/#\/schema\/person\/b8702bb0e538456e6efd07080bf2a4a2"},"headline":"EL FRANCO DESPRECIO POR LOS GOBERNADOS","datePublished":"2024-05-10T12:04:09+00:00","dateModified":"2024-05-10T12:06:53+00:00","mainEntityOfPage":{"@id":"https:\/\/lospoliticosveracruz.com\/?p=124003"},"wordCount":869,"publisher":{"@id":"https:\/\/lospoliticosveracruz.com\/#organization"},"image":{"@id":"https:\/\/lospoliticosveracruz.com\/?p=124003#primaryimage"},"thumbnailUrl":"https:\/\/lospoliticosveracruz.com\/wp-content\/uploads\/2024\/03\/Felipe-Fernandez-Basilio.jpg","keywords":["Andr\u00e9s Manuel L\u00f3pez Obrador","Claudia Sheinbaum","Morena"],"articleSection":["De Opini\u00f3n"],"inLanguage":"es"},{"@type":"WebPage","@id":"https:\/\/lospoliticosveracruz.com\/?p=124003","url":"https:\/\/lospoliticosveracruz.com\/?p=124003","name":"EL FRANCO DESPRECIO POR LOS GOBERNADOS - Los pol\u00edticos Veracruz","isPartOf":{"@id":"https:\/\/lospoliticosveracruz.com\/#website"},"primaryImageOfPage":{"@id":"https:\/\/lospoliticosveracruz.com\/?p=124003#primaryimage"},"image":{"@id":"https:\/\/lospoliticosveracruz.com\/?p=124003#primaryimage"},"thumbnailUrl":"https:\/\/lospoliticosveracruz.com\/wp-content\/uploads\/2024\/03\/Felipe-Fernandez-Basilio.jpg","datePublished":"2024-05-10T12:04:09+00:00","dateModified":"2024-05-10T12:06:53+00:00","breadcrumb":{"@id":"https:\/\/lospoliticosveracruz.com\/?p=124003#breadcrumb"},"inLanguage":"es","potentialAction":[{"@type":"ReadAction","target":["https:\/\/lospoliticosveracruz.com\/?p=124003"]}]},{"@type":"ImageObject","inLanguage":"es","@id":"https:\/\/lospoliticosveracruz.com\/?p=124003#primaryimage","url":"https:\/\/lospoliticosveracruz.com\/wp-content\/uploads\/2024\/03\/Felipe-Fernandez-Basilio.jpg","contentUrl":"https:\/\/lospoliticosveracruz.com\/wp-content\/uploads\/2024\/03\/Felipe-Fernandez-Basilio.jpg","width":1250,"height":667},{"@type":"BreadcrumbList","@id":"https:\/\/lospoliticosveracruz.com\/?p=124003#breadcrumb","itemListElement":[{"@type":"ListItem","position":1,"name":"Portada","item":"https:\/\/lospoliticosveracruz.com\/"},{"@type":"ListItem","position":2,"name":"EL FRANCO DESPRECIO POR LOS GOBERNADOS"}]},{"@type":"WebSite","@id":"https:\/\/lospoliticosveracruz.com\/#website","url":"https:\/\/lospoliticosveracruz.com\/","name":"Los pol\u00edticos Veracruz","description":"","publisher":{"@id":"https:\/\/lospoliticosveracruz.com\/#organization"},"potentialAction":[{"@type":"SearchAction","target":{"@type":"EntryPoint","urlTemplate":"https:\/\/lospoliticosveracruz.com\/?s={search_term_string}"},"query-input":{"@type":"PropertyValueSpecification","valueRequired":true,"valueName":"search_term_string"}}],"inLanguage":"es"},{"@type":"Organization","@id":"https:\/\/lospoliticosveracruz.com\/#organization","name":"Los pol\u00edticos Veracruz","url":"https:\/\/lospoliticosveracruz.com\/","logo":{"@type":"ImageObject","inLanguage":"es","@id":"https:\/\/lospoliticosveracruz.com\/#\/schema\/logo\/image\/","url":"https:\/\/lospoliticosveracruz.com\/wp-content\/uploads\/2025\/12\/Logo-Nuevo-LOS-POLITICOS-1.jpg","contentUrl":"https:\/\/lospoliticosveracruz.com\/wp-content\/uploads\/2025\/12\/Logo-Nuevo-LOS-POLITICOS-1.jpg","width":260,"height":70,"caption":"Los pol\u00edticos Veracruz"},"image":{"@id":"https:\/\/lospoliticosveracruz.com\/#\/schema\/logo\/image\/"},"sameAs":["https:\/\/www.facebook.com\/people\/Notimemes-de-los-Polticos\/61565672886568\/","https:\/\/x.com\/LosPoliticosVer"]},{"@type":"Person","@id":"https:\/\/lospoliticosveracruz.com\/#\/schema\/person\/b8702bb0e538456e6efd07080bf2a4a2","name":"Lo viste en Los Pol\u00edticos","image":{"@type":"ImageObject","inLanguage":"es","@id":"https:\/\/secure.gravatar.com\/avatar\/3a8de04a2656d44082be478bd6c086daa447c4651605818287b9532d3d0bd435?s=96&d=mm&r=g","url":"https:\/\/secure.gravatar.com\/avatar\/3a8de04a2656d44082be478bd6c086daa447c4651605818287b9532d3d0bd435?s=96&d=mm&r=g","contentUrl":"https:\/\/secure.gravatar.com\/avatar\/3a8de04a2656d44082be478bd6c086daa447c4651605818287b9532d3d0bd435?s=96&d=mm&r=g","caption":"Lo viste en Los Pol\u00edticos"},"url":"https:\/\/lospoliticosveracruz.com\/?author=2"}]}},"_links":{"self":[{"href":"https:\/\/lospoliticosveracruz.com\/index.php?rest_route=\/wp\/v2\/posts\/124003","targetHints":{"allow":["GET"]}}],"collection":[{"href":"https:\/\/lospoliticosveracruz.com\/index.php?rest_route=\/wp\/v2\/posts"}],"about":[{"href":"https:\/\/lospoliticosveracruz.com\/index.php?rest_route=\/wp\/v2\/types\/post"}],"author":[{"embeddable":true,"href":"https:\/\/lospoliticosveracruz.com\/index.php?rest_route=\/wp\/v2\/users\/2"}],"replies":[{"embeddable":true,"href":"https:\/\/lospoliticosveracruz.com\/index.php?rest_route=%2Fwp%2Fv2%2Fcomments&post=124003"}],"version-history":[{"count":2,"href":"https:\/\/lospoliticosveracruz.com\/index.php?rest_route=\/wp\/v2\/posts\/124003\/revisions"}],"predecessor-version":[{"id":124005,"href":"https:\/\/lospoliticosveracruz.com\/index.php?rest_route=\/wp\/v2\/posts\/124003\/revisions\/124005"}],"wp:featuredmedia":[{"embeddable":true,"href":"https:\/\/lospoliticosveracruz.com\/index.php?rest_route=\/wp\/v2\/media\/119963"}],"wp:attachment":[{"href":"https:\/\/lospoliticosveracruz.com\/index.php?rest_route=%2Fwp%2Fv2%2Fmedia&parent=124003"}],"wp:term":[{"taxonomy":"category","embeddable":true,"href":"https:\/\/lospoliticosveracruz.com\/index.php?rest_route=%2Fwp%2Fv2%2Fcategories&post=124003"},{"taxonomy":"post_tag","embeddable":true,"href":"https:\/\/lospoliticosveracruz.com\/index.php?rest_route=%2Fwp%2Fv2%2Ftags&post=124003"}],"curies":[{"name":"wp","href":"https:\/\/api.w.org\/{rel}","templated":true}]}}