{"id":124006,"date":"2024-05-10T08:14:46","date_gmt":"2024-05-10T13:14:46","guid":{"rendered":"https:\/\/lospoliticosveracruz.com.mx\/?p=124006"},"modified":"2024-05-10T08:14:53","modified_gmt":"2024-05-10T13:14:53","slug":"prd-la-traicion-a-pepe","status":"publish","type":"post","link":"https:\/\/lospoliticosveracruz.com\/?p=124006","title":{"rendered":"PRD, \u00bfLA TRAICI\u00d3N A PEPE?"},"content":{"rendered":"\n<p><strong>Ricardo Chua<\/strong><\/p>\n\n\n\n<p><em>Sale y Vale<\/em><\/p>\n\n\n\n<p>Durante su gira por Zongolica, nos cuenta \u00abGarganta Profunda\u00bb, el candidato a gobernador por la oposici\u00f3n en Veracruz, Pepe Yunes, tom\u00f3 el tel\u00e9fono y se comunic\u00f3 con el dirigente nacional del PRD, Jes\u00fas Zambrano.. Le pidi\u00f3 el favor de no hacer cambios en asuntos de la dirigencia estatal del PRD, a 20 d\u00edas de la elecci\u00f3n, para no enrarecer el ambiente.. Y que todo lo dejar\u00e1 igual.. Que \u00e9l como candidato respalda la labor de Sergio Cadena Mart\u00ednez.. Se dice que Zambrano accedi\u00f3.. PEROOOOO..<\/p>\n\n\n\n<p>Al interior del PRD, sus pugnas mantienen a este partido, de que est\u00e9 a punto de salirse de la alianza opositora en Veracruz.. Y al menos, el grupo de Cadena Mart\u00ednez junto con 130 l\u00edderes regionales y municipales abandonar\u00edan el partido en estas horas.. Dejando \u00abtirada\u00bb la elecci\u00f3n estatal.. Poniendo en peligro el posible triunfo de Pepe Yunes.. Y todo, seg\u00fan, por la intransigencia de Zambrano y Jes\u00fas Ortega Mart\u00ednez.. Que pareciera que trabajan para Roc\u00edo Nahle y el partido MORENA.. No para el PRD..<\/p>\n\n\n\n<p>Pepe Yunes en esa llamada le dej\u00f3 en claro a Zambrano, que \u00e9l como candidato y priista, no se mete en la vida interna del PRD.. Que como partido ten\u00edan que resolver sus diferencias.. Pero que en este momento, por el crecimiento de su candidatura y por la posibilidad de triunfar en la carrera a gobernador, le ped\u00eda que todo quedar\u00e1 igual hasta despu\u00e9s de la elecci\u00f3n.. Para evitar \u00abquiebres\u00bb.. Seg\u00fan los allegados a Pepe, la pl\u00e1tica hizo reflexionar a Zambrano.. Pero es el momento, que las cosas en el PRD siguen igual y el peligro de ruptura es inminente..<\/p>\n\n\n\n<p>Todo comenz\u00f3 cuando Zambrano decidi\u00f3 quitarle a Cadena el manejo de los recursos extraordinarios que tiene este partido por la elecci\u00f3n a gobernador.. Cadena se molest\u00f3 bastante porque ya hab\u00eda adquirido compromisos de campa\u00f1a de pagar personal para el d\u00eda de la elecci\u00f3n, su estructura y todos aquellos que cuidan el voto perredista.. El l\u00edder nacional decidi\u00f3 dar ese dinero a allegados del diputado federal, Jes\u00fas Vel\u00e1zquez \u00abKrosty\u00bb para manejarlo, ya que \u00abEl Krosty\u00bb fue el que \u00abgrillo\u00bb a Cadena con Zambrano cuando antes eran aliados..<\/p>\n\n\n\n<p>El caso es que el grupo \u00abKrosty\u00bb no conoce la estructura, los acuerdos de Pepe con el PRD y la operatividad para el d\u00eda de la elecci\u00f3n.. \u00bfY a 20 d\u00edas de la misma?.. Es un suicidio.. Por ese hecho.. Cadena se qued\u00f3 al margen.. Se molest\u00f3 con Zambrano.. Y le fue a decir a Pepe que se iba del partido y que el grupo del PRD que \u00e9l encabeza, se ir\u00eda con \u00e9l. Que se iba a hacer a un lado para no estorbarle.. Pero que no iba a trabajar m\u00e1s.. Esto PREOCUP\u00d3 al Perote\u00f1o y fue que vino la llamada con Jes\u00fas Zambrano y este recul\u00f3 la decisi\u00f3n de apoyar a Velazquez..<\/p>\n\n\n\n<p>Sin embargo, la relaci\u00f3n de Cadena con Zambrano est\u00e1 m\u00e1s que \u00abrota\u00bb.. Y pareciera que no habr\u00e1 vuelta de hoja.. Los allegados a Cadena acusan que todo eso \u00abhuele\u00bb al \u00abtufo\u00bb de la traici\u00f3n.. Y que desde el CEN del PRD quieren entregarle a MORENA y Roc\u00edo Nahle, la gubernatura.. Al menos, al interior del PRD eso parece.. S\u00f3lo hay algunos perredistas que est\u00e1n contentos de que Cadena se vaya y que le hayan quitado recursos.. REFLEXI\u00d3N.. Esto sabe a TRAICI\u00d3N.. Y si Zambrano no es \u00abdiablo\u00bb por lo menos \u00abhuele a azufre\u00bb. AMEN..<\/p>\n\n\n\n<p>LAS CASAS DE MEMO.. El que sigue cumpliendo con su labor altruista en Veracruz, es el nuevo aliado de Miguel y Pepe Yunes, el empresario Guillermo Herrada Jim\u00e9nez.. Quien ya abri\u00f3 una \u00abCasa de Enlace\u00bb en Paso del Toro.. Con la finalidad de tener un acercamiento y di\u00e1logo con la poblaci\u00f3n.. Y que tambi\u00e9n sirva para aumentar el n\u00famero de apoyos en salud, educaci\u00f3n y desarrollo social dentro del municipio de Medell\u00edn de Bravo.. Tendr\u00e1 m\u00e9dicos en estas casas.. Eso es ayudar..<\/p>\n\n\n\n<p>Pero eso no es todo.. Tambi\u00e9n Herrada gestion\u00f3 con un distribuidor la venta de impermeabilizantes a bajo costo para el beneficio de los ciudadanos de Medell\u00edn de Bravo.. Mismos que ya fueron entregados al sector m\u00e1s necesitado.. La entrega de cubetas de impermeabilizantes a poco costo es la muestra de un compromiso.. Ojal\u00e1 al paso de los a\u00f1os no se olvide y que todo esto contribuya con el desarrollo y prosperidad de la regi\u00f3n\u2026 Esos sondeos para saber la necesidad de la poblaci\u00f3n. son buenos.. BIEN..<\/p>\n\n\n\n<p>EL RETORNO DE VALENCIA.. Otro personaje que sigue dando de qu\u00e9 hablar.. Por su reciente inclusi\u00f3n a la c\u00e1mara de diputados federales.. Es el tuxtleco Francisco Valencia, quien ahora anda con el grupo parlamentario del PRD construyendo un di\u00e1logo entre M\u00e9xico y pa\u00edses extranjeros para favorecer el comercio y el intercambio cultural.. Valencia ahora ha retomado un nuevo \u00abaire\u00bb despu\u00e9s de estar fuera de la \u00abjugada\u00bb pol\u00edtica por m\u00e1s de 6 a\u00f1os.. Que se dedic\u00f3 a sus asuntos personales..<\/p>\n\n\n\n<p>As\u00ed que Pancho Valencia, ahora, se da tiempo para todo.. Para ir a la c\u00e1mara de diputados federales, atender sus asuntos empresariales y ahora cumplir con sus asuntos legislativos.. Lo que no se sabe a\u00fan es por qui\u00e9n est\u00e1 definido P\u00e4ncho Valencia en Veracruz.. Si por Pepe Yunes por ser un legislador del PRD ser\u00eda lo l\u00f3gico o por Roc\u00edo Nahle, ya que su yerno, Eduardo Vega Yunes, l\u00edder estatal de Fuerza por M\u00e9xico.. Ha logrado buenos acuerdos con Nahle.. \u00bfApoyar\u00e1 su suegro a \u00e9l o Pepe Yunes?.. Ah\u00ed el dilema..<\/p>\n","protected":false},"excerpt":{"rendered":"<p>Ricardo Chua Sale y Vale Durante su gira por Zongolica, nos cuenta \u00abGarganta Profunda\u00bb, el candidato a gobernador por la oposici\u00f3n en Veracruz, Pepe Yunes, tom\u00f3 el tel\u00e9fono y se comunic\u00f3 con el dirigente nacional del PRD, Jes\u00fas Zambrano.. Le pidi\u00f3 el favor de no hacer cambios en asuntos de la dirigencia estatal del PRD, [&hellip;]<\/p>\n","protected":false},"author":2,"featured_media":119817,"comment_status":"closed","ping_status":"closed","sticky":false,"template":"","format":"standard","meta":{"tdm_status":"","tdm_grid_status":"","footnotes":""},"categories":[70],"tags":[163,15921,1026,570,107,3578,15095,195],"class_list":{"0":"post-124006","1":"post","2":"type-post","3":"status-publish","4":"format-standard","5":"has-post-thumbnail","7":"category-de-opinion","8":"tag-jesus-velazquez","9":"tag-jesus-zambrano","10":"tag-morena","11":"tag-pepe-yunes","12":"tag-prd","13":"tag-rocio-nahle","14":"tag-sergio-cadena","15":"tag-veracruz"},"yoast_head":"<!-- This site is optimized with the Yoast SEO plugin v27.4 - https:\/\/yoast.com\/product\/yoast-seo-wordpress\/ -->\n<title>PRD, \u00bfLA TRAICI\u00d3N A PEPE? - Los pol\u00edticos Veracruz<\/title>\n<meta name=\"robots\" content=\"index, follow, max-snippet:-1, max-image-preview:large, max-video-preview:-1\" \/>\n<link rel=\"canonical\" href=\"https:\/\/lospoliticosveracruz.com\/?p=124006\" \/>\n<meta property=\"og:locale\" content=\"es_ES\" \/>\n<meta property=\"og:type\" content=\"article\" \/>\n<meta property=\"og:title\" content=\"PRD, \u00bfLA TRAICI\u00d3N A PEPE? - Los pol\u00edticos Veracruz\" \/>\n<meta property=\"og:description\" content=\"Ricardo Chua Sale y Vale Durante su gira por Zongolica, nos cuenta \u00abGarganta Profunda\u00bb, el candidato a gobernador por la oposici\u00f3n en Veracruz, Pepe Yunes, tom\u00f3 el tel\u00e9fono y se comunic\u00f3 con el dirigente nacional del PRD, Jes\u00fas Zambrano.. Le pidi\u00f3 el favor de no hacer cambios en asuntos de la dirigencia estatal del PRD, [&hellip;]\" \/>\n<meta property=\"og:url\" content=\"https:\/\/lospoliticosveracruz.com\/?p=124006\" \/>\n<meta property=\"og:site_name\" content=\"Los pol\u00edticos Veracruz\" \/>\n<meta property=\"article:publisher\" content=\"https:\/\/www.facebook.com\/people\/Notimemes-de-los-Polticos\/61565672886568\/\" \/>\n<meta property=\"article:published_time\" content=\"2024-05-10T13:14:46+00:00\" \/>\n<meta property=\"article:modified_time\" content=\"2024-05-10T13:14:53+00:00\" \/>\n<meta property=\"og:image\" content=\"https:\/\/lospoliticosveracruz.com\/wp-content\/uploads\/2024\/03\/Ricardo-Chua.jpg\" \/>\n\t<meta property=\"og:image:width\" content=\"1250\" \/>\n\t<meta property=\"og:image:height\" content=\"667\" \/>\n\t<meta property=\"og:image:type\" content=\"image\/jpeg\" \/>\n<meta name=\"author\" content=\"Lo viste en Los Pol\u00edticos\" \/>\n<meta name=\"twitter:card\" content=\"summary_large_image\" \/>\n<meta name=\"twitter:creator\" content=\"@LosPoliticosVer\" \/>\n<meta name=\"twitter:site\" content=\"@LosPoliticosVer\" \/>\n<meta name=\"twitter:label1\" content=\"Escrito por\" \/>\n\t<meta name=\"twitter:data1\" content=\"Lo viste en Los Pol\u00edticos\" \/>\n\t<meta name=\"twitter:label2\" content=\"Tiempo de lectura\" \/>\n\t<meta name=\"twitter:data2\" content=\"5 minutos\" \/>\n<script type=\"application\/ld+json\" class=\"yoast-schema-graph\">{\"@context\":\"https:\\\/\\\/schema.org\",\"@graph\":[{\"@type\":\"Article\",\"@id\":\"https:\\\/\\\/lospoliticosveracruz.com\\\/?p=124006#article\",\"isPartOf\":{\"@id\":\"https:\\\/\\\/lospoliticosveracruz.com\\\/?p=124006\"},\"author\":{\"name\":\"Lo viste en Los Pol\u00edticos\",\"@id\":\"https:\\\/\\\/lospoliticosveracruz.com\\\/#\\\/schema\\\/person\\\/b8702bb0e538456e6efd07080bf2a4a2\"},\"headline\":\"PRD, \u00bfLA TRAICI\u00d3N A PEPE?\",\"datePublished\":\"2024-05-10T13:14:46+00:00\",\"dateModified\":\"2024-05-10T13:14:53+00:00\",\"mainEntityOfPage\":{\"@id\":\"https:\\\/\\\/lospoliticosveracruz.com\\\/?p=124006\"},\"wordCount\":984,\"publisher\":{\"@id\":\"https:\\\/\\\/lospoliticosveracruz.com\\\/#organization\"},\"image\":{\"@id\":\"https:\\\/\\\/lospoliticosveracruz.com\\\/?p=124006#primaryimage\"},\"thumbnailUrl\":\"https:\\\/\\\/lospoliticosveracruz.com\\\/wp-content\\\/uploads\\\/2024\\\/03\\\/Ricardo-Chua.jpg\",\"keywords\":[\"Jes\u00fas Vel\u00e1zquez\",\"Jes\u00fas Zambrano\",\"Morena\",\"Pepe Yunes\",\"PRD\",\"Roc\u00edo Nahle\",\"Sergio Cadena\",\"Veracruz\"],\"articleSection\":[\"De Opini\u00f3n\"],\"inLanguage\":\"es\"},{\"@type\":\"WebPage\",\"@id\":\"https:\\\/\\\/lospoliticosveracruz.com\\\/?p=124006\",\"url\":\"https:\\\/\\\/lospoliticosveracruz.com\\\/?p=124006\",\"name\":\"PRD, \u00bfLA TRAICI\u00d3N A PEPE? - Los pol\u00edticos Veracruz\",\"isPartOf\":{\"@id\":\"https:\\\/\\\/lospoliticosveracruz.com\\\/#website\"},\"primaryImageOfPage\":{\"@id\":\"https:\\\/\\\/lospoliticosveracruz.com\\\/?p=124006#primaryimage\"},\"image\":{\"@id\":\"https:\\\/\\\/lospoliticosveracruz.com\\\/?p=124006#primaryimage\"},\"thumbnailUrl\":\"https:\\\/\\\/lospoliticosveracruz.com\\\/wp-content\\\/uploads\\\/2024\\\/03\\\/Ricardo-Chua.jpg\",\"datePublished\":\"2024-05-10T13:14:46+00:00\",\"dateModified\":\"2024-05-10T13:14:53+00:00\",\"breadcrumb\":{\"@id\":\"https:\\\/\\\/lospoliticosveracruz.com\\\/?p=124006#breadcrumb\"},\"inLanguage\":\"es\",\"potentialAction\":[{\"@type\":\"ReadAction\",\"target\":[\"https:\\\/\\\/lospoliticosveracruz.com\\\/?p=124006\"]}]},{\"@type\":\"ImageObject\",\"inLanguage\":\"es\",\"@id\":\"https:\\\/\\\/lospoliticosveracruz.com\\\/?p=124006#primaryimage\",\"url\":\"https:\\\/\\\/lospoliticosveracruz.com\\\/wp-content\\\/uploads\\\/2024\\\/03\\\/Ricardo-Chua.jpg\",\"contentUrl\":\"https:\\\/\\\/lospoliticosveracruz.com\\\/wp-content\\\/uploads\\\/2024\\\/03\\\/Ricardo-Chua.jpg\",\"width\":1250,\"height\":667},{\"@type\":\"BreadcrumbList\",\"@id\":\"https:\\\/\\\/lospoliticosveracruz.com\\\/?p=124006#breadcrumb\",\"itemListElement\":[{\"@type\":\"ListItem\",\"position\":1,\"name\":\"Portada\",\"item\":\"https:\\\/\\\/lospoliticosveracruz.com\\\/\"},{\"@type\":\"ListItem\",\"position\":2,\"name\":\"PRD, \u00bfLA TRAICI\u00d3N A PEPE?\"}]},{\"@type\":\"WebSite\",\"@id\":\"https:\\\/\\\/lospoliticosveracruz.com\\\/#website\",\"url\":\"https:\\\/\\\/lospoliticosveracruz.com\\\/\",\"name\":\"Los pol\u00edticos Veracruz\",\"description\":\"\",\"publisher\":{\"@id\":\"https:\\\/\\\/lospoliticosveracruz.com\\\/#organization\"},\"potentialAction\":[{\"@type\":\"SearchAction\",\"target\":{\"@type\":\"EntryPoint\",\"urlTemplate\":\"https:\\\/\\\/lospoliticosveracruz.com\\\/?s={search_term_string}\"},\"query-input\":{\"@type\":\"PropertyValueSpecification\",\"valueRequired\":true,\"valueName\":\"search_term_string\"}}],\"inLanguage\":\"es\"},{\"@type\":\"Organization\",\"@id\":\"https:\\\/\\\/lospoliticosveracruz.com\\\/#organization\",\"name\":\"Los pol\u00edticos Veracruz\",\"url\":\"https:\\\/\\\/lospoliticosveracruz.com\\\/\",\"logo\":{\"@type\":\"ImageObject\",\"inLanguage\":\"es\",\"@id\":\"https:\\\/\\\/lospoliticosveracruz.com\\\/#\\\/schema\\\/logo\\\/image\\\/\",\"url\":\"https:\\\/\\\/lospoliticosveracruz.com\\\/wp-content\\\/uploads\\\/2025\\\/12\\\/Logo-Nuevo-LOS-POLITICOS-1.jpg\",\"contentUrl\":\"https:\\\/\\\/lospoliticosveracruz.com\\\/wp-content\\\/uploads\\\/2025\\\/12\\\/Logo-Nuevo-LOS-POLITICOS-1.jpg\",\"width\":260,\"height\":70,\"caption\":\"Los pol\u00edticos Veracruz\"},\"image\":{\"@id\":\"https:\\\/\\\/lospoliticosveracruz.com\\\/#\\\/schema\\\/logo\\\/image\\\/\"},\"sameAs\":[\"https:\\\/\\\/www.facebook.com\\\/people\\\/Notimemes-de-los-Polticos\\\/61565672886568\\\/\",\"https:\\\/\\\/x.com\\\/LosPoliticosVer\"]},{\"@type\":\"Person\",\"@id\":\"https:\\\/\\\/lospoliticosveracruz.com\\\/#\\\/schema\\\/person\\\/b8702bb0e538456e6efd07080bf2a4a2\",\"name\":\"Lo viste en Los Pol\u00edticos\",\"image\":{\"@type\":\"ImageObject\",\"inLanguage\":\"es\",\"@id\":\"https:\\\/\\\/secure.gravatar.com\\\/avatar\\\/3a8de04a2656d44082be478bd6c086daa447c4651605818287b9532d3d0bd435?s=96&d=mm&r=g\",\"url\":\"https:\\\/\\\/secure.gravatar.com\\\/avatar\\\/3a8de04a2656d44082be478bd6c086daa447c4651605818287b9532d3d0bd435?s=96&d=mm&r=g\",\"contentUrl\":\"https:\\\/\\\/secure.gravatar.com\\\/avatar\\\/3a8de04a2656d44082be478bd6c086daa447c4651605818287b9532d3d0bd435?s=96&d=mm&r=g\",\"caption\":\"Lo viste en Los Pol\u00edticos\"},\"url\":\"https:\\\/\\\/lospoliticosveracruz.com\\\/?author=2\"}]}<\/script>\n<!-- \/ Yoast SEO plugin. -->","yoast_head_json":{"title":"PRD, \u00bfLA TRAICI\u00d3N A PEPE? - Los pol\u00edticos Veracruz","robots":{"index":"index","follow":"follow","max-snippet":"max-snippet:-1","max-image-preview":"max-image-preview:large","max-video-preview":"max-video-preview:-1"},"canonical":"https:\/\/lospoliticosveracruz.com\/?p=124006","og_locale":"es_ES","og_type":"article","og_title":"PRD, \u00bfLA TRAICI\u00d3N A PEPE? - Los pol\u00edticos Veracruz","og_description":"Ricardo Chua Sale y Vale Durante su gira por Zongolica, nos cuenta \u00abGarganta Profunda\u00bb, el candidato a gobernador por la oposici\u00f3n en Veracruz, Pepe Yunes, tom\u00f3 el tel\u00e9fono y se comunic\u00f3 con el dirigente nacional del PRD, Jes\u00fas Zambrano.. Le pidi\u00f3 el favor de no hacer cambios en asuntos de la dirigencia estatal del PRD, [&hellip;]","og_url":"https:\/\/lospoliticosveracruz.com\/?p=124006","og_site_name":"Los pol\u00edticos Veracruz","article_publisher":"https:\/\/www.facebook.com\/people\/Notimemes-de-los-Polticos\/61565672886568\/","article_published_time":"2024-05-10T13:14:46+00:00","article_modified_time":"2024-05-10T13:14:53+00:00","og_image":[{"width":1250,"height":667,"url":"https:\/\/lospoliticosveracruz.com\/wp-content\/uploads\/2024\/03\/Ricardo-Chua.jpg","type":"image\/jpeg"}],"author":"Lo viste en Los Pol\u00edticos","twitter_card":"summary_large_image","twitter_creator":"@LosPoliticosVer","twitter_site":"@LosPoliticosVer","twitter_misc":{"Escrito por":"Lo viste en Los Pol\u00edticos","Tiempo de lectura":"5 minutos"},"schema":{"@context":"https:\/\/schema.org","@graph":[{"@type":"Article","@id":"https:\/\/lospoliticosveracruz.com\/?p=124006#article","isPartOf":{"@id":"https:\/\/lospoliticosveracruz.com\/?p=124006"},"author":{"name":"Lo viste en Los Pol\u00edticos","@id":"https:\/\/lospoliticosveracruz.com\/#\/schema\/person\/b8702bb0e538456e6efd07080bf2a4a2"},"headline":"PRD, \u00bfLA TRAICI\u00d3N A PEPE?","datePublished":"2024-05-10T13:14:46+00:00","dateModified":"2024-05-10T13:14:53+00:00","mainEntityOfPage":{"@id":"https:\/\/lospoliticosveracruz.com\/?p=124006"},"wordCount":984,"publisher":{"@id":"https:\/\/lospoliticosveracruz.com\/#organization"},"image":{"@id":"https:\/\/lospoliticosveracruz.com\/?p=124006#primaryimage"},"thumbnailUrl":"https:\/\/lospoliticosveracruz.com\/wp-content\/uploads\/2024\/03\/Ricardo-Chua.jpg","keywords":["Jes\u00fas Vel\u00e1zquez","Jes\u00fas Zambrano","Morena","Pepe Yunes","PRD","Roc\u00edo Nahle","Sergio Cadena","Veracruz"],"articleSection":["De Opini\u00f3n"],"inLanguage":"es"},{"@type":"WebPage","@id":"https:\/\/lospoliticosveracruz.com\/?p=124006","url":"https:\/\/lospoliticosveracruz.com\/?p=124006","name":"PRD, \u00bfLA TRAICI\u00d3N A PEPE? - Los pol\u00edticos Veracruz","isPartOf":{"@id":"https:\/\/lospoliticosveracruz.com\/#website"},"primaryImageOfPage":{"@id":"https:\/\/lospoliticosveracruz.com\/?p=124006#primaryimage"},"image":{"@id":"https:\/\/lospoliticosveracruz.com\/?p=124006#primaryimage"},"thumbnailUrl":"https:\/\/lospoliticosveracruz.com\/wp-content\/uploads\/2024\/03\/Ricardo-Chua.jpg","datePublished":"2024-05-10T13:14:46+00:00","dateModified":"2024-05-10T13:14:53+00:00","breadcrumb":{"@id":"https:\/\/lospoliticosveracruz.com\/?p=124006#breadcrumb"},"inLanguage":"es","potentialAction":[{"@type":"ReadAction","target":["https:\/\/lospoliticosveracruz.com\/?p=124006"]}]},{"@type":"ImageObject","inLanguage":"es","@id":"https:\/\/lospoliticosveracruz.com\/?p=124006#primaryimage","url":"https:\/\/lospoliticosveracruz.com\/wp-content\/uploads\/2024\/03\/Ricardo-Chua.jpg","contentUrl":"https:\/\/lospoliticosveracruz.com\/wp-content\/uploads\/2024\/03\/Ricardo-Chua.jpg","width":1250,"height":667},{"@type":"BreadcrumbList","@id":"https:\/\/lospoliticosveracruz.com\/?p=124006#breadcrumb","itemListElement":[{"@type":"ListItem","position":1,"name":"Portada","item":"https:\/\/lospoliticosveracruz.com\/"},{"@type":"ListItem","position":2,"name":"PRD, \u00bfLA TRAICI\u00d3N A PEPE?"}]},{"@type":"WebSite","@id":"https:\/\/lospoliticosveracruz.com\/#website","url":"https:\/\/lospoliticosveracruz.com\/","name":"Los pol\u00edticos Veracruz","description":"","publisher":{"@id":"https:\/\/lospoliticosveracruz.com\/#organization"},"potentialAction":[{"@type":"SearchAction","target":{"@type":"EntryPoint","urlTemplate":"https:\/\/lospoliticosveracruz.com\/?s={search_term_string}"},"query-input":{"@type":"PropertyValueSpecification","valueRequired":true,"valueName":"search_term_string"}}],"inLanguage":"es"},{"@type":"Organization","@id":"https:\/\/lospoliticosveracruz.com\/#organization","name":"Los pol\u00edticos Veracruz","url":"https:\/\/lospoliticosveracruz.com\/","logo":{"@type":"ImageObject","inLanguage":"es","@id":"https:\/\/lospoliticosveracruz.com\/#\/schema\/logo\/image\/","url":"https:\/\/lospoliticosveracruz.com\/wp-content\/uploads\/2025\/12\/Logo-Nuevo-LOS-POLITICOS-1.jpg","contentUrl":"https:\/\/lospoliticosveracruz.com\/wp-content\/uploads\/2025\/12\/Logo-Nuevo-LOS-POLITICOS-1.jpg","width":260,"height":70,"caption":"Los pol\u00edticos Veracruz"},"image":{"@id":"https:\/\/lospoliticosveracruz.com\/#\/schema\/logo\/image\/"},"sameAs":["https:\/\/www.facebook.com\/people\/Notimemes-de-los-Polticos\/61565672886568\/","https:\/\/x.com\/LosPoliticosVer"]},{"@type":"Person","@id":"https:\/\/lospoliticosveracruz.com\/#\/schema\/person\/b8702bb0e538456e6efd07080bf2a4a2","name":"Lo viste en Los Pol\u00edticos","image":{"@type":"ImageObject","inLanguage":"es","@id":"https:\/\/secure.gravatar.com\/avatar\/3a8de04a2656d44082be478bd6c086daa447c4651605818287b9532d3d0bd435?s=96&d=mm&r=g","url":"https:\/\/secure.gravatar.com\/avatar\/3a8de04a2656d44082be478bd6c086daa447c4651605818287b9532d3d0bd435?s=96&d=mm&r=g","contentUrl":"https:\/\/secure.gravatar.com\/avatar\/3a8de04a2656d44082be478bd6c086daa447c4651605818287b9532d3d0bd435?s=96&d=mm&r=g","caption":"Lo viste en Los Pol\u00edticos"},"url":"https:\/\/lospoliticosveracruz.com\/?author=2"}]}},"_links":{"self":[{"href":"https:\/\/lospoliticosveracruz.com\/index.php?rest_route=\/wp\/v2\/posts\/124006","targetHints":{"allow":["GET"]}}],"collection":[{"href":"https:\/\/lospoliticosveracruz.com\/index.php?rest_route=\/wp\/v2\/posts"}],"about":[{"href":"https:\/\/lospoliticosveracruz.com\/index.php?rest_route=\/wp\/v2\/types\/post"}],"author":[{"embeddable":true,"href":"https:\/\/lospoliticosveracruz.com\/index.php?rest_route=\/wp\/v2\/users\/2"}],"replies":[{"embeddable":true,"href":"https:\/\/lospoliticosveracruz.com\/index.php?rest_route=%2Fwp%2Fv2%2Fcomments&post=124006"}],"version-history":[{"count":1,"href":"https:\/\/lospoliticosveracruz.com\/index.php?rest_route=\/wp\/v2\/posts\/124006\/revisions"}],"predecessor-version":[{"id":124007,"href":"https:\/\/lospoliticosveracruz.com\/index.php?rest_route=\/wp\/v2\/posts\/124006\/revisions\/124007"}],"wp:featuredmedia":[{"embeddable":true,"href":"https:\/\/lospoliticosveracruz.com\/index.php?rest_route=\/wp\/v2\/media\/119817"}],"wp:attachment":[{"href":"https:\/\/lospoliticosveracruz.com\/index.php?rest_route=%2Fwp%2Fv2%2Fmedia&parent=124006"}],"wp:term":[{"taxonomy":"category","embeddable":true,"href":"https:\/\/lospoliticosveracruz.com\/index.php?rest_route=%2Fwp%2Fv2%2Fcategories&post=124006"},{"taxonomy":"post_tag","embeddable":true,"href":"https:\/\/lospoliticosveracruz.com\/index.php?rest_route=%2Fwp%2Fv2%2Ftags&post=124006"}],"curies":[{"name":"wp","href":"https:\/\/api.w.org\/{rel}","templated":true}]}}