{"id":124008,"date":"2024-05-10T08:21:15","date_gmt":"2024-05-10T13:21:15","guid":{"rendered":"https:\/\/lospoliticosveracruz.com.mx\/?p=124008"},"modified":"2024-05-10T08:21:27","modified_gmt":"2024-05-10T13:21:27","slug":"clonaron-al-primer-damo","status":"publish","type":"post","link":"https:\/\/lospoliticosveracruz.com\/?p=124008","title":{"rendered":"CLONARON AL PRIMER DAMO"},"content":{"rendered":"\n<p><strong>Oved Contreras<\/strong><\/p>\n\n\n\n<p><em>Secas Mecas<\/em><\/p>\n\n\n\n<p>Como gata boca arriba se defiende la t\u00eda Ch\u00edo que ayer sali\u00f3 a desmentir lo publicado por Arturo Castagn\u00e9 acerca de un nuevo terreno que ser\u00eda propiedad del primer damo Pepe Pe\u00f1a en Monterrey y que tampoco aparece en la declaraci\u00f3n patrimonial de la candidata morenista al gobierno estatal.<\/p>\n\n\n\n<p>A trav\u00e9s de sus redes sociales, la t\u00eda Ch\u00edo expres\u00f3 que se trata de una mentira m\u00e1s del PRIAN que se han dedicado los \u00faltimos d\u00edas a difamarla pero que no van a revertir las tendencias que la colocan a la cabeza en las encuestas por la gubernatura.<\/p>\n\n\n\n<p>\u201cMuy desesperados los del PRIAN porque vamos arrasar en Veracruz\u201d, expuso la candidata a trav\u00e9s de sus redes sociales donde adem\u00e1s exhibi\u00f3 una escritura de un terreno en Monterrey, se\u00f1alando como propietario a su esposo, \u201c\u00a1OTRA MENTIRA MAS! Aqu\u00ed la escritura completa, es de un hom\u00f3nimo originario de San Luis Potos\u00ed\u201d\u2026\u00f3sea que clonaron a Pepe Pe\u00f1a, un segundo primer damo en San Luis Potos\u00ed.<\/p>\n\n\n\n<p>Al respecto, la t\u00eda Ch\u00edo critic\u00f3 que sus detractores se la pasen difamando y calumniando, \u201cporque llevamos m\u00e1s de 20 puntos de ventaja\u201d, pero que ni en moto la alcanzan\u2026el empresario Arturo Castagn\u00e9 present\u00f3 antier documentaci\u00f3n que supuestamente avala una propiedad m\u00e1s de lo que denomina el \u201cClan Nahle-Pe\u00f1a\u201d\u2026un terreno de 119 metros cuadrados y que fue escriturado en la notar\u00eda P\u00fablica n\u00famero 43 de Monterrey Nuevo Le\u00f3n, como la escritura n\u00famero 21,342 con fecha de noviembre de 2017.<\/p>\n\n\n\n<p>EN CAMPA\u00d1A CON DORHENY\u2026En horario laboral, empleados de la Secretaria del Trabajo del gobierno de Veracruz hacen proselitismo para la candidata de Morena Dorheny Garc\u00eda a la diputaci\u00f3n local por Xalapa\u2026por m\u00e1s Tiktok que suba la ex funcionaria no tiene mayor arrastre en la capital y se vale de sus subalternos para hacer mont\u00f3n en sus recorridos de campa\u00f1a.<\/p>\n\n\n\n<p>Las dirigencias municipales del PRI, PAN y PRD en la capital, presentaron la foto de una brigada de Morena, donde se ve a varios servidores p\u00fablicos de la Secretar\u00eda de Trabajo, Previsi\u00f3n Social y Productividad, siendo parte de la misma\u2026all\u00ed aparecen la presidenta de la Junta Local n\u00famero 4 Mayra Alejandra Gal\u00e1n Aguilar, el procurador de la Defensa del Trabajo, Juan Cucarachi P\u00e9rez y Alexis Cobaxin Pati\u00f1o, de la Direcci\u00f3n Jur\u00eddica.<\/p>\n\n\n\n<p>Todos ellos est\u00e1n plenamente identificados, y las fotos est\u00e1n disponibles en las redes sociales de la candidata Dorheny Garc\u00eda Cayetano\u2026a los trabajadores de esa dependencia les hicieron saber que esa labor de brigadeo la realizan en horario laboral, sin recato o culpa alguna, as\u00ed que las dirigencias municipales del PAN, PRI y PRD hicieron p\u00fablicos los actos evidenciados en las fotos y anunciaron que proceder\u00e1n a denunciar estos hechos ante los \u00f3rganos electorales (INE y OPLE), as\u00ed como ante la Fiscal\u00eda Especializada para la Atenci\u00f3n de los Delitos Electorales (Fepade).<\/p>\n\n\n\n<p>Los l\u00edderes partidistas afirmaron que tienen datos y pruebas de este tipo de violaciones a las leyes en otras dependencias como Sefiplan, Secretar\u00eda de Salud, Seguridad P\u00fablica, SEV, entre otras.<\/p>\n\n\n\n<p>Pero no solo hay empleados y funcionarios estatales en campa\u00f1a. Tambi\u00e9n los ayuntamientos morenistas andan metidos en las campa\u00f1as como si no hubiera leyes que lo prohiban\u2026La S\u00edndica del ayuntamiento de Banderilla Guadalupe Magaly M\u00e1rquez Aguilar anda en la mayor\u00eda de los eventos de Morena en horario laboral. Siempre va acompa\u00f1ada de Joyce, integrante del comit\u00e9 estatal de mujeres de morena acompa\u00f1ada de la asociaci\u00f3n pol\u00edtica del primo del gober Eleazar Guerrero, y la acompa\u00f1a Esteban Acosta. Esta foto es de ayer en #Orizaba<br>Nadie fiscaliza a los funcionarios municipales.<\/p>\n\n\n\n<p>Lo mismo hacen la secretaria del ayuntamiento, el director de educaci\u00f3n y la directora del instituto de la mujer del mismo ayuntamiento de Banderilla.<\/p>\n\n\n\n<p>El alcalde de Papantla, Eric Dom\u00ednguez V\u00e1zquez, tambi\u00e9n fue de los que abandon\u00f3 sus obligaciones y se fue en horario laboral a Cosamaloapan, al evento de Roc\u00edo Nahle y Claudia Sheinbaum.<br>\u00bfLo ir\u00e1n a sancionar por esto?<\/p>\n\n\n\n<p>LOS APALEARON\u2026.a los comerciantes de Huatusco pa que no le estorbaran a la Sheinbaum\u2026los comerciantes fueron desalojados de la explanada Emiliano Zapata pese a la promesa de campa\u00f1a del alcalde Ventura Demuner Torres de apoyarlos para mejorar las condiciones del lugar.<\/p>\n\n\n\n<p>El alcalde orden\u00f3 el desalojo violento del lugar, destruyendo las casetas donde venden sus productos. Los comerciantes intentaron acercarse para un di\u00e1logo con la candidata, pero al no lograrlo colocaron en protesta, en un edificio contiguo, una lona del candidato Jorge M\u00e1ynez y a gran volumen la canci\u00f3n de Movimiento Ciudadano.<\/p>\n\n\n\n<p>Pese a ser un delito electoral, el alcalde de este municipio Ventura Demuner Torres encabez\u00f3 las actividades para colocar el estrado del evento electoral de la candidata de Morena. El edil incluso estuvo acompa\u00f1ado de la candidata a la Diputaci\u00f3n Local Guadalupe V\u00e1zquez.<\/p>\n\n\n\n<p>UN MUERTO QUE NO IMPORTA\u2026El saldo de la visita de Claudia Sheinbaum a Huatusco fue de un menor fallecido y tres desmayados sin recibir atenci\u00f3n pre hospitalaria adecuada. Todo esto porque personal de Protecci\u00f3n Civil y param\u00e9dicos de este y otros municipios, dejaron sus funciones para acudir al mitin proselitista.<\/p>\n\n\n\n<p>En Totutla, un menor de edad perdi\u00f3 la vida y dos personas resultaron lesionadas, tras caerles un muro en la colonia San Felipe. Personal de Protecci\u00f3n Civil no lleg\u00f3 porque se encontraban como acarreados en Huatusco.<\/p>\n","protected":false},"excerpt":{"rendered":"<p>Oved Contreras Secas Mecas Como gata boca arriba se defiende la t\u00eda Ch\u00edo que ayer sali\u00f3 a desmentir lo publicado por Arturo Castagn\u00e9 acerca de un nuevo terreno que ser\u00eda propiedad del primer damo Pepe Pe\u00f1a en Monterrey y que tampoco aparece en la declaraci\u00f3n patrimonial de la candidata morenista al gobierno estatal. A trav\u00e9s [&hellip;]<\/p>\n","protected":false},"author":2,"featured_media":119816,"comment_status":"closed","ping_status":"closed","sticky":false,"template":"","format":"standard","meta":{"tdm_status":"","tdm_grid_status":"","footnotes":""},"categories":[70],"tags":[12310,9627,13952,15156,2398,40064,1026,3578,195],"class_list":{"0":"post-124008","1":"post","2":"type-post","3":"status-publish","4":"format-standard","5":"has-post-thumbnail","7":"category-de-opinion","8":"tag-arturo-castagne","9":"tag-claudia-sheinbaum","10":"tag-dorheny-garcia-cayetano","11":"tag-eric-dominguez","12":"tag-huatusco","13":"tag-jose-luis-pena-pena","14":"tag-morena","15":"tag-rocio-nahle","16":"tag-veracruz"},"yoast_head":"<!-- This site is optimized with the Yoast SEO plugin v27.4 - https:\/\/yoast.com\/product\/yoast-seo-wordpress\/ -->\n<title>CLONARON AL PRIMER DAMO - Los pol\u00edticos Veracruz<\/title>\n<meta name=\"robots\" content=\"index, follow, max-snippet:-1, max-image-preview:large, max-video-preview:-1\" \/>\n<link rel=\"canonical\" href=\"https:\/\/lospoliticosveracruz.com\/?p=124008\" \/>\n<meta property=\"og:locale\" content=\"es_ES\" \/>\n<meta property=\"og:type\" content=\"article\" \/>\n<meta property=\"og:title\" content=\"CLONARON AL PRIMER DAMO - Los pol\u00edticos Veracruz\" \/>\n<meta property=\"og:description\" content=\"Oved Contreras Secas Mecas Como gata boca arriba se defiende la t\u00eda Ch\u00edo que ayer sali\u00f3 a desmentir lo publicado por Arturo Castagn\u00e9 acerca de un nuevo terreno que ser\u00eda propiedad del primer damo Pepe Pe\u00f1a en Monterrey y que tampoco aparece en la declaraci\u00f3n patrimonial de la candidata morenista al gobierno estatal. A trav\u00e9s [&hellip;]\" \/>\n<meta property=\"og:url\" content=\"https:\/\/lospoliticosveracruz.com\/?p=124008\" \/>\n<meta property=\"og:site_name\" content=\"Los pol\u00edticos Veracruz\" \/>\n<meta property=\"article:publisher\" content=\"https:\/\/www.facebook.com\/people\/Notimemes-de-los-Polticos\/61565672886568\/\" \/>\n<meta property=\"article:published_time\" content=\"2024-05-10T13:21:15+00:00\" \/>\n<meta property=\"article:modified_time\" content=\"2024-05-10T13:21:27+00:00\" \/>\n<meta property=\"og:image\" content=\"https:\/\/lospoliticosveracruz.com\/wp-content\/uploads\/2024\/03\/Oved-Contreras.jpg\" \/>\n\t<meta property=\"og:image:width\" content=\"1250\" \/>\n\t<meta property=\"og:image:height\" content=\"667\" \/>\n\t<meta property=\"og:image:type\" content=\"image\/jpeg\" \/>\n<meta name=\"author\" content=\"Lo viste en Los Pol\u00edticos\" \/>\n<meta name=\"twitter:card\" content=\"summary_large_image\" \/>\n<meta name=\"twitter:creator\" content=\"@LosPoliticosVer\" \/>\n<meta name=\"twitter:site\" content=\"@LosPoliticosVer\" \/>\n<meta name=\"twitter:label1\" content=\"Escrito por\" \/>\n\t<meta name=\"twitter:data1\" content=\"Lo viste en Los Pol\u00edticos\" \/>\n\t<meta name=\"twitter:label2\" content=\"Tiempo de lectura\" \/>\n\t<meta name=\"twitter:data2\" content=\"5 minutos\" \/>\n<script type=\"application\/ld+json\" class=\"yoast-schema-graph\">{\"@context\":\"https:\\\/\\\/schema.org\",\"@graph\":[{\"@type\":\"Article\",\"@id\":\"https:\\\/\\\/lospoliticosveracruz.com\\\/?p=124008#article\",\"isPartOf\":{\"@id\":\"https:\\\/\\\/lospoliticosveracruz.com\\\/?p=124008\"},\"author\":{\"name\":\"Lo viste en Los Pol\u00edticos\",\"@id\":\"https:\\\/\\\/lospoliticosveracruz.com\\\/#\\\/schema\\\/person\\\/b8702bb0e538456e6efd07080bf2a4a2\"},\"headline\":\"CLONARON AL PRIMER DAMO\",\"datePublished\":\"2024-05-10T13:21:15+00:00\",\"dateModified\":\"2024-05-10T13:21:27+00:00\",\"mainEntityOfPage\":{\"@id\":\"https:\\\/\\\/lospoliticosveracruz.com\\\/?p=124008\"},\"wordCount\":953,\"publisher\":{\"@id\":\"https:\\\/\\\/lospoliticosveracruz.com\\\/#organization\"},\"image\":{\"@id\":\"https:\\\/\\\/lospoliticosveracruz.com\\\/?p=124008#primaryimage\"},\"thumbnailUrl\":\"https:\\\/\\\/lospoliticosveracruz.com\\\/wp-content\\\/uploads\\\/2024\\\/03\\\/Oved-Contreras.jpg\",\"keywords\":[\"Arturo Castagn\u00e9\",\"Claudia Sheinbaum\",\"Dorheny Garc\u00eda Cayetano\",\"Eric Dom\u00ednguez\",\"Huatusco\",\"Jos\u00e9 Luis Pe\u00f1a Pe\u00f1a\",\"Morena\",\"Roc\u00edo Nahle\",\"Veracruz\"],\"articleSection\":[\"De Opini\u00f3n\"],\"inLanguage\":\"es\"},{\"@type\":\"WebPage\",\"@id\":\"https:\\\/\\\/lospoliticosveracruz.com\\\/?p=124008\",\"url\":\"https:\\\/\\\/lospoliticosveracruz.com\\\/?p=124008\",\"name\":\"CLONARON AL PRIMER DAMO - Los pol\u00edticos Veracruz\",\"isPartOf\":{\"@id\":\"https:\\\/\\\/lospoliticosveracruz.com\\\/#website\"},\"primaryImageOfPage\":{\"@id\":\"https:\\\/\\\/lospoliticosveracruz.com\\\/?p=124008#primaryimage\"},\"image\":{\"@id\":\"https:\\\/\\\/lospoliticosveracruz.com\\\/?p=124008#primaryimage\"},\"thumbnailUrl\":\"https:\\\/\\\/lospoliticosveracruz.com\\\/wp-content\\\/uploads\\\/2024\\\/03\\\/Oved-Contreras.jpg\",\"datePublished\":\"2024-05-10T13:21:15+00:00\",\"dateModified\":\"2024-05-10T13:21:27+00:00\",\"breadcrumb\":{\"@id\":\"https:\\\/\\\/lospoliticosveracruz.com\\\/?p=124008#breadcrumb\"},\"inLanguage\":\"es\",\"potentialAction\":[{\"@type\":\"ReadAction\",\"target\":[\"https:\\\/\\\/lospoliticosveracruz.com\\\/?p=124008\"]}]},{\"@type\":\"ImageObject\",\"inLanguage\":\"es\",\"@id\":\"https:\\\/\\\/lospoliticosveracruz.com\\\/?p=124008#primaryimage\",\"url\":\"https:\\\/\\\/lospoliticosveracruz.com\\\/wp-content\\\/uploads\\\/2024\\\/03\\\/Oved-Contreras.jpg\",\"contentUrl\":\"https:\\\/\\\/lospoliticosveracruz.com\\\/wp-content\\\/uploads\\\/2024\\\/03\\\/Oved-Contreras.jpg\",\"width\":1250,\"height\":667},{\"@type\":\"BreadcrumbList\",\"@id\":\"https:\\\/\\\/lospoliticosveracruz.com\\\/?p=124008#breadcrumb\",\"itemListElement\":[{\"@type\":\"ListItem\",\"position\":1,\"name\":\"Portada\",\"item\":\"https:\\\/\\\/lospoliticosveracruz.com\\\/\"},{\"@type\":\"ListItem\",\"position\":2,\"name\":\"CLONARON AL PRIMER DAMO\"}]},{\"@type\":\"WebSite\",\"@id\":\"https:\\\/\\\/lospoliticosveracruz.com\\\/#website\",\"url\":\"https:\\\/\\\/lospoliticosveracruz.com\\\/\",\"name\":\"Los pol\u00edticos Veracruz\",\"description\":\"\",\"publisher\":{\"@id\":\"https:\\\/\\\/lospoliticosveracruz.com\\\/#organization\"},\"potentialAction\":[{\"@type\":\"SearchAction\",\"target\":{\"@type\":\"EntryPoint\",\"urlTemplate\":\"https:\\\/\\\/lospoliticosveracruz.com\\\/?s={search_term_string}\"},\"query-input\":{\"@type\":\"PropertyValueSpecification\",\"valueRequired\":true,\"valueName\":\"search_term_string\"}}],\"inLanguage\":\"es\"},{\"@type\":\"Organization\",\"@id\":\"https:\\\/\\\/lospoliticosveracruz.com\\\/#organization\",\"name\":\"Los pol\u00edticos Veracruz\",\"url\":\"https:\\\/\\\/lospoliticosveracruz.com\\\/\",\"logo\":{\"@type\":\"ImageObject\",\"inLanguage\":\"es\",\"@id\":\"https:\\\/\\\/lospoliticosveracruz.com\\\/#\\\/schema\\\/logo\\\/image\\\/\",\"url\":\"https:\\\/\\\/lospoliticosveracruz.com\\\/wp-content\\\/uploads\\\/2025\\\/12\\\/Logo-Nuevo-LOS-POLITICOS-1.jpg\",\"contentUrl\":\"https:\\\/\\\/lospoliticosveracruz.com\\\/wp-content\\\/uploads\\\/2025\\\/12\\\/Logo-Nuevo-LOS-POLITICOS-1.jpg\",\"width\":260,\"height\":70,\"caption\":\"Los pol\u00edticos Veracruz\"},\"image\":{\"@id\":\"https:\\\/\\\/lospoliticosveracruz.com\\\/#\\\/schema\\\/logo\\\/image\\\/\"},\"sameAs\":[\"https:\\\/\\\/www.facebook.com\\\/people\\\/Notimemes-de-los-Polticos\\\/61565672886568\\\/\",\"https:\\\/\\\/x.com\\\/LosPoliticosVer\"]},{\"@type\":\"Person\",\"@id\":\"https:\\\/\\\/lospoliticosveracruz.com\\\/#\\\/schema\\\/person\\\/b8702bb0e538456e6efd07080bf2a4a2\",\"name\":\"Lo viste en Los Pol\u00edticos\",\"image\":{\"@type\":\"ImageObject\",\"inLanguage\":\"es\",\"@id\":\"https:\\\/\\\/secure.gravatar.com\\\/avatar\\\/3a8de04a2656d44082be478bd6c086daa447c4651605818287b9532d3d0bd435?s=96&d=mm&r=g\",\"url\":\"https:\\\/\\\/secure.gravatar.com\\\/avatar\\\/3a8de04a2656d44082be478bd6c086daa447c4651605818287b9532d3d0bd435?s=96&d=mm&r=g\",\"contentUrl\":\"https:\\\/\\\/secure.gravatar.com\\\/avatar\\\/3a8de04a2656d44082be478bd6c086daa447c4651605818287b9532d3d0bd435?s=96&d=mm&r=g\",\"caption\":\"Lo viste en Los Pol\u00edticos\"},\"url\":\"https:\\\/\\\/lospoliticosveracruz.com\\\/?author=2\"}]}<\/script>\n<!-- \/ Yoast SEO plugin. -->","yoast_head_json":{"title":"CLONARON AL PRIMER DAMO - Los pol\u00edticos Veracruz","robots":{"index":"index","follow":"follow","max-snippet":"max-snippet:-1","max-image-preview":"max-image-preview:large","max-video-preview":"max-video-preview:-1"},"canonical":"https:\/\/lospoliticosveracruz.com\/?p=124008","og_locale":"es_ES","og_type":"article","og_title":"CLONARON AL PRIMER DAMO - Los pol\u00edticos Veracruz","og_description":"Oved Contreras Secas Mecas Como gata boca arriba se defiende la t\u00eda Ch\u00edo que ayer sali\u00f3 a desmentir lo publicado por Arturo Castagn\u00e9 acerca de un nuevo terreno que ser\u00eda propiedad del primer damo Pepe Pe\u00f1a en Monterrey y que tampoco aparece en la declaraci\u00f3n patrimonial de la candidata morenista al gobierno estatal. A trav\u00e9s [&hellip;]","og_url":"https:\/\/lospoliticosveracruz.com\/?p=124008","og_site_name":"Los pol\u00edticos Veracruz","article_publisher":"https:\/\/www.facebook.com\/people\/Notimemes-de-los-Polticos\/61565672886568\/","article_published_time":"2024-05-10T13:21:15+00:00","article_modified_time":"2024-05-10T13:21:27+00:00","og_image":[{"width":1250,"height":667,"url":"https:\/\/lospoliticosveracruz.com\/wp-content\/uploads\/2024\/03\/Oved-Contreras.jpg","type":"image\/jpeg"}],"author":"Lo viste en Los Pol\u00edticos","twitter_card":"summary_large_image","twitter_creator":"@LosPoliticosVer","twitter_site":"@LosPoliticosVer","twitter_misc":{"Escrito por":"Lo viste en Los Pol\u00edticos","Tiempo de lectura":"5 minutos"},"schema":{"@context":"https:\/\/schema.org","@graph":[{"@type":"Article","@id":"https:\/\/lospoliticosveracruz.com\/?p=124008#article","isPartOf":{"@id":"https:\/\/lospoliticosveracruz.com\/?p=124008"},"author":{"name":"Lo viste en Los Pol\u00edticos","@id":"https:\/\/lospoliticosveracruz.com\/#\/schema\/person\/b8702bb0e538456e6efd07080bf2a4a2"},"headline":"CLONARON AL PRIMER DAMO","datePublished":"2024-05-10T13:21:15+00:00","dateModified":"2024-05-10T13:21:27+00:00","mainEntityOfPage":{"@id":"https:\/\/lospoliticosveracruz.com\/?p=124008"},"wordCount":953,"publisher":{"@id":"https:\/\/lospoliticosveracruz.com\/#organization"},"image":{"@id":"https:\/\/lospoliticosveracruz.com\/?p=124008#primaryimage"},"thumbnailUrl":"https:\/\/lospoliticosveracruz.com\/wp-content\/uploads\/2024\/03\/Oved-Contreras.jpg","keywords":["Arturo Castagn\u00e9","Claudia Sheinbaum","Dorheny Garc\u00eda Cayetano","Eric Dom\u00ednguez","Huatusco","Jos\u00e9 Luis Pe\u00f1a Pe\u00f1a","Morena","Roc\u00edo Nahle","Veracruz"],"articleSection":["De Opini\u00f3n"],"inLanguage":"es"},{"@type":"WebPage","@id":"https:\/\/lospoliticosveracruz.com\/?p=124008","url":"https:\/\/lospoliticosveracruz.com\/?p=124008","name":"CLONARON AL PRIMER DAMO - Los pol\u00edticos Veracruz","isPartOf":{"@id":"https:\/\/lospoliticosveracruz.com\/#website"},"primaryImageOfPage":{"@id":"https:\/\/lospoliticosveracruz.com\/?p=124008#primaryimage"},"image":{"@id":"https:\/\/lospoliticosveracruz.com\/?p=124008#primaryimage"},"thumbnailUrl":"https:\/\/lospoliticosveracruz.com\/wp-content\/uploads\/2024\/03\/Oved-Contreras.jpg","datePublished":"2024-05-10T13:21:15+00:00","dateModified":"2024-05-10T13:21:27+00:00","breadcrumb":{"@id":"https:\/\/lospoliticosveracruz.com\/?p=124008#breadcrumb"},"inLanguage":"es","potentialAction":[{"@type":"ReadAction","target":["https:\/\/lospoliticosveracruz.com\/?p=124008"]}]},{"@type":"ImageObject","inLanguage":"es","@id":"https:\/\/lospoliticosveracruz.com\/?p=124008#primaryimage","url":"https:\/\/lospoliticosveracruz.com\/wp-content\/uploads\/2024\/03\/Oved-Contreras.jpg","contentUrl":"https:\/\/lospoliticosveracruz.com\/wp-content\/uploads\/2024\/03\/Oved-Contreras.jpg","width":1250,"height":667},{"@type":"BreadcrumbList","@id":"https:\/\/lospoliticosveracruz.com\/?p=124008#breadcrumb","itemListElement":[{"@type":"ListItem","position":1,"name":"Portada","item":"https:\/\/lospoliticosveracruz.com\/"},{"@type":"ListItem","position":2,"name":"CLONARON AL PRIMER DAMO"}]},{"@type":"WebSite","@id":"https:\/\/lospoliticosveracruz.com\/#website","url":"https:\/\/lospoliticosveracruz.com\/","name":"Los pol\u00edticos Veracruz","description":"","publisher":{"@id":"https:\/\/lospoliticosveracruz.com\/#organization"},"potentialAction":[{"@type":"SearchAction","target":{"@type":"EntryPoint","urlTemplate":"https:\/\/lospoliticosveracruz.com\/?s={search_term_string}"},"query-input":{"@type":"PropertyValueSpecification","valueRequired":true,"valueName":"search_term_string"}}],"inLanguage":"es"},{"@type":"Organization","@id":"https:\/\/lospoliticosveracruz.com\/#organization","name":"Los pol\u00edticos Veracruz","url":"https:\/\/lospoliticosveracruz.com\/","logo":{"@type":"ImageObject","inLanguage":"es","@id":"https:\/\/lospoliticosveracruz.com\/#\/schema\/logo\/image\/","url":"https:\/\/lospoliticosveracruz.com\/wp-content\/uploads\/2025\/12\/Logo-Nuevo-LOS-POLITICOS-1.jpg","contentUrl":"https:\/\/lospoliticosveracruz.com\/wp-content\/uploads\/2025\/12\/Logo-Nuevo-LOS-POLITICOS-1.jpg","width":260,"height":70,"caption":"Los pol\u00edticos Veracruz"},"image":{"@id":"https:\/\/lospoliticosveracruz.com\/#\/schema\/logo\/image\/"},"sameAs":["https:\/\/www.facebook.com\/people\/Notimemes-de-los-Polticos\/61565672886568\/","https:\/\/x.com\/LosPoliticosVer"]},{"@type":"Person","@id":"https:\/\/lospoliticosveracruz.com\/#\/schema\/person\/b8702bb0e538456e6efd07080bf2a4a2","name":"Lo viste en Los Pol\u00edticos","image":{"@type":"ImageObject","inLanguage":"es","@id":"https:\/\/secure.gravatar.com\/avatar\/3a8de04a2656d44082be478bd6c086daa447c4651605818287b9532d3d0bd435?s=96&d=mm&r=g","url":"https:\/\/secure.gravatar.com\/avatar\/3a8de04a2656d44082be478bd6c086daa447c4651605818287b9532d3d0bd435?s=96&d=mm&r=g","contentUrl":"https:\/\/secure.gravatar.com\/avatar\/3a8de04a2656d44082be478bd6c086daa447c4651605818287b9532d3d0bd435?s=96&d=mm&r=g","caption":"Lo viste en Los Pol\u00edticos"},"url":"https:\/\/lospoliticosveracruz.com\/?author=2"}]}},"_links":{"self":[{"href":"https:\/\/lospoliticosveracruz.com\/index.php?rest_route=\/wp\/v2\/posts\/124008","targetHints":{"allow":["GET"]}}],"collection":[{"href":"https:\/\/lospoliticosveracruz.com\/index.php?rest_route=\/wp\/v2\/posts"}],"about":[{"href":"https:\/\/lospoliticosveracruz.com\/index.php?rest_route=\/wp\/v2\/types\/post"}],"author":[{"embeddable":true,"href":"https:\/\/lospoliticosveracruz.com\/index.php?rest_route=\/wp\/v2\/users\/2"}],"replies":[{"embeddable":true,"href":"https:\/\/lospoliticosveracruz.com\/index.php?rest_route=%2Fwp%2Fv2%2Fcomments&post=124008"}],"version-history":[{"count":1,"href":"https:\/\/lospoliticosveracruz.com\/index.php?rest_route=\/wp\/v2\/posts\/124008\/revisions"}],"predecessor-version":[{"id":124009,"href":"https:\/\/lospoliticosveracruz.com\/index.php?rest_route=\/wp\/v2\/posts\/124008\/revisions\/124009"}],"wp:featuredmedia":[{"embeddable":true,"href":"https:\/\/lospoliticosveracruz.com\/index.php?rest_route=\/wp\/v2\/media\/119816"}],"wp:attachment":[{"href":"https:\/\/lospoliticosveracruz.com\/index.php?rest_route=%2Fwp%2Fv2%2Fmedia&parent=124008"}],"wp:term":[{"taxonomy":"category","embeddable":true,"href":"https:\/\/lospoliticosveracruz.com\/index.php?rest_route=%2Fwp%2Fv2%2Fcategories&post=124008"},{"taxonomy":"post_tag","embeddable":true,"href":"https:\/\/lospoliticosveracruz.com\/index.php?rest_route=%2Fwp%2Fv2%2Ftags&post=124008"}],"curies":[{"name":"wp","href":"https:\/\/api.w.org\/{rel}","templated":true}]}}