{"id":12401,"date":"2014-10-09T05:11:37","date_gmt":"2014-10-09T05:11:37","guid":{"rendered":"http:\/\/www.lospoliticosveracruz.com.mx\/?p=12401"},"modified":"2014-10-10T02:59:44","modified_gmt":"2014-10-10T02:59:44","slug":"opacidad-el-sello-de-la-casa","status":"publish","type":"post","link":"https:\/\/lospoliticosveracruz.com\/?p=12401","title":{"rendered":"Opacidad, el sello de la casa"},"content":{"rendered":"<div><b>\u00a0<a href=\"http:\/\/www.lospoliticosveracruz.com.mx\/wp-content\/uploads\/2014\/10\/Agua.jpg\"><img loading=\"lazy\" decoding=\"async\" class=\"alignnone size-medium wp-image-12418\" src=\"http:\/\/www.lospoliticosveracruz.com.mx\/wp-content\/uploads\/2014\/10\/Agua-300x275.jpg\" alt=\"Agua\" width=\"300\" height=\"275\" \/><\/a><\/b><\/div>\n<p><b>Luis Alberto Romero<\/b><br \/>\n<i>Hora Cero<\/i><\/p>\n<p>La Comisi\u00f3n Municipal de Agua de Xalapa fue requerida, en los t\u00e9rminos de la Ley de Transparencia y Acceso a la Informaci\u00f3n P\u00fablica para el Estado de Veracruz, para que entregara los datos de los usuarios morosos, con nombres y montos; en respuesta, esa dependencia del ayuntamiento de la capital veracruzana s\u00f3lo aport\u00f3 un listado que inclu\u00eda folios y montos totales, pero no los nombres, adeudos y bimestres acumulados.<br \/>\nLos datos entregados por ese organismo resultaron incompletos y, por tanto, incumplieron con lo dispuesto por el Instituto Veracruzano de Acceso a la Informaci\u00f3n; debido a ello, el consejero del IVAI, Fernando Aguilera de Hombre, record\u00f3 que siendo un sujeto obligado, el ayuntamiento debe acatar la orden porque, de lo contrario, se podr\u00eda recurrir a un proceso penal.<br \/>\nLa cartera vencida de la Comisi\u00f3n Municipal de Agua y Saneamiento supera los 78 millones de pesos; el padr\u00f3n de morosos llega a 10 mil usuarios, entre empresas y personas f\u00edsicas; un ciudadano, en uso de sus derechos, solicit\u00f3 esa informaci\u00f3n a detalle pero la dependencia guard\u00f3 los datos como si se trataran de un secreto que pusiera en riesgo la seguridad del estado o del pa\u00eds; entreg\u00f3 informaci\u00f3n parcial y, por tanto, in\u00fatil.<br \/>\nPor desgracia, no estamos ante un caso aislado de opacidad; al contrario, nos encontramos ante la negativa sistem\u00e1tica de los gobiernos municipales para transparentar su informaci\u00f3n. En diciembre de 2013, el Instituto Mexicano para la Competitividad dio a conocer los resultados de un estudio sobre el tema: 97 de cada 100 ayuntamientos del pa\u00eds reprobaron en transparencia y rendici\u00f3n de cuentas.<br \/>\nEl mencionado organismo utiliz\u00f3 una muestra de 366 gobiernos locales; de ellos, s\u00f3lo 10 presentaron \u00edndices aceptables en materia de acceso a la informaci\u00f3n. En contraparte, 356 obtuvieron calificaciones que van del 0 al 58 por ciento. La calificaci\u00f3n promedio fue de 18 por ciento. La mayor\u00eda de los ayuntamientos no respondi\u00f3 a cuestionamientos como el gasto p\u00fablico en prestaciones sindicales, fideicomisos y plazos de deudas y cuentas bancarias productivas.<br \/>\nDurante la tercera semana de septiembre, Lourdes Morales, quien encabeza la Red por la Rendici\u00f3n de Cuentas, inform\u00f3 que los ayuntamientos son los sujetos obligados peor evaluados en materia de transparencia, porque no dan a conocer los asuntos presupuestales, las compras p\u00fablicas, la fiscalizaci\u00f3n y la contabilidad, entre otros puntos.<br \/>\nDe poco sirve que en Veracruz se cuente desde hace 7 a\u00f1os con la Ley de Transparencia y Acceso a la Informaci\u00f3n si los sujetos obligados recurren a todo tipo de argucias para evitar su cumplimiento o, como en el caso de la Comisi\u00f3n del Agua, entregar informaci\u00f3n parcial.<br \/>\nEn el asunto de Xalapa, un tema que pareciera no tener tanta trascendencia, como es el de los deudores de la Comisi\u00f3n del Agua, es guardado con secrec\u00eda a pesar de la disposici\u00f3n del IVAI para hacer p\u00fablica esa informaci\u00f3n.<br \/>\nLamentablemente, en opacidad, Xalapa es fiel reflejo de la tendencia nacional; lo peor es que en la capital del Estado, esta no es la primera ocasi\u00f3n en que se pretende limitar el acceso de los ciudadanos a informaci\u00f3n que deber\u00eda ser p\u00fablica. Recordamos que son frecuentes las quejas debido al alto cobro del ayuntamiento por las hojas que se usan para responder las solicitudes, lo que tambi\u00e9n motiv\u00f3 la intervenci\u00f3n del IVAI. @luisromero85<\/p>\n","protected":false},"excerpt":{"rendered":"<p>\u00a0 Luis Alberto Romero Hora Cero La Comisi\u00f3n Municipal de Agua de Xalapa fue requerida, en los t\u00e9rminos de la Ley de Transparencia y Acceso a la Informaci\u00f3n P\u00fablica para el Estado de Veracruz, para que entregara los datos de los usuarios morosos, con nombres y montos; en respuesta, esa dependencia del ayuntamiento de la [&hellip;]<\/p>\n","protected":false},"author":1,"featured_media":0,"comment_status":"open","ping_status":"open","sticky":false,"template":"","format":"standard","meta":{"tdm_status":"","tdm_grid_status":"","footnotes":""},"categories":[70],"tags":[],"class_list":{"0":"post-12401","1":"post","2":"type-post","3":"status-publish","4":"format-standard","6":"category-de-opinion"},"yoast_head":"<!-- This site is optimized with the Yoast SEO plugin v27.4 - https:\/\/yoast.com\/product\/yoast-seo-wordpress\/ -->\n<title>Opacidad, el sello de la casa - Los pol\u00edticos Veracruz<\/title>\n<meta name=\"robots\" content=\"index, follow, max-snippet:-1, max-image-preview:large, max-video-preview:-1\" \/>\n<link rel=\"canonical\" href=\"https:\/\/lospoliticosveracruz.com\/?p=12401\" \/>\n<meta property=\"og:locale\" content=\"es_ES\" \/>\n<meta property=\"og:type\" content=\"article\" \/>\n<meta property=\"og:title\" content=\"Opacidad, el sello de la casa - Los pol\u00edticos Veracruz\" \/>\n<meta property=\"og:description\" content=\"\u00a0 Luis Alberto Romero Hora Cero La Comisi\u00f3n Municipal de Agua de Xalapa fue requerida, en los t\u00e9rminos de la Ley de Transparencia y Acceso a la Informaci\u00f3n P\u00fablica para el Estado de Veracruz, para que entregara los datos de los usuarios morosos, con nombres y montos; en respuesta, esa dependencia del ayuntamiento de la [&hellip;]\" \/>\n<meta property=\"og:url\" content=\"https:\/\/lospoliticosveracruz.com\/?p=12401\" \/>\n<meta property=\"og:site_name\" content=\"Los pol\u00edticos Veracruz\" \/>\n<meta property=\"article:publisher\" content=\"https:\/\/www.facebook.com\/people\/Notimemes-de-los-Polticos\/61565672886568\/\" \/>\n<meta property=\"article:published_time\" content=\"2014-10-09T05:11:37+00:00\" \/>\n<meta property=\"article:modified_time\" content=\"2014-10-10T02:59:44+00:00\" \/>\n<meta property=\"og:image\" content=\"http:\/\/www.lospoliticosveracruz.com.mx\/wp-content\/uploads\/2014\/10\/Agua-300x275.jpg\" \/>\n<meta name=\"author\" content=\"lospoladmin\" \/>\n<meta name=\"twitter:card\" content=\"summary_large_image\" \/>\n<meta name=\"twitter:creator\" content=\"@LosPoliticosVer\" \/>\n<meta name=\"twitter:site\" content=\"@LosPoliticosVer\" \/>\n<meta name=\"twitter:label1\" content=\"Escrito por\" \/>\n\t<meta name=\"twitter:data1\" content=\"lospoladmin\" \/>\n\t<meta name=\"twitter:label2\" content=\"Tiempo de lectura\" \/>\n\t<meta name=\"twitter:data2\" content=\"3 minutos\" \/>\n<script type=\"application\/ld+json\" class=\"yoast-schema-graph\">{\"@context\":\"https:\\\/\\\/schema.org\",\"@graph\":[{\"@type\":\"Article\",\"@id\":\"https:\\\/\\\/lospoliticosveracruz.com\\\/?p=12401#article\",\"isPartOf\":{\"@id\":\"https:\\\/\\\/lospoliticosveracruz.com\\\/?p=12401\"},\"author\":{\"name\":\"lospoladmin\",\"@id\":\"https:\\\/\\\/lospoliticosveracruz.com\\\/#\\\/schema\\\/person\\\/c5fee8df75ee4700bd7f8e92859bd696\"},\"headline\":\"Opacidad, el sello de la casa\",\"datePublished\":\"2014-10-09T05:11:37+00:00\",\"dateModified\":\"2014-10-10T02:59:44+00:00\",\"mainEntityOfPage\":{\"@id\":\"https:\\\/\\\/lospoliticosveracruz.com\\\/?p=12401\"},\"wordCount\":585,\"commentCount\":0,\"publisher\":{\"@id\":\"https:\\\/\\\/lospoliticosveracruz.com\\\/#organization\"},\"image\":{\"@id\":\"https:\\\/\\\/lospoliticosveracruz.com\\\/?p=12401#primaryimage\"},\"thumbnailUrl\":\"http:\\\/\\\/www.lospoliticosveracruz.com.mx\\\/wp-content\\\/uploads\\\/2014\\\/10\\\/Agua-300x275.jpg\",\"articleSection\":[\"De Opini\u00f3n\"],\"inLanguage\":\"es\",\"potentialAction\":[{\"@type\":\"CommentAction\",\"name\":\"Comment\",\"target\":[\"https:\\\/\\\/lospoliticosveracruz.com\\\/?p=12401#respond\"]}]},{\"@type\":\"WebPage\",\"@id\":\"https:\\\/\\\/lospoliticosveracruz.com\\\/?p=12401\",\"url\":\"https:\\\/\\\/lospoliticosveracruz.com\\\/?p=12401\",\"name\":\"Opacidad, el sello de la casa - Los pol\u00edticos Veracruz\",\"isPartOf\":{\"@id\":\"https:\\\/\\\/lospoliticosveracruz.com\\\/#website\"},\"primaryImageOfPage\":{\"@id\":\"https:\\\/\\\/lospoliticosveracruz.com\\\/?p=12401#primaryimage\"},\"image\":{\"@id\":\"https:\\\/\\\/lospoliticosveracruz.com\\\/?p=12401#primaryimage\"},\"thumbnailUrl\":\"http:\\\/\\\/www.lospoliticosveracruz.com.mx\\\/wp-content\\\/uploads\\\/2014\\\/10\\\/Agua-300x275.jpg\",\"datePublished\":\"2014-10-09T05:11:37+00:00\",\"dateModified\":\"2014-10-10T02:59:44+00:00\",\"breadcrumb\":{\"@id\":\"https:\\\/\\\/lospoliticosveracruz.com\\\/?p=12401#breadcrumb\"},\"inLanguage\":\"es\",\"potentialAction\":[{\"@type\":\"ReadAction\",\"target\":[\"https:\\\/\\\/lospoliticosveracruz.com\\\/?p=12401\"]}]},{\"@type\":\"ImageObject\",\"inLanguage\":\"es\",\"@id\":\"https:\\\/\\\/lospoliticosveracruz.com\\\/?p=12401#primaryimage\",\"url\":\"http:\\\/\\\/www.lospoliticosveracruz.com.mx\\\/wp-content\\\/uploads\\\/2014\\\/10\\\/Agua-300x275.jpg\",\"contentUrl\":\"http:\\\/\\\/www.lospoliticosveracruz.com.mx\\\/wp-content\\\/uploads\\\/2014\\\/10\\\/Agua-300x275.jpg\"},{\"@type\":\"BreadcrumbList\",\"@id\":\"https:\\\/\\\/lospoliticosveracruz.com\\\/?p=12401#breadcrumb\",\"itemListElement\":[{\"@type\":\"ListItem\",\"position\":1,\"name\":\"Portada\",\"item\":\"https:\\\/\\\/lospoliticosveracruz.com\\\/\"},{\"@type\":\"ListItem\",\"position\":2,\"name\":\"Opacidad, el sello de la casa\"}]},{\"@type\":\"WebSite\",\"@id\":\"https:\\\/\\\/lospoliticosveracruz.com\\\/#website\",\"url\":\"https:\\\/\\\/lospoliticosveracruz.com\\\/\",\"name\":\"Los pol\u00edticos Veracruz\",\"description\":\"\",\"publisher\":{\"@id\":\"https:\\\/\\\/lospoliticosveracruz.com\\\/#organization\"},\"potentialAction\":[{\"@type\":\"SearchAction\",\"target\":{\"@type\":\"EntryPoint\",\"urlTemplate\":\"https:\\\/\\\/lospoliticosveracruz.com\\\/?s={search_term_string}\"},\"query-input\":{\"@type\":\"PropertyValueSpecification\",\"valueRequired\":true,\"valueName\":\"search_term_string\"}}],\"inLanguage\":\"es\"},{\"@type\":\"Organization\",\"@id\":\"https:\\\/\\\/lospoliticosveracruz.com\\\/#organization\",\"name\":\"Los pol\u00edticos Veracruz\",\"url\":\"https:\\\/\\\/lospoliticosveracruz.com\\\/\",\"logo\":{\"@type\":\"ImageObject\",\"inLanguage\":\"es\",\"@id\":\"https:\\\/\\\/lospoliticosveracruz.com\\\/#\\\/schema\\\/logo\\\/image\\\/\",\"url\":\"https:\\\/\\\/lospoliticosveracruz.com\\\/wp-content\\\/uploads\\\/2025\\\/12\\\/Logo-Nuevo-LOS-POLITICOS-1.jpg\",\"contentUrl\":\"https:\\\/\\\/lospoliticosveracruz.com\\\/wp-content\\\/uploads\\\/2025\\\/12\\\/Logo-Nuevo-LOS-POLITICOS-1.jpg\",\"width\":260,\"height\":70,\"caption\":\"Los pol\u00edticos Veracruz\"},\"image\":{\"@id\":\"https:\\\/\\\/lospoliticosveracruz.com\\\/#\\\/schema\\\/logo\\\/image\\\/\"},\"sameAs\":[\"https:\\\/\\\/www.facebook.com\\\/people\\\/Notimemes-de-los-Polticos\\\/61565672886568\\\/\",\"https:\\\/\\\/x.com\\\/LosPoliticosVer\"]},{\"@type\":\"Person\",\"@id\":\"https:\\\/\\\/lospoliticosveracruz.com\\\/#\\\/schema\\\/person\\\/c5fee8df75ee4700bd7f8e92859bd696\",\"name\":\"lospoladmin\",\"image\":{\"@type\":\"ImageObject\",\"inLanguage\":\"es\",\"@id\":\"https:\\\/\\\/secure.gravatar.com\\\/avatar\\\/f4a468785695515895c4d618820f242e33d3d72a0284244a0fad6d19795cb724?s=96&d=mm&r=g\",\"url\":\"https:\\\/\\\/secure.gravatar.com\\\/avatar\\\/f4a468785695515895c4d618820f242e33d3d72a0284244a0fad6d19795cb724?s=96&d=mm&r=g\",\"contentUrl\":\"https:\\\/\\\/secure.gravatar.com\\\/avatar\\\/f4a468785695515895c4d618820f242e33d3d72a0284244a0fad6d19795cb724?s=96&d=mm&r=g\",\"caption\":\"lospoladmin\"},\"url\":\"https:\\\/\\\/lospoliticosveracruz.com\\\/?author=1\"}]}<\/script>\n<!-- \/ Yoast SEO plugin. -->","yoast_head_json":{"title":"Opacidad, el sello de la casa - Los pol\u00edticos Veracruz","robots":{"index":"index","follow":"follow","max-snippet":"max-snippet:-1","max-image-preview":"max-image-preview:large","max-video-preview":"max-video-preview:-1"},"canonical":"https:\/\/lospoliticosveracruz.com\/?p=12401","og_locale":"es_ES","og_type":"article","og_title":"Opacidad, el sello de la casa - Los pol\u00edticos Veracruz","og_description":"\u00a0 Luis Alberto Romero Hora Cero La Comisi\u00f3n Municipal de Agua de Xalapa fue requerida, en los t\u00e9rminos de la Ley de Transparencia y Acceso a la Informaci\u00f3n P\u00fablica para el Estado de Veracruz, para que entregara los datos de los usuarios morosos, con nombres y montos; en respuesta, esa dependencia del ayuntamiento de la [&hellip;]","og_url":"https:\/\/lospoliticosveracruz.com\/?p=12401","og_site_name":"Los pol\u00edticos Veracruz","article_publisher":"https:\/\/www.facebook.com\/people\/Notimemes-de-los-Polticos\/61565672886568\/","article_published_time":"2014-10-09T05:11:37+00:00","article_modified_time":"2014-10-10T02:59:44+00:00","og_image":[{"url":"http:\/\/www.lospoliticosveracruz.com.mx\/wp-content\/uploads\/2014\/10\/Agua-300x275.jpg","type":"","width":"","height":""}],"author":"lospoladmin","twitter_card":"summary_large_image","twitter_creator":"@LosPoliticosVer","twitter_site":"@LosPoliticosVer","twitter_misc":{"Escrito por":"lospoladmin","Tiempo de lectura":"3 minutos"},"schema":{"@context":"https:\/\/schema.org","@graph":[{"@type":"Article","@id":"https:\/\/lospoliticosveracruz.com\/?p=12401#article","isPartOf":{"@id":"https:\/\/lospoliticosveracruz.com\/?p=12401"},"author":{"name":"lospoladmin","@id":"https:\/\/lospoliticosveracruz.com\/#\/schema\/person\/c5fee8df75ee4700bd7f8e92859bd696"},"headline":"Opacidad, el sello de la casa","datePublished":"2014-10-09T05:11:37+00:00","dateModified":"2014-10-10T02:59:44+00:00","mainEntityOfPage":{"@id":"https:\/\/lospoliticosveracruz.com\/?p=12401"},"wordCount":585,"commentCount":0,"publisher":{"@id":"https:\/\/lospoliticosveracruz.com\/#organization"},"image":{"@id":"https:\/\/lospoliticosveracruz.com\/?p=12401#primaryimage"},"thumbnailUrl":"http:\/\/www.lospoliticosveracruz.com.mx\/wp-content\/uploads\/2014\/10\/Agua-300x275.jpg","articleSection":["De Opini\u00f3n"],"inLanguage":"es","potentialAction":[{"@type":"CommentAction","name":"Comment","target":["https:\/\/lospoliticosveracruz.com\/?p=12401#respond"]}]},{"@type":"WebPage","@id":"https:\/\/lospoliticosveracruz.com\/?p=12401","url":"https:\/\/lospoliticosveracruz.com\/?p=12401","name":"Opacidad, el sello de la casa - Los pol\u00edticos Veracruz","isPartOf":{"@id":"https:\/\/lospoliticosveracruz.com\/#website"},"primaryImageOfPage":{"@id":"https:\/\/lospoliticosveracruz.com\/?p=12401#primaryimage"},"image":{"@id":"https:\/\/lospoliticosveracruz.com\/?p=12401#primaryimage"},"thumbnailUrl":"http:\/\/www.lospoliticosveracruz.com.mx\/wp-content\/uploads\/2014\/10\/Agua-300x275.jpg","datePublished":"2014-10-09T05:11:37+00:00","dateModified":"2014-10-10T02:59:44+00:00","breadcrumb":{"@id":"https:\/\/lospoliticosveracruz.com\/?p=12401#breadcrumb"},"inLanguage":"es","potentialAction":[{"@type":"ReadAction","target":["https:\/\/lospoliticosveracruz.com\/?p=12401"]}]},{"@type":"ImageObject","inLanguage":"es","@id":"https:\/\/lospoliticosveracruz.com\/?p=12401#primaryimage","url":"http:\/\/www.lospoliticosveracruz.com.mx\/wp-content\/uploads\/2014\/10\/Agua-300x275.jpg","contentUrl":"http:\/\/www.lospoliticosveracruz.com.mx\/wp-content\/uploads\/2014\/10\/Agua-300x275.jpg"},{"@type":"BreadcrumbList","@id":"https:\/\/lospoliticosveracruz.com\/?p=12401#breadcrumb","itemListElement":[{"@type":"ListItem","position":1,"name":"Portada","item":"https:\/\/lospoliticosveracruz.com\/"},{"@type":"ListItem","position":2,"name":"Opacidad, el sello de la casa"}]},{"@type":"WebSite","@id":"https:\/\/lospoliticosveracruz.com\/#website","url":"https:\/\/lospoliticosveracruz.com\/","name":"Los pol\u00edticos Veracruz","description":"","publisher":{"@id":"https:\/\/lospoliticosveracruz.com\/#organization"},"potentialAction":[{"@type":"SearchAction","target":{"@type":"EntryPoint","urlTemplate":"https:\/\/lospoliticosveracruz.com\/?s={search_term_string}"},"query-input":{"@type":"PropertyValueSpecification","valueRequired":true,"valueName":"search_term_string"}}],"inLanguage":"es"},{"@type":"Organization","@id":"https:\/\/lospoliticosveracruz.com\/#organization","name":"Los pol\u00edticos Veracruz","url":"https:\/\/lospoliticosveracruz.com\/","logo":{"@type":"ImageObject","inLanguage":"es","@id":"https:\/\/lospoliticosveracruz.com\/#\/schema\/logo\/image\/","url":"https:\/\/lospoliticosveracruz.com\/wp-content\/uploads\/2025\/12\/Logo-Nuevo-LOS-POLITICOS-1.jpg","contentUrl":"https:\/\/lospoliticosveracruz.com\/wp-content\/uploads\/2025\/12\/Logo-Nuevo-LOS-POLITICOS-1.jpg","width":260,"height":70,"caption":"Los pol\u00edticos Veracruz"},"image":{"@id":"https:\/\/lospoliticosveracruz.com\/#\/schema\/logo\/image\/"},"sameAs":["https:\/\/www.facebook.com\/people\/Notimemes-de-los-Polticos\/61565672886568\/","https:\/\/x.com\/LosPoliticosVer"]},{"@type":"Person","@id":"https:\/\/lospoliticosveracruz.com\/#\/schema\/person\/c5fee8df75ee4700bd7f8e92859bd696","name":"lospoladmin","image":{"@type":"ImageObject","inLanguage":"es","@id":"https:\/\/secure.gravatar.com\/avatar\/f4a468785695515895c4d618820f242e33d3d72a0284244a0fad6d19795cb724?s=96&d=mm&r=g","url":"https:\/\/secure.gravatar.com\/avatar\/f4a468785695515895c4d618820f242e33d3d72a0284244a0fad6d19795cb724?s=96&d=mm&r=g","contentUrl":"https:\/\/secure.gravatar.com\/avatar\/f4a468785695515895c4d618820f242e33d3d72a0284244a0fad6d19795cb724?s=96&d=mm&r=g","caption":"lospoladmin"},"url":"https:\/\/lospoliticosveracruz.com\/?author=1"}]}},"_links":{"self":[{"href":"https:\/\/lospoliticosveracruz.com\/index.php?rest_route=\/wp\/v2\/posts\/12401","targetHints":{"allow":["GET"]}}],"collection":[{"href":"https:\/\/lospoliticosveracruz.com\/index.php?rest_route=\/wp\/v2\/posts"}],"about":[{"href":"https:\/\/lospoliticosveracruz.com\/index.php?rest_route=\/wp\/v2\/types\/post"}],"author":[{"embeddable":true,"href":"https:\/\/lospoliticosveracruz.com\/index.php?rest_route=\/wp\/v2\/users\/1"}],"replies":[{"embeddable":true,"href":"https:\/\/lospoliticosveracruz.com\/index.php?rest_route=%2Fwp%2Fv2%2Fcomments&post=12401"}],"version-history":[{"count":2,"href":"https:\/\/lospoliticosveracruz.com\/index.php?rest_route=\/wp\/v2\/posts\/12401\/revisions"}],"predecessor-version":[{"id":12419,"href":"https:\/\/lospoliticosveracruz.com\/index.php?rest_route=\/wp\/v2\/posts\/12401\/revisions\/12419"}],"wp:attachment":[{"href":"https:\/\/lospoliticosveracruz.com\/index.php?rest_route=%2Fwp%2Fv2%2Fmedia&parent=12401"}],"wp:term":[{"taxonomy":"category","embeddable":true,"href":"https:\/\/lospoliticosveracruz.com\/index.php?rest_route=%2Fwp%2Fv2%2Fcategories&post=12401"},{"taxonomy":"post_tag","embeddable":true,"href":"https:\/\/lospoliticosveracruz.com\/index.php?rest_route=%2Fwp%2Fv2%2Ftags&post=12401"}],"curies":[{"name":"wp","href":"https:\/\/api.w.org\/{rel}","templated":true}]}}