{"id":124017,"date":"2024-05-10T11:46:08","date_gmt":"2024-05-10T16:46:08","guid":{"rendered":"https:\/\/lospoliticosveracruz.com.mx\/?p=124017"},"modified":"2024-05-10T11:46:24","modified_gmt":"2024-05-10T16:46:24","slug":"madres-mexicanas-entre-el-olvido-y-la-indiferencia","status":"publish","type":"post","link":"https:\/\/lospoliticosveracruz.com\/?p=124017","title":{"rendered":"MADRES MEXICANAS, ENTRE EL OLVIDO Y LA INDIFERENCIA"},"content":{"rendered":"\n<p><strong>Teresa Carbajal<br><\/strong><em>Debo, no niego; pago, lo justo<br><\/em>Ser madre en nuestro pa\u00eds es un verdadero desafi\u00f3 de supervivencia, pareciera mentira que jugar ese rol que nos erige como fuente de vida, de inspiraci\u00f3n y de amor incondicional, tenga como caracter\u00edstica fundamental el sacrificio personal en grado superlativo, causado por la indiferencia con la que se nos mira en la econom\u00eda, la desprotecci\u00f3n casi absoluta del sistema de salud, y de seguridad social; y la marginaci\u00f3n que se sufre a\u00fan de quienes debieran ser los m\u00e1s solidarios como el c\u00f3nyuge, la familia, y los propios amigos.<\/p>\n\n\n<div class=\"wp-block-image\">\n<figure class=\"alignleft size-medium\"><a href=\"https:\/\/lospoliticosveracruz.com.mx\/wp-content\/uploads\/2021\/10\/Zacauilt.jpg\"><img decoding=\"async\" src=\"https:\/\/lospoliticosveracruz.com.mx\/wp-content\/uploads\/2021\/10\/Zacauilt-150x300.jpg\" alt=\"\" class=\"wp-image-80558\"\/><\/a><\/figure>\n<\/div>\n\n\n<p><br>As\u00ed es, ser madre es una decisi\u00f3n que debe pensarse muy bien, pensarse para empezar, porque ya sea en pareja formal o informal o desde la solter\u00eda, las mujeres deben salir adelante en salud, enfermedad, \u00e9xito o tragedia con ese compromiso de vida de dar sustento, formaci\u00f3n, educaci\u00f3n, valores y principios, a un nuevo integrante de la sociedad en cuyas manos descansar\u00e1n en alg\u00fan momento los destinos de otras personas y del pa\u00eds.<br>Sobre el acompa\u00f1amiento en la maternidad, y de acuerdo con el Instituto Nacional de Estad\u00edstica y Geograf\u00eda (INEGI) en M\u00e9xico hay 37.5 millones de Madres, de las cuales 17 millones est\u00e1n casadas, 7.5 millones viven en uni\u00f3n libre y 12.3 millones son viudas, solteras, divorciadas, o sin pareja.<br>Con cifras del mismo instituto y por cuanto hace al rango etario, llama la atenci\u00f3n que la mayor\u00eda de las mam\u00e1s solteras son j\u00f3venes de entre 30 y 34 a\u00f1os, y en escolaridad que 4 de cada 10 tienen estudios de bachillerato o licenciatura.<br>En la circunstancia laboral, el 78 por ciento de las mujeres son trabajadoras subordinadas, es decir empleadas; sin embargo, el 30 por ciento de estas madres trabajadoras no cuentan con prestaciones de ley como seguridad social, acceso a la vivienda o vacaciones.<br>Es decir que, a pesar de contar con un empleo, en caso de enfermedad tendr\u00e1n de recurrir a gastos extraordinarios para la atenci\u00f3n y cuidado de su salud y la de sus hijos, desde consultas m\u00e9dicas, estudios, medicinas o curaciones, ello sin considerar el tiempo que deber\u00e1n invertir en atenderse y las faltas laborales que a su vez afectar\u00e1n la fuente laboral de donde obtienen sus recursos.<br>Por ello, y derivado de la necesidad de disponer de tiempo para el cuidado del hogar, la escuela y sus hijos es que, con datos del Inegi, el 58 por ciento de las madres trabajadoras se auto emplean ganando un promedio de diez mil trescientos setenta y dos pesos, un poco m\u00e1s del salario m\u00ednimo.<br>Sin embargo, como patronas o emprendedoras, deber\u00e1n poner a pruebas sus dotes de contadoras, administradoras, abogadas, publirrelacionistas y mercad\u00f3logas, para que el negocio funcione, porque la experiencia ha demostrado en repetidas ocasiones que ser tu propia jefa no significa que vayas a descargarte de responsabilidades o vayas a disponer de tiempo, si no por el contrario, -y si no que me desmientan las patronas- vas a tener que disponer de unas 48 horas al d\u00eda y el doble de cabeza y habilidades, porque a su vez tendr\u00e1s a tu cargo a otras mujeres en algunos casos.<br>Bueno, vale la pena aprovechar la ocasi\u00f3n para recordarnos que precisamente en esta din\u00e1mica es cuando nos enfrentaremos a cr\u00e9ditos desalmados y cajas impopulares o agiotistas de cuello blanco, en donde ah\u00ed s\u00ed, como dijera el finado Carlos Bremer ese s\u00ed, ser\u00e1 un \u2018nado entre tiburones\u2019, para que tu patrimonio no termine en las fauces de entes que han dise\u00f1ado hasta cr\u00e9ditos especiales, para lucrar con la necesidad y el deseo de las madres trabajadores en modalidad de auto empleadas de dar a su familia una vida digna.<br>As\u00ed mientras luchamos por sobrevivir, en algunos casos adereza la maternidad la irresponsabilidad paterna, no por nada, en M\u00e9xico el mayor n\u00famero de juicios son de orden familiar, en donde se juzga a personas que necesitan de un tribunal que les recuerde cu\u00e1les son sus obligaciones, como dar pensi\u00f3n alimenticia a sus hijos. Buscando la forma de hacerlos cumplir, a pesar de las m\u00faltiples estrategias que usar\u00e1n los contumaces para evadir ese compromiso en busca de la mayor edad de sus acreedores alimentarios.<br>Enfrent\u00e1ndonos por lo menos en Veracruz a un sistema de justicia indolente e incapaz, en donde si bien se ponen de manteles naranjas para el tianguis cada d\u00eda 25, por otro lado, dejan en libertad a golpeadores y violentadores familiares.<br>Otro d\u00eda hablamos de la amplia agenda legislativa pendiente a favor de las mujeres, por ahora, un s\u00faper abrazo a todas y \u00a1muy feliz d\u00eda de las madres!<\/p>\n\n\n\n<p>\u00danase ya, a la Jornada Estatal para la Defensa del Patrimonio Familiar 2281148502 visite www.elbarzonrc.org Contacte elbarzonrc@yahoo.com.mx, O s\u00edgame en @terecarbajal<\/p>\n","protected":false},"excerpt":{"rendered":"<p>Teresa CarbajalDebo, no niego; pago, lo justoSer madre en nuestro pa\u00eds es un verdadero desafi\u00f3 de supervivencia, pareciera mentira que jugar ese rol que nos erige como fuente de vida, de inspiraci\u00f3n y de amor incondicional, tenga como caracter\u00edstica fundamental el sacrificio personal en grado superlativo, causado por la indiferencia con la que se nos [&hellip;]<\/p>\n","protected":false},"author":2,"featured_media":119935,"comment_status":"closed","ping_status":"closed","sticky":false,"template":"","format":"standard","meta":{"tdm_status":"","tdm_grid_status":"","footnotes":""},"categories":[70],"tags":[15570],"class_list":{"0":"post-124017","1":"post","2":"type-post","3":"status-publish","4":"format-standard","5":"has-post-thumbnail","7":"category-de-opinion","8":"tag-teresa-carbajal"},"yoast_head":"<!-- This site is optimized with the Yoast SEO plugin v27.4 - https:\/\/yoast.com\/product\/yoast-seo-wordpress\/ -->\n<title>MADRES MEXICANAS, ENTRE EL OLVIDO Y LA INDIFERENCIA - Los pol\u00edticos Veracruz<\/title>\n<meta name=\"robots\" content=\"index, follow, max-snippet:-1, max-image-preview:large, max-video-preview:-1\" \/>\n<link rel=\"canonical\" href=\"https:\/\/lospoliticosveracruz.com\/?p=124017\" \/>\n<meta property=\"og:locale\" content=\"es_ES\" \/>\n<meta property=\"og:type\" content=\"article\" \/>\n<meta property=\"og:title\" content=\"MADRES MEXICANAS, ENTRE EL OLVIDO Y LA INDIFERENCIA - Los pol\u00edticos Veracruz\" \/>\n<meta property=\"og:description\" content=\"Teresa CarbajalDebo, no niego; pago, lo justoSer madre en nuestro pa\u00eds es un verdadero desafi\u00f3 de supervivencia, pareciera mentira que jugar ese rol que nos erige como fuente de vida, de inspiraci\u00f3n y de amor incondicional, tenga como caracter\u00edstica fundamental el sacrificio personal en grado superlativo, causado por la indiferencia con la que se nos [&hellip;]\" \/>\n<meta property=\"og:url\" content=\"https:\/\/lospoliticosveracruz.com\/?p=124017\" \/>\n<meta property=\"og:site_name\" content=\"Los pol\u00edticos Veracruz\" \/>\n<meta property=\"article:publisher\" content=\"https:\/\/www.facebook.com\/people\/Notimemes-de-los-Polticos\/61565672886568\/\" \/>\n<meta property=\"article:published_time\" content=\"2024-05-10T16:46:08+00:00\" \/>\n<meta property=\"article:modified_time\" content=\"2024-05-10T16:46:24+00:00\" \/>\n<meta property=\"og:image\" content=\"https:\/\/lospoliticosveracruz.com\/wp-content\/uploads\/2024\/03\/Teresa-Carbajal.jpg\" \/>\n\t<meta property=\"og:image:width\" content=\"1250\" \/>\n\t<meta property=\"og:image:height\" content=\"667\" \/>\n\t<meta property=\"og:image:type\" content=\"image\/jpeg\" \/>\n<meta name=\"author\" content=\"Lo viste en Los Pol\u00edticos\" \/>\n<meta name=\"twitter:card\" content=\"summary_large_image\" \/>\n<meta name=\"twitter:creator\" content=\"@LosPoliticosVer\" \/>\n<meta name=\"twitter:site\" content=\"@LosPoliticosVer\" \/>\n<meta name=\"twitter:label1\" content=\"Escrito por\" \/>\n\t<meta name=\"twitter:data1\" content=\"Lo viste en Los Pol\u00edticos\" \/>\n\t<meta name=\"twitter:label2\" content=\"Tiempo de lectura\" \/>\n\t<meta name=\"twitter:data2\" content=\"4 minutos\" \/>\n<script type=\"application\/ld+json\" class=\"yoast-schema-graph\">{\"@context\":\"https:\\\/\\\/schema.org\",\"@graph\":[{\"@type\":\"Article\",\"@id\":\"https:\\\/\\\/lospoliticosveracruz.com\\\/?p=124017#article\",\"isPartOf\":{\"@id\":\"https:\\\/\\\/lospoliticosveracruz.com\\\/?p=124017\"},\"author\":{\"name\":\"Lo viste en Los Pol\u00edticos\",\"@id\":\"https:\\\/\\\/lospoliticosveracruz.com\\\/#\\\/schema\\\/person\\\/b8702bb0e538456e6efd07080bf2a4a2\"},\"headline\":\"MADRES MEXICANAS, ENTRE EL OLVIDO Y LA INDIFERENCIA\",\"datePublished\":\"2024-05-10T16:46:08+00:00\",\"dateModified\":\"2024-05-10T16:46:24+00:00\",\"mainEntityOfPage\":{\"@id\":\"https:\\\/\\\/lospoliticosveracruz.com\\\/?p=124017\"},\"wordCount\":835,\"publisher\":{\"@id\":\"https:\\\/\\\/lospoliticosveracruz.com\\\/#organization\"},\"image\":{\"@id\":\"https:\\\/\\\/lospoliticosveracruz.com\\\/?p=124017#primaryimage\"},\"thumbnailUrl\":\"https:\\\/\\\/lospoliticosveracruz.com\\\/wp-content\\\/uploads\\\/2024\\\/03\\\/Teresa-Carbajal.jpg\",\"keywords\":[\"Teresa Carbajal\"],\"articleSection\":[\"De Opini\u00f3n\"],\"inLanguage\":\"es\"},{\"@type\":\"WebPage\",\"@id\":\"https:\\\/\\\/lospoliticosveracruz.com\\\/?p=124017\",\"url\":\"https:\\\/\\\/lospoliticosveracruz.com\\\/?p=124017\",\"name\":\"MADRES MEXICANAS, ENTRE EL OLVIDO Y LA INDIFERENCIA - Los pol\u00edticos Veracruz\",\"isPartOf\":{\"@id\":\"https:\\\/\\\/lospoliticosveracruz.com\\\/#website\"},\"primaryImageOfPage\":{\"@id\":\"https:\\\/\\\/lospoliticosveracruz.com\\\/?p=124017#primaryimage\"},\"image\":{\"@id\":\"https:\\\/\\\/lospoliticosveracruz.com\\\/?p=124017#primaryimage\"},\"thumbnailUrl\":\"https:\\\/\\\/lospoliticosveracruz.com\\\/wp-content\\\/uploads\\\/2024\\\/03\\\/Teresa-Carbajal.jpg\",\"datePublished\":\"2024-05-10T16:46:08+00:00\",\"dateModified\":\"2024-05-10T16:46:24+00:00\",\"breadcrumb\":{\"@id\":\"https:\\\/\\\/lospoliticosveracruz.com\\\/?p=124017#breadcrumb\"},\"inLanguage\":\"es\",\"potentialAction\":[{\"@type\":\"ReadAction\",\"target\":[\"https:\\\/\\\/lospoliticosveracruz.com\\\/?p=124017\"]}]},{\"@type\":\"ImageObject\",\"inLanguage\":\"es\",\"@id\":\"https:\\\/\\\/lospoliticosveracruz.com\\\/?p=124017#primaryimage\",\"url\":\"https:\\\/\\\/lospoliticosveracruz.com\\\/wp-content\\\/uploads\\\/2024\\\/03\\\/Teresa-Carbajal.jpg\",\"contentUrl\":\"https:\\\/\\\/lospoliticosveracruz.com\\\/wp-content\\\/uploads\\\/2024\\\/03\\\/Teresa-Carbajal.jpg\",\"width\":1250,\"height\":667},{\"@type\":\"BreadcrumbList\",\"@id\":\"https:\\\/\\\/lospoliticosveracruz.com\\\/?p=124017#breadcrumb\",\"itemListElement\":[{\"@type\":\"ListItem\",\"position\":1,\"name\":\"Portada\",\"item\":\"https:\\\/\\\/lospoliticosveracruz.com\\\/\"},{\"@type\":\"ListItem\",\"position\":2,\"name\":\"MADRES MEXICANAS, ENTRE EL OLVIDO Y LA INDIFERENCIA\"}]},{\"@type\":\"WebSite\",\"@id\":\"https:\\\/\\\/lospoliticosveracruz.com\\\/#website\",\"url\":\"https:\\\/\\\/lospoliticosveracruz.com\\\/\",\"name\":\"Los pol\u00edticos Veracruz\",\"description\":\"\",\"publisher\":{\"@id\":\"https:\\\/\\\/lospoliticosveracruz.com\\\/#organization\"},\"potentialAction\":[{\"@type\":\"SearchAction\",\"target\":{\"@type\":\"EntryPoint\",\"urlTemplate\":\"https:\\\/\\\/lospoliticosveracruz.com\\\/?s={search_term_string}\"},\"query-input\":{\"@type\":\"PropertyValueSpecification\",\"valueRequired\":true,\"valueName\":\"search_term_string\"}}],\"inLanguage\":\"es\"},{\"@type\":\"Organization\",\"@id\":\"https:\\\/\\\/lospoliticosveracruz.com\\\/#organization\",\"name\":\"Los pol\u00edticos Veracruz\",\"url\":\"https:\\\/\\\/lospoliticosveracruz.com\\\/\",\"logo\":{\"@type\":\"ImageObject\",\"inLanguage\":\"es\",\"@id\":\"https:\\\/\\\/lospoliticosveracruz.com\\\/#\\\/schema\\\/logo\\\/image\\\/\",\"url\":\"https:\\\/\\\/lospoliticosveracruz.com\\\/wp-content\\\/uploads\\\/2025\\\/12\\\/Logo-Nuevo-LOS-POLITICOS-1.jpg\",\"contentUrl\":\"https:\\\/\\\/lospoliticosveracruz.com\\\/wp-content\\\/uploads\\\/2025\\\/12\\\/Logo-Nuevo-LOS-POLITICOS-1.jpg\",\"width\":260,\"height\":70,\"caption\":\"Los pol\u00edticos Veracruz\"},\"image\":{\"@id\":\"https:\\\/\\\/lospoliticosveracruz.com\\\/#\\\/schema\\\/logo\\\/image\\\/\"},\"sameAs\":[\"https:\\\/\\\/www.facebook.com\\\/people\\\/Notimemes-de-los-Polticos\\\/61565672886568\\\/\",\"https:\\\/\\\/x.com\\\/LosPoliticosVer\"]},{\"@type\":\"Person\",\"@id\":\"https:\\\/\\\/lospoliticosveracruz.com\\\/#\\\/schema\\\/person\\\/b8702bb0e538456e6efd07080bf2a4a2\",\"name\":\"Lo viste en Los Pol\u00edticos\",\"image\":{\"@type\":\"ImageObject\",\"inLanguage\":\"es\",\"@id\":\"https:\\\/\\\/secure.gravatar.com\\\/avatar\\\/3a8de04a2656d44082be478bd6c086daa447c4651605818287b9532d3d0bd435?s=96&d=mm&r=g\",\"url\":\"https:\\\/\\\/secure.gravatar.com\\\/avatar\\\/3a8de04a2656d44082be478bd6c086daa447c4651605818287b9532d3d0bd435?s=96&d=mm&r=g\",\"contentUrl\":\"https:\\\/\\\/secure.gravatar.com\\\/avatar\\\/3a8de04a2656d44082be478bd6c086daa447c4651605818287b9532d3d0bd435?s=96&d=mm&r=g\",\"caption\":\"Lo viste en Los Pol\u00edticos\"},\"url\":\"https:\\\/\\\/lospoliticosveracruz.com\\\/?author=2\"}]}<\/script>\n<!-- \/ Yoast SEO plugin. -->","yoast_head_json":{"title":"MADRES MEXICANAS, ENTRE EL OLVIDO Y LA INDIFERENCIA - Los pol\u00edticos Veracruz","robots":{"index":"index","follow":"follow","max-snippet":"max-snippet:-1","max-image-preview":"max-image-preview:large","max-video-preview":"max-video-preview:-1"},"canonical":"https:\/\/lospoliticosveracruz.com\/?p=124017","og_locale":"es_ES","og_type":"article","og_title":"MADRES MEXICANAS, ENTRE EL OLVIDO Y LA INDIFERENCIA - Los pol\u00edticos Veracruz","og_description":"Teresa CarbajalDebo, no niego; pago, lo justoSer madre en nuestro pa\u00eds es un verdadero desafi\u00f3 de supervivencia, pareciera mentira que jugar ese rol que nos erige como fuente de vida, de inspiraci\u00f3n y de amor incondicional, tenga como caracter\u00edstica fundamental el sacrificio personal en grado superlativo, causado por la indiferencia con la que se nos [&hellip;]","og_url":"https:\/\/lospoliticosveracruz.com\/?p=124017","og_site_name":"Los pol\u00edticos Veracruz","article_publisher":"https:\/\/www.facebook.com\/people\/Notimemes-de-los-Polticos\/61565672886568\/","article_published_time":"2024-05-10T16:46:08+00:00","article_modified_time":"2024-05-10T16:46:24+00:00","og_image":[{"width":1250,"height":667,"url":"https:\/\/lospoliticosveracruz.com\/wp-content\/uploads\/2024\/03\/Teresa-Carbajal.jpg","type":"image\/jpeg"}],"author":"Lo viste en Los Pol\u00edticos","twitter_card":"summary_large_image","twitter_creator":"@LosPoliticosVer","twitter_site":"@LosPoliticosVer","twitter_misc":{"Escrito por":"Lo viste en Los Pol\u00edticos","Tiempo de lectura":"4 minutos"},"schema":{"@context":"https:\/\/schema.org","@graph":[{"@type":"Article","@id":"https:\/\/lospoliticosveracruz.com\/?p=124017#article","isPartOf":{"@id":"https:\/\/lospoliticosveracruz.com\/?p=124017"},"author":{"name":"Lo viste en Los Pol\u00edticos","@id":"https:\/\/lospoliticosveracruz.com\/#\/schema\/person\/b8702bb0e538456e6efd07080bf2a4a2"},"headline":"MADRES MEXICANAS, ENTRE EL OLVIDO Y LA INDIFERENCIA","datePublished":"2024-05-10T16:46:08+00:00","dateModified":"2024-05-10T16:46:24+00:00","mainEntityOfPage":{"@id":"https:\/\/lospoliticosveracruz.com\/?p=124017"},"wordCount":835,"publisher":{"@id":"https:\/\/lospoliticosveracruz.com\/#organization"},"image":{"@id":"https:\/\/lospoliticosveracruz.com\/?p=124017#primaryimage"},"thumbnailUrl":"https:\/\/lospoliticosveracruz.com\/wp-content\/uploads\/2024\/03\/Teresa-Carbajal.jpg","keywords":["Teresa Carbajal"],"articleSection":["De Opini\u00f3n"],"inLanguage":"es"},{"@type":"WebPage","@id":"https:\/\/lospoliticosveracruz.com\/?p=124017","url":"https:\/\/lospoliticosveracruz.com\/?p=124017","name":"MADRES MEXICANAS, ENTRE EL OLVIDO Y LA INDIFERENCIA - Los pol\u00edticos Veracruz","isPartOf":{"@id":"https:\/\/lospoliticosveracruz.com\/#website"},"primaryImageOfPage":{"@id":"https:\/\/lospoliticosveracruz.com\/?p=124017#primaryimage"},"image":{"@id":"https:\/\/lospoliticosveracruz.com\/?p=124017#primaryimage"},"thumbnailUrl":"https:\/\/lospoliticosveracruz.com\/wp-content\/uploads\/2024\/03\/Teresa-Carbajal.jpg","datePublished":"2024-05-10T16:46:08+00:00","dateModified":"2024-05-10T16:46:24+00:00","breadcrumb":{"@id":"https:\/\/lospoliticosveracruz.com\/?p=124017#breadcrumb"},"inLanguage":"es","potentialAction":[{"@type":"ReadAction","target":["https:\/\/lospoliticosveracruz.com\/?p=124017"]}]},{"@type":"ImageObject","inLanguage":"es","@id":"https:\/\/lospoliticosveracruz.com\/?p=124017#primaryimage","url":"https:\/\/lospoliticosveracruz.com\/wp-content\/uploads\/2024\/03\/Teresa-Carbajal.jpg","contentUrl":"https:\/\/lospoliticosveracruz.com\/wp-content\/uploads\/2024\/03\/Teresa-Carbajal.jpg","width":1250,"height":667},{"@type":"BreadcrumbList","@id":"https:\/\/lospoliticosveracruz.com\/?p=124017#breadcrumb","itemListElement":[{"@type":"ListItem","position":1,"name":"Portada","item":"https:\/\/lospoliticosveracruz.com\/"},{"@type":"ListItem","position":2,"name":"MADRES MEXICANAS, ENTRE EL OLVIDO Y LA INDIFERENCIA"}]},{"@type":"WebSite","@id":"https:\/\/lospoliticosveracruz.com\/#website","url":"https:\/\/lospoliticosveracruz.com\/","name":"Los pol\u00edticos Veracruz","description":"","publisher":{"@id":"https:\/\/lospoliticosveracruz.com\/#organization"},"potentialAction":[{"@type":"SearchAction","target":{"@type":"EntryPoint","urlTemplate":"https:\/\/lospoliticosveracruz.com\/?s={search_term_string}"},"query-input":{"@type":"PropertyValueSpecification","valueRequired":true,"valueName":"search_term_string"}}],"inLanguage":"es"},{"@type":"Organization","@id":"https:\/\/lospoliticosveracruz.com\/#organization","name":"Los pol\u00edticos Veracruz","url":"https:\/\/lospoliticosveracruz.com\/","logo":{"@type":"ImageObject","inLanguage":"es","@id":"https:\/\/lospoliticosveracruz.com\/#\/schema\/logo\/image\/","url":"https:\/\/lospoliticosveracruz.com\/wp-content\/uploads\/2025\/12\/Logo-Nuevo-LOS-POLITICOS-1.jpg","contentUrl":"https:\/\/lospoliticosveracruz.com\/wp-content\/uploads\/2025\/12\/Logo-Nuevo-LOS-POLITICOS-1.jpg","width":260,"height":70,"caption":"Los pol\u00edticos Veracruz"},"image":{"@id":"https:\/\/lospoliticosveracruz.com\/#\/schema\/logo\/image\/"},"sameAs":["https:\/\/www.facebook.com\/people\/Notimemes-de-los-Polticos\/61565672886568\/","https:\/\/x.com\/LosPoliticosVer"]},{"@type":"Person","@id":"https:\/\/lospoliticosveracruz.com\/#\/schema\/person\/b8702bb0e538456e6efd07080bf2a4a2","name":"Lo viste en Los Pol\u00edticos","image":{"@type":"ImageObject","inLanguage":"es","@id":"https:\/\/secure.gravatar.com\/avatar\/3a8de04a2656d44082be478bd6c086daa447c4651605818287b9532d3d0bd435?s=96&d=mm&r=g","url":"https:\/\/secure.gravatar.com\/avatar\/3a8de04a2656d44082be478bd6c086daa447c4651605818287b9532d3d0bd435?s=96&d=mm&r=g","contentUrl":"https:\/\/secure.gravatar.com\/avatar\/3a8de04a2656d44082be478bd6c086daa447c4651605818287b9532d3d0bd435?s=96&d=mm&r=g","caption":"Lo viste en Los Pol\u00edticos"},"url":"https:\/\/lospoliticosveracruz.com\/?author=2"}]}},"_links":{"self":[{"href":"https:\/\/lospoliticosveracruz.com\/index.php?rest_route=\/wp\/v2\/posts\/124017","targetHints":{"allow":["GET"]}}],"collection":[{"href":"https:\/\/lospoliticosveracruz.com\/index.php?rest_route=\/wp\/v2\/posts"}],"about":[{"href":"https:\/\/lospoliticosveracruz.com\/index.php?rest_route=\/wp\/v2\/types\/post"}],"author":[{"embeddable":true,"href":"https:\/\/lospoliticosveracruz.com\/index.php?rest_route=\/wp\/v2\/users\/2"}],"replies":[{"embeddable":true,"href":"https:\/\/lospoliticosveracruz.com\/index.php?rest_route=%2Fwp%2Fv2%2Fcomments&post=124017"}],"version-history":[{"count":1,"href":"https:\/\/lospoliticosveracruz.com\/index.php?rest_route=\/wp\/v2\/posts\/124017\/revisions"}],"predecessor-version":[{"id":124018,"href":"https:\/\/lospoliticosveracruz.com\/index.php?rest_route=\/wp\/v2\/posts\/124017\/revisions\/124018"}],"wp:featuredmedia":[{"embeddable":true,"href":"https:\/\/lospoliticosveracruz.com\/index.php?rest_route=\/wp\/v2\/media\/119935"}],"wp:attachment":[{"href":"https:\/\/lospoliticosveracruz.com\/index.php?rest_route=%2Fwp%2Fv2%2Fmedia&parent=124017"}],"wp:term":[{"taxonomy":"category","embeddable":true,"href":"https:\/\/lospoliticosveracruz.com\/index.php?rest_route=%2Fwp%2Fv2%2Fcategories&post=124017"},{"taxonomy":"post_tag","embeddable":true,"href":"https:\/\/lospoliticosveracruz.com\/index.php?rest_route=%2Fwp%2Fv2%2Ftags&post=124017"}],"curies":[{"name":"wp","href":"https:\/\/api.w.org\/{rel}","templated":true}]}}