{"id":124047,"date":"2024-05-11T09:09:03","date_gmt":"2024-05-11T14:09:03","guid":{"rendered":"https:\/\/lospoliticosveracruz.com.mx\/?p=124047"},"modified":"2024-05-11T09:09:09","modified_gmt":"2024-05-11T14:09:09","slug":"cesar-yanez-y-su-comando-en-veracruz","status":"publish","type":"post","link":"https:\/\/lospoliticosveracruz.com\/?p=124047","title":{"rendered":"C\u00c9SAR Y\u00c1\u00d1EZ Y SU \u00abCOMANDO\u00bb EN VERACRUZ"},"content":{"rendered":"\n<p><strong>Ricardo Chua<\/strong><\/p>\n\n\n\n<p><em>Sale y Vale<\/em><\/p>\n\n\n\n<p>EXCLUSIVA.. Seg\u00fan el an\u00e1lisis electoral del \u00abGarganta Profunda\u00bb experto en estos temas.. Es que a 3 semanas de la elecci\u00f3n a gobernador en Veracruz.. Tanto la morenista, Roc\u00edo Nahle y el priista, Pepe Yunes.. Ya los dos llegaron a su \u00abtecho\u00bb.. AMBOS YA NO CRECEN ELECTORALMENTE.. Y lo \u00fanico que puede pasar, es que Nahle baje de ventaja y que el perote\u00f1o le gane porque la sociedad salga a votar el 2 de junio y que su operaci\u00f3n pol\u00edtica el d\u00eda \u00abD\u00bb sea perfecta.. As\u00ed ganar\u00eda el PRI.. De otra forma, el triunfo es para MORENA.. AMEN..<\/p>\n\n\n\n<p>C\u00c9SAR Y\u00c1\u00d1EZ Y SU \u00abCOMANDO\u00bb EN VERACRUZ.. La informaci\u00f3n que hay dentro del equipo de campa\u00f1a del priista, Pepe Yunes, en su carrera a la gubernatura de esta entidad.. Es que en Veracruz, ya hay un \u00abCOMANDO\u00bb electoral operando para Claudia Shienbaum y \u00abechando una mano\u00bb a la campa\u00f1a de Roc\u00edo Nahle.. Y que a ese grupo de personas, la comanda C\u00e9sar Y\u00e1\u00f1ez, el ex asesor por m\u00e1s de 20 a\u00f1os en comunicaci\u00f3n pol\u00edtica de Andr\u00e9s Manuel L\u00f3pez Obrador.. El de la \u00abBoda Fifi\u00bb de Puebla.. El amigo personal de Eric Cisneros Burgos..<\/p>\n\n\n\n<p>Seg\u00fan la informaci\u00f3n que tambi\u00e9n posee \u00abGarganta Profunda\u00bb es que Y\u00e1\u00f1ez es un tipo muy met\u00f3dico y cuidadoso para hacer sus cosas.. Sobre todo en elecciones\u2026 Y por eso, se espera que en Veracruz, este personaje, mande a traer a m\u00e1s personas para operaci\u00f3n en tierra y de esa manera, asegurar \u00abhaiga como haiga sido\u00bb el triunfo de Claudia y de paso de Roc\u00edo.. \u00c9l s\u00f3lo informa a Palacio Nacional sus acciones y no tiene \u00abfiltros\u00bb para evitar que alguien revele lo que har\u00e1.. Y\u00e1\u00f1ez tambi\u00e9n est\u00e1 concentrado en la conurbaci\u00f3n de Veracruz-Boca del R\u00edo..<\/p>\n\n\n\n<p>Ya\u00f1ez tiene los datos, seg\u00fan dice \u00abGarganta Profunda\u00bb, de que el distrito de Xalapa lo van a perder todo.. La elecci\u00f3n federal y local (Los dos distritos).. Por eso, se concentr\u00f3 en Veracruz y Boca del R\u00edo porque quiere \u00abquitarles\u00bb un \u00abpedazo\u00bb de pastel a los Yunes \u00abazules\u00bb.. Sobre todo porque C\u00e9sar no se anda con \u00absentimentalismos\u00bb y con mentiras.. Sabe el tambi\u00e9n asesor electoral de Sheinbaum.. Que en 2018 L\u00f3pez Obrador perdi\u00f3 la elecci\u00f3n en esta conurbaci\u00f3n porte\u00f1a y boque\u00f1a.. Y que hoy le costar\u00e1 m\u00e1s poder ganarla.. No les da a MORENA..<\/p>\n\n\n\n<p>Por ello, Ya\u00f1ez ya tiene bajo su coordinaci\u00f3n a los 16 mil \u00abServidores de la Naci\u00f3n\u00bb, que ya est\u00e1n operando en Veracruz y ya no los coordina Mannuel Huerta Ladr\u00f3n de Guevara.. Ya todos le reportan a C\u00e9sar Y\u00e1\u00f1ez.. El tambi\u00e9n comunic\u00f3logo le quit\u00f3 esa coordinaci\u00f3n al hoy senador de la segunda f\u00f3rmula de MORENA.. Pero obvio, el colimense puso a otra persona a trabajar con ellos.. PERO NADIE SABE QUI\u00c9N ES.. Es el secreto mejor guardado de Palacio Nacional.. As\u00ed no queda expuesto a nada y a \u00abca\u00f1onazos\u00bb de 50 mil pesos\u00bb dir\u00eda Alvaro Obreg\u00f3n..<\/p>\n\n\n\n<p>Este personaje oculto, dice \u00abGarganta Profunda\u00bb, fue el que DESCUBRI\u00d3 la operaci\u00f3n del equipo de campa\u00f1a de Pepe Yunes.. De que estaban COMPRANDO liderazgos peque\u00f1os de MORENA por barrio y colonia en las zonas urbanas m\u00e1s pobladas de Veracruz.. As\u00ed combatir\u00e1n el voto rural o \u00abverde\u00bb que tiene controlado MORENA:. Pero les cayeron en la \u00abjugada\u00bb y lograron parar esa \u00abcompra\u00bb de conciencias \u00abguindas\u00bb.. Pues que esperaban \u00bfFlores?.. Es la \u00abguerra\u00bb y todo se vale.. Y los Yunes son \u00abexpertos\u00bb en esa materia..<\/p>\n\n\n\n<p>Adem\u00e1s el equipo de C\u00e9sar Y\u00e1\u00f1ez son los que est\u00e1n sumando a alcaldes opositores a MORENA a la campa\u00f1a de Nahle y Shienbaum.. Es Y\u00e1\u00f1ez, no Cuitl\u00e1huac Garc\u00eda.. A pesar de que es su amigo.. Para \u00e9l, electoralmente, el gobernador es un \u00abcero a la izquierda\u00bb.. Neta que C\u00e9sar extra\u00f1a a Patrocinio.. La operaci\u00f3n es que este personal manda a llamar a los alcaldes, les presentan datos reales, no amenazas, y algunos se \u00abconvencen\u00bb de esta realidad.. Sin presi\u00f3n alguna..<\/p>\n\n\n\n<p>Algunos en MORENA se\u00f1alan que por esa raz\u00f3n fue la necesidad del ex gobernador, Miguel \u00c1ngel Yunes Linares, de salir el pasado lunes, a dar la cara por la oposici\u00f3n, \u00abapretar\u00bb al gobierno de Cuitl\u00e1huac y a los alcaldes \u00abOGTS\u00bb que se van con la 4T.. Y por eso, empredi\u00f3 tambi\u00e9n una campa\u00f1a en todos los municipios medi\u00e1ticos en las 5 regiones de Veracruz, para ser el operador pol\u00edtico y medi\u00e1tico de Pepe Yunes y de su hijo, Miguel Yunes M\u00e1rquez.. Papa Miguel sabe bien de los alcances de C\u00e9sar Y\u00e1\u00f1ez.. Y PA QU\u00c9 SE ARRIESGA..<\/p>\n\n\n\n<p>Se preguntar\u00e1n qu\u00e9 pasar\u00e1 con Manuel Huerta.. Por qu\u00e9 no \u00abpataleo\u00bb ante Claudia Shienbaum cuando le quitaron esa coordinaci\u00f3n de sus \u00absiervos de la naci\u00f3n\u00bb como lo hizo cuando lo \u00abbajaron\u00bb a la segunda f\u00f3rmula del Senado.. La respuesta es sencilla: HUERTA YA NEGOCI\u00d3.. A Manuelito no le importa lo que pase con Roc\u00edo Nahle.. \u00c9l la va a apoyar porque ya PACTO con Shienbaum y en el peor de los casos, de una cat\u00e1strofe electoral en Veracruz, hay un PLAN B para \u00e9l.. As\u00ed que pase lo que pase.. Huerta ya gan\u00f3..<\/p>\n\n\n\n<p>Pero a Manuel Huerta LO CONDICIONARON.. De que debe dar \u00f3rdenes a sus operadores de trabajar para Claudia y Roc\u00edo.. Y OBEDECER a C\u00e9sar Y\u00e1\u00f1ez y al personaje oculto que va a operar en su lugar.. Esa es su \u00abPrueba de Amor\u00bb para Claudia.. Pero que tambi\u00e9n ayude a Roc\u00edo.. No quieren arriesgar el triunfo de Sheinbaum en Veracruz porque una traici\u00f3n a \u00abCh\u00edo\u00bb puede \u00abarrastrar\u00bb a Claudia a la derrota.. Ay MORENA te pareces tanto al \u00abviejo\u00bb PRI, que no puedes enga\u00f1arme.. LOS JUGADORES CAMBIAN, EL JUEGO NO..<\/p>\n","protected":false},"excerpt":{"rendered":"<p>Ricardo Chua Sale y Vale EXCLUSIVA.. Seg\u00fan el an\u00e1lisis electoral del \u00abGarganta Profunda\u00bb experto en estos temas.. Es que a 3 semanas de la elecci\u00f3n a gobernador en Veracruz.. Tanto la morenista, Roc\u00edo Nahle y el priista, Pepe Yunes.. Ya los dos llegaron a su \u00abtecho\u00bb.. AMBOS YA NO CRECEN ELECTORALMENTE.. Y lo \u00fanico que [&hellip;]<\/p>\n","protected":false},"author":2,"featured_media":119817,"comment_status":"closed","ping_status":"closed","sticky":false,"template":"","format":"standard","meta":{"tdm_status":"","tdm_grid_status":"","footnotes":""},"categories":[70],"tags":[618,33907,9627,1850,1026,266,251,195],"class_list":{"0":"post-124047","1":"post","2":"type-post","3":"status-publish","4":"format-standard","5":"has-post-thumbnail","7":"category-de-opinion","8":"tag-andres-manuel-lopez-obrador","9":"tag-cesar-yanez-2","10":"tag-claudia-sheinbaum","11":"tag-manuel-huerta-ladron-de-guevara","12":"tag-morena","13":"tag-pan","14":"tag-pri","15":"tag-veracruz"},"yoast_head":"<!-- This site is optimized with the Yoast SEO plugin v27.4 - https:\/\/yoast.com\/product\/yoast-seo-wordpress\/ -->\n<title>C\u00c9SAR Y\u00c1\u00d1EZ Y SU &quot;COMANDO&quot; EN VERACRUZ - Los pol\u00edticos Veracruz<\/title>\n<meta name=\"robots\" content=\"index, follow, max-snippet:-1, max-image-preview:large, max-video-preview:-1\" \/>\n<link rel=\"canonical\" href=\"https:\/\/lospoliticosveracruz.com\/?p=124047\" \/>\n<meta property=\"og:locale\" content=\"es_ES\" \/>\n<meta property=\"og:type\" content=\"article\" \/>\n<meta property=\"og:title\" content=\"C\u00c9SAR Y\u00c1\u00d1EZ Y SU &quot;COMANDO&quot; EN VERACRUZ - Los pol\u00edticos Veracruz\" \/>\n<meta property=\"og:description\" content=\"Ricardo Chua Sale y Vale EXCLUSIVA.. Seg\u00fan el an\u00e1lisis electoral del \u00abGarganta Profunda\u00bb experto en estos temas.. Es que a 3 semanas de la elecci\u00f3n a gobernador en Veracruz.. Tanto la morenista, Roc\u00edo Nahle y el priista, Pepe Yunes.. Ya los dos llegaron a su \u00abtecho\u00bb.. AMBOS YA NO CRECEN ELECTORALMENTE.. Y lo \u00fanico que [&hellip;]\" \/>\n<meta property=\"og:url\" content=\"https:\/\/lospoliticosveracruz.com\/?p=124047\" \/>\n<meta property=\"og:site_name\" content=\"Los pol\u00edticos Veracruz\" \/>\n<meta property=\"article:publisher\" content=\"https:\/\/www.facebook.com\/people\/Notimemes-de-los-Polticos\/61565672886568\/\" \/>\n<meta property=\"article:published_time\" content=\"2024-05-11T14:09:03+00:00\" \/>\n<meta property=\"article:modified_time\" content=\"2024-05-11T14:09:09+00:00\" \/>\n<meta property=\"og:image\" content=\"https:\/\/lospoliticosveracruz.com\/wp-content\/uploads\/2024\/03\/Ricardo-Chua.jpg\" \/>\n\t<meta property=\"og:image:width\" content=\"1250\" \/>\n\t<meta property=\"og:image:height\" content=\"667\" \/>\n\t<meta property=\"og:image:type\" content=\"image\/jpeg\" \/>\n<meta name=\"author\" content=\"Lo viste en Los Pol\u00edticos\" \/>\n<meta name=\"twitter:card\" content=\"summary_large_image\" \/>\n<meta name=\"twitter:creator\" content=\"@LosPoliticosVer\" \/>\n<meta name=\"twitter:site\" content=\"@LosPoliticosVer\" \/>\n<meta name=\"twitter:label1\" content=\"Escrito por\" \/>\n\t<meta name=\"twitter:data1\" content=\"Lo viste en Los Pol\u00edticos\" \/>\n\t<meta name=\"twitter:label2\" content=\"Tiempo de lectura\" \/>\n\t<meta name=\"twitter:data2\" content=\"5 minutos\" \/>\n<script type=\"application\/ld+json\" class=\"yoast-schema-graph\">{\"@context\":\"https:\\\/\\\/schema.org\",\"@graph\":[{\"@type\":\"Article\",\"@id\":\"https:\\\/\\\/lospoliticosveracruz.com\\\/?p=124047#article\",\"isPartOf\":{\"@id\":\"https:\\\/\\\/lospoliticosveracruz.com\\\/?p=124047\"},\"author\":{\"name\":\"Lo viste en Los Pol\u00edticos\",\"@id\":\"https:\\\/\\\/lospoliticosveracruz.com\\\/#\\\/schema\\\/person\\\/b8702bb0e538456e6efd07080bf2a4a2\"},\"headline\":\"C\u00c9SAR Y\u00c1\u00d1EZ Y SU \u00abCOMANDO\u00bb EN VERACRUZ\",\"datePublished\":\"2024-05-11T14:09:03+00:00\",\"dateModified\":\"2024-05-11T14:09:09+00:00\",\"mainEntityOfPage\":{\"@id\":\"https:\\\/\\\/lospoliticosveracruz.com\\\/?p=124047\"},\"wordCount\":1029,\"publisher\":{\"@id\":\"https:\\\/\\\/lospoliticosveracruz.com\\\/#organization\"},\"image\":{\"@id\":\"https:\\\/\\\/lospoliticosveracruz.com\\\/?p=124047#primaryimage\"},\"thumbnailUrl\":\"https:\\\/\\\/lospoliticosveracruz.com\\\/wp-content\\\/uploads\\\/2024\\\/03\\\/Ricardo-Chua.jpg\",\"keywords\":[\"Andr\u00e9s Manuel L\u00f3pez Obrador\",\"C\u00e9sar Y\u00e1\u00f1ez\",\"Claudia Sheinbaum\",\"Manuel Huerta Ladr\u00f3n de Guevara\",\"Morena\",\"PAN\",\"PRI\",\"Veracruz\"],\"articleSection\":[\"De Opini\u00f3n\"],\"inLanguage\":\"es\"},{\"@type\":\"WebPage\",\"@id\":\"https:\\\/\\\/lospoliticosveracruz.com\\\/?p=124047\",\"url\":\"https:\\\/\\\/lospoliticosveracruz.com\\\/?p=124047\",\"name\":\"C\u00c9SAR Y\u00c1\u00d1EZ Y SU \\\"COMANDO\\\" EN VERACRUZ - Los pol\u00edticos Veracruz\",\"isPartOf\":{\"@id\":\"https:\\\/\\\/lospoliticosveracruz.com\\\/#website\"},\"primaryImageOfPage\":{\"@id\":\"https:\\\/\\\/lospoliticosveracruz.com\\\/?p=124047#primaryimage\"},\"image\":{\"@id\":\"https:\\\/\\\/lospoliticosveracruz.com\\\/?p=124047#primaryimage\"},\"thumbnailUrl\":\"https:\\\/\\\/lospoliticosveracruz.com\\\/wp-content\\\/uploads\\\/2024\\\/03\\\/Ricardo-Chua.jpg\",\"datePublished\":\"2024-05-11T14:09:03+00:00\",\"dateModified\":\"2024-05-11T14:09:09+00:00\",\"breadcrumb\":{\"@id\":\"https:\\\/\\\/lospoliticosveracruz.com\\\/?p=124047#breadcrumb\"},\"inLanguage\":\"es\",\"potentialAction\":[{\"@type\":\"ReadAction\",\"target\":[\"https:\\\/\\\/lospoliticosveracruz.com\\\/?p=124047\"]}]},{\"@type\":\"ImageObject\",\"inLanguage\":\"es\",\"@id\":\"https:\\\/\\\/lospoliticosveracruz.com\\\/?p=124047#primaryimage\",\"url\":\"https:\\\/\\\/lospoliticosveracruz.com\\\/wp-content\\\/uploads\\\/2024\\\/03\\\/Ricardo-Chua.jpg\",\"contentUrl\":\"https:\\\/\\\/lospoliticosveracruz.com\\\/wp-content\\\/uploads\\\/2024\\\/03\\\/Ricardo-Chua.jpg\",\"width\":1250,\"height\":667},{\"@type\":\"BreadcrumbList\",\"@id\":\"https:\\\/\\\/lospoliticosveracruz.com\\\/?p=124047#breadcrumb\",\"itemListElement\":[{\"@type\":\"ListItem\",\"position\":1,\"name\":\"Portada\",\"item\":\"https:\\\/\\\/lospoliticosveracruz.com\\\/\"},{\"@type\":\"ListItem\",\"position\":2,\"name\":\"C\u00c9SAR Y\u00c1\u00d1EZ Y SU \u00abCOMANDO\u00bb EN VERACRUZ\"}]},{\"@type\":\"WebSite\",\"@id\":\"https:\\\/\\\/lospoliticosveracruz.com\\\/#website\",\"url\":\"https:\\\/\\\/lospoliticosveracruz.com\\\/\",\"name\":\"Los pol\u00edticos Veracruz\",\"description\":\"\",\"publisher\":{\"@id\":\"https:\\\/\\\/lospoliticosveracruz.com\\\/#organization\"},\"potentialAction\":[{\"@type\":\"SearchAction\",\"target\":{\"@type\":\"EntryPoint\",\"urlTemplate\":\"https:\\\/\\\/lospoliticosveracruz.com\\\/?s={search_term_string}\"},\"query-input\":{\"@type\":\"PropertyValueSpecification\",\"valueRequired\":true,\"valueName\":\"search_term_string\"}}],\"inLanguage\":\"es\"},{\"@type\":\"Organization\",\"@id\":\"https:\\\/\\\/lospoliticosveracruz.com\\\/#organization\",\"name\":\"Los pol\u00edticos Veracruz\",\"url\":\"https:\\\/\\\/lospoliticosveracruz.com\\\/\",\"logo\":{\"@type\":\"ImageObject\",\"inLanguage\":\"es\",\"@id\":\"https:\\\/\\\/lospoliticosveracruz.com\\\/#\\\/schema\\\/logo\\\/image\\\/\",\"url\":\"https:\\\/\\\/lospoliticosveracruz.com\\\/wp-content\\\/uploads\\\/2025\\\/12\\\/Logo-Nuevo-LOS-POLITICOS-1.jpg\",\"contentUrl\":\"https:\\\/\\\/lospoliticosveracruz.com\\\/wp-content\\\/uploads\\\/2025\\\/12\\\/Logo-Nuevo-LOS-POLITICOS-1.jpg\",\"width\":260,\"height\":70,\"caption\":\"Los pol\u00edticos Veracruz\"},\"image\":{\"@id\":\"https:\\\/\\\/lospoliticosveracruz.com\\\/#\\\/schema\\\/logo\\\/image\\\/\"},\"sameAs\":[\"https:\\\/\\\/www.facebook.com\\\/people\\\/Notimemes-de-los-Polticos\\\/61565672886568\\\/\",\"https:\\\/\\\/x.com\\\/LosPoliticosVer\"]},{\"@type\":\"Person\",\"@id\":\"https:\\\/\\\/lospoliticosveracruz.com\\\/#\\\/schema\\\/person\\\/b8702bb0e538456e6efd07080bf2a4a2\",\"name\":\"Lo viste en Los Pol\u00edticos\",\"image\":{\"@type\":\"ImageObject\",\"inLanguage\":\"es\",\"@id\":\"https:\\\/\\\/secure.gravatar.com\\\/avatar\\\/3a8de04a2656d44082be478bd6c086daa447c4651605818287b9532d3d0bd435?s=96&d=mm&r=g\",\"url\":\"https:\\\/\\\/secure.gravatar.com\\\/avatar\\\/3a8de04a2656d44082be478bd6c086daa447c4651605818287b9532d3d0bd435?s=96&d=mm&r=g\",\"contentUrl\":\"https:\\\/\\\/secure.gravatar.com\\\/avatar\\\/3a8de04a2656d44082be478bd6c086daa447c4651605818287b9532d3d0bd435?s=96&d=mm&r=g\",\"caption\":\"Lo viste en Los Pol\u00edticos\"},\"url\":\"https:\\\/\\\/lospoliticosveracruz.com\\\/?author=2\"}]}<\/script>\n<!-- \/ Yoast SEO plugin. -->","yoast_head_json":{"title":"C\u00c9SAR Y\u00c1\u00d1EZ Y SU \"COMANDO\" EN VERACRUZ - Los pol\u00edticos Veracruz","robots":{"index":"index","follow":"follow","max-snippet":"max-snippet:-1","max-image-preview":"max-image-preview:large","max-video-preview":"max-video-preview:-1"},"canonical":"https:\/\/lospoliticosveracruz.com\/?p=124047","og_locale":"es_ES","og_type":"article","og_title":"C\u00c9SAR Y\u00c1\u00d1EZ Y SU \"COMANDO\" EN VERACRUZ - Los pol\u00edticos Veracruz","og_description":"Ricardo Chua Sale y Vale EXCLUSIVA.. Seg\u00fan el an\u00e1lisis electoral del \u00abGarganta Profunda\u00bb experto en estos temas.. Es que a 3 semanas de la elecci\u00f3n a gobernador en Veracruz.. Tanto la morenista, Roc\u00edo Nahle y el priista, Pepe Yunes.. Ya los dos llegaron a su \u00abtecho\u00bb.. AMBOS YA NO CRECEN ELECTORALMENTE.. Y lo \u00fanico que [&hellip;]","og_url":"https:\/\/lospoliticosveracruz.com\/?p=124047","og_site_name":"Los pol\u00edticos Veracruz","article_publisher":"https:\/\/www.facebook.com\/people\/Notimemes-de-los-Polticos\/61565672886568\/","article_published_time":"2024-05-11T14:09:03+00:00","article_modified_time":"2024-05-11T14:09:09+00:00","og_image":[{"width":1250,"height":667,"url":"https:\/\/lospoliticosveracruz.com\/wp-content\/uploads\/2024\/03\/Ricardo-Chua.jpg","type":"image\/jpeg"}],"author":"Lo viste en Los Pol\u00edticos","twitter_card":"summary_large_image","twitter_creator":"@LosPoliticosVer","twitter_site":"@LosPoliticosVer","twitter_misc":{"Escrito por":"Lo viste en Los Pol\u00edticos","Tiempo de lectura":"5 minutos"},"schema":{"@context":"https:\/\/schema.org","@graph":[{"@type":"Article","@id":"https:\/\/lospoliticosveracruz.com\/?p=124047#article","isPartOf":{"@id":"https:\/\/lospoliticosveracruz.com\/?p=124047"},"author":{"name":"Lo viste en Los Pol\u00edticos","@id":"https:\/\/lospoliticosveracruz.com\/#\/schema\/person\/b8702bb0e538456e6efd07080bf2a4a2"},"headline":"C\u00c9SAR Y\u00c1\u00d1EZ Y SU \u00abCOMANDO\u00bb EN VERACRUZ","datePublished":"2024-05-11T14:09:03+00:00","dateModified":"2024-05-11T14:09:09+00:00","mainEntityOfPage":{"@id":"https:\/\/lospoliticosveracruz.com\/?p=124047"},"wordCount":1029,"publisher":{"@id":"https:\/\/lospoliticosveracruz.com\/#organization"},"image":{"@id":"https:\/\/lospoliticosveracruz.com\/?p=124047#primaryimage"},"thumbnailUrl":"https:\/\/lospoliticosveracruz.com\/wp-content\/uploads\/2024\/03\/Ricardo-Chua.jpg","keywords":["Andr\u00e9s Manuel L\u00f3pez Obrador","C\u00e9sar Y\u00e1\u00f1ez","Claudia Sheinbaum","Manuel Huerta Ladr\u00f3n de Guevara","Morena","PAN","PRI","Veracruz"],"articleSection":["De Opini\u00f3n"],"inLanguage":"es"},{"@type":"WebPage","@id":"https:\/\/lospoliticosveracruz.com\/?p=124047","url":"https:\/\/lospoliticosveracruz.com\/?p=124047","name":"C\u00c9SAR Y\u00c1\u00d1EZ Y SU \"COMANDO\" EN VERACRUZ - Los pol\u00edticos Veracruz","isPartOf":{"@id":"https:\/\/lospoliticosveracruz.com\/#website"},"primaryImageOfPage":{"@id":"https:\/\/lospoliticosveracruz.com\/?p=124047#primaryimage"},"image":{"@id":"https:\/\/lospoliticosveracruz.com\/?p=124047#primaryimage"},"thumbnailUrl":"https:\/\/lospoliticosveracruz.com\/wp-content\/uploads\/2024\/03\/Ricardo-Chua.jpg","datePublished":"2024-05-11T14:09:03+00:00","dateModified":"2024-05-11T14:09:09+00:00","breadcrumb":{"@id":"https:\/\/lospoliticosveracruz.com\/?p=124047#breadcrumb"},"inLanguage":"es","potentialAction":[{"@type":"ReadAction","target":["https:\/\/lospoliticosveracruz.com\/?p=124047"]}]},{"@type":"ImageObject","inLanguage":"es","@id":"https:\/\/lospoliticosveracruz.com\/?p=124047#primaryimage","url":"https:\/\/lospoliticosveracruz.com\/wp-content\/uploads\/2024\/03\/Ricardo-Chua.jpg","contentUrl":"https:\/\/lospoliticosveracruz.com\/wp-content\/uploads\/2024\/03\/Ricardo-Chua.jpg","width":1250,"height":667},{"@type":"BreadcrumbList","@id":"https:\/\/lospoliticosveracruz.com\/?p=124047#breadcrumb","itemListElement":[{"@type":"ListItem","position":1,"name":"Portada","item":"https:\/\/lospoliticosveracruz.com\/"},{"@type":"ListItem","position":2,"name":"C\u00c9SAR Y\u00c1\u00d1EZ Y SU \u00abCOMANDO\u00bb EN VERACRUZ"}]},{"@type":"WebSite","@id":"https:\/\/lospoliticosveracruz.com\/#website","url":"https:\/\/lospoliticosveracruz.com\/","name":"Los pol\u00edticos Veracruz","description":"","publisher":{"@id":"https:\/\/lospoliticosveracruz.com\/#organization"},"potentialAction":[{"@type":"SearchAction","target":{"@type":"EntryPoint","urlTemplate":"https:\/\/lospoliticosveracruz.com\/?s={search_term_string}"},"query-input":{"@type":"PropertyValueSpecification","valueRequired":true,"valueName":"search_term_string"}}],"inLanguage":"es"},{"@type":"Organization","@id":"https:\/\/lospoliticosveracruz.com\/#organization","name":"Los pol\u00edticos Veracruz","url":"https:\/\/lospoliticosveracruz.com\/","logo":{"@type":"ImageObject","inLanguage":"es","@id":"https:\/\/lospoliticosveracruz.com\/#\/schema\/logo\/image\/","url":"https:\/\/lospoliticosveracruz.com\/wp-content\/uploads\/2025\/12\/Logo-Nuevo-LOS-POLITICOS-1.jpg","contentUrl":"https:\/\/lospoliticosveracruz.com\/wp-content\/uploads\/2025\/12\/Logo-Nuevo-LOS-POLITICOS-1.jpg","width":260,"height":70,"caption":"Los pol\u00edticos Veracruz"},"image":{"@id":"https:\/\/lospoliticosveracruz.com\/#\/schema\/logo\/image\/"},"sameAs":["https:\/\/www.facebook.com\/people\/Notimemes-de-los-Polticos\/61565672886568\/","https:\/\/x.com\/LosPoliticosVer"]},{"@type":"Person","@id":"https:\/\/lospoliticosveracruz.com\/#\/schema\/person\/b8702bb0e538456e6efd07080bf2a4a2","name":"Lo viste en Los Pol\u00edticos","image":{"@type":"ImageObject","inLanguage":"es","@id":"https:\/\/secure.gravatar.com\/avatar\/3a8de04a2656d44082be478bd6c086daa447c4651605818287b9532d3d0bd435?s=96&d=mm&r=g","url":"https:\/\/secure.gravatar.com\/avatar\/3a8de04a2656d44082be478bd6c086daa447c4651605818287b9532d3d0bd435?s=96&d=mm&r=g","contentUrl":"https:\/\/secure.gravatar.com\/avatar\/3a8de04a2656d44082be478bd6c086daa447c4651605818287b9532d3d0bd435?s=96&d=mm&r=g","caption":"Lo viste en Los Pol\u00edticos"},"url":"https:\/\/lospoliticosveracruz.com\/?author=2"}]}},"_links":{"self":[{"href":"https:\/\/lospoliticosveracruz.com\/index.php?rest_route=\/wp\/v2\/posts\/124047","targetHints":{"allow":["GET"]}}],"collection":[{"href":"https:\/\/lospoliticosveracruz.com\/index.php?rest_route=\/wp\/v2\/posts"}],"about":[{"href":"https:\/\/lospoliticosveracruz.com\/index.php?rest_route=\/wp\/v2\/types\/post"}],"author":[{"embeddable":true,"href":"https:\/\/lospoliticosveracruz.com\/index.php?rest_route=\/wp\/v2\/users\/2"}],"replies":[{"embeddable":true,"href":"https:\/\/lospoliticosveracruz.com\/index.php?rest_route=%2Fwp%2Fv2%2Fcomments&post=124047"}],"version-history":[{"count":1,"href":"https:\/\/lospoliticosveracruz.com\/index.php?rest_route=\/wp\/v2\/posts\/124047\/revisions"}],"predecessor-version":[{"id":124048,"href":"https:\/\/lospoliticosveracruz.com\/index.php?rest_route=\/wp\/v2\/posts\/124047\/revisions\/124048"}],"wp:featuredmedia":[{"embeddable":true,"href":"https:\/\/lospoliticosveracruz.com\/index.php?rest_route=\/wp\/v2\/media\/119817"}],"wp:attachment":[{"href":"https:\/\/lospoliticosveracruz.com\/index.php?rest_route=%2Fwp%2Fv2%2Fmedia&parent=124047"}],"wp:term":[{"taxonomy":"category","embeddable":true,"href":"https:\/\/lospoliticosveracruz.com\/index.php?rest_route=%2Fwp%2Fv2%2Fcategories&post=124047"},{"taxonomy":"post_tag","embeddable":true,"href":"https:\/\/lospoliticosveracruz.com\/index.php?rest_route=%2Fwp%2Fv2%2Ftags&post=124047"}],"curies":[{"name":"wp","href":"https:\/\/api.w.org\/{rel}","templated":true}]}}