{"id":124117,"date":"2024-05-12T21:24:52","date_gmt":"2024-05-13T02:24:52","guid":{"rendered":"https:\/\/lospoliticosveracruz.com.mx\/?p=124117"},"modified":"2024-05-12T21:25:01","modified_gmt":"2024-05-13T02:25:01","slug":"gana-nahle-segundo-debate","status":"publish","type":"post","link":"https:\/\/lospoliticosveracruz.com\/?p=124117","title":{"rendered":"GANA NAHLE SEGUNDO DEBATE!"},"content":{"rendered":"\n<p><\/p>\n\n\n\n<p><strong>Boca del R\u00edo<br><\/strong>Un triunfo inminente es el que se dio a favor de la candidata de Morena a la gubernatura, Roc\u00edo Nahle Garc\u00eda, en este segundo debate organizado por el Organismo P\u00fablico Local Electoral (OPLE)<\/p>\n\n\n\n<p>Al cierre del mismo ratific\u00f3 que ser\u00e1 una gobernadora representativa de las mujeres, a quienes proteger\u00e1 y cuidar\u00e1 \u201cla mafia de los Yunes se va. La mafia de los Yunes no m\u00e1s en Veracruz\u201d, sentenci\u00f3 Nahle Garc\u00eda.<\/p>\n\n\n<div class=\"wp-block-image\">\n<figure class=\"alignleft size-thumbnail\"><a href=\"https:\/\/lospoliticosveracruz.com.mx\/wp-content\/uploads\/2023\/08\/Alex.jpg\"><img decoding=\"async\" src=\"https:\/\/lospoliticosveracruz.com.mx\/wp-content\/uploads\/2023\/08\/Alex-150x150.jpg\" alt=\"\" class=\"wp-image-110522\"\/><\/a><\/figure>\n<\/div>\n\n\n<p>A escasas tres semanas de la elecci\u00f3n del 2 de junio, las propuestas fueron la t\u00f3nica de Roc\u00edo Nahle Garc\u00eda quien fue muy clara en su proyecto basado en el Plan Estatal de Desarrollo 2024- 2030.<\/p>\n\n\n\n<p>En esta ocasi\u00f3n, los temas fueron EDUCACI\u00d3N y CULTURA, IGUALDAD SUSTANTIVA DE G\u00c9NERO y DERECHOS HUMANOS y sobre estos se bas\u00f3 Nahle Garc\u00eda para explicar lo que har\u00e1 en Veracruz durante el pr\u00f3ximo sexenio.<\/p>\n\n\n\n<p>En temas pol\u00edticos, subray\u00f3 que el candidato del PRIAN miente, como han mentido sus antecesores y correligionarios, gracias a ellos, dijo, Veracruz tiene la fama que pol\u00edticamente tiene actualmente porque \u201clos prianistas no solo son corruptos, se han dedicado a hablar mal de Veracruz mientras que nosotros lo podremos de moda para atraer inversiones\u201d, enfatiz\u00f3.<\/p>\n\n\n\n<p>Asimismo, inform\u00f3 que crear\u00e1 mayor infraestructura para todas las escuelas de Veracruz y se ampliar\u00e1 el programa federal \u201cLa Escuela es Nuestra\u201d en coordinaci\u00f3n con el gobierno federal porque el objetivo es consolidar la Nueva Escuela Mexicana.<\/p>\n\n\n\n<p>Y es que dijo, el magisterio es y seguir\u00e1 siendo una prioridad para la 4T, solo basta recordar que en este gobierno federal y estatal, la basificaci\u00f3n de maestros en el estado fue de 45 mil docentes.<\/p>\n\n\n\n<p>Dijo que el aumento salarial en el presente gobierno para el magisterio fue en el 2019 de entre seis y 25 por ciento; en el 2020 de cinco y 20 por ciento; en el 2021 de cinco y 70 por ciento; en 2022 de seis y medio por ciento, mientras que, en 2023, fue de ocho por ciento.<\/p>\n\n\n\n<p>De igual manera, manifest\u00f3, se otorgar\u00e1n apoyos especiales y se ampliar\u00e1 la matr\u00edcula escolar en el nivel profesional.<\/p>\n\n\n\n<p>Destac\u00f3 que de las 200 universidades p\u00fablicas que el gobierno de la Cuarta Transformaci\u00f3n abri\u00f3 en el pa\u00eds, 20 est\u00e1n en Veracruz, por lo que se va a seguir fortaleciendo el programa de becas para el bienestar Benito Ju\u00e1rez para alumnos de educaci\u00f3n media superior.<\/p>\n\n\n\n<p>En tanto, para el Bachillerato General y T\u00e9cnico se establecer\u00e1 un programa de estudios t\u00e9cnicos certificados para impulsar las habilidades laborales, con el fin de que en tres a\u00f1os los egresados puedan obtener un t\u00edtulo.<\/p>\n\n\n\n<p>Nahle Garc\u00eda adelant\u00f3 que habr\u00e1 apoyo incondicional a los maestros indigenistas para la prevalencia de los dialectos y lenguas garantizando as\u00ed que todos los ni\u00f1os y ni\u00f1as tengan acceso a la escuela.<\/p>\n\n\n\n<p>De igual manera, agreg\u00f3 que se promover\u00e1 la cultura a trav\u00e9s de festivales para proyectar a Veracruz a nivel internacional.<\/p>\n\n\n\n<p>Finalmente, a\u00f1adi\u00f3 que en materia de seguridad y derechos humanos, ser\u00e1 hasta despu\u00e9s de su triunfo, el 2 de junio cuando se re\u00fana con colectivos de desaparecidos porque \u201cno voy a politizar ni a lucrar con ese tema\u201d, apunt\u00f3.<\/p>\n","protected":false},"excerpt":{"rendered":"<p>Boca del R\u00edoUn triunfo inminente es el que se dio a favor de la candidata de Morena a la gubernatura, Roc\u00edo Nahle Garc\u00eda, en este segundo debate organizado por el Organismo P\u00fablico Local Electoral (OPLE) Al cierre del mismo ratific\u00f3 que ser\u00e1 una gobernadora representativa de las mujeres, a quienes proteger\u00e1 y cuidar\u00e1 \u201cla mafia [&hellip;]<\/p>\n","protected":false},"author":2,"featured_media":0,"comment_status":"closed","ping_status":"closed","sticky":false,"template":"","format":"standard","meta":{"tdm_status":"","tdm_grid_status":"","footnotes":""},"categories":[73],"tags":[1026,3578,195],"class_list":{"0":"post-124117","1":"post","2":"type-post","3":"status-publish","4":"format-standard","6":"category-de-boleto","7":"tag-morena","8":"tag-rocio-nahle","9":"tag-veracruz"},"yoast_head":"<!-- This site is optimized with the Yoast SEO plugin v27.4 - https:\/\/yoast.com\/product\/yoast-seo-wordpress\/ -->\n<title>GANA NAHLE SEGUNDO DEBATE! - Los pol\u00edticos Veracruz<\/title>\n<meta name=\"robots\" content=\"index, follow, max-snippet:-1, max-image-preview:large, max-video-preview:-1\" \/>\n<link rel=\"canonical\" href=\"https:\/\/lospoliticosveracruz.com\/?p=124117\" \/>\n<meta property=\"og:locale\" content=\"es_ES\" \/>\n<meta property=\"og:type\" content=\"article\" \/>\n<meta property=\"og:title\" content=\"GANA NAHLE SEGUNDO DEBATE! - Los pol\u00edticos Veracruz\" \/>\n<meta property=\"og:description\" content=\"Boca del R\u00edoUn triunfo inminente es el que se dio a favor de la candidata de Morena a la gubernatura, Roc\u00edo Nahle Garc\u00eda, en este segundo debate organizado por el Organismo P\u00fablico Local Electoral (OPLE) Al cierre del mismo ratific\u00f3 que ser\u00e1 una gobernadora representativa de las mujeres, a quienes proteger\u00e1 y cuidar\u00e1 \u201cla mafia [&hellip;]\" \/>\n<meta property=\"og:url\" content=\"https:\/\/lospoliticosveracruz.com\/?p=124117\" \/>\n<meta property=\"og:site_name\" content=\"Los pol\u00edticos Veracruz\" \/>\n<meta property=\"article:publisher\" content=\"https:\/\/www.facebook.com\/people\/Notimemes-de-los-Polticos\/61565672886568\/\" \/>\n<meta property=\"article:published_time\" content=\"2024-05-13T02:24:52+00:00\" \/>\n<meta property=\"article:modified_time\" content=\"2024-05-13T02:25:01+00:00\" \/>\n<meta property=\"og:image\" content=\"https:\/\/lospoliticosveracruz.com.mx\/wp-content\/uploads\/2023\/08\/Alex-150x150.jpg\" \/>\n<meta name=\"author\" content=\"Lo viste en Los Pol\u00edticos\" \/>\n<meta name=\"twitter:card\" content=\"summary_large_image\" \/>\n<meta name=\"twitter:creator\" content=\"@LosPoliticosVer\" \/>\n<meta name=\"twitter:site\" content=\"@LosPoliticosVer\" \/>\n<meta name=\"twitter:label1\" content=\"Escrito por\" \/>\n\t<meta name=\"twitter:data1\" content=\"Lo viste en Los Pol\u00edticos\" \/>\n\t<meta name=\"twitter:label2\" content=\"Tiempo de lectura\" \/>\n\t<meta name=\"twitter:data2\" content=\"3 minutos\" \/>\n<script type=\"application\/ld+json\" class=\"yoast-schema-graph\">{\"@context\":\"https:\\\/\\\/schema.org\",\"@graph\":[{\"@type\":\"Article\",\"@id\":\"https:\\\/\\\/lospoliticosveracruz.com\\\/?p=124117#article\",\"isPartOf\":{\"@id\":\"https:\\\/\\\/lospoliticosveracruz.com\\\/?p=124117\"},\"author\":{\"name\":\"Lo viste en Los Pol\u00edticos\",\"@id\":\"https:\\\/\\\/lospoliticosveracruz.com\\\/#\\\/schema\\\/person\\\/b8702bb0e538456e6efd07080bf2a4a2\"},\"headline\":\"GANA NAHLE SEGUNDO DEBATE!\",\"datePublished\":\"2024-05-13T02:24:52+00:00\",\"dateModified\":\"2024-05-13T02:25:01+00:00\",\"mainEntityOfPage\":{\"@id\":\"https:\\\/\\\/lospoliticosveracruz.com\\\/?p=124117\"},\"wordCount\":547,\"publisher\":{\"@id\":\"https:\\\/\\\/lospoliticosveracruz.com\\\/#organization\"},\"image\":{\"@id\":\"https:\\\/\\\/lospoliticosveracruz.com\\\/?p=124117#primaryimage\"},\"thumbnailUrl\":\"https:\\\/\\\/lospoliticosveracruz.com.mx\\\/wp-content\\\/uploads\\\/2023\\\/08\\\/Alex-150x150.jpg\",\"keywords\":[\"Morena\",\"Roc\u00edo Nahle\",\"Veracruz\"],\"articleSection\":[\"De Boleto\"],\"inLanguage\":\"es\"},{\"@type\":\"WebPage\",\"@id\":\"https:\\\/\\\/lospoliticosveracruz.com\\\/?p=124117\",\"url\":\"https:\\\/\\\/lospoliticosveracruz.com\\\/?p=124117\",\"name\":\"GANA NAHLE SEGUNDO DEBATE! - Los pol\u00edticos Veracruz\",\"isPartOf\":{\"@id\":\"https:\\\/\\\/lospoliticosveracruz.com\\\/#website\"},\"primaryImageOfPage\":{\"@id\":\"https:\\\/\\\/lospoliticosveracruz.com\\\/?p=124117#primaryimage\"},\"image\":{\"@id\":\"https:\\\/\\\/lospoliticosveracruz.com\\\/?p=124117#primaryimage\"},\"thumbnailUrl\":\"https:\\\/\\\/lospoliticosveracruz.com.mx\\\/wp-content\\\/uploads\\\/2023\\\/08\\\/Alex-150x150.jpg\",\"datePublished\":\"2024-05-13T02:24:52+00:00\",\"dateModified\":\"2024-05-13T02:25:01+00:00\",\"breadcrumb\":{\"@id\":\"https:\\\/\\\/lospoliticosveracruz.com\\\/?p=124117#breadcrumb\"},\"inLanguage\":\"es\",\"potentialAction\":[{\"@type\":\"ReadAction\",\"target\":[\"https:\\\/\\\/lospoliticosveracruz.com\\\/?p=124117\"]}]},{\"@type\":\"ImageObject\",\"inLanguage\":\"es\",\"@id\":\"https:\\\/\\\/lospoliticosveracruz.com\\\/?p=124117#primaryimage\",\"url\":\"https:\\\/\\\/lospoliticosveracruz.com.mx\\\/wp-content\\\/uploads\\\/2023\\\/08\\\/Alex-150x150.jpg\",\"contentUrl\":\"https:\\\/\\\/lospoliticosveracruz.com.mx\\\/wp-content\\\/uploads\\\/2023\\\/08\\\/Alex-150x150.jpg\"},{\"@type\":\"BreadcrumbList\",\"@id\":\"https:\\\/\\\/lospoliticosveracruz.com\\\/?p=124117#breadcrumb\",\"itemListElement\":[{\"@type\":\"ListItem\",\"position\":1,\"name\":\"Portada\",\"item\":\"https:\\\/\\\/lospoliticosveracruz.com\\\/\"},{\"@type\":\"ListItem\",\"position\":2,\"name\":\"GANA NAHLE SEGUNDO DEBATE!\"}]},{\"@type\":\"WebSite\",\"@id\":\"https:\\\/\\\/lospoliticosveracruz.com\\\/#website\",\"url\":\"https:\\\/\\\/lospoliticosveracruz.com\\\/\",\"name\":\"Los pol\u00edticos Veracruz\",\"description\":\"\",\"publisher\":{\"@id\":\"https:\\\/\\\/lospoliticosveracruz.com\\\/#organization\"},\"potentialAction\":[{\"@type\":\"SearchAction\",\"target\":{\"@type\":\"EntryPoint\",\"urlTemplate\":\"https:\\\/\\\/lospoliticosveracruz.com\\\/?s={search_term_string}\"},\"query-input\":{\"@type\":\"PropertyValueSpecification\",\"valueRequired\":true,\"valueName\":\"search_term_string\"}}],\"inLanguage\":\"es\"},{\"@type\":\"Organization\",\"@id\":\"https:\\\/\\\/lospoliticosveracruz.com\\\/#organization\",\"name\":\"Los pol\u00edticos Veracruz\",\"url\":\"https:\\\/\\\/lospoliticosveracruz.com\\\/\",\"logo\":{\"@type\":\"ImageObject\",\"inLanguage\":\"es\",\"@id\":\"https:\\\/\\\/lospoliticosveracruz.com\\\/#\\\/schema\\\/logo\\\/image\\\/\",\"url\":\"https:\\\/\\\/lospoliticosveracruz.com\\\/wp-content\\\/uploads\\\/2025\\\/12\\\/Logo-Nuevo-LOS-POLITICOS-1.jpg\",\"contentUrl\":\"https:\\\/\\\/lospoliticosveracruz.com\\\/wp-content\\\/uploads\\\/2025\\\/12\\\/Logo-Nuevo-LOS-POLITICOS-1.jpg\",\"width\":260,\"height\":70,\"caption\":\"Los pol\u00edticos Veracruz\"},\"image\":{\"@id\":\"https:\\\/\\\/lospoliticosveracruz.com\\\/#\\\/schema\\\/logo\\\/image\\\/\"},\"sameAs\":[\"https:\\\/\\\/www.facebook.com\\\/people\\\/Notimemes-de-los-Polticos\\\/61565672886568\\\/\",\"https:\\\/\\\/x.com\\\/LosPoliticosVer\"]},{\"@type\":\"Person\",\"@id\":\"https:\\\/\\\/lospoliticosveracruz.com\\\/#\\\/schema\\\/person\\\/b8702bb0e538456e6efd07080bf2a4a2\",\"name\":\"Lo viste en Los Pol\u00edticos\",\"image\":{\"@type\":\"ImageObject\",\"inLanguage\":\"es\",\"@id\":\"https:\\\/\\\/secure.gravatar.com\\\/avatar\\\/3a8de04a2656d44082be478bd6c086daa447c4651605818287b9532d3d0bd435?s=96&d=mm&r=g\",\"url\":\"https:\\\/\\\/secure.gravatar.com\\\/avatar\\\/3a8de04a2656d44082be478bd6c086daa447c4651605818287b9532d3d0bd435?s=96&d=mm&r=g\",\"contentUrl\":\"https:\\\/\\\/secure.gravatar.com\\\/avatar\\\/3a8de04a2656d44082be478bd6c086daa447c4651605818287b9532d3d0bd435?s=96&d=mm&r=g\",\"caption\":\"Lo viste en Los Pol\u00edticos\"},\"url\":\"https:\\\/\\\/lospoliticosveracruz.com\\\/?author=2\"}]}<\/script>\n<!-- \/ Yoast SEO plugin. -->","yoast_head_json":{"title":"GANA NAHLE SEGUNDO DEBATE! - Los pol\u00edticos Veracruz","robots":{"index":"index","follow":"follow","max-snippet":"max-snippet:-1","max-image-preview":"max-image-preview:large","max-video-preview":"max-video-preview:-1"},"canonical":"https:\/\/lospoliticosveracruz.com\/?p=124117","og_locale":"es_ES","og_type":"article","og_title":"GANA NAHLE SEGUNDO DEBATE! - Los pol\u00edticos Veracruz","og_description":"Boca del R\u00edoUn triunfo inminente es el que se dio a favor de la candidata de Morena a la gubernatura, Roc\u00edo Nahle Garc\u00eda, en este segundo debate organizado por el Organismo P\u00fablico Local Electoral (OPLE) Al cierre del mismo ratific\u00f3 que ser\u00e1 una gobernadora representativa de las mujeres, a quienes proteger\u00e1 y cuidar\u00e1 \u201cla mafia [&hellip;]","og_url":"https:\/\/lospoliticosveracruz.com\/?p=124117","og_site_name":"Los pol\u00edticos Veracruz","article_publisher":"https:\/\/www.facebook.com\/people\/Notimemes-de-los-Polticos\/61565672886568\/","article_published_time":"2024-05-13T02:24:52+00:00","article_modified_time":"2024-05-13T02:25:01+00:00","og_image":[{"url":"https:\/\/lospoliticosveracruz.com.mx\/wp-content\/uploads\/2023\/08\/Alex-150x150.jpg","type":"","width":"","height":""}],"author":"Lo viste en Los Pol\u00edticos","twitter_card":"summary_large_image","twitter_creator":"@LosPoliticosVer","twitter_site":"@LosPoliticosVer","twitter_misc":{"Escrito por":"Lo viste en Los Pol\u00edticos","Tiempo de lectura":"3 minutos"},"schema":{"@context":"https:\/\/schema.org","@graph":[{"@type":"Article","@id":"https:\/\/lospoliticosveracruz.com\/?p=124117#article","isPartOf":{"@id":"https:\/\/lospoliticosveracruz.com\/?p=124117"},"author":{"name":"Lo viste en Los Pol\u00edticos","@id":"https:\/\/lospoliticosveracruz.com\/#\/schema\/person\/b8702bb0e538456e6efd07080bf2a4a2"},"headline":"GANA NAHLE SEGUNDO DEBATE!","datePublished":"2024-05-13T02:24:52+00:00","dateModified":"2024-05-13T02:25:01+00:00","mainEntityOfPage":{"@id":"https:\/\/lospoliticosveracruz.com\/?p=124117"},"wordCount":547,"publisher":{"@id":"https:\/\/lospoliticosveracruz.com\/#organization"},"image":{"@id":"https:\/\/lospoliticosveracruz.com\/?p=124117#primaryimage"},"thumbnailUrl":"https:\/\/lospoliticosveracruz.com.mx\/wp-content\/uploads\/2023\/08\/Alex-150x150.jpg","keywords":["Morena","Roc\u00edo Nahle","Veracruz"],"articleSection":["De Boleto"],"inLanguage":"es"},{"@type":"WebPage","@id":"https:\/\/lospoliticosveracruz.com\/?p=124117","url":"https:\/\/lospoliticosveracruz.com\/?p=124117","name":"GANA NAHLE SEGUNDO DEBATE! - Los pol\u00edticos Veracruz","isPartOf":{"@id":"https:\/\/lospoliticosveracruz.com\/#website"},"primaryImageOfPage":{"@id":"https:\/\/lospoliticosveracruz.com\/?p=124117#primaryimage"},"image":{"@id":"https:\/\/lospoliticosveracruz.com\/?p=124117#primaryimage"},"thumbnailUrl":"https:\/\/lospoliticosveracruz.com.mx\/wp-content\/uploads\/2023\/08\/Alex-150x150.jpg","datePublished":"2024-05-13T02:24:52+00:00","dateModified":"2024-05-13T02:25:01+00:00","breadcrumb":{"@id":"https:\/\/lospoliticosveracruz.com\/?p=124117#breadcrumb"},"inLanguage":"es","potentialAction":[{"@type":"ReadAction","target":["https:\/\/lospoliticosveracruz.com\/?p=124117"]}]},{"@type":"ImageObject","inLanguage":"es","@id":"https:\/\/lospoliticosveracruz.com\/?p=124117#primaryimage","url":"https:\/\/lospoliticosveracruz.com.mx\/wp-content\/uploads\/2023\/08\/Alex-150x150.jpg","contentUrl":"https:\/\/lospoliticosveracruz.com.mx\/wp-content\/uploads\/2023\/08\/Alex-150x150.jpg"},{"@type":"BreadcrumbList","@id":"https:\/\/lospoliticosveracruz.com\/?p=124117#breadcrumb","itemListElement":[{"@type":"ListItem","position":1,"name":"Portada","item":"https:\/\/lospoliticosveracruz.com\/"},{"@type":"ListItem","position":2,"name":"GANA NAHLE SEGUNDO DEBATE!"}]},{"@type":"WebSite","@id":"https:\/\/lospoliticosveracruz.com\/#website","url":"https:\/\/lospoliticosveracruz.com\/","name":"Los pol\u00edticos Veracruz","description":"","publisher":{"@id":"https:\/\/lospoliticosveracruz.com\/#organization"},"potentialAction":[{"@type":"SearchAction","target":{"@type":"EntryPoint","urlTemplate":"https:\/\/lospoliticosveracruz.com\/?s={search_term_string}"},"query-input":{"@type":"PropertyValueSpecification","valueRequired":true,"valueName":"search_term_string"}}],"inLanguage":"es"},{"@type":"Organization","@id":"https:\/\/lospoliticosveracruz.com\/#organization","name":"Los pol\u00edticos Veracruz","url":"https:\/\/lospoliticosveracruz.com\/","logo":{"@type":"ImageObject","inLanguage":"es","@id":"https:\/\/lospoliticosveracruz.com\/#\/schema\/logo\/image\/","url":"https:\/\/lospoliticosveracruz.com\/wp-content\/uploads\/2025\/12\/Logo-Nuevo-LOS-POLITICOS-1.jpg","contentUrl":"https:\/\/lospoliticosveracruz.com\/wp-content\/uploads\/2025\/12\/Logo-Nuevo-LOS-POLITICOS-1.jpg","width":260,"height":70,"caption":"Los pol\u00edticos Veracruz"},"image":{"@id":"https:\/\/lospoliticosveracruz.com\/#\/schema\/logo\/image\/"},"sameAs":["https:\/\/www.facebook.com\/people\/Notimemes-de-los-Polticos\/61565672886568\/","https:\/\/x.com\/LosPoliticosVer"]},{"@type":"Person","@id":"https:\/\/lospoliticosveracruz.com\/#\/schema\/person\/b8702bb0e538456e6efd07080bf2a4a2","name":"Lo viste en Los Pol\u00edticos","image":{"@type":"ImageObject","inLanguage":"es","@id":"https:\/\/secure.gravatar.com\/avatar\/3a8de04a2656d44082be478bd6c086daa447c4651605818287b9532d3d0bd435?s=96&d=mm&r=g","url":"https:\/\/secure.gravatar.com\/avatar\/3a8de04a2656d44082be478bd6c086daa447c4651605818287b9532d3d0bd435?s=96&d=mm&r=g","contentUrl":"https:\/\/secure.gravatar.com\/avatar\/3a8de04a2656d44082be478bd6c086daa447c4651605818287b9532d3d0bd435?s=96&d=mm&r=g","caption":"Lo viste en Los Pol\u00edticos"},"url":"https:\/\/lospoliticosveracruz.com\/?author=2"}]}},"_links":{"self":[{"href":"https:\/\/lospoliticosveracruz.com\/index.php?rest_route=\/wp\/v2\/posts\/124117","targetHints":{"allow":["GET"]}}],"collection":[{"href":"https:\/\/lospoliticosveracruz.com\/index.php?rest_route=\/wp\/v2\/posts"}],"about":[{"href":"https:\/\/lospoliticosveracruz.com\/index.php?rest_route=\/wp\/v2\/types\/post"}],"author":[{"embeddable":true,"href":"https:\/\/lospoliticosveracruz.com\/index.php?rest_route=\/wp\/v2\/users\/2"}],"replies":[{"embeddable":true,"href":"https:\/\/lospoliticosveracruz.com\/index.php?rest_route=%2Fwp%2Fv2%2Fcomments&post=124117"}],"version-history":[{"count":1,"href":"https:\/\/lospoliticosveracruz.com\/index.php?rest_route=\/wp\/v2\/posts\/124117\/revisions"}],"predecessor-version":[{"id":124119,"href":"https:\/\/lospoliticosveracruz.com\/index.php?rest_route=\/wp\/v2\/posts\/124117\/revisions\/124119"}],"wp:attachment":[{"href":"https:\/\/lospoliticosveracruz.com\/index.php?rest_route=%2Fwp%2Fv2%2Fmedia&parent=124117"}],"wp:term":[{"taxonomy":"category","embeddable":true,"href":"https:\/\/lospoliticosveracruz.com\/index.php?rest_route=%2Fwp%2Fv2%2Fcategories&post=124117"},{"taxonomy":"post_tag","embeddable":true,"href":"https:\/\/lospoliticosveracruz.com\/index.php?rest_route=%2Fwp%2Fv2%2Ftags&post=124117"}],"curies":[{"name":"wp","href":"https:\/\/api.w.org\/{rel}","templated":true}]}}