{"id":124123,"date":"2024-05-12T22:20:03","date_gmt":"2024-05-13T03:20:03","guid":{"rendered":"https:\/\/lospoliticosveracruz.com.mx\/?p=124123"},"modified":"2024-05-12T22:20:13","modified_gmt":"2024-05-13T03:20:13","slug":"nahle-la-moda-de-ser-simple","status":"publish","type":"post","link":"https:\/\/lospoliticosveracruz.com\/?p=124123","title":{"rendered":"NAHLE: LA MODA DE SER SIMPLE"},"content":{"rendered":"\n<p><strong>Luis Guillermo Franco<br><\/strong><em>Pr\u00edncipes y Bufones<\/em><\/p>\n\n\n\n<p><\/p>\n\n\n\n<p>La candidata zacatecana se ha ufanado en afirmar que, \u201cquiere poner de moda a Veracruz\u201d, frase por dem\u00e1s hueca que significa en realidad una confesi\u00f3n: la frivolidad ser\u00eda el principal objetivo de sus pol\u00edticas p\u00fablicas. Y para hacerle eco a su ocurrencia, cuenta con la \u201cdocta opini\u00f3n\u201d del presidente de la junta de coordinaci\u00f3n pol\u00edtica del Congreso Local, al repetir que con su candidata a gobernadora \u00abVeracruz se pondr\u00e1 de moda\u00bb. Esto nos invita a reflexionar sobre el significado y la profundidad de esta declaraci\u00f3n en el contexto pol\u00edtico y social en el que se inscribe.<\/p>\n\n\n\n<figure class=\"wp-block-image size-large\"><a href=\"https:\/\/lospoliticosveracruz.com.mx\/wp-content\/uploads\/2016\/07\/Seguro-Julio-Cerecedo-2.jpg\"><img decoding=\"async\" src=\"https:\/\/lospoliticosveracruz.com.mx\/wp-content\/uploads\/2016\/07\/Seguro-Julio-Cerecedo-2-1024x381.jpg\" alt=\"\" class=\"wp-image-105879\"\/><\/a><\/figure>\n\n\n\n<p><br>En primer lugar, es importante se\u00f1alar que la expresi\u00f3n \u00abponerse de moda\u00bb es com\u00fanmente asociada con fen\u00f3menos de consumo, tendencias est\u00e9ticas o auges pasajeros en diversos \u00e1mbitos que se significan por superficiales y transitorios. En este sentido, el uso de la expresi\u00f3n \u201cVeracruz se pondr\u00e1 de moda\u201d para referirse a un proceso pol\u00edtico como la elecci\u00f3n de un gobernador, resulta, por decir lo menos, inapropiado e insuficiente para transmitir un mensaje pol\u00edtico serio y fundamentado.<br>La falta de agudeza y profundidad en la declaraci\u00f3n se evidencia en el uso de un t\u00e9rmino que se valora por su naturaleza fugaz, como es el caso de \u00abmoda\u00bb, para describir un proceso pol\u00edtico que deber\u00eda ser caracterizado por la seriedad, la responsabilidad y el compromiso con el bienestar de la sociedad. La pol\u00edtica no es un pasatiempo ni un espect\u00e1culo trivial, sino una actividad que tiene implicaciones profundas en la vida de las personas y en el desarrollo de las comunidades.<br>Adem\u00e1s, la declaraci\u00f3n revela una falta de cultura pol\u00edtica por parte de la emisora (y de los repetidores acr\u00edticos), ya que con ignorancia se afirma que los resultados gubernamentales deben aspirar y evaluarse a la luz de un simple juego de tendencias moment\u00e1neas, obviando los aspectos sustantivos y las propuestas concretas que deber\u00edan ser el foco de atenci\u00f3n en un proceso electoral. En lugar de hablar de ideas, proyectos o soluciones para los problemas que enfrenta Veracruz, se recurre a un discurso vac\u00edo y carente de contenido.<br>Este enfoque omite por completo las complejidades y desaf\u00edos que enfrenta Veracruz, as\u00ed como la necesidad de pol\u00edticas p\u00fablicas s\u00f3lidas y un liderazgo comprometido y responsable para enfrentarlos.<br>Por eso Jos\u00e9 Yunes exhibi\u00f3 en el segundo debate que esa frase lamentable s\u00f3lo puede ser enunciada por una persona que carece de arraigo y no ama a Veracruz, porque en lugar de sugerir que existan condiciones de desarrollo que sean duraderas y estables, se enorgullece de sus limitaciones y propone que estar\u00eda contenta con que la administraci\u00f3n p\u00fablica estatal tenga resultados equiparables a la solidez viral de un trend de tiktok.<br>En conclusi\u00f3n, la frase \u00abVeracruz se pondr\u00e1 de moda\u00bb es una expresi\u00f3n vac\u00eda que refleja falta de cultura pol\u00edtica. Esta declaraci\u00f3n repetida a coro, trivializa la pol\u00edtica y desvirt\u00faa su verdadero prop\u00f3sito, que es el bienestar y el progreso de la sociedad. Aunque no se le puede exigir un discurso pol\u00edtico m\u00e1s serio, profundo y comprometido a quienes celebran como aforismo equiparable a Jes\u00fas Reyes Heroles, la simpleza y cursiler\u00eda de \u201ccon Tokio\u201d. @luisguifranco<\/p>\n","protected":false},"excerpt":{"rendered":"<p>Luis Guillermo FrancoPr\u00edncipes y Bufones La candidata zacatecana se ha ufanado en afirmar que, \u201cquiere poner de moda a Veracruz\u201d, frase por dem\u00e1s hueca que significa en realidad una confesi\u00f3n: la frivolidad ser\u00eda el principal objetivo de sus pol\u00edticas p\u00fablicas. Y para hacerle eco a su ocurrencia, cuenta con la \u201cdocta opini\u00f3n\u201d del presidente de [&hellip;]<\/p>\n","protected":false},"author":2,"featured_media":123050,"comment_status":"closed","ping_status":"closed","sticky":false,"template":"","format":"standard","meta":{"tdm_status":"","tdm_grid_status":"","footnotes":""},"categories":[70],"tags":[5128],"class_list":{"0":"post-124123","1":"post","2":"type-post","3":"status-publish","4":"format-standard","5":"has-post-thumbnail","7":"category-de-opinion","8":"tag-luis-guillermo-franco"},"yoast_head":"<!-- This site is optimized with the Yoast SEO plugin v27.4 - https:\/\/yoast.com\/product\/yoast-seo-wordpress\/ -->\n<title>NAHLE: LA MODA DE SER SIMPLE - Los pol\u00edticos Veracruz<\/title>\n<meta name=\"robots\" content=\"index, follow, max-snippet:-1, max-image-preview:large, max-video-preview:-1\" \/>\n<link rel=\"canonical\" href=\"https:\/\/lospoliticosveracruz.com\/?p=124123\" \/>\n<meta property=\"og:locale\" content=\"es_ES\" \/>\n<meta property=\"og:type\" content=\"article\" \/>\n<meta property=\"og:title\" content=\"NAHLE: LA MODA DE SER SIMPLE - Los pol\u00edticos Veracruz\" \/>\n<meta property=\"og:description\" content=\"Luis Guillermo FrancoPr\u00edncipes y Bufones La candidata zacatecana se ha ufanado en afirmar que, \u201cquiere poner de moda a Veracruz\u201d, frase por dem\u00e1s hueca que significa en realidad una confesi\u00f3n: la frivolidad ser\u00eda el principal objetivo de sus pol\u00edticas p\u00fablicas. Y para hacerle eco a su ocurrencia, cuenta con la \u201cdocta opini\u00f3n\u201d del presidente de [&hellip;]\" \/>\n<meta property=\"og:url\" content=\"https:\/\/lospoliticosveracruz.com\/?p=124123\" \/>\n<meta property=\"og:site_name\" content=\"Los pol\u00edticos Veracruz\" \/>\n<meta property=\"article:publisher\" content=\"https:\/\/www.facebook.com\/people\/Notimemes-de-los-Polticos\/61565672886568\/\" \/>\n<meta property=\"article:published_time\" content=\"2024-05-13T03:20:03+00:00\" \/>\n<meta property=\"article:modified_time\" content=\"2024-05-13T03:20:13+00:00\" \/>\n<meta property=\"og:image\" content=\"https:\/\/lospoliticosveracruz.com\/wp-content\/uploads\/2024\/04\/Luis-Guillermo-Franco.jpg\" \/>\n\t<meta property=\"og:image:width\" content=\"1250\" \/>\n\t<meta property=\"og:image:height\" content=\"667\" \/>\n\t<meta property=\"og:image:type\" content=\"image\/jpeg\" \/>\n<meta name=\"author\" content=\"Lo viste en Los Pol\u00edticos\" \/>\n<meta name=\"twitter:card\" content=\"summary_large_image\" \/>\n<meta name=\"twitter:creator\" content=\"@LosPoliticosVer\" \/>\n<meta name=\"twitter:site\" content=\"@LosPoliticosVer\" \/>\n<meta name=\"twitter:label1\" content=\"Escrito por\" \/>\n\t<meta name=\"twitter:data1\" content=\"Lo viste en Los Pol\u00edticos\" \/>\n\t<meta name=\"twitter:label2\" content=\"Tiempo de lectura\" \/>\n\t<meta name=\"twitter:data2\" content=\"3 minutos\" \/>\n<script type=\"application\/ld+json\" class=\"yoast-schema-graph\">{\"@context\":\"https:\\\/\\\/schema.org\",\"@graph\":[{\"@type\":\"Article\",\"@id\":\"https:\\\/\\\/lospoliticosveracruz.com\\\/?p=124123#article\",\"isPartOf\":{\"@id\":\"https:\\\/\\\/lospoliticosveracruz.com\\\/?p=124123\"},\"author\":{\"name\":\"Lo viste en Los Pol\u00edticos\",\"@id\":\"https:\\\/\\\/lospoliticosveracruz.com\\\/#\\\/schema\\\/person\\\/b8702bb0e538456e6efd07080bf2a4a2\"},\"headline\":\"NAHLE: LA MODA DE SER SIMPLE\",\"datePublished\":\"2024-05-13T03:20:03+00:00\",\"dateModified\":\"2024-05-13T03:20:13+00:00\",\"mainEntityOfPage\":{\"@id\":\"https:\\\/\\\/lospoliticosveracruz.com\\\/?p=124123\"},\"wordCount\":581,\"publisher\":{\"@id\":\"https:\\\/\\\/lospoliticosveracruz.com\\\/#organization\"},\"image\":{\"@id\":\"https:\\\/\\\/lospoliticosveracruz.com\\\/?p=124123#primaryimage\"},\"thumbnailUrl\":\"https:\\\/\\\/lospoliticosveracruz.com\\\/wp-content\\\/uploads\\\/2024\\\/04\\\/Luis-Guillermo-Franco.jpg\",\"keywords\":[\"Luis Guillermo Franco\"],\"articleSection\":[\"De Opini\u00f3n\"],\"inLanguage\":\"es\"},{\"@type\":\"WebPage\",\"@id\":\"https:\\\/\\\/lospoliticosveracruz.com\\\/?p=124123\",\"url\":\"https:\\\/\\\/lospoliticosveracruz.com\\\/?p=124123\",\"name\":\"NAHLE: LA MODA DE SER SIMPLE - Los pol\u00edticos Veracruz\",\"isPartOf\":{\"@id\":\"https:\\\/\\\/lospoliticosveracruz.com\\\/#website\"},\"primaryImageOfPage\":{\"@id\":\"https:\\\/\\\/lospoliticosveracruz.com\\\/?p=124123#primaryimage\"},\"image\":{\"@id\":\"https:\\\/\\\/lospoliticosveracruz.com\\\/?p=124123#primaryimage\"},\"thumbnailUrl\":\"https:\\\/\\\/lospoliticosveracruz.com\\\/wp-content\\\/uploads\\\/2024\\\/04\\\/Luis-Guillermo-Franco.jpg\",\"datePublished\":\"2024-05-13T03:20:03+00:00\",\"dateModified\":\"2024-05-13T03:20:13+00:00\",\"breadcrumb\":{\"@id\":\"https:\\\/\\\/lospoliticosveracruz.com\\\/?p=124123#breadcrumb\"},\"inLanguage\":\"es\",\"potentialAction\":[{\"@type\":\"ReadAction\",\"target\":[\"https:\\\/\\\/lospoliticosveracruz.com\\\/?p=124123\"]}]},{\"@type\":\"ImageObject\",\"inLanguage\":\"es\",\"@id\":\"https:\\\/\\\/lospoliticosveracruz.com\\\/?p=124123#primaryimage\",\"url\":\"https:\\\/\\\/lospoliticosveracruz.com\\\/wp-content\\\/uploads\\\/2024\\\/04\\\/Luis-Guillermo-Franco.jpg\",\"contentUrl\":\"https:\\\/\\\/lospoliticosveracruz.com\\\/wp-content\\\/uploads\\\/2024\\\/04\\\/Luis-Guillermo-Franco.jpg\",\"width\":1250,\"height\":667},{\"@type\":\"BreadcrumbList\",\"@id\":\"https:\\\/\\\/lospoliticosveracruz.com\\\/?p=124123#breadcrumb\",\"itemListElement\":[{\"@type\":\"ListItem\",\"position\":1,\"name\":\"Portada\",\"item\":\"https:\\\/\\\/lospoliticosveracruz.com\\\/\"},{\"@type\":\"ListItem\",\"position\":2,\"name\":\"NAHLE: LA MODA DE SER SIMPLE\"}]},{\"@type\":\"WebSite\",\"@id\":\"https:\\\/\\\/lospoliticosveracruz.com\\\/#website\",\"url\":\"https:\\\/\\\/lospoliticosveracruz.com\\\/\",\"name\":\"Los pol\u00edticos Veracruz\",\"description\":\"\",\"publisher\":{\"@id\":\"https:\\\/\\\/lospoliticosveracruz.com\\\/#organization\"},\"potentialAction\":[{\"@type\":\"SearchAction\",\"target\":{\"@type\":\"EntryPoint\",\"urlTemplate\":\"https:\\\/\\\/lospoliticosveracruz.com\\\/?s={search_term_string}\"},\"query-input\":{\"@type\":\"PropertyValueSpecification\",\"valueRequired\":true,\"valueName\":\"search_term_string\"}}],\"inLanguage\":\"es\"},{\"@type\":\"Organization\",\"@id\":\"https:\\\/\\\/lospoliticosveracruz.com\\\/#organization\",\"name\":\"Los pol\u00edticos Veracruz\",\"url\":\"https:\\\/\\\/lospoliticosveracruz.com\\\/\",\"logo\":{\"@type\":\"ImageObject\",\"inLanguage\":\"es\",\"@id\":\"https:\\\/\\\/lospoliticosveracruz.com\\\/#\\\/schema\\\/logo\\\/image\\\/\",\"url\":\"https:\\\/\\\/lospoliticosveracruz.com\\\/wp-content\\\/uploads\\\/2025\\\/12\\\/Logo-Nuevo-LOS-POLITICOS-1.jpg\",\"contentUrl\":\"https:\\\/\\\/lospoliticosveracruz.com\\\/wp-content\\\/uploads\\\/2025\\\/12\\\/Logo-Nuevo-LOS-POLITICOS-1.jpg\",\"width\":260,\"height\":70,\"caption\":\"Los pol\u00edticos Veracruz\"},\"image\":{\"@id\":\"https:\\\/\\\/lospoliticosveracruz.com\\\/#\\\/schema\\\/logo\\\/image\\\/\"},\"sameAs\":[\"https:\\\/\\\/www.facebook.com\\\/people\\\/Notimemes-de-los-Polticos\\\/61565672886568\\\/\",\"https:\\\/\\\/x.com\\\/LosPoliticosVer\"]},{\"@type\":\"Person\",\"@id\":\"https:\\\/\\\/lospoliticosveracruz.com\\\/#\\\/schema\\\/person\\\/b8702bb0e538456e6efd07080bf2a4a2\",\"name\":\"Lo viste en Los Pol\u00edticos\",\"image\":{\"@type\":\"ImageObject\",\"inLanguage\":\"es\",\"@id\":\"https:\\\/\\\/secure.gravatar.com\\\/avatar\\\/3a8de04a2656d44082be478bd6c086daa447c4651605818287b9532d3d0bd435?s=96&d=mm&r=g\",\"url\":\"https:\\\/\\\/secure.gravatar.com\\\/avatar\\\/3a8de04a2656d44082be478bd6c086daa447c4651605818287b9532d3d0bd435?s=96&d=mm&r=g\",\"contentUrl\":\"https:\\\/\\\/secure.gravatar.com\\\/avatar\\\/3a8de04a2656d44082be478bd6c086daa447c4651605818287b9532d3d0bd435?s=96&d=mm&r=g\",\"caption\":\"Lo viste en Los Pol\u00edticos\"},\"url\":\"https:\\\/\\\/lospoliticosveracruz.com\\\/?author=2\"}]}<\/script>\n<!-- \/ Yoast SEO plugin. -->","yoast_head_json":{"title":"NAHLE: LA MODA DE SER SIMPLE - Los pol\u00edticos Veracruz","robots":{"index":"index","follow":"follow","max-snippet":"max-snippet:-1","max-image-preview":"max-image-preview:large","max-video-preview":"max-video-preview:-1"},"canonical":"https:\/\/lospoliticosveracruz.com\/?p=124123","og_locale":"es_ES","og_type":"article","og_title":"NAHLE: LA MODA DE SER SIMPLE - Los pol\u00edticos Veracruz","og_description":"Luis Guillermo FrancoPr\u00edncipes y Bufones La candidata zacatecana se ha ufanado en afirmar que, \u201cquiere poner de moda a Veracruz\u201d, frase por dem\u00e1s hueca que significa en realidad una confesi\u00f3n: la frivolidad ser\u00eda el principal objetivo de sus pol\u00edticas p\u00fablicas. Y para hacerle eco a su ocurrencia, cuenta con la \u201cdocta opini\u00f3n\u201d del presidente de [&hellip;]","og_url":"https:\/\/lospoliticosveracruz.com\/?p=124123","og_site_name":"Los pol\u00edticos Veracruz","article_publisher":"https:\/\/www.facebook.com\/people\/Notimemes-de-los-Polticos\/61565672886568\/","article_published_time":"2024-05-13T03:20:03+00:00","article_modified_time":"2024-05-13T03:20:13+00:00","og_image":[{"width":1250,"height":667,"url":"https:\/\/lospoliticosveracruz.com\/wp-content\/uploads\/2024\/04\/Luis-Guillermo-Franco.jpg","type":"image\/jpeg"}],"author":"Lo viste en Los Pol\u00edticos","twitter_card":"summary_large_image","twitter_creator":"@LosPoliticosVer","twitter_site":"@LosPoliticosVer","twitter_misc":{"Escrito por":"Lo viste en Los Pol\u00edticos","Tiempo de lectura":"3 minutos"},"schema":{"@context":"https:\/\/schema.org","@graph":[{"@type":"Article","@id":"https:\/\/lospoliticosveracruz.com\/?p=124123#article","isPartOf":{"@id":"https:\/\/lospoliticosveracruz.com\/?p=124123"},"author":{"name":"Lo viste en Los Pol\u00edticos","@id":"https:\/\/lospoliticosveracruz.com\/#\/schema\/person\/b8702bb0e538456e6efd07080bf2a4a2"},"headline":"NAHLE: LA MODA DE SER SIMPLE","datePublished":"2024-05-13T03:20:03+00:00","dateModified":"2024-05-13T03:20:13+00:00","mainEntityOfPage":{"@id":"https:\/\/lospoliticosveracruz.com\/?p=124123"},"wordCount":581,"publisher":{"@id":"https:\/\/lospoliticosveracruz.com\/#organization"},"image":{"@id":"https:\/\/lospoliticosveracruz.com\/?p=124123#primaryimage"},"thumbnailUrl":"https:\/\/lospoliticosveracruz.com\/wp-content\/uploads\/2024\/04\/Luis-Guillermo-Franco.jpg","keywords":["Luis Guillermo Franco"],"articleSection":["De Opini\u00f3n"],"inLanguage":"es"},{"@type":"WebPage","@id":"https:\/\/lospoliticosveracruz.com\/?p=124123","url":"https:\/\/lospoliticosveracruz.com\/?p=124123","name":"NAHLE: LA MODA DE SER SIMPLE - Los pol\u00edticos Veracruz","isPartOf":{"@id":"https:\/\/lospoliticosveracruz.com\/#website"},"primaryImageOfPage":{"@id":"https:\/\/lospoliticosveracruz.com\/?p=124123#primaryimage"},"image":{"@id":"https:\/\/lospoliticosveracruz.com\/?p=124123#primaryimage"},"thumbnailUrl":"https:\/\/lospoliticosveracruz.com\/wp-content\/uploads\/2024\/04\/Luis-Guillermo-Franco.jpg","datePublished":"2024-05-13T03:20:03+00:00","dateModified":"2024-05-13T03:20:13+00:00","breadcrumb":{"@id":"https:\/\/lospoliticosveracruz.com\/?p=124123#breadcrumb"},"inLanguage":"es","potentialAction":[{"@type":"ReadAction","target":["https:\/\/lospoliticosveracruz.com\/?p=124123"]}]},{"@type":"ImageObject","inLanguage":"es","@id":"https:\/\/lospoliticosveracruz.com\/?p=124123#primaryimage","url":"https:\/\/lospoliticosveracruz.com\/wp-content\/uploads\/2024\/04\/Luis-Guillermo-Franco.jpg","contentUrl":"https:\/\/lospoliticosveracruz.com\/wp-content\/uploads\/2024\/04\/Luis-Guillermo-Franco.jpg","width":1250,"height":667},{"@type":"BreadcrumbList","@id":"https:\/\/lospoliticosveracruz.com\/?p=124123#breadcrumb","itemListElement":[{"@type":"ListItem","position":1,"name":"Portada","item":"https:\/\/lospoliticosveracruz.com\/"},{"@type":"ListItem","position":2,"name":"NAHLE: LA MODA DE SER SIMPLE"}]},{"@type":"WebSite","@id":"https:\/\/lospoliticosveracruz.com\/#website","url":"https:\/\/lospoliticosveracruz.com\/","name":"Los pol\u00edticos Veracruz","description":"","publisher":{"@id":"https:\/\/lospoliticosveracruz.com\/#organization"},"potentialAction":[{"@type":"SearchAction","target":{"@type":"EntryPoint","urlTemplate":"https:\/\/lospoliticosveracruz.com\/?s={search_term_string}"},"query-input":{"@type":"PropertyValueSpecification","valueRequired":true,"valueName":"search_term_string"}}],"inLanguage":"es"},{"@type":"Organization","@id":"https:\/\/lospoliticosveracruz.com\/#organization","name":"Los pol\u00edticos Veracruz","url":"https:\/\/lospoliticosveracruz.com\/","logo":{"@type":"ImageObject","inLanguage":"es","@id":"https:\/\/lospoliticosveracruz.com\/#\/schema\/logo\/image\/","url":"https:\/\/lospoliticosveracruz.com\/wp-content\/uploads\/2025\/12\/Logo-Nuevo-LOS-POLITICOS-1.jpg","contentUrl":"https:\/\/lospoliticosveracruz.com\/wp-content\/uploads\/2025\/12\/Logo-Nuevo-LOS-POLITICOS-1.jpg","width":260,"height":70,"caption":"Los pol\u00edticos Veracruz"},"image":{"@id":"https:\/\/lospoliticosveracruz.com\/#\/schema\/logo\/image\/"},"sameAs":["https:\/\/www.facebook.com\/people\/Notimemes-de-los-Polticos\/61565672886568\/","https:\/\/x.com\/LosPoliticosVer"]},{"@type":"Person","@id":"https:\/\/lospoliticosveracruz.com\/#\/schema\/person\/b8702bb0e538456e6efd07080bf2a4a2","name":"Lo viste en Los Pol\u00edticos","image":{"@type":"ImageObject","inLanguage":"es","@id":"https:\/\/secure.gravatar.com\/avatar\/3a8de04a2656d44082be478bd6c086daa447c4651605818287b9532d3d0bd435?s=96&d=mm&r=g","url":"https:\/\/secure.gravatar.com\/avatar\/3a8de04a2656d44082be478bd6c086daa447c4651605818287b9532d3d0bd435?s=96&d=mm&r=g","contentUrl":"https:\/\/secure.gravatar.com\/avatar\/3a8de04a2656d44082be478bd6c086daa447c4651605818287b9532d3d0bd435?s=96&d=mm&r=g","caption":"Lo viste en Los Pol\u00edticos"},"url":"https:\/\/lospoliticosveracruz.com\/?author=2"}]}},"_links":{"self":[{"href":"https:\/\/lospoliticosveracruz.com\/index.php?rest_route=\/wp\/v2\/posts\/124123","targetHints":{"allow":["GET"]}}],"collection":[{"href":"https:\/\/lospoliticosveracruz.com\/index.php?rest_route=\/wp\/v2\/posts"}],"about":[{"href":"https:\/\/lospoliticosveracruz.com\/index.php?rest_route=\/wp\/v2\/types\/post"}],"author":[{"embeddable":true,"href":"https:\/\/lospoliticosveracruz.com\/index.php?rest_route=\/wp\/v2\/users\/2"}],"replies":[{"embeddable":true,"href":"https:\/\/lospoliticosveracruz.com\/index.php?rest_route=%2Fwp%2Fv2%2Fcomments&post=124123"}],"version-history":[{"count":1,"href":"https:\/\/lospoliticosveracruz.com\/index.php?rest_route=\/wp\/v2\/posts\/124123\/revisions"}],"predecessor-version":[{"id":124124,"href":"https:\/\/lospoliticosveracruz.com\/index.php?rest_route=\/wp\/v2\/posts\/124123\/revisions\/124124"}],"wp:featuredmedia":[{"embeddable":true,"href":"https:\/\/lospoliticosveracruz.com\/index.php?rest_route=\/wp\/v2\/media\/123050"}],"wp:attachment":[{"href":"https:\/\/lospoliticosveracruz.com\/index.php?rest_route=%2Fwp%2Fv2%2Fmedia&parent=124123"}],"wp:term":[{"taxonomy":"category","embeddable":true,"href":"https:\/\/lospoliticosveracruz.com\/index.php?rest_route=%2Fwp%2Fv2%2Fcategories&post=124123"},{"taxonomy":"post_tag","embeddable":true,"href":"https:\/\/lospoliticosveracruz.com\/index.php?rest_route=%2Fwp%2Fv2%2Ftags&post=124123"}],"curies":[{"name":"wp","href":"https:\/\/api.w.org\/{rel}","templated":true}]}}