{"id":12413,"date":"2014-10-09T04:43:00","date_gmt":"2014-10-09T04:43:00","guid":{"rendered":"http:\/\/www.lospoliticosveracruz.com.mx\/si-oribe-peralta-fuera-politico\/"},"modified":"2014-10-10T02:59:44","modified_gmt":"2014-10-10T02:59:44","slug":"si-oribe-peralta-fuera-politico","status":"publish","type":"post","link":"https:\/\/lospoliticosveracruz.com\/?p=12413","title":{"rendered":"Si Oribe Peralta fuera pol\u00edtico"},"content":{"rendered":"<div style=\"clear: both; text-align: center;\"><a style=\"margin-left: 1em; margin-right: 1em;\" href=\"http:\/\/www.lospoliticosveracruz.com.mx\/wp-content\/uploads\/2014\/10\/Oribe1.jpg\"><img loading=\"lazy\" decoding=\"async\" src=\"http:\/\/www.lospoliticosveracruz.com.mx\/wp-content\/uploads\/2014\/10\/Oribe1.jpg\" alt=\"\" width=\"320\" height=\"171\" border=\"0\" \/><\/a><\/div>\n<div><b>\u00a0<\/b><\/div>\n<p><b>Salvador Mu\u00f1oz<\/b><br \/>\n<i>Los Pol\u00edticos<\/i><\/p>\n<p>La situaci\u00f3n para Oribe Peralta est\u00e1 m\u00e1s complicada que para un Miguel \u00c1ngel Yunes M\u00e1rquez, alcalde de Boca del R\u00edo, a quien se le fue encima el nuevo ariete del PRI, Peperra Guti\u00e9rrez de Velasco \u00a1y con los tacos por delante!<br \/>\nY no es para menos, m\u00e1s all\u00e1 del conflicto que se trae con dos hermanas que asegura intentaron extorsionarlo con la exposici\u00f3n de fotos en fuera de lugar, el asunto es m\u00e1s oscuro que la posici\u00f3n en la tabla general de las Chivas del Guadalajara, a\u00fan m\u00e1s cuando se le agrega que de v\u00edctima puede pasar a presunto culpable, y para rematar de cabeza, su rendimiento en las \u00c1guilas del Am\u00e9rica no es el esperado&#8230; \u00a1Y se le tiene contrato por tres a\u00f1os!<a name=\"more\"><\/a><br \/>\nOjal\u00e1 que la pol\u00edtica fuera un poquito parecida al futbol y sabr\u00eda Dios cu\u00e1ntos problemas no nos ahorrar\u00edamos con nuestros funcionarios.<br \/>\n\u00bfO acaso usted imagina a la directiva de Coapa aguantando por tres a\u00f1os a Oribe Peralta sin que tenga productividad? \u00a1No, verdad! Entonces, \u00bfpor qu\u00e9 los ciudadanos tenemos que aguantar la nulidad de muchos de nuestros representantes populares como pueden ser alcaldes (que esta vez echar\u00e1n el gato a retozar durante cuatro a\u00f1os) y diputados&#8230; Ah! \u00bfY de paso cargar con los plurinominales?<br \/>\n\u00bfNo s\u00e9 si haya notado ese enorme abismo entre la iniciativa privada (l\u00e9ase: los due\u00f1os de los equipos) con la pol\u00edtica? No se tientan el coraz\u00f3n para cortar cabezas cuando no hay un buen desempe\u00f1o&#8230; O aunque lo haya&#8230; \u00bfRecuerdan el caso del Chel\u00eds con los Tiburones Rojos? Fidel Kuri opt\u00f3 por correrlo y jalar de nuevo a viejos conocidos de cuando era \u00absarapero\u00bb.<br \/>\nPero a como van las cosas, es m\u00e1s f\u00e1cil que caiga Peralta del nido de Coapa, a que caiga un funcionario del que se tenga la percepci\u00f3n que es nulo su trabajo o est\u00e9 involucrado por corrupci\u00f3n.<br \/>\nPor eso, es m\u00e1s f\u00e1cil que caiga Oribe Peralta, a que destituyan a Manuel Emilio Mart\u00ednez de Leo&#8230;<\/p>\n<div>Por eso, es m\u00e1s f\u00e1cil que Edgar Spinoso Carrera sea candidato a diputado federal a que vuelva a su racha goleadora Oribe Peralta&#8230;<\/div>\n<div>\n<p>Por eso, es m\u00e1s f\u00e1cil que pruebe la banca el delantero de las \u00e1guilas a que se quede en la banca Nemi Dib&#8230;<\/p>\n<p>Por eso, es m\u00e1s f\u00e1cil que El Hermoso Peralta anote gol, antes de que se le finque alguna responsabilidad a Gabriel Deantes Ramos&#8230;<\/p>\n<p>Por eso, es m\u00e1s f\u00e1cil que se vayan a tiempos extra las campa\u00f1as de H\u00e9ctor y Pepe Yunes, a que le aguanten tanto tiempo a Oribe sin marcar gol&#8230;<\/p>\n<p>Por eso, es m\u00e1s f\u00e1cil que le marquen mano a Peralta, antes que metan a un penal a cualquier funcionario que meta mano&#8230;<\/p>\n<p>Ojal\u00e1 nuestra pol\u00edtica fuera as\u00ed&#8230; Si creemos que no funcionan nuestro Gobernador, nuestro Presidente, nuestro alcalde o nuestros diputados, qu\u00e9 padre ser\u00eda voltear a la banca y decir: \u00ab\u00a1entra t\u00fa! \u00a1Y cuidadito y me falla, se le va un jugador, lo provocan, mete mano y le marcan penal, porque lo saco de inmediato!\u00bb<\/p>\n<p><a href=\"mailto:smcainito@gmail.com\">smcainito@gmail.com<\/a><\/p>\n<\/div>\n","protected":false},"excerpt":{"rendered":"<p>\u00a0 Salvador Mu\u00f1oz Los Pol\u00edticos La situaci\u00f3n para Oribe Peralta est\u00e1 m\u00e1s complicada que para un Miguel \u00c1ngel Yunes M\u00e1rquez, alcalde de Boca del R\u00edo, a quien se le fue encima el nuevo ariete del PRI, Peperra Guti\u00e9rrez de Velasco \u00a1y con los tacos por delante! Y no es para menos, m\u00e1s all\u00e1 del conflicto [&hellip;]<\/p>\n","protected":false},"author":2,"featured_media":0,"comment_status":"open","ping_status":"open","sticky":false,"template":"","format":"standard","meta":{"tdm_status":"","tdm_grid_status":"","footnotes":""},"categories":[70],"tags":[114,113,87],"class_list":{"0":"post-12413","1":"post","2":"type-post","3":"status-publish","4":"format-standard","6":"category-de-opinion","7":"tag-nemi-dib","8":"tag-oribe-peralta","9":"tag-spinoso"},"yoast_head":"<!-- This site is optimized with the Yoast SEO plugin v27.4 - https:\/\/yoast.com\/product\/yoast-seo-wordpress\/ -->\n<title>Si Oribe Peralta fuera pol\u00edtico - Los pol\u00edticos Veracruz<\/title>\n<meta name=\"robots\" content=\"index, follow, max-snippet:-1, max-image-preview:large, max-video-preview:-1\" \/>\n<link rel=\"canonical\" href=\"https:\/\/lospoliticosveracruz.com\/?p=12413\" \/>\n<meta property=\"og:locale\" content=\"es_ES\" \/>\n<meta property=\"og:type\" content=\"article\" \/>\n<meta property=\"og:title\" content=\"Si Oribe Peralta fuera pol\u00edtico - Los pol\u00edticos Veracruz\" \/>\n<meta property=\"og:description\" content=\"\u00a0 Salvador Mu\u00f1oz Los Pol\u00edticos La situaci\u00f3n para Oribe Peralta est\u00e1 m\u00e1s complicada que para un Miguel \u00c1ngel Yunes M\u00e1rquez, alcalde de Boca del R\u00edo, a quien se le fue encima el nuevo ariete del PRI, Peperra Guti\u00e9rrez de Velasco \u00a1y con los tacos por delante! Y no es para menos, m\u00e1s all\u00e1 del conflicto [&hellip;]\" \/>\n<meta property=\"og:url\" content=\"https:\/\/lospoliticosveracruz.com\/?p=12413\" \/>\n<meta property=\"og:site_name\" content=\"Los pol\u00edticos Veracruz\" \/>\n<meta property=\"article:publisher\" content=\"https:\/\/www.facebook.com\/people\/Notimemes-de-los-Polticos\/61565672886568\/\" \/>\n<meta property=\"article:published_time\" content=\"2014-10-09T04:43:00+00:00\" \/>\n<meta property=\"article:modified_time\" content=\"2014-10-10T02:59:44+00:00\" \/>\n<meta property=\"og:image\" content=\"http:\/\/www.lospoliticosveracruz.com.mx\/wp-content\/uploads\/2014\/10\/Oribe1.jpg\" \/>\n<meta name=\"author\" content=\"Lo viste en Los Pol\u00edticos\" \/>\n<meta name=\"twitter:card\" content=\"summary_large_image\" \/>\n<meta name=\"twitter:creator\" content=\"@LosPoliticosVer\" \/>\n<meta name=\"twitter:site\" content=\"@LosPoliticosVer\" \/>\n<meta name=\"twitter:label1\" content=\"Escrito por\" \/>\n\t<meta name=\"twitter:data1\" content=\"Lo viste en Los Pol\u00edticos\" \/>\n\t<meta name=\"twitter:label2\" content=\"Tiempo de lectura\" \/>\n\t<meta name=\"twitter:data2\" content=\"3 minutos\" \/>\n<script type=\"application\/ld+json\" class=\"yoast-schema-graph\">{\"@context\":\"https:\\\/\\\/schema.org\",\"@graph\":[{\"@type\":\"Article\",\"@id\":\"https:\\\/\\\/lospoliticosveracruz.com\\\/?p=12413#article\",\"isPartOf\":{\"@id\":\"https:\\\/\\\/lospoliticosveracruz.com\\\/?p=12413\"},\"author\":{\"name\":\"Lo viste en Los Pol\u00edticos\",\"@id\":\"https:\\\/\\\/lospoliticosveracruz.com\\\/#\\\/schema\\\/person\\\/b8702bb0e538456e6efd07080bf2a4a2\"},\"headline\":\"Si Oribe Peralta fuera pol\u00edtico\",\"datePublished\":\"2014-10-09T04:43:00+00:00\",\"dateModified\":\"2014-10-10T02:59:44+00:00\",\"mainEntityOfPage\":{\"@id\":\"https:\\\/\\\/lospoliticosveracruz.com\\\/?p=12413\"},\"wordCount\":564,\"commentCount\":0,\"publisher\":{\"@id\":\"https:\\\/\\\/lospoliticosveracruz.com\\\/#organization\"},\"image\":{\"@id\":\"https:\\\/\\\/lospoliticosveracruz.com\\\/?p=12413#primaryimage\"},\"thumbnailUrl\":\"http:\\\/\\\/www.lospoliticosveracruz.com.mx\\\/wp-content\\\/uploads\\\/2014\\\/10\\\/Oribe1.jpg\",\"keywords\":[\"Nemi Dib\",\"Oribe Peralta\",\"Spinoso\"],\"articleSection\":[\"De Opini\u00f3n\"],\"inLanguage\":\"es\",\"potentialAction\":[{\"@type\":\"CommentAction\",\"name\":\"Comment\",\"target\":[\"https:\\\/\\\/lospoliticosveracruz.com\\\/?p=12413#respond\"]}]},{\"@type\":\"WebPage\",\"@id\":\"https:\\\/\\\/lospoliticosveracruz.com\\\/?p=12413\",\"url\":\"https:\\\/\\\/lospoliticosveracruz.com\\\/?p=12413\",\"name\":\"Si Oribe Peralta fuera pol\u00edtico - Los pol\u00edticos Veracruz\",\"isPartOf\":{\"@id\":\"https:\\\/\\\/lospoliticosveracruz.com\\\/#website\"},\"primaryImageOfPage\":{\"@id\":\"https:\\\/\\\/lospoliticosveracruz.com\\\/?p=12413#primaryimage\"},\"image\":{\"@id\":\"https:\\\/\\\/lospoliticosveracruz.com\\\/?p=12413#primaryimage\"},\"thumbnailUrl\":\"http:\\\/\\\/www.lospoliticosveracruz.com.mx\\\/wp-content\\\/uploads\\\/2014\\\/10\\\/Oribe1.jpg\",\"datePublished\":\"2014-10-09T04:43:00+00:00\",\"dateModified\":\"2014-10-10T02:59:44+00:00\",\"breadcrumb\":{\"@id\":\"https:\\\/\\\/lospoliticosveracruz.com\\\/?p=12413#breadcrumb\"},\"inLanguage\":\"es\",\"potentialAction\":[{\"@type\":\"ReadAction\",\"target\":[\"https:\\\/\\\/lospoliticosveracruz.com\\\/?p=12413\"]}]},{\"@type\":\"ImageObject\",\"inLanguage\":\"es\",\"@id\":\"https:\\\/\\\/lospoliticosveracruz.com\\\/?p=12413#primaryimage\",\"url\":\"http:\\\/\\\/www.lospoliticosveracruz.com.mx\\\/wp-content\\\/uploads\\\/2014\\\/10\\\/Oribe1.jpg\",\"contentUrl\":\"http:\\\/\\\/www.lospoliticosveracruz.com.mx\\\/wp-content\\\/uploads\\\/2014\\\/10\\\/Oribe1.jpg\"},{\"@type\":\"BreadcrumbList\",\"@id\":\"https:\\\/\\\/lospoliticosveracruz.com\\\/?p=12413#breadcrumb\",\"itemListElement\":[{\"@type\":\"ListItem\",\"position\":1,\"name\":\"Portada\",\"item\":\"https:\\\/\\\/lospoliticosveracruz.com\\\/\"},{\"@type\":\"ListItem\",\"position\":2,\"name\":\"Si Oribe Peralta fuera pol\u00edtico\"}]},{\"@type\":\"WebSite\",\"@id\":\"https:\\\/\\\/lospoliticosveracruz.com\\\/#website\",\"url\":\"https:\\\/\\\/lospoliticosveracruz.com\\\/\",\"name\":\"Los pol\u00edticos Veracruz\",\"description\":\"\",\"publisher\":{\"@id\":\"https:\\\/\\\/lospoliticosveracruz.com\\\/#organization\"},\"potentialAction\":[{\"@type\":\"SearchAction\",\"target\":{\"@type\":\"EntryPoint\",\"urlTemplate\":\"https:\\\/\\\/lospoliticosveracruz.com\\\/?s={search_term_string}\"},\"query-input\":{\"@type\":\"PropertyValueSpecification\",\"valueRequired\":true,\"valueName\":\"search_term_string\"}}],\"inLanguage\":\"es\"},{\"@type\":\"Organization\",\"@id\":\"https:\\\/\\\/lospoliticosveracruz.com\\\/#organization\",\"name\":\"Los pol\u00edticos Veracruz\",\"url\":\"https:\\\/\\\/lospoliticosveracruz.com\\\/\",\"logo\":{\"@type\":\"ImageObject\",\"inLanguage\":\"es\",\"@id\":\"https:\\\/\\\/lospoliticosveracruz.com\\\/#\\\/schema\\\/logo\\\/image\\\/\",\"url\":\"https:\\\/\\\/lospoliticosveracruz.com\\\/wp-content\\\/uploads\\\/2025\\\/12\\\/Logo-Nuevo-LOS-POLITICOS-1.jpg\",\"contentUrl\":\"https:\\\/\\\/lospoliticosveracruz.com\\\/wp-content\\\/uploads\\\/2025\\\/12\\\/Logo-Nuevo-LOS-POLITICOS-1.jpg\",\"width\":260,\"height\":70,\"caption\":\"Los pol\u00edticos Veracruz\"},\"image\":{\"@id\":\"https:\\\/\\\/lospoliticosveracruz.com\\\/#\\\/schema\\\/logo\\\/image\\\/\"},\"sameAs\":[\"https:\\\/\\\/www.facebook.com\\\/people\\\/Notimemes-de-los-Polticos\\\/61565672886568\\\/\",\"https:\\\/\\\/x.com\\\/LosPoliticosVer\"]},{\"@type\":\"Person\",\"@id\":\"https:\\\/\\\/lospoliticosveracruz.com\\\/#\\\/schema\\\/person\\\/b8702bb0e538456e6efd07080bf2a4a2\",\"name\":\"Lo viste en Los Pol\u00edticos\",\"image\":{\"@type\":\"ImageObject\",\"inLanguage\":\"es\",\"@id\":\"https:\\\/\\\/secure.gravatar.com\\\/avatar\\\/3a8de04a2656d44082be478bd6c086daa447c4651605818287b9532d3d0bd435?s=96&d=mm&r=g\",\"url\":\"https:\\\/\\\/secure.gravatar.com\\\/avatar\\\/3a8de04a2656d44082be478bd6c086daa447c4651605818287b9532d3d0bd435?s=96&d=mm&r=g\",\"contentUrl\":\"https:\\\/\\\/secure.gravatar.com\\\/avatar\\\/3a8de04a2656d44082be478bd6c086daa447c4651605818287b9532d3d0bd435?s=96&d=mm&r=g\",\"caption\":\"Lo viste en Los Pol\u00edticos\"},\"url\":\"https:\\\/\\\/lospoliticosveracruz.com\\\/?author=2\"}]}<\/script>\n<!-- \/ Yoast SEO plugin. -->","yoast_head_json":{"title":"Si Oribe Peralta fuera pol\u00edtico - Los pol\u00edticos Veracruz","robots":{"index":"index","follow":"follow","max-snippet":"max-snippet:-1","max-image-preview":"max-image-preview:large","max-video-preview":"max-video-preview:-1"},"canonical":"https:\/\/lospoliticosveracruz.com\/?p=12413","og_locale":"es_ES","og_type":"article","og_title":"Si Oribe Peralta fuera pol\u00edtico - Los pol\u00edticos Veracruz","og_description":"\u00a0 Salvador Mu\u00f1oz Los Pol\u00edticos La situaci\u00f3n para Oribe Peralta est\u00e1 m\u00e1s complicada que para un Miguel \u00c1ngel Yunes M\u00e1rquez, alcalde de Boca del R\u00edo, a quien se le fue encima el nuevo ariete del PRI, Peperra Guti\u00e9rrez de Velasco \u00a1y con los tacos por delante! Y no es para menos, m\u00e1s all\u00e1 del conflicto [&hellip;]","og_url":"https:\/\/lospoliticosveracruz.com\/?p=12413","og_site_name":"Los pol\u00edticos Veracruz","article_publisher":"https:\/\/www.facebook.com\/people\/Notimemes-de-los-Polticos\/61565672886568\/","article_published_time":"2014-10-09T04:43:00+00:00","article_modified_time":"2014-10-10T02:59:44+00:00","og_image":[{"url":"http:\/\/www.lospoliticosveracruz.com.mx\/wp-content\/uploads\/2014\/10\/Oribe1.jpg","type":"","width":"","height":""}],"author":"Lo viste en Los Pol\u00edticos","twitter_card":"summary_large_image","twitter_creator":"@LosPoliticosVer","twitter_site":"@LosPoliticosVer","twitter_misc":{"Escrito por":"Lo viste en Los Pol\u00edticos","Tiempo de lectura":"3 minutos"},"schema":{"@context":"https:\/\/schema.org","@graph":[{"@type":"Article","@id":"https:\/\/lospoliticosveracruz.com\/?p=12413#article","isPartOf":{"@id":"https:\/\/lospoliticosveracruz.com\/?p=12413"},"author":{"name":"Lo viste en Los Pol\u00edticos","@id":"https:\/\/lospoliticosveracruz.com\/#\/schema\/person\/b8702bb0e538456e6efd07080bf2a4a2"},"headline":"Si Oribe Peralta fuera pol\u00edtico","datePublished":"2014-10-09T04:43:00+00:00","dateModified":"2014-10-10T02:59:44+00:00","mainEntityOfPage":{"@id":"https:\/\/lospoliticosveracruz.com\/?p=12413"},"wordCount":564,"commentCount":0,"publisher":{"@id":"https:\/\/lospoliticosveracruz.com\/#organization"},"image":{"@id":"https:\/\/lospoliticosveracruz.com\/?p=12413#primaryimage"},"thumbnailUrl":"http:\/\/www.lospoliticosveracruz.com.mx\/wp-content\/uploads\/2014\/10\/Oribe1.jpg","keywords":["Nemi Dib","Oribe Peralta","Spinoso"],"articleSection":["De Opini\u00f3n"],"inLanguage":"es","potentialAction":[{"@type":"CommentAction","name":"Comment","target":["https:\/\/lospoliticosveracruz.com\/?p=12413#respond"]}]},{"@type":"WebPage","@id":"https:\/\/lospoliticosveracruz.com\/?p=12413","url":"https:\/\/lospoliticosveracruz.com\/?p=12413","name":"Si Oribe Peralta fuera pol\u00edtico - Los pol\u00edticos Veracruz","isPartOf":{"@id":"https:\/\/lospoliticosveracruz.com\/#website"},"primaryImageOfPage":{"@id":"https:\/\/lospoliticosveracruz.com\/?p=12413#primaryimage"},"image":{"@id":"https:\/\/lospoliticosveracruz.com\/?p=12413#primaryimage"},"thumbnailUrl":"http:\/\/www.lospoliticosveracruz.com.mx\/wp-content\/uploads\/2014\/10\/Oribe1.jpg","datePublished":"2014-10-09T04:43:00+00:00","dateModified":"2014-10-10T02:59:44+00:00","breadcrumb":{"@id":"https:\/\/lospoliticosveracruz.com\/?p=12413#breadcrumb"},"inLanguage":"es","potentialAction":[{"@type":"ReadAction","target":["https:\/\/lospoliticosveracruz.com\/?p=12413"]}]},{"@type":"ImageObject","inLanguage":"es","@id":"https:\/\/lospoliticosveracruz.com\/?p=12413#primaryimage","url":"http:\/\/www.lospoliticosveracruz.com.mx\/wp-content\/uploads\/2014\/10\/Oribe1.jpg","contentUrl":"http:\/\/www.lospoliticosveracruz.com.mx\/wp-content\/uploads\/2014\/10\/Oribe1.jpg"},{"@type":"BreadcrumbList","@id":"https:\/\/lospoliticosveracruz.com\/?p=12413#breadcrumb","itemListElement":[{"@type":"ListItem","position":1,"name":"Portada","item":"https:\/\/lospoliticosveracruz.com\/"},{"@type":"ListItem","position":2,"name":"Si Oribe Peralta fuera pol\u00edtico"}]},{"@type":"WebSite","@id":"https:\/\/lospoliticosveracruz.com\/#website","url":"https:\/\/lospoliticosveracruz.com\/","name":"Los pol\u00edticos Veracruz","description":"","publisher":{"@id":"https:\/\/lospoliticosveracruz.com\/#organization"},"potentialAction":[{"@type":"SearchAction","target":{"@type":"EntryPoint","urlTemplate":"https:\/\/lospoliticosveracruz.com\/?s={search_term_string}"},"query-input":{"@type":"PropertyValueSpecification","valueRequired":true,"valueName":"search_term_string"}}],"inLanguage":"es"},{"@type":"Organization","@id":"https:\/\/lospoliticosveracruz.com\/#organization","name":"Los pol\u00edticos Veracruz","url":"https:\/\/lospoliticosveracruz.com\/","logo":{"@type":"ImageObject","inLanguage":"es","@id":"https:\/\/lospoliticosveracruz.com\/#\/schema\/logo\/image\/","url":"https:\/\/lospoliticosveracruz.com\/wp-content\/uploads\/2025\/12\/Logo-Nuevo-LOS-POLITICOS-1.jpg","contentUrl":"https:\/\/lospoliticosveracruz.com\/wp-content\/uploads\/2025\/12\/Logo-Nuevo-LOS-POLITICOS-1.jpg","width":260,"height":70,"caption":"Los pol\u00edticos Veracruz"},"image":{"@id":"https:\/\/lospoliticosveracruz.com\/#\/schema\/logo\/image\/"},"sameAs":["https:\/\/www.facebook.com\/people\/Notimemes-de-los-Polticos\/61565672886568\/","https:\/\/x.com\/LosPoliticosVer"]},{"@type":"Person","@id":"https:\/\/lospoliticosveracruz.com\/#\/schema\/person\/b8702bb0e538456e6efd07080bf2a4a2","name":"Lo viste en Los Pol\u00edticos","image":{"@type":"ImageObject","inLanguage":"es","@id":"https:\/\/secure.gravatar.com\/avatar\/3a8de04a2656d44082be478bd6c086daa447c4651605818287b9532d3d0bd435?s=96&d=mm&r=g","url":"https:\/\/secure.gravatar.com\/avatar\/3a8de04a2656d44082be478bd6c086daa447c4651605818287b9532d3d0bd435?s=96&d=mm&r=g","contentUrl":"https:\/\/secure.gravatar.com\/avatar\/3a8de04a2656d44082be478bd6c086daa447c4651605818287b9532d3d0bd435?s=96&d=mm&r=g","caption":"Lo viste en Los Pol\u00edticos"},"url":"https:\/\/lospoliticosveracruz.com\/?author=2"}]}},"_links":{"self":[{"href":"https:\/\/lospoliticosveracruz.com\/index.php?rest_route=\/wp\/v2\/posts\/12413","targetHints":{"allow":["GET"]}}],"collection":[{"href":"https:\/\/lospoliticosveracruz.com\/index.php?rest_route=\/wp\/v2\/posts"}],"about":[{"href":"https:\/\/lospoliticosveracruz.com\/index.php?rest_route=\/wp\/v2\/types\/post"}],"author":[{"embeddable":true,"href":"https:\/\/lospoliticosveracruz.com\/index.php?rest_route=\/wp\/v2\/users\/2"}],"replies":[{"embeddable":true,"href":"https:\/\/lospoliticosveracruz.com\/index.php?rest_route=%2Fwp%2Fv2%2Fcomments&post=12413"}],"version-history":[{"count":1,"href":"https:\/\/lospoliticosveracruz.com\/index.php?rest_route=\/wp\/v2\/posts\/12413\/revisions"}],"predecessor-version":[{"id":12415,"href":"https:\/\/lospoliticosveracruz.com\/index.php?rest_route=\/wp\/v2\/posts\/12413\/revisions\/12415"}],"wp:attachment":[{"href":"https:\/\/lospoliticosveracruz.com\/index.php?rest_route=%2Fwp%2Fv2%2Fmedia&parent=12413"}],"wp:term":[{"taxonomy":"category","embeddable":true,"href":"https:\/\/lospoliticosveracruz.com\/index.php?rest_route=%2Fwp%2Fv2%2Fcategories&post=12413"},{"taxonomy":"post_tag","embeddable":true,"href":"https:\/\/lospoliticosveracruz.com\/index.php?rest_route=%2Fwp%2Fv2%2Ftags&post=12413"}],"curies":[{"name":"wp","href":"https:\/\/api.w.org\/{rel}","templated":true}]}}