{"id":12420,"date":"2014-10-09T05:56:00","date_gmt":"2014-10-09T05:56:00","guid":{"rendered":"http:\/\/www.lospoliticosveracruz.com.mx\/beneficio-para-las-tienditas\/"},"modified":"2014-10-10T02:59:44","modified_gmt":"2014-10-10T02:59:44","slug":"beneficio-para-las-tienditas","status":"publish","type":"post","link":"https:\/\/lospoliticosveracruz.com\/?p=12420","title":{"rendered":"Beneficio para las tienditas"},"content":{"rendered":"<div style=\"clear: both; text-align: center;\"><a href=\"http:\/\/www.lospoliticosveracruz.com.mx\/wp-content\/uploads\/2014\/10\/factura-electronica.jpg\" style=\"margin-left: 1em; margin-right: 1em;\"><img loading=\"lazy\" decoding=\"async\" border=\"0\" src=\"http:\/\/www.lospoliticosveracruz.com.mx\/wp-content\/uploads\/2014\/10\/factura-electronica.jpg\" height=\"215\" width=\"320\" \/><\/a><\/div>\n<div><b><br \/><\/b><\/div>\n<div><b><br \/><\/b><\/div>\n<p><b>Brenda Caballero<\/b><br \/><i>N\u00fameros Rojos<\/i><\/p>\n<p>Aunque era muy peque\u00f1a, recuerdo cuando un t\u00edo puso su tiendita. Empez\u00f3 comprando algunos dulces, refrescos, art\u00edculos de limpieza y los coloc\u00f3 en estantes que mont\u00f3 en un cuarto al frente de su casa. Poco a poco empez\u00f3 a comprar jitomate, chiles y cebollas y los fue integrando a su mercanc\u00eda. Con el correr del tiempo se incorporaron productos como el pan, los l\u00e1cteos, las frituras y papas fritas.<br \/>Incluso, antes de que hubiese celulares, se acostumbraba rentar el tel\u00e9fono para alguna llamada telef\u00f3nica.<a name='more'><\/a><br \/>Ahora, la situaci\u00f3n ha cambiado y no me refiero al servicio telef\u00f3nico, que ya comercializa las recargas pues se han dejado de usar hasta las tarjetas (\u00e9sas que se les rascaba para sacar el c\u00f3digo y cargarlo al celular), sino porque ahora para poner una tiendita se necesita m\u00e1s que la intenci\u00f3n de hacerlo.<br \/>Es decir, primero que nada tiene que darse de alta ante el Servicio de Administraci\u00f3n Tributaria (SAT) y obtener su Registro Federal de Contribuyentes (RFC); para ello, debe contar con credencial de elector, Acta de Nacimiento, Curp y comprobante de domicilio.<br \/>Aunque con la tecnolog\u00eda actual, el ciudadano ya puede hacerlo mediante la p\u00e1gina del SAT solamente con su Curp, previo llenado de formulario de datos y cuestionario de la actividad que va a realizar.<br \/>Ciertamente, con la nueva Reforma Fiscal que entr\u00f3 en vigor el primer d\u00eda de este a\u00f1o, hubo una gran preocupaci\u00f3n, un gran descontento y una gran desinformaci\u00f3n que a la fecha a\u00fan persiste.<br \/>Incluso, contar\u00e9 la historia de do\u00f1a Mari, una sexagenaria que tiene su tiendita desde hace m\u00e1s de diez a\u00f1os.<br \/>Do\u00f1a Mari, al quedar viuda hace una d\u00e9cada y al encontrarse solamente con la pensi\u00f3n de su esposo, opt\u00f3 por abrir una tiendita. La se\u00f1ora tiene un hijo, quien se cas\u00f3 hace algunos a\u00f1os y por su trabajo vive fuera de la ciudad.<br \/>Realmente do\u00f1a Mari no sabe nada de impuestos y s\u00f3lo se apoya en un vecino que es contador y que le apoyaba a pagar sus cuotas bimestrales cuando era R\u00e9gimen de Peque\u00f1o Contribuyente (Repeco).<br \/>Hoy, do\u00f1a Mari, ante tanto cambio fiscal que no entiende, quiere cerrar su tiendita. Algunos vecinos que le compramos, entre ellos su servidora, le alentamos para que no lo haga. Incluso, el contador que le auxiliaba, se ha ofrecido a seguir cobr\u00e1ndole lo mismo al presentarle sus declaraciones.<br \/>Sin embargo, do\u00f1a Mari est\u00e1 renuente, pues no s\u00f3lo le preocupa pagar su impuesto \u201ca trav\u00e9s de esas m\u00e1quinas\u201d, nombre con el cual se refiere a las computadoras, sino que le preocupa \u201ceso de las facturas\u201d y no porque le hayan pedido alguna a\u00fan, sino porque el contador le ha dicho que tiene que pedir factura por todo lo que compra.<br \/>\u00c9se si es un dolor de cabeza para mi tendera, que ante la solicitud de las facturas de compra, empresas como Bimbo y Coca Cola entre otras, le indican que tiene que meterse al portal de internet para generar su factura electr\u00f3nica.<br \/>\u201c\u00a1Chingaos!\u201d, dijera do\u00f1a Mari, \u201c\u00bfC\u00f3mo diablos hago eso?\u201d, y no porque do\u00f1a Mari sea mal hablada, sino porque no es tan f\u00e1cil que una persona de la tercera edad realice esas cosas.<br \/>\u00a1Vaya! hasta para uno que tiene unas d\u00e9cadas menos se le complica el asunto.<br \/>Por eso, ahora s\u00ed me atrevo a reconocerle al SAT y hasta aplaudirle por la modificaci\u00f3n que hizo el pasado 4 de octubre, con relaci\u00f3n a que est\u00e1 incorrecto obligar a los contribuyentes a procesar sus facturas en la red como \u00fanico medio para obtenerlas, por lo que a partir de este mi\u00e9rcoles pasado, todos los establecimientos tienen que expedir el comprobante fiscal digital f\u00edsico a sus clientes y no mandarlos a alg\u00fan portal de internet a obtenerlo, pues de lo contrario ser\u00e1n sancionados con multas que van desde 12 mil a 69 mil pesos, incluso hasta la clausura del establecimiento de 3 a 15 d\u00edas si existe reincidencia.<br \/>Claro que no todos est\u00e1n de acuerdo en ello, pues muchos prefieren sacar sus facturas de manera inmediata y no estar esperando a que su proveedor les mande sus facturas cuando quiera.<br \/>Aunque siendo realistas, esta pr\u00e1ctica ten\u00eda muchos problemas, pues a veces el portal de facturaci\u00f3n no estaba disponible o en otras ocasiones pon\u00edan plazo de unos d\u00edas para facturar.<br \/>Otros m\u00e1s se preguntan c\u00f3mo obtendr\u00e1n el archivo xml, el que viene anexo al archivo de la factura y que parece archivo con virus, aunque en realidad es en lenguaje-m\u00e1quina.<br \/>Realmente el contribuyente que factura debe mandarlo al correo del cliente para que lo conserve, por si se lo llegara a requerir posteriormente el SAT.<br \/>Para do\u00f1a Mari \u00e9sta es una buena noticia, pues aunque existe un gran avance en la tecnolog\u00eda, a ella a\u00fan le cuesta la nueva Reforma Fiscal, como a millones de mexicanos.<\/p>\n<div>Email: <a href=\"mailto:caballero_brenda@hotmail.com\">caballero_brenda@hotmail.com<\/a><\/div>\n","protected":false},"excerpt":{"rendered":"<p>Brenda CaballeroN\u00fameros Rojos Aunque era muy peque\u00f1a, recuerdo cuando un t\u00edo puso su tiendita. Empez\u00f3 comprando algunos dulces, refrescos, art\u00edculos de limpieza y los coloc\u00f3 en estantes que mont\u00f3 en un cuarto al frente de su casa. Poco a poco empez\u00f3 a comprar jitomate, chiles y cebollas y los fue integrando a su mercanc\u00eda. Con [&hellip;]<\/p>\n","protected":false},"author":2,"featured_media":0,"comment_status":"open","ping_status":"open","sticky":false,"template":"","format":"standard","meta":{"tdm_status":"","tdm_grid_status":"","footnotes":""},"categories":[70],"tags":[118,116,115],"class_list":{"0":"post-12420","1":"post","2":"type-post","3":"status-publish","4":"format-standard","6":"category-de-opinion","7":"tag-cocacola","8":"tag-factura","9":"tag-sat"},"yoast_head":"<!-- This site is optimized with the Yoast SEO plugin v27.4 - https:\/\/yoast.com\/product\/yoast-seo-wordpress\/ -->\n<title>Beneficio para las tienditas - Los pol\u00edticos Veracruz<\/title>\n<meta name=\"robots\" content=\"index, follow, max-snippet:-1, max-image-preview:large, max-video-preview:-1\" \/>\n<link rel=\"canonical\" href=\"https:\/\/lospoliticosveracruz.com\/?p=12420\" \/>\n<meta property=\"og:locale\" content=\"es_ES\" \/>\n<meta property=\"og:type\" content=\"article\" \/>\n<meta property=\"og:title\" content=\"Beneficio para las tienditas - Los pol\u00edticos Veracruz\" \/>\n<meta property=\"og:description\" content=\"Brenda CaballeroN\u00fameros Rojos Aunque era muy peque\u00f1a, recuerdo cuando un t\u00edo puso su tiendita. Empez\u00f3 comprando algunos dulces, refrescos, art\u00edculos de limpieza y los coloc\u00f3 en estantes que mont\u00f3 en un cuarto al frente de su casa. Poco a poco empez\u00f3 a comprar jitomate, chiles y cebollas y los fue integrando a su mercanc\u00eda. Con [&hellip;]\" \/>\n<meta property=\"og:url\" content=\"https:\/\/lospoliticosveracruz.com\/?p=12420\" \/>\n<meta property=\"og:site_name\" content=\"Los pol\u00edticos Veracruz\" \/>\n<meta property=\"article:publisher\" content=\"https:\/\/www.facebook.com\/people\/Notimemes-de-los-Polticos\/61565672886568\/\" \/>\n<meta property=\"article:published_time\" content=\"2014-10-09T05:56:00+00:00\" \/>\n<meta property=\"article:modified_time\" content=\"2014-10-10T02:59:44+00:00\" \/>\n<meta property=\"og:image\" content=\"http:\/\/www.lospoliticosveracruz.com.mx\/wp-content\/uploads\/2014\/10\/factura-electronica.jpg\" \/>\n<meta name=\"author\" content=\"Lo viste en Los Pol\u00edticos\" \/>\n<meta name=\"twitter:card\" content=\"summary_large_image\" \/>\n<meta name=\"twitter:creator\" content=\"@LosPoliticosVer\" \/>\n<meta name=\"twitter:site\" content=\"@LosPoliticosVer\" \/>\n<meta name=\"twitter:label1\" content=\"Escrito por\" \/>\n\t<meta name=\"twitter:data1\" content=\"Lo viste en Los Pol\u00edticos\" \/>\n\t<meta name=\"twitter:label2\" content=\"Tiempo de lectura\" \/>\n\t<meta name=\"twitter:data2\" content=\"4 minutos\" \/>\n<script type=\"application\/ld+json\" class=\"yoast-schema-graph\">{\"@context\":\"https:\\\/\\\/schema.org\",\"@graph\":[{\"@type\":\"Article\",\"@id\":\"https:\\\/\\\/lospoliticosveracruz.com\\\/?p=12420#article\",\"isPartOf\":{\"@id\":\"https:\\\/\\\/lospoliticosveracruz.com\\\/?p=12420\"},\"author\":{\"name\":\"Lo viste en Los Pol\u00edticos\",\"@id\":\"https:\\\/\\\/lospoliticosveracruz.com\\\/#\\\/schema\\\/person\\\/b8702bb0e538456e6efd07080bf2a4a2\"},\"headline\":\"Beneficio para las tienditas\",\"datePublished\":\"2014-10-09T05:56:00+00:00\",\"dateModified\":\"2014-10-10T02:59:44+00:00\",\"mainEntityOfPage\":{\"@id\":\"https:\\\/\\\/lospoliticosveracruz.com\\\/?p=12420\"},\"wordCount\":869,\"commentCount\":0,\"publisher\":{\"@id\":\"https:\\\/\\\/lospoliticosveracruz.com\\\/#organization\"},\"image\":{\"@id\":\"https:\\\/\\\/lospoliticosveracruz.com\\\/?p=12420#primaryimage\"},\"thumbnailUrl\":\"http:\\\/\\\/www.lospoliticosveracruz.com.mx\\\/wp-content\\\/uploads\\\/2014\\\/10\\\/factura-electronica.jpg\",\"keywords\":[\"Cocacola\",\"factura\",\"SAT\"],\"articleSection\":[\"De Opini\u00f3n\"],\"inLanguage\":\"es\",\"potentialAction\":[{\"@type\":\"CommentAction\",\"name\":\"Comment\",\"target\":[\"https:\\\/\\\/lospoliticosveracruz.com\\\/?p=12420#respond\"]}]},{\"@type\":\"WebPage\",\"@id\":\"https:\\\/\\\/lospoliticosveracruz.com\\\/?p=12420\",\"url\":\"https:\\\/\\\/lospoliticosveracruz.com\\\/?p=12420\",\"name\":\"Beneficio para las tienditas - Los pol\u00edticos Veracruz\",\"isPartOf\":{\"@id\":\"https:\\\/\\\/lospoliticosveracruz.com\\\/#website\"},\"primaryImageOfPage\":{\"@id\":\"https:\\\/\\\/lospoliticosveracruz.com\\\/?p=12420#primaryimage\"},\"image\":{\"@id\":\"https:\\\/\\\/lospoliticosveracruz.com\\\/?p=12420#primaryimage\"},\"thumbnailUrl\":\"http:\\\/\\\/www.lospoliticosveracruz.com.mx\\\/wp-content\\\/uploads\\\/2014\\\/10\\\/factura-electronica.jpg\",\"datePublished\":\"2014-10-09T05:56:00+00:00\",\"dateModified\":\"2014-10-10T02:59:44+00:00\",\"breadcrumb\":{\"@id\":\"https:\\\/\\\/lospoliticosveracruz.com\\\/?p=12420#breadcrumb\"},\"inLanguage\":\"es\",\"potentialAction\":[{\"@type\":\"ReadAction\",\"target\":[\"https:\\\/\\\/lospoliticosveracruz.com\\\/?p=12420\"]}]},{\"@type\":\"ImageObject\",\"inLanguage\":\"es\",\"@id\":\"https:\\\/\\\/lospoliticosveracruz.com\\\/?p=12420#primaryimage\",\"url\":\"http:\\\/\\\/www.lospoliticosveracruz.com.mx\\\/wp-content\\\/uploads\\\/2014\\\/10\\\/factura-electronica.jpg\",\"contentUrl\":\"http:\\\/\\\/www.lospoliticosveracruz.com.mx\\\/wp-content\\\/uploads\\\/2014\\\/10\\\/factura-electronica.jpg\"},{\"@type\":\"BreadcrumbList\",\"@id\":\"https:\\\/\\\/lospoliticosveracruz.com\\\/?p=12420#breadcrumb\",\"itemListElement\":[{\"@type\":\"ListItem\",\"position\":1,\"name\":\"Portada\",\"item\":\"https:\\\/\\\/lospoliticosveracruz.com\\\/\"},{\"@type\":\"ListItem\",\"position\":2,\"name\":\"Beneficio para las tienditas\"}]},{\"@type\":\"WebSite\",\"@id\":\"https:\\\/\\\/lospoliticosveracruz.com\\\/#website\",\"url\":\"https:\\\/\\\/lospoliticosveracruz.com\\\/\",\"name\":\"Los pol\u00edticos Veracruz\",\"description\":\"\",\"publisher\":{\"@id\":\"https:\\\/\\\/lospoliticosveracruz.com\\\/#organization\"},\"potentialAction\":[{\"@type\":\"SearchAction\",\"target\":{\"@type\":\"EntryPoint\",\"urlTemplate\":\"https:\\\/\\\/lospoliticosveracruz.com\\\/?s={search_term_string}\"},\"query-input\":{\"@type\":\"PropertyValueSpecification\",\"valueRequired\":true,\"valueName\":\"search_term_string\"}}],\"inLanguage\":\"es\"},{\"@type\":\"Organization\",\"@id\":\"https:\\\/\\\/lospoliticosveracruz.com\\\/#organization\",\"name\":\"Los pol\u00edticos Veracruz\",\"url\":\"https:\\\/\\\/lospoliticosveracruz.com\\\/\",\"logo\":{\"@type\":\"ImageObject\",\"inLanguage\":\"es\",\"@id\":\"https:\\\/\\\/lospoliticosveracruz.com\\\/#\\\/schema\\\/logo\\\/image\\\/\",\"url\":\"https:\\\/\\\/lospoliticosveracruz.com\\\/wp-content\\\/uploads\\\/2025\\\/12\\\/Logo-Nuevo-LOS-POLITICOS-1.jpg\",\"contentUrl\":\"https:\\\/\\\/lospoliticosveracruz.com\\\/wp-content\\\/uploads\\\/2025\\\/12\\\/Logo-Nuevo-LOS-POLITICOS-1.jpg\",\"width\":260,\"height\":70,\"caption\":\"Los pol\u00edticos Veracruz\"},\"image\":{\"@id\":\"https:\\\/\\\/lospoliticosveracruz.com\\\/#\\\/schema\\\/logo\\\/image\\\/\"},\"sameAs\":[\"https:\\\/\\\/www.facebook.com\\\/people\\\/Notimemes-de-los-Polticos\\\/61565672886568\\\/\",\"https:\\\/\\\/x.com\\\/LosPoliticosVer\"]},{\"@type\":\"Person\",\"@id\":\"https:\\\/\\\/lospoliticosveracruz.com\\\/#\\\/schema\\\/person\\\/b8702bb0e538456e6efd07080bf2a4a2\",\"name\":\"Lo viste en Los Pol\u00edticos\",\"image\":{\"@type\":\"ImageObject\",\"inLanguage\":\"es\",\"@id\":\"https:\\\/\\\/secure.gravatar.com\\\/avatar\\\/3a8de04a2656d44082be478bd6c086daa447c4651605818287b9532d3d0bd435?s=96&d=mm&r=g\",\"url\":\"https:\\\/\\\/secure.gravatar.com\\\/avatar\\\/3a8de04a2656d44082be478bd6c086daa447c4651605818287b9532d3d0bd435?s=96&d=mm&r=g\",\"contentUrl\":\"https:\\\/\\\/secure.gravatar.com\\\/avatar\\\/3a8de04a2656d44082be478bd6c086daa447c4651605818287b9532d3d0bd435?s=96&d=mm&r=g\",\"caption\":\"Lo viste en Los Pol\u00edticos\"},\"url\":\"https:\\\/\\\/lospoliticosveracruz.com\\\/?author=2\"}]}<\/script>\n<!-- \/ Yoast SEO plugin. -->","yoast_head_json":{"title":"Beneficio para las tienditas - Los pol\u00edticos Veracruz","robots":{"index":"index","follow":"follow","max-snippet":"max-snippet:-1","max-image-preview":"max-image-preview:large","max-video-preview":"max-video-preview:-1"},"canonical":"https:\/\/lospoliticosveracruz.com\/?p=12420","og_locale":"es_ES","og_type":"article","og_title":"Beneficio para las tienditas - Los pol\u00edticos Veracruz","og_description":"Brenda CaballeroN\u00fameros Rojos Aunque era muy peque\u00f1a, recuerdo cuando un t\u00edo puso su tiendita. Empez\u00f3 comprando algunos dulces, refrescos, art\u00edculos de limpieza y los coloc\u00f3 en estantes que mont\u00f3 en un cuarto al frente de su casa. Poco a poco empez\u00f3 a comprar jitomate, chiles y cebollas y los fue integrando a su mercanc\u00eda. Con [&hellip;]","og_url":"https:\/\/lospoliticosveracruz.com\/?p=12420","og_site_name":"Los pol\u00edticos Veracruz","article_publisher":"https:\/\/www.facebook.com\/people\/Notimemes-de-los-Polticos\/61565672886568\/","article_published_time":"2014-10-09T05:56:00+00:00","article_modified_time":"2014-10-10T02:59:44+00:00","og_image":[{"url":"http:\/\/www.lospoliticosveracruz.com.mx\/wp-content\/uploads\/2014\/10\/factura-electronica.jpg","type":"","width":"","height":""}],"author":"Lo viste en Los Pol\u00edticos","twitter_card":"summary_large_image","twitter_creator":"@LosPoliticosVer","twitter_site":"@LosPoliticosVer","twitter_misc":{"Escrito por":"Lo viste en Los Pol\u00edticos","Tiempo de lectura":"4 minutos"},"schema":{"@context":"https:\/\/schema.org","@graph":[{"@type":"Article","@id":"https:\/\/lospoliticosveracruz.com\/?p=12420#article","isPartOf":{"@id":"https:\/\/lospoliticosveracruz.com\/?p=12420"},"author":{"name":"Lo viste en Los Pol\u00edticos","@id":"https:\/\/lospoliticosveracruz.com\/#\/schema\/person\/b8702bb0e538456e6efd07080bf2a4a2"},"headline":"Beneficio para las tienditas","datePublished":"2014-10-09T05:56:00+00:00","dateModified":"2014-10-10T02:59:44+00:00","mainEntityOfPage":{"@id":"https:\/\/lospoliticosveracruz.com\/?p=12420"},"wordCount":869,"commentCount":0,"publisher":{"@id":"https:\/\/lospoliticosveracruz.com\/#organization"},"image":{"@id":"https:\/\/lospoliticosveracruz.com\/?p=12420#primaryimage"},"thumbnailUrl":"http:\/\/www.lospoliticosveracruz.com.mx\/wp-content\/uploads\/2014\/10\/factura-electronica.jpg","keywords":["Cocacola","factura","SAT"],"articleSection":["De Opini\u00f3n"],"inLanguage":"es","potentialAction":[{"@type":"CommentAction","name":"Comment","target":["https:\/\/lospoliticosveracruz.com\/?p=12420#respond"]}]},{"@type":"WebPage","@id":"https:\/\/lospoliticosveracruz.com\/?p=12420","url":"https:\/\/lospoliticosveracruz.com\/?p=12420","name":"Beneficio para las tienditas - Los pol\u00edticos Veracruz","isPartOf":{"@id":"https:\/\/lospoliticosveracruz.com\/#website"},"primaryImageOfPage":{"@id":"https:\/\/lospoliticosveracruz.com\/?p=12420#primaryimage"},"image":{"@id":"https:\/\/lospoliticosveracruz.com\/?p=12420#primaryimage"},"thumbnailUrl":"http:\/\/www.lospoliticosveracruz.com.mx\/wp-content\/uploads\/2014\/10\/factura-electronica.jpg","datePublished":"2014-10-09T05:56:00+00:00","dateModified":"2014-10-10T02:59:44+00:00","breadcrumb":{"@id":"https:\/\/lospoliticosveracruz.com\/?p=12420#breadcrumb"},"inLanguage":"es","potentialAction":[{"@type":"ReadAction","target":["https:\/\/lospoliticosveracruz.com\/?p=12420"]}]},{"@type":"ImageObject","inLanguage":"es","@id":"https:\/\/lospoliticosveracruz.com\/?p=12420#primaryimage","url":"http:\/\/www.lospoliticosveracruz.com.mx\/wp-content\/uploads\/2014\/10\/factura-electronica.jpg","contentUrl":"http:\/\/www.lospoliticosveracruz.com.mx\/wp-content\/uploads\/2014\/10\/factura-electronica.jpg"},{"@type":"BreadcrumbList","@id":"https:\/\/lospoliticosveracruz.com\/?p=12420#breadcrumb","itemListElement":[{"@type":"ListItem","position":1,"name":"Portada","item":"https:\/\/lospoliticosveracruz.com\/"},{"@type":"ListItem","position":2,"name":"Beneficio para las tienditas"}]},{"@type":"WebSite","@id":"https:\/\/lospoliticosveracruz.com\/#website","url":"https:\/\/lospoliticosveracruz.com\/","name":"Los pol\u00edticos Veracruz","description":"","publisher":{"@id":"https:\/\/lospoliticosveracruz.com\/#organization"},"potentialAction":[{"@type":"SearchAction","target":{"@type":"EntryPoint","urlTemplate":"https:\/\/lospoliticosveracruz.com\/?s={search_term_string}"},"query-input":{"@type":"PropertyValueSpecification","valueRequired":true,"valueName":"search_term_string"}}],"inLanguage":"es"},{"@type":"Organization","@id":"https:\/\/lospoliticosveracruz.com\/#organization","name":"Los pol\u00edticos Veracruz","url":"https:\/\/lospoliticosveracruz.com\/","logo":{"@type":"ImageObject","inLanguage":"es","@id":"https:\/\/lospoliticosveracruz.com\/#\/schema\/logo\/image\/","url":"https:\/\/lospoliticosveracruz.com\/wp-content\/uploads\/2025\/12\/Logo-Nuevo-LOS-POLITICOS-1.jpg","contentUrl":"https:\/\/lospoliticosveracruz.com\/wp-content\/uploads\/2025\/12\/Logo-Nuevo-LOS-POLITICOS-1.jpg","width":260,"height":70,"caption":"Los pol\u00edticos Veracruz"},"image":{"@id":"https:\/\/lospoliticosveracruz.com\/#\/schema\/logo\/image\/"},"sameAs":["https:\/\/www.facebook.com\/people\/Notimemes-de-los-Polticos\/61565672886568\/","https:\/\/x.com\/LosPoliticosVer"]},{"@type":"Person","@id":"https:\/\/lospoliticosveracruz.com\/#\/schema\/person\/b8702bb0e538456e6efd07080bf2a4a2","name":"Lo viste en Los Pol\u00edticos","image":{"@type":"ImageObject","inLanguage":"es","@id":"https:\/\/secure.gravatar.com\/avatar\/3a8de04a2656d44082be478bd6c086daa447c4651605818287b9532d3d0bd435?s=96&d=mm&r=g","url":"https:\/\/secure.gravatar.com\/avatar\/3a8de04a2656d44082be478bd6c086daa447c4651605818287b9532d3d0bd435?s=96&d=mm&r=g","contentUrl":"https:\/\/secure.gravatar.com\/avatar\/3a8de04a2656d44082be478bd6c086daa447c4651605818287b9532d3d0bd435?s=96&d=mm&r=g","caption":"Lo viste en Los Pol\u00edticos"},"url":"https:\/\/lospoliticosveracruz.com\/?author=2"}]}},"_links":{"self":[{"href":"https:\/\/lospoliticosveracruz.com\/index.php?rest_route=\/wp\/v2\/posts\/12420","targetHints":{"allow":["GET"]}}],"collection":[{"href":"https:\/\/lospoliticosveracruz.com\/index.php?rest_route=\/wp\/v2\/posts"}],"about":[{"href":"https:\/\/lospoliticosveracruz.com\/index.php?rest_route=\/wp\/v2\/types\/post"}],"author":[{"embeddable":true,"href":"https:\/\/lospoliticosveracruz.com\/index.php?rest_route=\/wp\/v2\/users\/2"}],"replies":[{"embeddable":true,"href":"https:\/\/lospoliticosveracruz.com\/index.php?rest_route=%2Fwp%2Fv2%2Fcomments&post=12420"}],"version-history":[{"count":1,"href":"https:\/\/lospoliticosveracruz.com\/index.php?rest_route=\/wp\/v2\/posts\/12420\/revisions"}],"predecessor-version":[{"id":12421,"href":"https:\/\/lospoliticosveracruz.com\/index.php?rest_route=\/wp\/v2\/posts\/12420\/revisions\/12421"}],"wp:attachment":[{"href":"https:\/\/lospoliticosveracruz.com\/index.php?rest_route=%2Fwp%2Fv2%2Fmedia&parent=12420"}],"wp:term":[{"taxonomy":"category","embeddable":true,"href":"https:\/\/lospoliticosveracruz.com\/index.php?rest_route=%2Fwp%2Fv2%2Fcategories&post=12420"},{"taxonomy":"post_tag","embeddable":true,"href":"https:\/\/lospoliticosveracruz.com\/index.php?rest_route=%2Fwp%2Fv2%2Ftags&post=12420"}],"curies":[{"name":"wp","href":"https:\/\/api.w.org\/{rel}","templated":true}]}}