{"id":124206,"date":"2024-05-13T21:32:54","date_gmt":"2024-05-14T02:32:54","guid":{"rendered":"https:\/\/lospoliticosveracruz.com.mx\/?p=124206"},"modified":"2024-05-13T21:33:03","modified_gmt":"2024-05-14T02:33:03","slug":"yunes-mal-domingo","status":"publish","type":"post","link":"https:\/\/lospoliticosveracruz.com\/?p=124206","title":{"rendered":"YUNES: MAL DOMINGO"},"content":{"rendered":"\n<p><strong>Juan Javier G\u00f3mez Cazar\u00edn*<br><\/strong><em>Parlamento Veracruz<\/em><\/p>\n\n\n\n<p>Ayer fue un gran domingo para la campa\u00f1a de Roc\u00edo Nahle. A s\u00f3lo tres fines de semana para la elecci\u00f3n, la candidata afianz\u00f3 su delantera y consolid\u00f3 su liderazgo.<\/p>\n\n\n\n<p>Y si fue bueno para Roc\u00edo, obviamente fue mal domingo para los Yunes. Nueve alcaldes que en el 2021 ganaron con la bandera de alg\u00fan partido de oposici\u00f3n (como el PRI, el PAN, el PRD o las RSP) y que han gobernado bajo esas siglas sus respectivos municipios desde el 1 de enero de 2022, decidieron expresar p\u00fablicamente su apoyo a Morena y a nuestra candidata.<\/p>\n\n\n\n<figure class=\"wp-block-image size-large\"><a href=\"https:\/\/lospoliticosveracruz.com.mx\/wp-content\/uploads\/2016\/07\/Seguro-Julio-Cerecedo-2.jpg\"><img decoding=\"async\" src=\"https:\/\/lospoliticosveracruz.com.mx\/wp-content\/uploads\/2016\/07\/Seguro-Julio-Cerecedo-2-1024x381.jpg\" alt=\"\" class=\"wp-image-105879\"\/><\/a><\/figure>\n\n\n\n<p>Se sacudieron la imagen de la pobre alianza del PRIAN-PRD y decidieron ponerse del lado correcto de la historia.<\/p>\n\n\n\n<p>Creo que eso es muestra de varias cosas: 1.- Que no le tienen miedo a los Yunes y a sus amenazas. 2.- Que est\u00e1n convencidos de que lo mejor para Veracruz es la pr\u00f3xima gubernatura de Roc\u00edo Nahle. 3.- Que no se puede, al mismo tiempo, servir al pueblo con honestidad y apoyar a los Yunes. 4.- Que m\u00e1s all\u00e1 de banderas de partido, realmente les importa lo que es mejor para Veracruz y para sus respectivos municipios.<\/p>\n\n\n\n<p>Pero sobre todo, por encima de cualquier otra cosa, creo que estas deserciones son muestra de la estrepitosa e irrecuperable ca\u00edda libre en que se encuentra la campa\u00f1a yunista.<\/p>\n\n\n\n<p>Y en esa ca\u00edda, se est\u00e1n quedando cada vez m\u00e1s solos. Como apestados.<\/p>\n\n\n\n<p>Con los alcaldes de ayer, ya suman 25 los Presidentes Municipales que se negaron a ser c\u00f3mplices de un Yunato que ser\u00eda nefasto para Veracruz.<\/p>\n\n\n\n<p>Su razonamiento tiene l\u00f3gica: si Miguel \u00c1ngel Yunes acab\u00f3 con la quinta y los mangos en s\u00f3lo dos a\u00f1os de mini gubernatura, s\u00f3lo Dios sabe de lo que ser\u00eda capaz su parentela en seis a\u00f1os completos de terror\u00edfico mandato.<\/p>\n\n\n\n<p>Y si eso fue por la ma\u00f1ana, la tarde del domingo no mejor\u00f3 para el PRIAN.<\/p>\n\n\n\n<p>En el segundo debate organizado por el OPLE, Roc\u00edo les peg\u00f3 una vapuleada marca Acme, que exhibi\u00f3 la doble moral, la corrupci\u00f3n, la falta de coherencia, el clasismo, la misoginia, la red de complicidades y las mentiras descaradas del yunismo.<\/p>\n\n\n\n<p>Roc\u00edo gan\u00f3 el debate con propuestas, pero tambi\u00e9n dici\u00e9ndole sus verdades al candidato t\u00edtere de los que se apellidan igual que \u00e9l.<\/p>\n\n\n\n<p>Y si eso fue ayer domingo, los d\u00edas por venir no pintan mejor para la campa\u00f1a perdedora. Los Yunes est\u00e1n, hoy lunes, a 20 dolorosas jornadas de una derrota merecida, cantada, inevitable y contundente.<\/p>\n\n\n\n<p>*Diputado local. Presidente de la Junta de Coordinaci\u00f3n Pol\u00edtica.<\/p>\n","protected":false},"excerpt":{"rendered":"<p>Juan Javier G\u00f3mez Cazar\u00edn*Parlamento Veracruz Ayer fue un gran domingo para la campa\u00f1a de Roc\u00edo Nahle. A s\u00f3lo tres fines de semana para la elecci\u00f3n, la candidata afianz\u00f3 su delantera y consolid\u00f3 su liderazgo. Y si fue bueno para Roc\u00edo, obviamente fue mal domingo para los Yunes. Nueve alcaldes que en el 2021 ganaron con [&hellip;]<\/p>\n","protected":false},"author":2,"featured_media":119933,"comment_status":"closed","ping_status":"closed","sticky":false,"template":"","format":"standard","meta":{"tdm_status":"","tdm_grid_status":"","footnotes":""},"categories":[70],"tags":[38581,1026,3578,195],"class_list":{"0":"post-124206","1":"post","2":"type-post","3":"status-publish","4":"format-standard","5":"has-post-thumbnail","7":"category-de-opinion","8":"tag-juan-javier-gomez-cazarin-3","9":"tag-morena","10":"tag-rocio-nahle","11":"tag-veracruz"},"yoast_head":"<!-- This site is optimized with the Yoast SEO plugin v27.4 - https:\/\/yoast.com\/product\/yoast-seo-wordpress\/ -->\n<title>YUNES: MAL DOMINGO - Los pol\u00edticos Veracruz<\/title>\n<meta name=\"robots\" content=\"index, follow, max-snippet:-1, max-image-preview:large, max-video-preview:-1\" \/>\n<link rel=\"canonical\" href=\"https:\/\/lospoliticosveracruz.com\/?p=124206\" \/>\n<meta property=\"og:locale\" content=\"es_ES\" \/>\n<meta property=\"og:type\" content=\"article\" \/>\n<meta property=\"og:title\" content=\"YUNES: MAL DOMINGO - Los pol\u00edticos Veracruz\" \/>\n<meta property=\"og:description\" content=\"Juan Javier G\u00f3mez Cazar\u00edn*Parlamento Veracruz Ayer fue un gran domingo para la campa\u00f1a de Roc\u00edo Nahle. A s\u00f3lo tres fines de semana para la elecci\u00f3n, la candidata afianz\u00f3 su delantera y consolid\u00f3 su liderazgo. Y si fue bueno para Roc\u00edo, obviamente fue mal domingo para los Yunes. Nueve alcaldes que en el 2021 ganaron con [&hellip;]\" \/>\n<meta property=\"og:url\" content=\"https:\/\/lospoliticosveracruz.com\/?p=124206\" \/>\n<meta property=\"og:site_name\" content=\"Los pol\u00edticos Veracruz\" \/>\n<meta property=\"article:publisher\" content=\"https:\/\/www.facebook.com\/people\/Notimemes-de-los-Polticos\/61565672886568\/\" \/>\n<meta property=\"article:published_time\" content=\"2024-05-14T02:32:54+00:00\" \/>\n<meta property=\"article:modified_time\" content=\"2024-05-14T02:33:03+00:00\" \/>\n<meta property=\"og:image\" content=\"https:\/\/lospoliticosveracruz.com\/wp-content\/uploads\/2024\/03\/Juan-Javier-Gomez-Cazarin.jpg\" \/>\n\t<meta property=\"og:image:width\" content=\"1250\" \/>\n\t<meta property=\"og:image:height\" content=\"667\" \/>\n\t<meta property=\"og:image:type\" content=\"image\/jpeg\" \/>\n<meta name=\"author\" content=\"Lo viste en Los Pol\u00edticos\" \/>\n<meta name=\"twitter:card\" content=\"summary_large_image\" \/>\n<meta name=\"twitter:creator\" content=\"@LosPoliticosVer\" \/>\n<meta name=\"twitter:site\" content=\"@LosPoliticosVer\" \/>\n<meta name=\"twitter:label1\" content=\"Escrito por\" \/>\n\t<meta name=\"twitter:data1\" content=\"Lo viste en Los Pol\u00edticos\" \/>\n\t<meta name=\"twitter:label2\" content=\"Tiempo de lectura\" \/>\n\t<meta name=\"twitter:data2\" content=\"2 minutos\" \/>\n<script type=\"application\/ld+json\" class=\"yoast-schema-graph\">{\"@context\":\"https:\\\/\\\/schema.org\",\"@graph\":[{\"@type\":\"Article\",\"@id\":\"https:\\\/\\\/lospoliticosveracruz.com\\\/?p=124206#article\",\"isPartOf\":{\"@id\":\"https:\\\/\\\/lospoliticosveracruz.com\\\/?p=124206\"},\"author\":{\"name\":\"Lo viste en Los Pol\u00edticos\",\"@id\":\"https:\\\/\\\/lospoliticosveracruz.com\\\/#\\\/schema\\\/person\\\/b8702bb0e538456e6efd07080bf2a4a2\"},\"headline\":\"YUNES: MAL DOMINGO\",\"datePublished\":\"2024-05-14T02:32:54+00:00\",\"dateModified\":\"2024-05-14T02:33:03+00:00\",\"mainEntityOfPage\":{\"@id\":\"https:\\\/\\\/lospoliticosveracruz.com\\\/?p=124206\"},\"wordCount\":463,\"publisher\":{\"@id\":\"https:\\\/\\\/lospoliticosveracruz.com\\\/#organization\"},\"image\":{\"@id\":\"https:\\\/\\\/lospoliticosveracruz.com\\\/?p=124206#primaryimage\"},\"thumbnailUrl\":\"https:\\\/\\\/lospoliticosveracruz.com\\\/wp-content\\\/uploads\\\/2024\\\/03\\\/Juan-Javier-Gomez-Cazarin.jpg\",\"keywords\":[\"Juan Javier G\u00f3mez Cazar\u00edn*\",\"Morena\",\"Roc\u00edo Nahle\",\"Veracruz\"],\"articleSection\":[\"De Opini\u00f3n\"],\"inLanguage\":\"es\"},{\"@type\":\"WebPage\",\"@id\":\"https:\\\/\\\/lospoliticosveracruz.com\\\/?p=124206\",\"url\":\"https:\\\/\\\/lospoliticosveracruz.com\\\/?p=124206\",\"name\":\"YUNES: MAL DOMINGO - Los pol\u00edticos Veracruz\",\"isPartOf\":{\"@id\":\"https:\\\/\\\/lospoliticosveracruz.com\\\/#website\"},\"primaryImageOfPage\":{\"@id\":\"https:\\\/\\\/lospoliticosveracruz.com\\\/?p=124206#primaryimage\"},\"image\":{\"@id\":\"https:\\\/\\\/lospoliticosveracruz.com\\\/?p=124206#primaryimage\"},\"thumbnailUrl\":\"https:\\\/\\\/lospoliticosveracruz.com\\\/wp-content\\\/uploads\\\/2024\\\/03\\\/Juan-Javier-Gomez-Cazarin.jpg\",\"datePublished\":\"2024-05-14T02:32:54+00:00\",\"dateModified\":\"2024-05-14T02:33:03+00:00\",\"breadcrumb\":{\"@id\":\"https:\\\/\\\/lospoliticosveracruz.com\\\/?p=124206#breadcrumb\"},\"inLanguage\":\"es\",\"potentialAction\":[{\"@type\":\"ReadAction\",\"target\":[\"https:\\\/\\\/lospoliticosveracruz.com\\\/?p=124206\"]}]},{\"@type\":\"ImageObject\",\"inLanguage\":\"es\",\"@id\":\"https:\\\/\\\/lospoliticosveracruz.com\\\/?p=124206#primaryimage\",\"url\":\"https:\\\/\\\/lospoliticosveracruz.com\\\/wp-content\\\/uploads\\\/2024\\\/03\\\/Juan-Javier-Gomez-Cazarin.jpg\",\"contentUrl\":\"https:\\\/\\\/lospoliticosveracruz.com\\\/wp-content\\\/uploads\\\/2024\\\/03\\\/Juan-Javier-Gomez-Cazarin.jpg\",\"width\":1250,\"height\":667},{\"@type\":\"BreadcrumbList\",\"@id\":\"https:\\\/\\\/lospoliticosveracruz.com\\\/?p=124206#breadcrumb\",\"itemListElement\":[{\"@type\":\"ListItem\",\"position\":1,\"name\":\"Portada\",\"item\":\"https:\\\/\\\/lospoliticosveracruz.com\\\/\"},{\"@type\":\"ListItem\",\"position\":2,\"name\":\"YUNES: MAL DOMINGO\"}]},{\"@type\":\"WebSite\",\"@id\":\"https:\\\/\\\/lospoliticosveracruz.com\\\/#website\",\"url\":\"https:\\\/\\\/lospoliticosveracruz.com\\\/\",\"name\":\"Los pol\u00edticos Veracruz\",\"description\":\"\",\"publisher\":{\"@id\":\"https:\\\/\\\/lospoliticosveracruz.com\\\/#organization\"},\"potentialAction\":[{\"@type\":\"SearchAction\",\"target\":{\"@type\":\"EntryPoint\",\"urlTemplate\":\"https:\\\/\\\/lospoliticosveracruz.com\\\/?s={search_term_string}\"},\"query-input\":{\"@type\":\"PropertyValueSpecification\",\"valueRequired\":true,\"valueName\":\"search_term_string\"}}],\"inLanguage\":\"es\"},{\"@type\":\"Organization\",\"@id\":\"https:\\\/\\\/lospoliticosveracruz.com\\\/#organization\",\"name\":\"Los pol\u00edticos Veracruz\",\"url\":\"https:\\\/\\\/lospoliticosveracruz.com\\\/\",\"logo\":{\"@type\":\"ImageObject\",\"inLanguage\":\"es\",\"@id\":\"https:\\\/\\\/lospoliticosveracruz.com\\\/#\\\/schema\\\/logo\\\/image\\\/\",\"url\":\"https:\\\/\\\/lospoliticosveracruz.com\\\/wp-content\\\/uploads\\\/2025\\\/12\\\/Logo-Nuevo-LOS-POLITICOS-1.jpg\",\"contentUrl\":\"https:\\\/\\\/lospoliticosveracruz.com\\\/wp-content\\\/uploads\\\/2025\\\/12\\\/Logo-Nuevo-LOS-POLITICOS-1.jpg\",\"width\":260,\"height\":70,\"caption\":\"Los pol\u00edticos Veracruz\"},\"image\":{\"@id\":\"https:\\\/\\\/lospoliticosveracruz.com\\\/#\\\/schema\\\/logo\\\/image\\\/\"},\"sameAs\":[\"https:\\\/\\\/www.facebook.com\\\/people\\\/Notimemes-de-los-Polticos\\\/61565672886568\\\/\",\"https:\\\/\\\/x.com\\\/LosPoliticosVer\"]},{\"@type\":\"Person\",\"@id\":\"https:\\\/\\\/lospoliticosveracruz.com\\\/#\\\/schema\\\/person\\\/b8702bb0e538456e6efd07080bf2a4a2\",\"name\":\"Lo viste en Los Pol\u00edticos\",\"image\":{\"@type\":\"ImageObject\",\"inLanguage\":\"es\",\"@id\":\"https:\\\/\\\/secure.gravatar.com\\\/avatar\\\/3a8de04a2656d44082be478bd6c086daa447c4651605818287b9532d3d0bd435?s=96&d=mm&r=g\",\"url\":\"https:\\\/\\\/secure.gravatar.com\\\/avatar\\\/3a8de04a2656d44082be478bd6c086daa447c4651605818287b9532d3d0bd435?s=96&d=mm&r=g\",\"contentUrl\":\"https:\\\/\\\/secure.gravatar.com\\\/avatar\\\/3a8de04a2656d44082be478bd6c086daa447c4651605818287b9532d3d0bd435?s=96&d=mm&r=g\",\"caption\":\"Lo viste en Los Pol\u00edticos\"},\"url\":\"https:\\\/\\\/lospoliticosveracruz.com\\\/?author=2\"}]}<\/script>\n<!-- \/ Yoast SEO plugin. -->","yoast_head_json":{"title":"YUNES: MAL DOMINGO - Los pol\u00edticos Veracruz","robots":{"index":"index","follow":"follow","max-snippet":"max-snippet:-1","max-image-preview":"max-image-preview:large","max-video-preview":"max-video-preview:-1"},"canonical":"https:\/\/lospoliticosveracruz.com\/?p=124206","og_locale":"es_ES","og_type":"article","og_title":"YUNES: MAL DOMINGO - Los pol\u00edticos Veracruz","og_description":"Juan Javier G\u00f3mez Cazar\u00edn*Parlamento Veracruz Ayer fue un gran domingo para la campa\u00f1a de Roc\u00edo Nahle. A s\u00f3lo tres fines de semana para la elecci\u00f3n, la candidata afianz\u00f3 su delantera y consolid\u00f3 su liderazgo. Y si fue bueno para Roc\u00edo, obviamente fue mal domingo para los Yunes. Nueve alcaldes que en el 2021 ganaron con [&hellip;]","og_url":"https:\/\/lospoliticosveracruz.com\/?p=124206","og_site_name":"Los pol\u00edticos Veracruz","article_publisher":"https:\/\/www.facebook.com\/people\/Notimemes-de-los-Polticos\/61565672886568\/","article_published_time":"2024-05-14T02:32:54+00:00","article_modified_time":"2024-05-14T02:33:03+00:00","og_image":[{"width":1250,"height":667,"url":"https:\/\/lospoliticosveracruz.com\/wp-content\/uploads\/2024\/03\/Juan-Javier-Gomez-Cazarin.jpg","type":"image\/jpeg"}],"author":"Lo viste en Los Pol\u00edticos","twitter_card":"summary_large_image","twitter_creator":"@LosPoliticosVer","twitter_site":"@LosPoliticosVer","twitter_misc":{"Escrito por":"Lo viste en Los Pol\u00edticos","Tiempo de lectura":"2 minutos"},"schema":{"@context":"https:\/\/schema.org","@graph":[{"@type":"Article","@id":"https:\/\/lospoliticosveracruz.com\/?p=124206#article","isPartOf":{"@id":"https:\/\/lospoliticosveracruz.com\/?p=124206"},"author":{"name":"Lo viste en Los Pol\u00edticos","@id":"https:\/\/lospoliticosveracruz.com\/#\/schema\/person\/b8702bb0e538456e6efd07080bf2a4a2"},"headline":"YUNES: MAL DOMINGO","datePublished":"2024-05-14T02:32:54+00:00","dateModified":"2024-05-14T02:33:03+00:00","mainEntityOfPage":{"@id":"https:\/\/lospoliticosveracruz.com\/?p=124206"},"wordCount":463,"publisher":{"@id":"https:\/\/lospoliticosveracruz.com\/#organization"},"image":{"@id":"https:\/\/lospoliticosveracruz.com\/?p=124206#primaryimage"},"thumbnailUrl":"https:\/\/lospoliticosveracruz.com\/wp-content\/uploads\/2024\/03\/Juan-Javier-Gomez-Cazarin.jpg","keywords":["Juan Javier G\u00f3mez Cazar\u00edn*","Morena","Roc\u00edo Nahle","Veracruz"],"articleSection":["De Opini\u00f3n"],"inLanguage":"es"},{"@type":"WebPage","@id":"https:\/\/lospoliticosveracruz.com\/?p=124206","url":"https:\/\/lospoliticosveracruz.com\/?p=124206","name":"YUNES: MAL DOMINGO - Los pol\u00edticos Veracruz","isPartOf":{"@id":"https:\/\/lospoliticosveracruz.com\/#website"},"primaryImageOfPage":{"@id":"https:\/\/lospoliticosveracruz.com\/?p=124206#primaryimage"},"image":{"@id":"https:\/\/lospoliticosveracruz.com\/?p=124206#primaryimage"},"thumbnailUrl":"https:\/\/lospoliticosveracruz.com\/wp-content\/uploads\/2024\/03\/Juan-Javier-Gomez-Cazarin.jpg","datePublished":"2024-05-14T02:32:54+00:00","dateModified":"2024-05-14T02:33:03+00:00","breadcrumb":{"@id":"https:\/\/lospoliticosveracruz.com\/?p=124206#breadcrumb"},"inLanguage":"es","potentialAction":[{"@type":"ReadAction","target":["https:\/\/lospoliticosveracruz.com\/?p=124206"]}]},{"@type":"ImageObject","inLanguage":"es","@id":"https:\/\/lospoliticosveracruz.com\/?p=124206#primaryimage","url":"https:\/\/lospoliticosveracruz.com\/wp-content\/uploads\/2024\/03\/Juan-Javier-Gomez-Cazarin.jpg","contentUrl":"https:\/\/lospoliticosveracruz.com\/wp-content\/uploads\/2024\/03\/Juan-Javier-Gomez-Cazarin.jpg","width":1250,"height":667},{"@type":"BreadcrumbList","@id":"https:\/\/lospoliticosveracruz.com\/?p=124206#breadcrumb","itemListElement":[{"@type":"ListItem","position":1,"name":"Portada","item":"https:\/\/lospoliticosveracruz.com\/"},{"@type":"ListItem","position":2,"name":"YUNES: MAL DOMINGO"}]},{"@type":"WebSite","@id":"https:\/\/lospoliticosveracruz.com\/#website","url":"https:\/\/lospoliticosveracruz.com\/","name":"Los pol\u00edticos Veracruz","description":"","publisher":{"@id":"https:\/\/lospoliticosveracruz.com\/#organization"},"potentialAction":[{"@type":"SearchAction","target":{"@type":"EntryPoint","urlTemplate":"https:\/\/lospoliticosveracruz.com\/?s={search_term_string}"},"query-input":{"@type":"PropertyValueSpecification","valueRequired":true,"valueName":"search_term_string"}}],"inLanguage":"es"},{"@type":"Organization","@id":"https:\/\/lospoliticosveracruz.com\/#organization","name":"Los pol\u00edticos Veracruz","url":"https:\/\/lospoliticosveracruz.com\/","logo":{"@type":"ImageObject","inLanguage":"es","@id":"https:\/\/lospoliticosveracruz.com\/#\/schema\/logo\/image\/","url":"https:\/\/lospoliticosveracruz.com\/wp-content\/uploads\/2025\/12\/Logo-Nuevo-LOS-POLITICOS-1.jpg","contentUrl":"https:\/\/lospoliticosveracruz.com\/wp-content\/uploads\/2025\/12\/Logo-Nuevo-LOS-POLITICOS-1.jpg","width":260,"height":70,"caption":"Los pol\u00edticos Veracruz"},"image":{"@id":"https:\/\/lospoliticosveracruz.com\/#\/schema\/logo\/image\/"},"sameAs":["https:\/\/www.facebook.com\/people\/Notimemes-de-los-Polticos\/61565672886568\/","https:\/\/x.com\/LosPoliticosVer"]},{"@type":"Person","@id":"https:\/\/lospoliticosveracruz.com\/#\/schema\/person\/b8702bb0e538456e6efd07080bf2a4a2","name":"Lo viste en Los Pol\u00edticos","image":{"@type":"ImageObject","inLanguage":"es","@id":"https:\/\/secure.gravatar.com\/avatar\/3a8de04a2656d44082be478bd6c086daa447c4651605818287b9532d3d0bd435?s=96&d=mm&r=g","url":"https:\/\/secure.gravatar.com\/avatar\/3a8de04a2656d44082be478bd6c086daa447c4651605818287b9532d3d0bd435?s=96&d=mm&r=g","contentUrl":"https:\/\/secure.gravatar.com\/avatar\/3a8de04a2656d44082be478bd6c086daa447c4651605818287b9532d3d0bd435?s=96&d=mm&r=g","caption":"Lo viste en Los Pol\u00edticos"},"url":"https:\/\/lospoliticosveracruz.com\/?author=2"}]}},"_links":{"self":[{"href":"https:\/\/lospoliticosveracruz.com\/index.php?rest_route=\/wp\/v2\/posts\/124206","targetHints":{"allow":["GET"]}}],"collection":[{"href":"https:\/\/lospoliticosveracruz.com\/index.php?rest_route=\/wp\/v2\/posts"}],"about":[{"href":"https:\/\/lospoliticosveracruz.com\/index.php?rest_route=\/wp\/v2\/types\/post"}],"author":[{"embeddable":true,"href":"https:\/\/lospoliticosveracruz.com\/index.php?rest_route=\/wp\/v2\/users\/2"}],"replies":[{"embeddable":true,"href":"https:\/\/lospoliticosveracruz.com\/index.php?rest_route=%2Fwp%2Fv2%2Fcomments&post=124206"}],"version-history":[{"count":1,"href":"https:\/\/lospoliticosveracruz.com\/index.php?rest_route=\/wp\/v2\/posts\/124206\/revisions"}],"predecessor-version":[{"id":124207,"href":"https:\/\/lospoliticosveracruz.com\/index.php?rest_route=\/wp\/v2\/posts\/124206\/revisions\/124207"}],"wp:featuredmedia":[{"embeddable":true,"href":"https:\/\/lospoliticosveracruz.com\/index.php?rest_route=\/wp\/v2\/media\/119933"}],"wp:attachment":[{"href":"https:\/\/lospoliticosveracruz.com\/index.php?rest_route=%2Fwp%2Fv2%2Fmedia&parent=124206"}],"wp:term":[{"taxonomy":"category","embeddable":true,"href":"https:\/\/lospoliticosveracruz.com\/index.php?rest_route=%2Fwp%2Fv2%2Fcategories&post=124206"},{"taxonomy":"post_tag","embeddable":true,"href":"https:\/\/lospoliticosveracruz.com\/index.php?rest_route=%2Fwp%2Fv2%2Ftags&post=124206"}],"curies":[{"name":"wp","href":"https:\/\/api.w.org\/{rel}","templated":true}]}}