{"id":124219,"date":"2024-05-14T06:31:01","date_gmt":"2024-05-14T11:31:01","guid":{"rendered":"https:\/\/lospoliticosveracruz.com.mx\/?p=124219"},"modified":"2024-05-14T06:31:09","modified_gmt":"2024-05-14T11:31:09","slug":"cirt-en-veracruz-la-lucha-de-pepe-y-nahle","status":"publish","type":"post","link":"https:\/\/lospoliticosveracruz.com\/?p=124219","title":{"rendered":"CIRT EN VERACRUZ, LA LUCHA DE PEPE Y NAHLE"},"content":{"rendered":"\n<p><strong>Ricardo Chua<\/strong><\/p>\n\n\n\n<p><em>Sale y Vale<\/em><\/p>\n\n\n\n<p>EXCLUSIVA.. Anoche \u00abGarganta Profunda\u00bb se\u00f1al\u00f3 que el gobernador, Cuitl\u00e1huac Garc\u00eda Jim\u00e9nez, estaba recibiendo muchas presiones de la casa de campa\u00f1a de Roc\u00edo Nahle.. Para que de una vez por todas, le pidieran la renuncia a los subsecretarios de Gobierno, Yair Aldemar e Israel Rold\u00e1n.. Debido a la desconfianza que tienen en MORENA por estos dos personajes, PRESUNTOS enemigos de la candidata a gobernador y que pudieran da\u00f1arla el pr\u00f3ximo 2 de junio.. Situaci\u00f3n que no parecer\u00eda prudente en v\u00edsperas del cierre de campa\u00f1a..<\/p>\n\n\n\n<p>Lo cual provocar\u00eda que como aspirante sigas sumando enemigos pol\u00edticos.. En un momento clave antes del d\u00eda de la votaci\u00f3n.. Se habla que la salida de ambos personajes pudo ocurrir por la madrugada de hoy o est\u00e1n a unas horas de dejar el cargo.. Llegar\u00edan a ocupar su lugar Ulises Montes, como subsecretario y una persona de nombre Soraya, que est\u00e1 en la COESPO en la subsecretar\u00eda Jur\u00eddica.. Habr\u00e1 que ver si esto no afecta a Roc\u00edo Nahle.. Todo movimiento en el gobierno estatal le afecta para bien o para mal.. AMEN<\/p>\n\n\n\n<p>CIRT EN VERACRUZ, LA LUCHA DE PEPE Y NAHLE.. Ma\u00f1ana posiblemente en Veracruz, se elija al nuevo Presidente de la C\u00e1mara de la Industria de la Radio y Televisi\u00f3n en la entidad.. Y los grupos de empresarios radiodifusores \u00abjarochos\u00bb est\u00e1n divididos en dos bandos.. Unos a los que no les interesa para nada el CIRT y otros, que presuntamente, quieren ocupar la direcci\u00f3n para \u00absobrevivir\u00bb como empresa dado que tomaron bando pol\u00edtico con los candidatos a gobernador.. Es decir, hay radiodifusores Pro Roc\u00edo Nahle y otros Pro Pepe Yunes..<\/p>\n\n\n\n<p>Lo que significa, que como ambos grupos \u00abpor debajo del agua\u00bb est\u00e1n \u00abjurados\u00bb con alguno de los dos candidatos, que el pierda la elecci\u00f3n tendr\u00e1 que ver la manera de seguir ejerciendo su funci\u00f3n como empresa.. Y no quieren perder al nuevo \u00abcliente\u00bb m\u00e1s importante que se tiene en el estado, que es el gobernador en turno, para que siga comercializando sus pautas en las empresas radiof\u00f3nicas.. De esa manera, el que obtenga la Presidencia del CIRT \u00absobrevive\u00bb a la elecci\u00f3n.. As\u00ed su candidato favorito pierda la gubernatura.. Ellos siguen..<\/p>\n\n\n\n<p>No cuenta \u00abGarganta Profunda\u00bb que ma\u00f1ana 15 de mayo, iba a ser una reuni\u00f3n con la candidata a la Presidencia de la Rep\u00fablica por la oposici\u00f3n, X\u00f3chitl G\u00e1lvez a las 8:30 de la ma\u00f1ana con los miembros del CIRT en Veracruz.. Y despu\u00e9s, a las 10:30 cuando Xochilt se haya retirado, iba a empezar la asamblea.. Pero, de un d\u00eda para otro, se cancel\u00f3 el encuentro con la aspirante Presidencial\u2026 Al pasar esta situaci\u00f3n, se decidi\u00f3 que la asamblea con los empresarios radiodifusores ser\u00eda por zoom.. Nadie quer\u00eda \u00abquemarse\u00bb pol\u00edticamente..<\/p>\n\n\n\n<p>As\u00ed que en esa asamblea por zoom.. Se elegir\u00eda al que ser\u00e1 el nuevo Presidente del CIRT en Veracruz.. Para lo cual, hab\u00eda ya conocidos radiodifusores en la entidad, que empezaron a cabildear con radiodifusores muy chicos, sin tanta penetraci\u00f3n o recursos econ\u00f3micos, como los grandes empresarios radiof\u00f3nicos de Veracruz-Boca del R\u00edo-Xalapa-C\u00f3rdoba.. Pero seg\u00fan \u00abGarganta Profunda\u00bb estos poderosos radiodifusores tienen un \u00abtapado\u00bb, que no es ninguno de la familia Ferraez Centeno, sino otro que representa m\u00e1s a sus intereses..<\/p>\n\n\n\n<p>Se rumora que este \u00abtapado\u00bb estar\u00eda apoyado por grupos empresariales de Veracruz-Boca del R\u00edo y Xalapa.. Para hacerle competencia a qui\u00e9n se le ponga enfrente.. Ya que se dice que otro personaje que busca la Presidencia es Carlos Ferraez Centeno.. Por eso, se sabe que cuando pusieron en la mesa la reuni\u00f3n de X\u00f3chitl con la CIRT.. Muchos de los radiodifusores le dijeron a la gente de Pepe Yunes, que mejor no.. Sobre todo para no provocar sospechas infundadas que todos ellos estaban inmersos con un candidato..<\/p>\n\n\n\n<p>Ya antes ellos, se hab\u00edan reunido con Pepe Yunes y los Yunes azules.. Pero algunos aspirantes a la Presidencia de la CIRT quer\u00edan aprovechar de qu\u00e9 ven\u00eda la gente de la misma c\u00e1mara de la CDMX para hacer la votaci\u00f3n y ejercer un poco de presi\u00f3n para ganar la elecci\u00f3n.. El problema es que al interior de la c\u00e1mara en Veracruz, hay se\u00f1alamientos que hay grupos empresariales entregados a Los Yunes y otros que son Pro Nahle.. Por eso, no se pod\u00eda hacer una asamblea as\u00ed cuando Xochilt se fuera.. Por ello, mejor la cancelaron..<\/p>\n\n\n\n<p>Motivo por el cual, se decidi\u00f3 que ma\u00f1ana fuera la reuni\u00f3n por zoom.. Pero muchos no van a conectarse.. Ya que dicen que no quieren ser comparsas de los pro Nahle o pro Pepe.. Sobre todo porque ellos, no quieren \u00abquemarse\u00bb y buscar\u00e1n como vender caro su comercializaci\u00f3n con el candidato que gane..Por eso, quieren tener esa especie de poder con la c\u00e1mara para usarlo como gremio.. Ya que un gobernador siempre se \u00abcuadra\u00bb con el Presidente de CIRT y tendr\u00eda fuerza para no ser ignorado si su candidato no gana la elecci\u00f3n..<\/p>\n\n\n\n<p>REFLEXI\u00d3N.. Hay un candidato \u00abtapado\u00bb para la CIRT en Veracruz.. Que nadie sabe qui\u00e9n es.. Otros apuestan a que Carlos Ferraez junior se va a aventurar a jugar la Presidencia.. S\u00f3lo habr\u00e1 que esperar, si ma\u00f1ana no \u00absalta\u00bb otro interesado.. Lo que tambi\u00e9n es un hecho es que a muchos radiodifusores no les interesa la CIRT.. Y se habla entre ellos, que de ganar Pepe Yunes la gubernatura podr\u00eda surgir una Asociaci\u00f3n de Radiodifusores de Veracruz, independiente a la CIRT, donde estar\u00edan radiodifusoras sociales, nuevos concesionario y due\u00f1os de canales de TV de cable, que la CIRT no reconoce.. Ya que esta solo reconoce a la radio y televisi\u00f3n que son concesi\u00f3n de gobierno.. Estos ser\u00edan los independientes.. AMEN..<\/p>\n","protected":false},"excerpt":{"rendered":"<p>Ricardo Chua Sale y Vale EXCLUSIVA.. Anoche \u00abGarganta Profunda\u00bb se\u00f1al\u00f3 que el gobernador, Cuitl\u00e1huac Garc\u00eda Jim\u00e9nez, estaba recibiendo muchas presiones de la casa de campa\u00f1a de Roc\u00edo Nahle.. Para que de una vez por todas, le pidieran la renuncia a los subsecretarios de Gobierno, Yair Aldemar e Israel Rold\u00e1n.. Debido a la desconfianza que tienen [&hellip;]<\/p>\n","protected":false},"author":2,"featured_media":119817,"comment_status":"closed","ping_status":"closed","sticky":false,"template":"","format":"standard","meta":{"tdm_status":"","tdm_grid_status":"","footnotes":""},"categories":[70],"tags":[1563,5069,1026,251,3578,195],"class_list":{"0":"post-124219","1":"post","2":"type-post","3":"status-publish","4":"format-standard","5":"has-post-thumbnail","7":"category-de-opinion","8":"tag-cuitlahuac-garcia-jimenez","9":"tag-israel-roldan","10":"tag-morena","11":"tag-pri","12":"tag-rocio-nahle","13":"tag-veracruz"},"yoast_head":"<!-- This site is optimized with the Yoast SEO plugin v27.4 - https:\/\/yoast.com\/product\/yoast-seo-wordpress\/ -->\n<title>CIRT EN VERACRUZ, LA LUCHA DE PEPE Y NAHLE - Los pol\u00edticos Veracruz<\/title>\n<meta name=\"robots\" content=\"index, follow, max-snippet:-1, max-image-preview:large, max-video-preview:-1\" \/>\n<link rel=\"canonical\" href=\"https:\/\/lospoliticosveracruz.com\/?p=124219\" \/>\n<meta property=\"og:locale\" content=\"es_ES\" \/>\n<meta property=\"og:type\" content=\"article\" \/>\n<meta property=\"og:title\" content=\"CIRT EN VERACRUZ, LA LUCHA DE PEPE Y NAHLE - Los pol\u00edticos Veracruz\" \/>\n<meta property=\"og:description\" content=\"Ricardo Chua Sale y Vale EXCLUSIVA.. Anoche \u00abGarganta Profunda\u00bb se\u00f1al\u00f3 que el gobernador, Cuitl\u00e1huac Garc\u00eda Jim\u00e9nez, estaba recibiendo muchas presiones de la casa de campa\u00f1a de Roc\u00edo Nahle.. Para que de una vez por todas, le pidieran la renuncia a los subsecretarios de Gobierno, Yair Aldemar e Israel Rold\u00e1n.. Debido a la desconfianza que tienen [&hellip;]\" \/>\n<meta property=\"og:url\" content=\"https:\/\/lospoliticosveracruz.com\/?p=124219\" \/>\n<meta property=\"og:site_name\" content=\"Los pol\u00edticos Veracruz\" \/>\n<meta property=\"article:publisher\" content=\"https:\/\/www.facebook.com\/people\/Notimemes-de-los-Polticos\/61565672886568\/\" \/>\n<meta property=\"article:published_time\" content=\"2024-05-14T11:31:01+00:00\" \/>\n<meta property=\"article:modified_time\" content=\"2024-05-14T11:31:09+00:00\" \/>\n<meta property=\"og:image\" content=\"https:\/\/lospoliticosveracruz.com\/wp-content\/uploads\/2024\/03\/Ricardo-Chua.jpg\" \/>\n\t<meta property=\"og:image:width\" content=\"1250\" \/>\n\t<meta property=\"og:image:height\" content=\"667\" \/>\n\t<meta property=\"og:image:type\" content=\"image\/jpeg\" \/>\n<meta name=\"author\" content=\"Lo viste en Los Pol\u00edticos\" \/>\n<meta name=\"twitter:card\" content=\"summary_large_image\" \/>\n<meta name=\"twitter:creator\" content=\"@LosPoliticosVer\" \/>\n<meta name=\"twitter:site\" content=\"@LosPoliticosVer\" \/>\n<meta name=\"twitter:label1\" content=\"Escrito por\" \/>\n\t<meta name=\"twitter:data1\" content=\"Lo viste en Los Pol\u00edticos\" \/>\n\t<meta name=\"twitter:label2\" content=\"Tiempo de lectura\" \/>\n\t<meta name=\"twitter:data2\" content=\"5 minutos\" \/>\n<script type=\"application\/ld+json\" class=\"yoast-schema-graph\">{\"@context\":\"https:\\\/\\\/schema.org\",\"@graph\":[{\"@type\":\"Article\",\"@id\":\"https:\\\/\\\/lospoliticosveracruz.com\\\/?p=124219#article\",\"isPartOf\":{\"@id\":\"https:\\\/\\\/lospoliticosveracruz.com\\\/?p=124219\"},\"author\":{\"name\":\"Lo viste en Los Pol\u00edticos\",\"@id\":\"https:\\\/\\\/lospoliticosveracruz.com\\\/#\\\/schema\\\/person\\\/b8702bb0e538456e6efd07080bf2a4a2\"},\"headline\":\"CIRT EN VERACRUZ, LA LUCHA DE PEPE Y NAHLE\",\"datePublished\":\"2024-05-14T11:31:01+00:00\",\"dateModified\":\"2024-05-14T11:31:09+00:00\",\"mainEntityOfPage\":{\"@id\":\"https:\\\/\\\/lospoliticosveracruz.com\\\/?p=124219\"},\"wordCount\":1019,\"publisher\":{\"@id\":\"https:\\\/\\\/lospoliticosveracruz.com\\\/#organization\"},\"image\":{\"@id\":\"https:\\\/\\\/lospoliticosveracruz.com\\\/?p=124219#primaryimage\"},\"thumbnailUrl\":\"https:\\\/\\\/lospoliticosveracruz.com\\\/wp-content\\\/uploads\\\/2024\\\/03\\\/Ricardo-Chua.jpg\",\"keywords\":[\"Cuitl\u00e1huac Garc\u00eda Jim\u00e9nez\",\"Israel Rold\u00e1n\",\"Morena\",\"PRI\",\"Roc\u00edo Nahle\",\"Veracruz\"],\"articleSection\":[\"De Opini\u00f3n\"],\"inLanguage\":\"es\"},{\"@type\":\"WebPage\",\"@id\":\"https:\\\/\\\/lospoliticosveracruz.com\\\/?p=124219\",\"url\":\"https:\\\/\\\/lospoliticosveracruz.com\\\/?p=124219\",\"name\":\"CIRT EN VERACRUZ, LA LUCHA DE PEPE Y NAHLE - Los pol\u00edticos Veracruz\",\"isPartOf\":{\"@id\":\"https:\\\/\\\/lospoliticosveracruz.com\\\/#website\"},\"primaryImageOfPage\":{\"@id\":\"https:\\\/\\\/lospoliticosveracruz.com\\\/?p=124219#primaryimage\"},\"image\":{\"@id\":\"https:\\\/\\\/lospoliticosveracruz.com\\\/?p=124219#primaryimage\"},\"thumbnailUrl\":\"https:\\\/\\\/lospoliticosveracruz.com\\\/wp-content\\\/uploads\\\/2024\\\/03\\\/Ricardo-Chua.jpg\",\"datePublished\":\"2024-05-14T11:31:01+00:00\",\"dateModified\":\"2024-05-14T11:31:09+00:00\",\"breadcrumb\":{\"@id\":\"https:\\\/\\\/lospoliticosveracruz.com\\\/?p=124219#breadcrumb\"},\"inLanguage\":\"es\",\"potentialAction\":[{\"@type\":\"ReadAction\",\"target\":[\"https:\\\/\\\/lospoliticosveracruz.com\\\/?p=124219\"]}]},{\"@type\":\"ImageObject\",\"inLanguage\":\"es\",\"@id\":\"https:\\\/\\\/lospoliticosveracruz.com\\\/?p=124219#primaryimage\",\"url\":\"https:\\\/\\\/lospoliticosveracruz.com\\\/wp-content\\\/uploads\\\/2024\\\/03\\\/Ricardo-Chua.jpg\",\"contentUrl\":\"https:\\\/\\\/lospoliticosveracruz.com\\\/wp-content\\\/uploads\\\/2024\\\/03\\\/Ricardo-Chua.jpg\",\"width\":1250,\"height\":667},{\"@type\":\"BreadcrumbList\",\"@id\":\"https:\\\/\\\/lospoliticosveracruz.com\\\/?p=124219#breadcrumb\",\"itemListElement\":[{\"@type\":\"ListItem\",\"position\":1,\"name\":\"Portada\",\"item\":\"https:\\\/\\\/lospoliticosveracruz.com\\\/\"},{\"@type\":\"ListItem\",\"position\":2,\"name\":\"CIRT EN VERACRUZ, LA LUCHA DE PEPE Y NAHLE\"}]},{\"@type\":\"WebSite\",\"@id\":\"https:\\\/\\\/lospoliticosveracruz.com\\\/#website\",\"url\":\"https:\\\/\\\/lospoliticosveracruz.com\\\/\",\"name\":\"Los pol\u00edticos Veracruz\",\"description\":\"\",\"publisher\":{\"@id\":\"https:\\\/\\\/lospoliticosveracruz.com\\\/#organization\"},\"potentialAction\":[{\"@type\":\"SearchAction\",\"target\":{\"@type\":\"EntryPoint\",\"urlTemplate\":\"https:\\\/\\\/lospoliticosveracruz.com\\\/?s={search_term_string}\"},\"query-input\":{\"@type\":\"PropertyValueSpecification\",\"valueRequired\":true,\"valueName\":\"search_term_string\"}}],\"inLanguage\":\"es\"},{\"@type\":\"Organization\",\"@id\":\"https:\\\/\\\/lospoliticosveracruz.com\\\/#organization\",\"name\":\"Los pol\u00edticos Veracruz\",\"url\":\"https:\\\/\\\/lospoliticosveracruz.com\\\/\",\"logo\":{\"@type\":\"ImageObject\",\"inLanguage\":\"es\",\"@id\":\"https:\\\/\\\/lospoliticosveracruz.com\\\/#\\\/schema\\\/logo\\\/image\\\/\",\"url\":\"https:\\\/\\\/lospoliticosveracruz.com\\\/wp-content\\\/uploads\\\/2025\\\/12\\\/Logo-Nuevo-LOS-POLITICOS-1.jpg\",\"contentUrl\":\"https:\\\/\\\/lospoliticosveracruz.com\\\/wp-content\\\/uploads\\\/2025\\\/12\\\/Logo-Nuevo-LOS-POLITICOS-1.jpg\",\"width\":260,\"height\":70,\"caption\":\"Los pol\u00edticos Veracruz\"},\"image\":{\"@id\":\"https:\\\/\\\/lospoliticosveracruz.com\\\/#\\\/schema\\\/logo\\\/image\\\/\"},\"sameAs\":[\"https:\\\/\\\/www.facebook.com\\\/people\\\/Notimemes-de-los-Polticos\\\/61565672886568\\\/\",\"https:\\\/\\\/x.com\\\/LosPoliticosVer\"]},{\"@type\":\"Person\",\"@id\":\"https:\\\/\\\/lospoliticosveracruz.com\\\/#\\\/schema\\\/person\\\/b8702bb0e538456e6efd07080bf2a4a2\",\"name\":\"Lo viste en Los Pol\u00edticos\",\"image\":{\"@type\":\"ImageObject\",\"inLanguage\":\"es\",\"@id\":\"https:\\\/\\\/secure.gravatar.com\\\/avatar\\\/3a8de04a2656d44082be478bd6c086daa447c4651605818287b9532d3d0bd435?s=96&d=mm&r=g\",\"url\":\"https:\\\/\\\/secure.gravatar.com\\\/avatar\\\/3a8de04a2656d44082be478bd6c086daa447c4651605818287b9532d3d0bd435?s=96&d=mm&r=g\",\"contentUrl\":\"https:\\\/\\\/secure.gravatar.com\\\/avatar\\\/3a8de04a2656d44082be478bd6c086daa447c4651605818287b9532d3d0bd435?s=96&d=mm&r=g\",\"caption\":\"Lo viste en Los Pol\u00edticos\"},\"url\":\"https:\\\/\\\/lospoliticosveracruz.com\\\/?author=2\"}]}<\/script>\n<!-- \/ Yoast SEO plugin. -->","yoast_head_json":{"title":"CIRT EN VERACRUZ, LA LUCHA DE PEPE Y NAHLE - Los pol\u00edticos Veracruz","robots":{"index":"index","follow":"follow","max-snippet":"max-snippet:-1","max-image-preview":"max-image-preview:large","max-video-preview":"max-video-preview:-1"},"canonical":"https:\/\/lospoliticosveracruz.com\/?p=124219","og_locale":"es_ES","og_type":"article","og_title":"CIRT EN VERACRUZ, LA LUCHA DE PEPE Y NAHLE - Los pol\u00edticos Veracruz","og_description":"Ricardo Chua Sale y Vale EXCLUSIVA.. Anoche \u00abGarganta Profunda\u00bb se\u00f1al\u00f3 que el gobernador, Cuitl\u00e1huac Garc\u00eda Jim\u00e9nez, estaba recibiendo muchas presiones de la casa de campa\u00f1a de Roc\u00edo Nahle.. Para que de una vez por todas, le pidieran la renuncia a los subsecretarios de Gobierno, Yair Aldemar e Israel Rold\u00e1n.. Debido a la desconfianza que tienen [&hellip;]","og_url":"https:\/\/lospoliticosveracruz.com\/?p=124219","og_site_name":"Los pol\u00edticos Veracruz","article_publisher":"https:\/\/www.facebook.com\/people\/Notimemes-de-los-Polticos\/61565672886568\/","article_published_time":"2024-05-14T11:31:01+00:00","article_modified_time":"2024-05-14T11:31:09+00:00","og_image":[{"width":1250,"height":667,"url":"https:\/\/lospoliticosveracruz.com\/wp-content\/uploads\/2024\/03\/Ricardo-Chua.jpg","type":"image\/jpeg"}],"author":"Lo viste en Los Pol\u00edticos","twitter_card":"summary_large_image","twitter_creator":"@LosPoliticosVer","twitter_site":"@LosPoliticosVer","twitter_misc":{"Escrito por":"Lo viste en Los Pol\u00edticos","Tiempo de lectura":"5 minutos"},"schema":{"@context":"https:\/\/schema.org","@graph":[{"@type":"Article","@id":"https:\/\/lospoliticosveracruz.com\/?p=124219#article","isPartOf":{"@id":"https:\/\/lospoliticosveracruz.com\/?p=124219"},"author":{"name":"Lo viste en Los Pol\u00edticos","@id":"https:\/\/lospoliticosveracruz.com\/#\/schema\/person\/b8702bb0e538456e6efd07080bf2a4a2"},"headline":"CIRT EN VERACRUZ, LA LUCHA DE PEPE Y NAHLE","datePublished":"2024-05-14T11:31:01+00:00","dateModified":"2024-05-14T11:31:09+00:00","mainEntityOfPage":{"@id":"https:\/\/lospoliticosveracruz.com\/?p=124219"},"wordCount":1019,"publisher":{"@id":"https:\/\/lospoliticosveracruz.com\/#organization"},"image":{"@id":"https:\/\/lospoliticosveracruz.com\/?p=124219#primaryimage"},"thumbnailUrl":"https:\/\/lospoliticosveracruz.com\/wp-content\/uploads\/2024\/03\/Ricardo-Chua.jpg","keywords":["Cuitl\u00e1huac Garc\u00eda Jim\u00e9nez","Israel Rold\u00e1n","Morena","PRI","Roc\u00edo Nahle","Veracruz"],"articleSection":["De Opini\u00f3n"],"inLanguage":"es"},{"@type":"WebPage","@id":"https:\/\/lospoliticosveracruz.com\/?p=124219","url":"https:\/\/lospoliticosveracruz.com\/?p=124219","name":"CIRT EN VERACRUZ, LA LUCHA DE PEPE Y NAHLE - Los pol\u00edticos Veracruz","isPartOf":{"@id":"https:\/\/lospoliticosveracruz.com\/#website"},"primaryImageOfPage":{"@id":"https:\/\/lospoliticosveracruz.com\/?p=124219#primaryimage"},"image":{"@id":"https:\/\/lospoliticosveracruz.com\/?p=124219#primaryimage"},"thumbnailUrl":"https:\/\/lospoliticosveracruz.com\/wp-content\/uploads\/2024\/03\/Ricardo-Chua.jpg","datePublished":"2024-05-14T11:31:01+00:00","dateModified":"2024-05-14T11:31:09+00:00","breadcrumb":{"@id":"https:\/\/lospoliticosveracruz.com\/?p=124219#breadcrumb"},"inLanguage":"es","potentialAction":[{"@type":"ReadAction","target":["https:\/\/lospoliticosveracruz.com\/?p=124219"]}]},{"@type":"ImageObject","inLanguage":"es","@id":"https:\/\/lospoliticosveracruz.com\/?p=124219#primaryimage","url":"https:\/\/lospoliticosveracruz.com\/wp-content\/uploads\/2024\/03\/Ricardo-Chua.jpg","contentUrl":"https:\/\/lospoliticosveracruz.com\/wp-content\/uploads\/2024\/03\/Ricardo-Chua.jpg","width":1250,"height":667},{"@type":"BreadcrumbList","@id":"https:\/\/lospoliticosveracruz.com\/?p=124219#breadcrumb","itemListElement":[{"@type":"ListItem","position":1,"name":"Portada","item":"https:\/\/lospoliticosveracruz.com\/"},{"@type":"ListItem","position":2,"name":"CIRT EN VERACRUZ, LA LUCHA DE PEPE Y NAHLE"}]},{"@type":"WebSite","@id":"https:\/\/lospoliticosveracruz.com\/#website","url":"https:\/\/lospoliticosveracruz.com\/","name":"Los pol\u00edticos Veracruz","description":"","publisher":{"@id":"https:\/\/lospoliticosveracruz.com\/#organization"},"potentialAction":[{"@type":"SearchAction","target":{"@type":"EntryPoint","urlTemplate":"https:\/\/lospoliticosveracruz.com\/?s={search_term_string}"},"query-input":{"@type":"PropertyValueSpecification","valueRequired":true,"valueName":"search_term_string"}}],"inLanguage":"es"},{"@type":"Organization","@id":"https:\/\/lospoliticosveracruz.com\/#organization","name":"Los pol\u00edticos Veracruz","url":"https:\/\/lospoliticosveracruz.com\/","logo":{"@type":"ImageObject","inLanguage":"es","@id":"https:\/\/lospoliticosveracruz.com\/#\/schema\/logo\/image\/","url":"https:\/\/lospoliticosveracruz.com\/wp-content\/uploads\/2025\/12\/Logo-Nuevo-LOS-POLITICOS-1.jpg","contentUrl":"https:\/\/lospoliticosveracruz.com\/wp-content\/uploads\/2025\/12\/Logo-Nuevo-LOS-POLITICOS-1.jpg","width":260,"height":70,"caption":"Los pol\u00edticos Veracruz"},"image":{"@id":"https:\/\/lospoliticosveracruz.com\/#\/schema\/logo\/image\/"},"sameAs":["https:\/\/www.facebook.com\/people\/Notimemes-de-los-Polticos\/61565672886568\/","https:\/\/x.com\/LosPoliticosVer"]},{"@type":"Person","@id":"https:\/\/lospoliticosveracruz.com\/#\/schema\/person\/b8702bb0e538456e6efd07080bf2a4a2","name":"Lo viste en Los Pol\u00edticos","image":{"@type":"ImageObject","inLanguage":"es","@id":"https:\/\/secure.gravatar.com\/avatar\/3a8de04a2656d44082be478bd6c086daa447c4651605818287b9532d3d0bd435?s=96&d=mm&r=g","url":"https:\/\/secure.gravatar.com\/avatar\/3a8de04a2656d44082be478bd6c086daa447c4651605818287b9532d3d0bd435?s=96&d=mm&r=g","contentUrl":"https:\/\/secure.gravatar.com\/avatar\/3a8de04a2656d44082be478bd6c086daa447c4651605818287b9532d3d0bd435?s=96&d=mm&r=g","caption":"Lo viste en Los Pol\u00edticos"},"url":"https:\/\/lospoliticosveracruz.com\/?author=2"}]}},"_links":{"self":[{"href":"https:\/\/lospoliticosveracruz.com\/index.php?rest_route=\/wp\/v2\/posts\/124219","targetHints":{"allow":["GET"]}}],"collection":[{"href":"https:\/\/lospoliticosveracruz.com\/index.php?rest_route=\/wp\/v2\/posts"}],"about":[{"href":"https:\/\/lospoliticosveracruz.com\/index.php?rest_route=\/wp\/v2\/types\/post"}],"author":[{"embeddable":true,"href":"https:\/\/lospoliticosveracruz.com\/index.php?rest_route=\/wp\/v2\/users\/2"}],"replies":[{"embeddable":true,"href":"https:\/\/lospoliticosveracruz.com\/index.php?rest_route=%2Fwp%2Fv2%2Fcomments&post=124219"}],"version-history":[{"count":1,"href":"https:\/\/lospoliticosveracruz.com\/index.php?rest_route=\/wp\/v2\/posts\/124219\/revisions"}],"predecessor-version":[{"id":124220,"href":"https:\/\/lospoliticosveracruz.com\/index.php?rest_route=\/wp\/v2\/posts\/124219\/revisions\/124220"}],"wp:featuredmedia":[{"embeddable":true,"href":"https:\/\/lospoliticosveracruz.com\/index.php?rest_route=\/wp\/v2\/media\/119817"}],"wp:attachment":[{"href":"https:\/\/lospoliticosveracruz.com\/index.php?rest_route=%2Fwp%2Fv2%2Fmedia&parent=124219"}],"wp:term":[{"taxonomy":"category","embeddable":true,"href":"https:\/\/lospoliticosveracruz.com\/index.php?rest_route=%2Fwp%2Fv2%2Fcategories&post=124219"},{"taxonomy":"post_tag","embeddable":true,"href":"https:\/\/lospoliticosveracruz.com\/index.php?rest_route=%2Fwp%2Fv2%2Ftags&post=124219"}],"curies":[{"name":"wp","href":"https:\/\/api.w.org\/{rel}","templated":true}]}}