{"id":124232,"date":"2024-05-14T10:10:53","date_gmt":"2024-05-14T15:10:53","guid":{"rendered":"https:\/\/lospoliticosveracruz.com.mx\/?p=124232"},"modified":"2024-05-14T10:10:59","modified_gmt":"2024-05-14T15:10:59","slug":"rosario-en-xalapa","status":"publish","type":"post","link":"https:\/\/lospoliticosveracruz.com\/?p=124232","title":{"rendered":"ROSARIO EN XALAPA"},"content":{"rendered":"\n<p><strong>Juan Antonio Nemi Dib<br><\/strong><em>Cosas Peque\u00f1as<\/em><\/p>\n\n\n\n<p>Vino a presentar su libro. Evidentemente se trat\u00f3, igual que su reuni\u00f3n con la prensa veracruzana y su encuentro con 40 activistas de Coatepec, de una jornada de claro y abierto proselitismo en la que adem\u00e1s de informar sobre la infamia del proceso penal que le fabricaron, la venganza y las vejaciones que sufri\u00f3 desde el actual gobierno y le tuvieron ilegalmente presa, Rosario Robles se aplic\u00f3 bien y en serio para que pensemos en serio los peligros de una autocracia mesi\u00e1nica en la que la voluntad de un solo hombre destruye instituciones, intimida a capricho, cobra duramente agravios imaginarios, inventa conspiraciones, impone a la naci\u00f3n entera ocurrencias cuyos costos son ya incalculables e inevitable herencia para las pr\u00f3ximas tres generaciones de mexicanos, usa y abusa visceralmente del inmenso poder p\u00fablico sin moderaci\u00f3n, conciencia ni responsabilidad, con absoluto desprecio por la ley.<\/p>\n\n\n<div class=\"wp-block-image\">\n<figure class=\"alignleft size-medium\"><a href=\"https:\/\/lospoliticosveracruz.com.mx\/wp-content\/uploads\/2021\/10\/WhatsApp-Image-2021-10-02-at-15.20.25.jpeg\"><img loading=\"lazy\" decoding=\"async\" width=\"212\" height=\"300\" src=\"https:\/\/lospoliticosveracruz.com.mx\/wp-content\/uploads\/2021\/10\/WhatsApp-Image-2021-10-02-at-15.20.25-212x300.jpeg\" alt=\"\" class=\"wp-image-80177\" srcset=\"https:\/\/lospoliticosveracruz.com\/wp-content\/uploads\/2021\/10\/WhatsApp-Image-2021-10-02-at-15.20.25-212x300.jpeg 212w, https:\/\/lospoliticosveracruz.com\/wp-content\/uploads\/2021\/10\/WhatsApp-Image-2021-10-02-at-15.20.25-724x1024.jpeg 724w, https:\/\/lospoliticosveracruz.com\/wp-content\/uploads\/2021\/10\/WhatsApp-Image-2021-10-02-at-15.20.25-768x1086.jpeg 768w, https:\/\/lospoliticosveracruz.com\/wp-content\/uploads\/2021\/10\/WhatsApp-Image-2021-10-02-at-15.20.25.jpeg 905w\" sizes=\"auto, (max-width: 212px) 100vw, 212px\" \/><\/a><\/figure>\n<\/div>\n\n\n<p><br>Rosario vino a denunciar a un gobierno que miente por definici\u00f3n, que bajo el imperio de los \u201cotros datos\u201d manipula y amenaza, vino a inquirir socialmente a una autoridad que lejos de procurar el consenso social m\u00e1s amplio y el mayor bien posible para la mayor\u00eda, si no la totalidad de los ciudadanos (deberes que son elementales para la autoridad en una democracia que se respete), por el contrario se ha entregado a envenenar, dividir y confrontar a la sociedad, en 64 meses ha sido causa directa o indirecta de la muerte evitable de por lo menos un mill\u00f3n 354 mil mexicanos (1% de la poblaci\u00f3n total), y nos ha puesto en los peores y m\u00e1s graves riesgos para el estado de derecho, la vida y la libertad, desde los sangrientos conflictos entre las distintas facciones que protagonizaron la Revoluci\u00f3n Mexicana de principios del pasado siglo, adem\u00e1s de mostrar p\u00fablicamente protecci\u00f3n e impunidad, si no colusi\u00f3n, con los delincuentes.<br>Pero claramente, Rosario tambi\u00e9n vino a reivindicarse. A ofrecer una demostraci\u00f3n clara y expl\u00edcita, de que como muchos mexicanos en general y veracruzanos en especial, ella tambi\u00e9n fue v\u00edctima de acusaciones pol\u00edticas disfrazadas, de un burdo \u201cespect\u00e1culo justiciero\u201d que se torn\u00f3, adem\u00e1s de clara calumnia y prostituci\u00f3n judicial, en un hecho microsc\u00f3pico frente a las impunes rater\u00edas, el descomunal expolio vestido de mariachi y las inconmensurables fortunas il\u00edcitas construidas en estos tiempos, al amparo de obras p\u00fablicas caprichosas y no menos fara\u00f3nicas, muy probablemente in\u00fatiles e incosteables, al amparo de SEGALMEX y tantos otros negocios de los nuevos privilegiados que est\u00e1n \u201ctransformando\u201d la corrupci\u00f3n en una multimillonaria industria, no de clase mundial sino de cuarta clase.<br>A prop\u00f3sito de todo esto, tengo muy presente cuando el imberbe ocupante del Palacio de Gobierno de Veracruz respondi\u00f3 a los reporteros que le cuestionaban sobre su injusticia de encarcelar a una jueza cuyas sentencias no le agradaban a dicho virrey en turno; les dijo que: \u201cno se preocuparan, que ella era juez y que por lo tanto sabr\u00eda defenderse\u201d. Ciertamente, la juez inc\u00f3moda qued\u00f3 en libertad m\u00e1s pronto que tarde y se demostr\u00f3 de nueva cuenta la cruel e infame pr\u00e1ctica que de manera casi gen\u00e9tica identifica a los aut\u00f3cratas -individuos generalmente pervertidos en sus emociones y patol\u00f3gicamente carentes de empat\u00eda y respeto por los dem\u00e1s\u2014, que usan el poder \u00fanicamente pensando en su provecho y el de sus tribus din\u00e1sticas, sin el menor recato para privar de la libertad a quienes no les agradan o les son molestos, para destruir las vidas de quienes se niegan a cumplir sus caprichos o a ser c\u00f3mplices de sus abusos, o simplemente les estorban en sus planes mal\u00e9ficos.<br>Invariablemente, estos endriagos piensan que convertir a una persona inocente en culpable frente a la sociedad, someterla al escarnio sin retorno, acabar con una honra y con un modo honesto de vivir, crear da\u00f1os colaterales a familias enteras, ajenas al rejuego del poder, es una mera travesura sin trascendencia y sin importancia; pero tras observar las irreparables consecuencias de estos p\u00e9rfidos encarcelamientos pol\u00edticos usuales en las \u00e9pocas recientes, cabe preguntarse: \u00bfhay diferencia entre el uso faccioso de la \u201cjusticia\u201d y un homicidio doloso? Quien convierte por decreto a un inocente en delincuente, \u00bfse contendr\u00e1 para asesinar?<br>Usar la violencia del Estado para saciar las ambiciones personales expresa la peor gangrena posible en la moral del poderoso o, sencillamente, la aterradora ausencia de \u00e9sta; por supuesto, tambi\u00e9n revela la insania del d\u00e9spota, as\u00ed como lo cobarde y la sumiso de sus desvergonzados ejecutores. Nunca debiera gobernar alguien a quien no le importa destruir en su provecho personal la vida de un inocente. Es la peor de las maldiciones y el mayor de los peligros para una sociedad, es el proceder de los dictadores, de los opresores, de los tiranos. Y por m\u00e1s opuestos que parezcan, la historia demuestra una y otra vez que los extremos se juntan, que en realidad, son uno y lo mismo, que por sus obras los conocer\u00e9is: agujas que supuestamente se afrentan pero que no llegar\u00e1n a picarse.<br>Bienvenida a Veracruz, Rosario. Como te dije, habr\u00e1 pocos que te entiendan como yo. Admiro tu fortaleza, tu determinaci\u00f3n y tu valent\u00eda.<\/p>\n\n\n\n<p>antonionemi@gmail.com<\/p>\n","protected":false},"excerpt":{"rendered":"<p>Juan Antonio Nemi DibCosas Peque\u00f1as Vino a presentar su libro. Evidentemente se trat\u00f3, igual que su reuni\u00f3n con la prensa veracruzana y su encuentro con 40 activistas de Coatepec, de una jornada de claro y abierto proselitismo en la que adem\u00e1s de informar sobre la infamia del proceso penal que le fabricaron, la venganza y [&hellip;]<\/p>\n","protected":false},"author":2,"featured_media":0,"comment_status":"closed","ping_status":"closed","sticky":false,"template":"","format":"standard","meta":{"tdm_status":"","tdm_grid_status":"","footnotes":""},"categories":[70],"tags":[996,7343],"class_list":{"0":"post-124232","1":"post","2":"type-post","3":"status-publish","4":"format-standard","6":"category-de-opinion","7":"tag-juan-antonio-nemi-dib","8":"tag-rosario-robles"},"yoast_head":"<!-- This site is optimized with the Yoast SEO plugin v27.4 - https:\/\/yoast.com\/product\/yoast-seo-wordpress\/ -->\n<title>ROSARIO EN XALAPA - Los pol\u00edticos Veracruz<\/title>\n<meta name=\"robots\" content=\"index, follow, max-snippet:-1, max-image-preview:large, max-video-preview:-1\" \/>\n<link rel=\"canonical\" href=\"https:\/\/lospoliticosveracruz.com\/?p=124232\" \/>\n<meta property=\"og:locale\" content=\"es_ES\" \/>\n<meta property=\"og:type\" content=\"article\" \/>\n<meta property=\"og:title\" content=\"ROSARIO EN XALAPA - Los pol\u00edticos Veracruz\" \/>\n<meta property=\"og:description\" content=\"Juan Antonio Nemi DibCosas Peque\u00f1as Vino a presentar su libro. Evidentemente se trat\u00f3, igual que su reuni\u00f3n con la prensa veracruzana y su encuentro con 40 activistas de Coatepec, de una jornada de claro y abierto proselitismo en la que adem\u00e1s de informar sobre la infamia del proceso penal que le fabricaron, la venganza y [&hellip;]\" \/>\n<meta property=\"og:url\" content=\"https:\/\/lospoliticosveracruz.com\/?p=124232\" \/>\n<meta property=\"og:site_name\" content=\"Los pol\u00edticos Veracruz\" \/>\n<meta property=\"article:publisher\" content=\"https:\/\/www.facebook.com\/people\/Notimemes-de-los-Polticos\/61565672886568\/\" \/>\n<meta property=\"article:published_time\" content=\"2024-05-14T15:10:53+00:00\" \/>\n<meta property=\"article:modified_time\" content=\"2024-05-14T15:10:59+00:00\" \/>\n<meta property=\"og:image\" content=\"https:\/\/lospoliticosveracruz.com.mx\/wp-content\/uploads\/2021\/10\/WhatsApp-Image-2021-10-02-at-15.20.25-212x300.jpeg\" \/>\n<meta name=\"author\" content=\"Lo viste en Los Pol\u00edticos\" \/>\n<meta name=\"twitter:card\" content=\"summary_large_image\" \/>\n<meta name=\"twitter:creator\" content=\"@LosPoliticosVer\" \/>\n<meta name=\"twitter:site\" content=\"@LosPoliticosVer\" \/>\n<meta name=\"twitter:label1\" content=\"Escrito por\" \/>\n\t<meta name=\"twitter:data1\" content=\"Lo viste en Los Pol\u00edticos\" \/>\n\t<meta name=\"twitter:label2\" content=\"Tiempo de lectura\" \/>\n\t<meta name=\"twitter:data2\" content=\"5 minutos\" \/>\n<script type=\"application\/ld+json\" class=\"yoast-schema-graph\">{\"@context\":\"https:\\\/\\\/schema.org\",\"@graph\":[{\"@type\":\"Article\",\"@id\":\"https:\\\/\\\/lospoliticosveracruz.com\\\/?p=124232#article\",\"isPartOf\":{\"@id\":\"https:\\\/\\\/lospoliticosveracruz.com\\\/?p=124232\"},\"author\":{\"name\":\"Lo viste en Los Pol\u00edticos\",\"@id\":\"https:\\\/\\\/lospoliticosveracruz.com\\\/#\\\/schema\\\/person\\\/b8702bb0e538456e6efd07080bf2a4a2\"},\"headline\":\"ROSARIO EN XALAPA\",\"datePublished\":\"2024-05-14T15:10:53+00:00\",\"dateModified\":\"2024-05-14T15:10:59+00:00\",\"mainEntityOfPage\":{\"@id\":\"https:\\\/\\\/lospoliticosveracruz.com\\\/?p=124232\"},\"wordCount\":904,\"publisher\":{\"@id\":\"https:\\\/\\\/lospoliticosveracruz.com\\\/#organization\"},\"image\":{\"@id\":\"https:\\\/\\\/lospoliticosveracruz.com\\\/?p=124232#primaryimage\"},\"thumbnailUrl\":\"https:\\\/\\\/lospoliticosveracruz.com.mx\\\/wp-content\\\/uploads\\\/2021\\\/10\\\/WhatsApp-Image-2021-10-02-at-15.20.25-212x300.jpeg\",\"keywords\":[\"Juan Antonio Nemi Dib\",\"Rosario Robles\"],\"articleSection\":[\"De Opini\u00f3n\"],\"inLanguage\":\"es\"},{\"@type\":\"WebPage\",\"@id\":\"https:\\\/\\\/lospoliticosveracruz.com\\\/?p=124232\",\"url\":\"https:\\\/\\\/lospoliticosveracruz.com\\\/?p=124232\",\"name\":\"ROSARIO EN XALAPA - Los pol\u00edticos Veracruz\",\"isPartOf\":{\"@id\":\"https:\\\/\\\/lospoliticosveracruz.com\\\/#website\"},\"primaryImageOfPage\":{\"@id\":\"https:\\\/\\\/lospoliticosveracruz.com\\\/?p=124232#primaryimage\"},\"image\":{\"@id\":\"https:\\\/\\\/lospoliticosveracruz.com\\\/?p=124232#primaryimage\"},\"thumbnailUrl\":\"https:\\\/\\\/lospoliticosveracruz.com.mx\\\/wp-content\\\/uploads\\\/2021\\\/10\\\/WhatsApp-Image-2021-10-02-at-15.20.25-212x300.jpeg\",\"datePublished\":\"2024-05-14T15:10:53+00:00\",\"dateModified\":\"2024-05-14T15:10:59+00:00\",\"breadcrumb\":{\"@id\":\"https:\\\/\\\/lospoliticosveracruz.com\\\/?p=124232#breadcrumb\"},\"inLanguage\":\"es\",\"potentialAction\":[{\"@type\":\"ReadAction\",\"target\":[\"https:\\\/\\\/lospoliticosveracruz.com\\\/?p=124232\"]}]},{\"@type\":\"ImageObject\",\"inLanguage\":\"es\",\"@id\":\"https:\\\/\\\/lospoliticosveracruz.com\\\/?p=124232#primaryimage\",\"url\":\"https:\\\/\\\/lospoliticosveracruz.com.mx\\\/wp-content\\\/uploads\\\/2021\\\/10\\\/WhatsApp-Image-2021-10-02-at-15.20.25-212x300.jpeg\",\"contentUrl\":\"https:\\\/\\\/lospoliticosveracruz.com.mx\\\/wp-content\\\/uploads\\\/2021\\\/10\\\/WhatsApp-Image-2021-10-02-at-15.20.25-212x300.jpeg\"},{\"@type\":\"BreadcrumbList\",\"@id\":\"https:\\\/\\\/lospoliticosveracruz.com\\\/?p=124232#breadcrumb\",\"itemListElement\":[{\"@type\":\"ListItem\",\"position\":1,\"name\":\"Portada\",\"item\":\"https:\\\/\\\/lospoliticosveracruz.com\\\/\"},{\"@type\":\"ListItem\",\"position\":2,\"name\":\"ROSARIO EN XALAPA\"}]},{\"@type\":\"WebSite\",\"@id\":\"https:\\\/\\\/lospoliticosveracruz.com\\\/#website\",\"url\":\"https:\\\/\\\/lospoliticosveracruz.com\\\/\",\"name\":\"Los pol\u00edticos Veracruz\",\"description\":\"\",\"publisher\":{\"@id\":\"https:\\\/\\\/lospoliticosveracruz.com\\\/#organization\"},\"potentialAction\":[{\"@type\":\"SearchAction\",\"target\":{\"@type\":\"EntryPoint\",\"urlTemplate\":\"https:\\\/\\\/lospoliticosveracruz.com\\\/?s={search_term_string}\"},\"query-input\":{\"@type\":\"PropertyValueSpecification\",\"valueRequired\":true,\"valueName\":\"search_term_string\"}}],\"inLanguage\":\"es\"},{\"@type\":\"Organization\",\"@id\":\"https:\\\/\\\/lospoliticosveracruz.com\\\/#organization\",\"name\":\"Los pol\u00edticos Veracruz\",\"url\":\"https:\\\/\\\/lospoliticosveracruz.com\\\/\",\"logo\":{\"@type\":\"ImageObject\",\"inLanguage\":\"es\",\"@id\":\"https:\\\/\\\/lospoliticosveracruz.com\\\/#\\\/schema\\\/logo\\\/image\\\/\",\"url\":\"https:\\\/\\\/lospoliticosveracruz.com\\\/wp-content\\\/uploads\\\/2025\\\/12\\\/Logo-Nuevo-LOS-POLITICOS-1.jpg\",\"contentUrl\":\"https:\\\/\\\/lospoliticosveracruz.com\\\/wp-content\\\/uploads\\\/2025\\\/12\\\/Logo-Nuevo-LOS-POLITICOS-1.jpg\",\"width\":260,\"height\":70,\"caption\":\"Los pol\u00edticos Veracruz\"},\"image\":{\"@id\":\"https:\\\/\\\/lospoliticosveracruz.com\\\/#\\\/schema\\\/logo\\\/image\\\/\"},\"sameAs\":[\"https:\\\/\\\/www.facebook.com\\\/people\\\/Notimemes-de-los-Polticos\\\/61565672886568\\\/\",\"https:\\\/\\\/x.com\\\/LosPoliticosVer\"]},{\"@type\":\"Person\",\"@id\":\"https:\\\/\\\/lospoliticosveracruz.com\\\/#\\\/schema\\\/person\\\/b8702bb0e538456e6efd07080bf2a4a2\",\"name\":\"Lo viste en Los Pol\u00edticos\",\"image\":{\"@type\":\"ImageObject\",\"inLanguage\":\"es\",\"@id\":\"https:\\\/\\\/secure.gravatar.com\\\/avatar\\\/3a8de04a2656d44082be478bd6c086daa447c4651605818287b9532d3d0bd435?s=96&d=mm&r=g\",\"url\":\"https:\\\/\\\/secure.gravatar.com\\\/avatar\\\/3a8de04a2656d44082be478bd6c086daa447c4651605818287b9532d3d0bd435?s=96&d=mm&r=g\",\"contentUrl\":\"https:\\\/\\\/secure.gravatar.com\\\/avatar\\\/3a8de04a2656d44082be478bd6c086daa447c4651605818287b9532d3d0bd435?s=96&d=mm&r=g\",\"caption\":\"Lo viste en Los Pol\u00edticos\"},\"url\":\"https:\\\/\\\/lospoliticosveracruz.com\\\/?author=2\"}]}<\/script>\n<!-- \/ Yoast SEO plugin. -->","yoast_head_json":{"title":"ROSARIO EN XALAPA - Los pol\u00edticos Veracruz","robots":{"index":"index","follow":"follow","max-snippet":"max-snippet:-1","max-image-preview":"max-image-preview:large","max-video-preview":"max-video-preview:-1"},"canonical":"https:\/\/lospoliticosveracruz.com\/?p=124232","og_locale":"es_ES","og_type":"article","og_title":"ROSARIO EN XALAPA - Los pol\u00edticos Veracruz","og_description":"Juan Antonio Nemi DibCosas Peque\u00f1as Vino a presentar su libro. Evidentemente se trat\u00f3, igual que su reuni\u00f3n con la prensa veracruzana y su encuentro con 40 activistas de Coatepec, de una jornada de claro y abierto proselitismo en la que adem\u00e1s de informar sobre la infamia del proceso penal que le fabricaron, la venganza y [&hellip;]","og_url":"https:\/\/lospoliticosveracruz.com\/?p=124232","og_site_name":"Los pol\u00edticos Veracruz","article_publisher":"https:\/\/www.facebook.com\/people\/Notimemes-de-los-Polticos\/61565672886568\/","article_published_time":"2024-05-14T15:10:53+00:00","article_modified_time":"2024-05-14T15:10:59+00:00","og_image":[{"url":"https:\/\/lospoliticosveracruz.com.mx\/wp-content\/uploads\/2021\/10\/WhatsApp-Image-2021-10-02-at-15.20.25-212x300.jpeg","type":"","width":"","height":""}],"author":"Lo viste en Los Pol\u00edticos","twitter_card":"summary_large_image","twitter_creator":"@LosPoliticosVer","twitter_site":"@LosPoliticosVer","twitter_misc":{"Escrito por":"Lo viste en Los Pol\u00edticos","Tiempo de lectura":"5 minutos"},"schema":{"@context":"https:\/\/schema.org","@graph":[{"@type":"Article","@id":"https:\/\/lospoliticosveracruz.com\/?p=124232#article","isPartOf":{"@id":"https:\/\/lospoliticosveracruz.com\/?p=124232"},"author":{"name":"Lo viste en Los Pol\u00edticos","@id":"https:\/\/lospoliticosveracruz.com\/#\/schema\/person\/b8702bb0e538456e6efd07080bf2a4a2"},"headline":"ROSARIO EN XALAPA","datePublished":"2024-05-14T15:10:53+00:00","dateModified":"2024-05-14T15:10:59+00:00","mainEntityOfPage":{"@id":"https:\/\/lospoliticosveracruz.com\/?p=124232"},"wordCount":904,"publisher":{"@id":"https:\/\/lospoliticosveracruz.com\/#organization"},"image":{"@id":"https:\/\/lospoliticosveracruz.com\/?p=124232#primaryimage"},"thumbnailUrl":"https:\/\/lospoliticosveracruz.com.mx\/wp-content\/uploads\/2021\/10\/WhatsApp-Image-2021-10-02-at-15.20.25-212x300.jpeg","keywords":["Juan Antonio Nemi Dib","Rosario Robles"],"articleSection":["De Opini\u00f3n"],"inLanguage":"es"},{"@type":"WebPage","@id":"https:\/\/lospoliticosveracruz.com\/?p=124232","url":"https:\/\/lospoliticosveracruz.com\/?p=124232","name":"ROSARIO EN XALAPA - Los pol\u00edticos Veracruz","isPartOf":{"@id":"https:\/\/lospoliticosveracruz.com\/#website"},"primaryImageOfPage":{"@id":"https:\/\/lospoliticosveracruz.com\/?p=124232#primaryimage"},"image":{"@id":"https:\/\/lospoliticosveracruz.com\/?p=124232#primaryimage"},"thumbnailUrl":"https:\/\/lospoliticosveracruz.com.mx\/wp-content\/uploads\/2021\/10\/WhatsApp-Image-2021-10-02-at-15.20.25-212x300.jpeg","datePublished":"2024-05-14T15:10:53+00:00","dateModified":"2024-05-14T15:10:59+00:00","breadcrumb":{"@id":"https:\/\/lospoliticosveracruz.com\/?p=124232#breadcrumb"},"inLanguage":"es","potentialAction":[{"@type":"ReadAction","target":["https:\/\/lospoliticosveracruz.com\/?p=124232"]}]},{"@type":"ImageObject","inLanguage":"es","@id":"https:\/\/lospoliticosveracruz.com\/?p=124232#primaryimage","url":"https:\/\/lospoliticosveracruz.com.mx\/wp-content\/uploads\/2021\/10\/WhatsApp-Image-2021-10-02-at-15.20.25-212x300.jpeg","contentUrl":"https:\/\/lospoliticosveracruz.com.mx\/wp-content\/uploads\/2021\/10\/WhatsApp-Image-2021-10-02-at-15.20.25-212x300.jpeg"},{"@type":"BreadcrumbList","@id":"https:\/\/lospoliticosveracruz.com\/?p=124232#breadcrumb","itemListElement":[{"@type":"ListItem","position":1,"name":"Portada","item":"https:\/\/lospoliticosveracruz.com\/"},{"@type":"ListItem","position":2,"name":"ROSARIO EN XALAPA"}]},{"@type":"WebSite","@id":"https:\/\/lospoliticosveracruz.com\/#website","url":"https:\/\/lospoliticosveracruz.com\/","name":"Los pol\u00edticos Veracruz","description":"","publisher":{"@id":"https:\/\/lospoliticosveracruz.com\/#organization"},"potentialAction":[{"@type":"SearchAction","target":{"@type":"EntryPoint","urlTemplate":"https:\/\/lospoliticosveracruz.com\/?s={search_term_string}"},"query-input":{"@type":"PropertyValueSpecification","valueRequired":true,"valueName":"search_term_string"}}],"inLanguage":"es"},{"@type":"Organization","@id":"https:\/\/lospoliticosveracruz.com\/#organization","name":"Los pol\u00edticos Veracruz","url":"https:\/\/lospoliticosveracruz.com\/","logo":{"@type":"ImageObject","inLanguage":"es","@id":"https:\/\/lospoliticosveracruz.com\/#\/schema\/logo\/image\/","url":"https:\/\/lospoliticosveracruz.com\/wp-content\/uploads\/2025\/12\/Logo-Nuevo-LOS-POLITICOS-1.jpg","contentUrl":"https:\/\/lospoliticosveracruz.com\/wp-content\/uploads\/2025\/12\/Logo-Nuevo-LOS-POLITICOS-1.jpg","width":260,"height":70,"caption":"Los pol\u00edticos Veracruz"},"image":{"@id":"https:\/\/lospoliticosveracruz.com\/#\/schema\/logo\/image\/"},"sameAs":["https:\/\/www.facebook.com\/people\/Notimemes-de-los-Polticos\/61565672886568\/","https:\/\/x.com\/LosPoliticosVer"]},{"@type":"Person","@id":"https:\/\/lospoliticosveracruz.com\/#\/schema\/person\/b8702bb0e538456e6efd07080bf2a4a2","name":"Lo viste en Los Pol\u00edticos","image":{"@type":"ImageObject","inLanguage":"es","@id":"https:\/\/secure.gravatar.com\/avatar\/3a8de04a2656d44082be478bd6c086daa447c4651605818287b9532d3d0bd435?s=96&d=mm&r=g","url":"https:\/\/secure.gravatar.com\/avatar\/3a8de04a2656d44082be478bd6c086daa447c4651605818287b9532d3d0bd435?s=96&d=mm&r=g","contentUrl":"https:\/\/secure.gravatar.com\/avatar\/3a8de04a2656d44082be478bd6c086daa447c4651605818287b9532d3d0bd435?s=96&d=mm&r=g","caption":"Lo viste en Los Pol\u00edticos"},"url":"https:\/\/lospoliticosveracruz.com\/?author=2"}]}},"_links":{"self":[{"href":"https:\/\/lospoliticosveracruz.com\/index.php?rest_route=\/wp\/v2\/posts\/124232","targetHints":{"allow":["GET"]}}],"collection":[{"href":"https:\/\/lospoliticosveracruz.com\/index.php?rest_route=\/wp\/v2\/posts"}],"about":[{"href":"https:\/\/lospoliticosveracruz.com\/index.php?rest_route=\/wp\/v2\/types\/post"}],"author":[{"embeddable":true,"href":"https:\/\/lospoliticosveracruz.com\/index.php?rest_route=\/wp\/v2\/users\/2"}],"replies":[{"embeddable":true,"href":"https:\/\/lospoliticosveracruz.com\/index.php?rest_route=%2Fwp%2Fv2%2Fcomments&post=124232"}],"version-history":[{"count":1,"href":"https:\/\/lospoliticosveracruz.com\/index.php?rest_route=\/wp\/v2\/posts\/124232\/revisions"}],"predecessor-version":[{"id":124233,"href":"https:\/\/lospoliticosveracruz.com\/index.php?rest_route=\/wp\/v2\/posts\/124232\/revisions\/124233"}],"wp:attachment":[{"href":"https:\/\/lospoliticosveracruz.com\/index.php?rest_route=%2Fwp%2Fv2%2Fmedia&parent=124232"}],"wp:term":[{"taxonomy":"category","embeddable":true,"href":"https:\/\/lospoliticosveracruz.com\/index.php?rest_route=%2Fwp%2Fv2%2Fcategories&post=124232"},{"taxonomy":"post_tag","embeddable":true,"href":"https:\/\/lospoliticosveracruz.com\/index.php?rest_route=%2Fwp%2Fv2%2Ftags&post=124232"}],"curies":[{"name":"wp","href":"https:\/\/api.w.org\/{rel}","templated":true}]}}